{"id":61253,"date":"2021-04-03T21:18:39","date_gmt":"2021-04-03T21:18:39","guid":{"rendered":"https:\/\/www.nettali.com\/?p=61253"},"modified":"2021-04-03T21:35:23","modified_gmt":"2021-04-03T21:35:23","slug":"covid-19-macky-appelle-les-senegalais-a-poursuivre-le-combat","status":"publish","type":"post","link":"https:\/\/www.nettali.com\/2021\/04\/03\/covid-19-macky-appelle-les-senegalais-a-poursuivre-le-combat\/","title":{"rendered":"COVID-19 - Macky appelle les S\u00e9n\u00e9galais \u00e0 poursuivre le combat"},"content":{"rendered":"<p><strong>NETTALI.COM - Malgr\u00e9 la tendance baissi\u00e8re not\u00e9e depuis quelques jours, Macky Sall exhorte les S\u00e9n\u00e9galais \u00e0 ne pas c\u00e9der face au coronavirus. Il a aussi f\u00e9licit\u00e9 le personnel m\u00e9dical et param\u00e9dical \u00e0 la pointe du combat contre la progression de la pand\u00e9mie.\u00a0<\/strong><\/p>\n<p>Les S\u00e9n\u00e9galais ne doivent pas c\u00e9der au rel\u00e2chement dans la lutte contre le Covid-19. C\u2019est une forte recommandation du chef de l\u2019Etat, qui a fait une adresse \u00e0 la nation, ce samedi, \u00e0 la veille de la f\u00eate de l\u2019Ind\u00e9pendance.<\/p>\n<p>\"La maladie est toujours l\u00e0, en effet. La bataille n\u2019est pas encore gagn\u00e9e, m\u00eame si nos r\u00e9sultats sont appr\u00e9ciables gr\u00e2ce \u00e0 nos efforts communs. Alors, ne nous rel\u00e2chons pas. Continuons \u00e0 porter nos masques et \u00e0 respecter toutes les recommandations sanitaires contre la propagation du virus\", a exhort\u00e9 le pr\u00e9sident Sall.<\/p>\n<p>Macky Sall a ainsi renouvel\u00e9 la \"reconnaissance\" de la Nation au corps m\u00e9dical et param\u00e9dical, ainsi qu\u2019aux personnels de soutien, pour \"leur d\u00e9vouement dans la lutte contre la pand\u00e9mie et le bon d\u00e9roulement de la campagne de vaccination, comme en t\u00e9moigne l\u2019adh\u00e9sion massive de la population\".<\/p>\n<p>\"Le gouvernement reste activement engag\u00e9 dans l\u2019acquisition de vaccins, pour maintenir le rythme\" de la campagne\u00a0\u00bb, a encore soulign\u00e9 le chef de l\u2019Etat.<\/p>\n<p>Pour m\u00e9moire, rappelle le premier S\u00e9n\u00e9galais, \"comme l\u2019ann\u00e9e derni\u00e8re, le d\u00e9fil\u00e9 traditionnel du 4 avril ne pourra pas se tenir cette ann\u00e9e en raison de la pand\u00e9mie\".<\/p>\n<p>En lieu de ce traditionnel d\u00e9fil\u00e9, une c\u00e9r\u00e9monie de lev\u00e9e des couleurs, en pr\u00e9sence des pr\u00e9sidents des institutions constitutionnelles et des membres du gouvernement, sera pr\u00e9sid\u00e9e par Macky Sall.<\/p>\n<div class='share-to-whatsapp-wrapper'><div class='share-on-whsp'>PARTAGER SUR : <\/div><a data-text='COVID-19 - Macky appelle les S\u00e9n\u00e9galais \u00e0 poursuivre le combat' data-link='https:\/\/www.nettali.com\/2021\/04\/03\/covid-19-macky-appelle-les-senegalais-a-poursuivre-le-combat\/' class='whatsapp-button whatsapp-share'>WhatsApp<\/a><div class='clear '><\/div><\/div>","protected":false},"excerpt":{"rendered":"<p>NETTALI.COM - Malgr\u00e9 la tendance baissi\u00e8re not\u00e9e depuis quelques jours, Macky Sall exhorte les S\u00e9n\u00e9galais \u00e0 ne pas c\u00e9der face au coronavirus. Il a aussi f\u00e9licit\u00e9 le personnel m\u00e9dical et param\u00e9dical \u00e0 la pointe du combat contre la progression de la pand\u00e9mie.\u00a0 Les S\u00e9n\u00e9galais ne doivent pas c\u00e9der au rel\u00e2chement dans la lutte contre le [&hellip;]<\/p>\n","protected":false},"author":11,"featured_media":53328,"comment_status":"open","ping_status":"open","sticky":false,"template":"","format":"standard","meta":{"_et_pb_use_builder":"","_et_pb_old_content":""},"categories":[22],"tags":[],"yoast_head":"<!-- This site is optimized with the Yoast SEO Premium plugin v17.8 (Yoast SEO v17.8) - https:\/\/yoast.com\/wordpress\/plugins\/seo\/ -->\n<title>COVID-19 - Macky appelle les S\u00e9n\u00e9galais \u00e0 poursuivre le combat | Nettali.com<\/title>\n<meta name=\"robots\" content=\"index, follow, max-snippet:-1, max-image-preview:large, max-video-preview:-1\" \/>\n<link rel=\"canonical\" href=\"https:\/\/www.nettali.com\/2021\/04\/03\/covid-19-macky-appelle-les-senegalais-a-poursuivre-le-combat\/\" \/>\n<meta property=\"og:locale\" content=\"fr_FR\" \/>\n<meta property=\"og:type\" content=\"article\" \/>\n<meta property=\"og:title\" content=\"COVID-19 - Macky appelle les S\u00e9n\u00e9galais \u00e0 poursuivre le combat\" \/>\n<meta property=\"og:description\" content=\"NETTALI.COM - Malgr\u00e9 la tendance baissi\u00e8re not\u00e9e depuis quelques jours, Macky Sall exhorte les S\u00e9n\u00e9galais \u00e0 ne pas c\u00e9der face au coronavirus. Il a aussi f\u00e9licit\u00e9 le personnel m\u00e9dical et param\u00e9dical \u00e0 la pointe du combat contre la progression de la pand\u00e9mie.\u00a0 Les S\u00e9n\u00e9galais ne doivent pas c\u00e9der au rel\u00e2chement dans la lutte contre le [&hellip;]\" \/>\n<meta property=\"og:url\" content=\"https:\/\/www.nettali.com\/2021\/04\/03\/covid-19-macky-appelle-les-senegalais-a-poursuivre-le-combat\/\" \/>\n<meta property=\"og:site_name\" content=\"Nettali.com\" \/>\n<meta property=\"article:publisher\" content=\"https:\/\/www.facebook.com\/nettalicom\" \/>\n<meta property=\"article:published_time\" content=\"2021-04-03T21:18:39+00:00\" \/>\n<meta property=\"article:modified_time\" content=\"2021-04-03T21:35:23+00:00\" \/>\n<meta property=\"og:image\" content=\"https:\/\/www.nettali.com\/wp-content\/uploads\/2020\/12\/mackysall-covid.jpg\" \/>\n\t<meta property=\"og:image:width\" content=\"699\" \/>\n\t<meta property=\"og:image:height\" content=\"466\" \/>\n<meta name=\"twitter:card\" content=\"summary_large_image\" \/>\n<meta name=\"twitter:label1\" content=\"\u00c9crit par\" \/>\n\t<meta name=\"twitter:data1\" content=\"Thierno Diop\" \/>\n\t<meta name=\"twitter:label2\" content=\"Dur\u00e9e de lecture estim\u00e9e\" \/>\n\t<meta name=\"twitter:data2\" content=\"2 minutes\" \/>\n<script type=\"application\/ld+json\" class=\"yoast-schema-graph\">{\"@context\":\"https:\/\/schema.org\",\"@graph\":[{\"@type\":\"WebSite\",\"@id\":\"https:\/\/www.nettali.com\/#website\",\"url\":\"https:\/\/www.nettali.com\/\",\"name\":\"Nettali.com\",\"description\":\"Le rendez-vous critique du Net\",\"potentialAction\":[{\"@type\":\"SearchAction\",\"target\":{\"@type\":\"EntryPoint\",\"urlTemplate\":\"https:\/\/www.nettali.com\/?s={search_term_string}\"},\"query-input\":\"required name=search_term_string\"}],\"inLanguage\":\"fr-FR\"},{\"@type\":\"ImageObject\",\"@id\":\"https:\/\/www.nettali.com\/2021\/04\/03\/covid-19-macky-appelle-les-senegalais-a-poursuivre-le-combat\/#primaryimage\",\"inLanguage\":\"fr-FR\",\"url\":\"https:\/\/www.nettali.com\/wp-content\/uploads\/2020\/12\/mackysall-covid.jpg\",\"contentUrl\":\"https:\/\/www.nettali.com\/wp-content\/uploads\/2020\/12\/mackysall-covid.jpg\",\"width\":699,\"height\":466},{\"@type\":\"WebPage\",\"@id\":\"https:\/\/www.nettali.com\/2021\/04\/03\/covid-19-macky-appelle-les-senegalais-a-poursuivre-le-combat\/#webpage\",\"url\":\"https:\/\/www.nettali.com\/2021\/04\/03\/covid-19-macky-appelle-les-senegalais-a-poursuivre-le-combat\/\",\"name\":\"COVID-19 - Macky appelle les S\\u00e9n\\u00e9galais \\u00e0 poursuivre le combat | Nettali.com\",\"isPartOf\":{\"@id\":\"https:\/\/www.nettali.com\/#website\"},\"primaryImageOfPage\":{\"@id\":\"https:\/\/www.nettali.com\/2021\/04\/03\/covid-19-macky-appelle-les-senegalais-a-poursuivre-le-combat\/#primaryimage\"},\"datePublished\":\"2021-04-03T21:18:39+00:00\",\"dateModified\":\"2021-04-03T21:35:23+00:00\",\"author\":{\"@id\":\"https:\/\/www.nettali.com\/#\/schema\/person\/8a06c6bd7b19304cf4bf985862900b5b\"},\"breadcrumb\":{\"@id\":\"https:\/\/www.nettali.com\/2021\/04\/03\/covid-19-macky-appelle-les-senegalais-a-poursuivre-le-combat\/#breadcrumb\"},\"inLanguage\":\"fr-FR\",\"potentialAction\":[{\"@type\":\"ReadAction\",\"target\":[\"https:\/\/www.nettali.com\/2021\/04\/03\/covid-19-macky-appelle-les-senegalais-a-poursuivre-le-combat\/\"]}]},{\"@type\":\"BreadcrumbList\",\"@id\":\"https:\/\/www.nettali.com\/2021\/04\/03\/covid-19-macky-appelle-les-senegalais-a-poursuivre-le-combat\/#breadcrumb\",\"itemListElement\":[{\"@type\":\"ListItem\",\"position\":1,\"name\":\"Accueil\",\"item\":\"https:\/\/www.nettali.com\/\"},{\"@type\":\"ListItem\",\"position\":2,\"name\":\"COVID-19 &#8211; Macky appelle les S\\u00e9n\\u00e9galais \\u00e0 poursuivre le combat\"}]},{\"@type\":\"Person\",\"@id\":\"https:\/\/www.nettali.com\/#\/schema\/person\/8a06c6bd7b19304cf4bf985862900b5b\",\"name\":\"Thierno Diop\",\"image\":{\"@type\":\"ImageObject\",\"@id\":\"https:\/\/www.nettali.com\/#personlogo\",\"inLanguage\":\"fr-FR\",\"url\":\"https:\/\/secure.gravatar.com\/avatar\/c8ca58550c94fd2ac856d27391a6c866?s=96&d=mm&r=g\",\"contentUrl\":\"https:\/\/secure.gravatar.com\/avatar\/c8ca58550c94fd2ac856d27391a6c866?s=96&d=mm&r=g\",\"caption\":\"Thierno Diop\"},\"sameAs\":[\"https:\/\/nettali.com\"]}]}<\/script>\n<!-- \/ Yoast SEO Premium plugin. -->","yoast_head_json":{"title":"COVID-19 - Macky appelle les S\u00e9n\u00e9galais \u00e0 poursuivre le combat | Nettali.com","robots":{"index":"index","follow":"follow","max-snippet":"max-snippet:-1","max-image-preview":"max-image-preview:large","max-video-preview":"max-video-preview:-1"},"canonical":"https:\/\/www.nettali.com\/2021\/04\/03\/covid-19-macky-appelle-les-senegalais-a-poursuivre-le-combat\/","og_locale":"fr_FR","og_type":"article","og_title":"COVID-19 - Macky appelle les S\u00e9n\u00e9galais \u00e0 poursuivre le combat","og_description":"NETTALI.COM - Malgr\u00e9 la tendance baissi\u00e8re not\u00e9e depuis quelques jours, Macky Sall exhorte les S\u00e9n\u00e9galais \u00e0 ne pas c\u00e9der face au coronavirus. Il a aussi f\u00e9licit\u00e9 le personnel m\u00e9dical et param\u00e9dical \u00e0 la pointe du combat contre la progression de la pand\u00e9mie.\u00a0 Les S\u00e9n\u00e9galais ne doivent pas c\u00e9der au rel\u00e2chement dans la lutte contre le [&hellip;]","og_url":"https:\/\/www.nettali.com\/2021\/04\/03\/covid-19-macky-appelle-les-senegalais-a-poursuivre-le-combat\/","og_site_name":"Nettali.com","article_publisher":"https:\/\/www.facebook.com\/nettalicom","article_published_time":"2021-04-03T21:18:39+00:00","article_modified_time":"2021-04-03T21:35:23+00:00","og_image":[{"width":699,"height":466,"url":"https:\/\/www.nettali.com\/wp-content\/uploads\/2020\/12\/mackysall-covid.jpg","type":"image\/jpeg"}],"twitter_card":"summary_large_image","twitter_misc":{"\u00c9crit par":"Thierno Diop","Dur\u00e9e de lecture estim\u00e9e":"2 minutes"},"schema":{"@context":"https:\/\/schema.org","@graph":[{"@type":"WebSite","@id":"https:\/\/www.nettali.com\/#website","url":"https:\/\/www.nettali.com\/","name":"Nettali.com","description":"Le rendez-vous critique du Net","potentialAction":[{"@type":"SearchAction","target":{"@type":"EntryPoint","urlTemplate":"https:\/\/www.nettali.com\/?s={search_term_string}"},"query-input":"required name=search_term_string"}],"inLanguage":"fr-FR"},{"@type":"ImageObject","@id":"https:\/\/www.nettali.com\/2021\/04\/03\/covid-19-macky-appelle-les-senegalais-a-poursuivre-le-combat\/#primaryimage","inLanguage":"fr-FR","url":"https:\/\/www.nettali.com\/wp-content\/uploads\/2020\/12\/mackysall-covid.jpg","contentUrl":"https:\/\/www.nettali.com\/wp-content\/uploads\/2020\/12\/mackysall-covid.jpg","width":699,"height":466},{"@type":"WebPage","@id":"https:\/\/www.nettali.com\/2021\/04\/03\/covid-19-macky-appelle-les-senegalais-a-poursuivre-le-combat\/#webpage","url":"https:\/\/www.nettali.com\/2021\/04\/03\/covid-19-macky-appelle-les-senegalais-a-poursuivre-le-combat\/","name":"COVID-19 - Macky appelle les S\u00e9n\u00e9galais \u00e0 poursuivre le combat | Nettali.com","isPartOf":{"@id":"https:\/\/www.nettali.com\/#website"},"primaryImageOfPage":{"@id":"https:\/\/www.nettali.com\/2021\/04\/03\/covid-19-macky-appelle-les-senegalais-a-poursuivre-le-combat\/#primaryimage"},"datePublished":"2021-04-03T21:18:39+00:00","dateModified":"2021-04-03T21:35:23+00:00","author":{"@id":"https:\/\/www.nettali.com\/#\/schema\/person\/8a06c6bd7b19304cf4bf985862900b5b"},"breadcrumb":{"@id":"https:\/\/www.nettali.com\/2021\/04\/03\/covid-19-macky-appelle-les-senegalais-a-poursuivre-le-combat\/#breadcrumb"},"inLanguage":"fr-FR","potentialAction":[{"@type":"ReadAction","target":["https:\/\/www.nettali.com\/2021\/04\/03\/covid-19-macky-appelle-les-senegalais-a-poursuivre-le-combat\/"]}]},{"@type":"BreadcrumbList","@id":"https:\/\/www.nettali.com\/2021\/04\/03\/covid-19-macky-appelle-les-senegalais-a-poursuivre-le-combat\/#breadcrumb","itemListElement":[{"@type":"ListItem","position":1,"name":"Accueil","item":"https:\/\/www.nettali.com\/"},{"@type":"ListItem","position":2,"name":"COVID-19 &#8211; Macky appelle les S\u00e9n\u00e9galais \u00e0 poursuivre le combat"}]},{"@type":"Person","@id":"https:\/\/www.nettali.com\/#\/schema\/person\/8a06c6bd7b19304cf4bf985862900b5b","name":"Thierno Diop","image":{"@type":"ImageObject","@id":"https:\/\/www.nettali.com\/#personlogo","inLanguage":"fr-FR","url":"https:\/\/secure.gravatar.com\/avatar\/c8ca58550c94fd2ac856d27391a6c866?s=96&d=mm&r=g","contentUrl":"https:\/\/secure.gravatar.com\/avatar\/c8ca58550c94fd2ac856d27391a6c866?s=96&d=mm&r=g","caption":"Thierno Diop"},"sameAs":["https:\/\/nettali.com"]}]}},"_links":{"self":[{"href":"https:\/\/www.nettali.com\/rest\/wp\/v2\/posts\/61253"}],"collection":[{"href":"https:\/\/www.nettali.com\/rest\/wp\/v2\/posts"}],"about":[{"href":"https:\/\/www.nettali.com\/rest\/wp\/v2\/types\/post"}],"author":[{"embeddable":true,"href":"https:\/\/www.nettali.com\/rest\/wp\/v2\/users\/11"}],"replies":[{"embeddable":true,"href":"https:\/\/www.nettali.com\/rest\/wp\/v2\/comments?post=61253"}],"version-history":[{"count":1,"href":"https:\/\/www.nettali.com\/rest\/wp\/v2\/posts\/61253\/revisions"}],"predecessor-version":[{"id":61254,"href":"https:\/\/www.nettali.com\/rest\/wp\/v2\/posts\/61253\/revisions\/61254"}],"wp:featuredmedia":[{"embeddable":true,"href":"https:\/\/www.nettali.com\/rest\/wp\/v2\/media\/53328"}],"wp:attachment":[{"href":"https:\/\/www.nettali.com\/rest\/wp\/v2\/media?parent=61253"}],"wp:term":[{"taxonomy":"category","embeddable":true,"href":"https:\/\/www.nettali.com\/rest\/wp\/v2\/categories?post=61253"},{"taxonomy":"post_tag","embeddable":true,"href":"https:\/\/www.nettali.com\/rest\/wp\/v2\/tags?post=61253"}],"curies":[{"name":"wp","href":"https:\/\/api.w.org\/{rel}","templated":true}]}}