{"id":61249,"date":"2021-04-03T15:08:06","date_gmt":"2021-04-03T15:08:06","guid":{"rendered":"https:\/\/www.nettali.com\/?p=61249"},"modified":"2021-04-03T15:08:06","modified_gmt":"2021-04-03T15:08:06","slug":"le-president-argentin-vaccine-et-contamine-par-le-coronavirus","status":"publish","type":"post","link":"https:\/\/www.nettali.com\/2021\/04\/03\/le-president-argentin-vaccine-et-contamine-par-le-coronavirus\/","title":{"rendered":"Le pr\u00e9sident argentin vaccin\u00e9 et contamin\u00e9 par le coronavirus"},"content":{"rendered":"<p>NETTALI.COM - Le pr\u00e9sident argentin, Alberto Fernandez, vaccin\u00e9 en d\u00e9but d'ann\u00e9e contre le COVID-19 \u00e0 l'aide du vaccin Spoutnik V, a dit samedi avoir \u00e9t\u00e9 diagnostiqu\u00e9 positif au coronavirus SARS-CoV-2 par test antig\u00e9nique.<\/p>\n<p>\u00c2g\u00e9 de 62 ans, le chef de l'Etat p\u00e9roniste a expliqu\u00e9 sur Twitter s'\u00eatre fait tester apr\u00e8s avoir pr\u00e9sent\u00e9 une fi\u00e8vre de 37,3\u00b0 et un l\u00e9ger mal de t\u00eate. Il s'est plac\u00e9 \u00e0 l'isolement mais continue de travailler.<\/p>\n<p>Alberto Fernandez a \u00e9t\u00e9 vaccin\u00e9 en d\u00e9but d'ann\u00e9e contre le coronavirus \u00e0 l'aide du vaccin russe Spoutnik V.<\/p>\n<p>L'institut russe Gamale\u00efa, qui a d\u00e9velopp\u00e9 le vaccin, a publi\u00e9 un communiqu\u00e9 d\u00e9clarant que le Spoutnik V prot\u00e8ge \u00e0 91,6% contre les infections et \u00e0 100% contre les formes graves du COVID-19.<\/p>\n<p>\"Si l'infection est confirm\u00e9e, la vaccination garantit un prompt r\u00e9tablissement sans sympt\u00f4mes graves. Nous vous souhaitons un prompt r\u00e9tablissement\", a d\u00e9clar\u00e9 l'institut \u00e0 l'adresse du chef de l'Etat argentin.<\/p>\n<p>Plus de 56.000 personnes sont mortes du COVID en Argentine, o\u00f9 quelque 682.000 personnes ont re\u00e7u deux doses de vaccin \u00e0 ce jour, sur une population d'environ 45 millions d'habitants.<\/p>\n<p>(avec Reuters)<\/p>\n<div class='share-to-whatsapp-wrapper'><div class='share-on-whsp'>PARTAGER SUR : <\/div><a data-text='Le pr\u00e9sident argentin vaccin\u00e9 et contamin\u00e9 par le coronavirus' data-link='https:\/\/www.nettali.com\/2021\/04\/03\/le-president-argentin-vaccine-et-contamine-par-le-coronavirus\/' class='whatsapp-button whatsapp-share'>WhatsApp<\/a><div class='clear '><\/div><\/div>","protected":false},"excerpt":{"rendered":"<p>NETTALI.COM - Le pr\u00e9sident argentin, Alberto Fernandez, vaccin\u00e9 en d\u00e9but d'ann\u00e9e contre le COVID-19 \u00e0 l'aide du vaccin Spoutnik V, a dit samedi avoir \u00e9t\u00e9 diagnostiqu\u00e9 positif au coronavirus SARS-CoV-2 par test antig\u00e9nique. \u00c2g\u00e9 de 62 ans, le chef de l'Etat p\u00e9roniste a expliqu\u00e9 sur Twitter s'\u00eatre fait tester apr\u00e8s avoir pr\u00e9sent\u00e9 une fi\u00e8vre de [&hellip;]<\/p>\n","protected":false},"author":11,"featured_media":61250,"comment_status":"open","ping_status":"open","sticky":false,"template":"","format":"standard","meta":{"_et_pb_use_builder":"","_et_pb_old_content":""},"categories":[8],"tags":[],"yoast_head":"<!-- This site is optimized with the Yoast SEO Premium plugin v17.8 (Yoast SEO v17.8) - https:\/\/yoast.com\/wordpress\/plugins\/seo\/ -->\n<title>Le pr\u00e9sident argentin vaccin\u00e9 et contamin\u00e9 par le coronavirus | Nettali.com<\/title>\n<meta name=\"robots\" content=\"index, follow, max-snippet:-1, max-image-preview:large, max-video-preview:-1\" \/>\n<link rel=\"canonical\" href=\"https:\/\/www.nettali.com\/2021\/04\/03\/le-president-argentin-vaccine-et-contamine-par-le-coronavirus\/\" \/>\n<meta property=\"og:locale\" content=\"fr_FR\" \/>\n<meta property=\"og:type\" content=\"article\" \/>\n<meta property=\"og:title\" content=\"Le pr\u00e9sident argentin vaccin\u00e9 et contamin\u00e9 par le coronavirus\" \/>\n<meta property=\"og:description\" content=\"NETTALI.COM - Le pr\u00e9sident argentin, Alberto Fernandez, vaccin\u00e9 en d\u00e9but d&#039;ann\u00e9e contre le COVID-19 \u00e0 l&#039;aide du vaccin Spoutnik V, a dit samedi avoir \u00e9t\u00e9 diagnostiqu\u00e9 positif au coronavirus SARS-CoV-2 par test antig\u00e9nique. \u00c2g\u00e9 de 62 ans, le chef de l&#039;Etat p\u00e9roniste a expliqu\u00e9 sur Twitter s&#039;\u00eatre fait tester apr\u00e8s avoir pr\u00e9sent\u00e9 une fi\u00e8vre de [&hellip;]\" \/>\n<meta property=\"og:url\" content=\"https:\/\/www.nettali.com\/2021\/04\/03\/le-president-argentin-vaccine-et-contamine-par-le-coronavirus\/\" \/>\n<meta property=\"og:site_name\" content=\"Nettali.com\" \/>\n<meta property=\"article:publisher\" content=\"https:\/\/www.facebook.com\/nettalicom\" \/>\n<meta property=\"article:published_time\" content=\"2021-04-03T15:08:06+00:00\" \/>\n<meta property=\"og:image\" content=\"https:\/\/www.nettali.com\/wp-content\/uploads\/2021\/04\/argentine.jpg\" \/>\n\t<meta property=\"og:image:width\" content=\"1000\" \/>\n\t<meta property=\"og:image:height\" content=\"750\" \/>\n<meta name=\"twitter:card\" content=\"summary_large_image\" \/>\n<meta name=\"twitter:label1\" content=\"\u00c9crit par\" \/>\n\t<meta name=\"twitter:data1\" content=\"Thierno Diop\" \/>\n\t<meta name=\"twitter:label2\" content=\"Dur\u00e9e de lecture estim\u00e9e\" \/>\n\t<meta name=\"twitter:data2\" content=\"1 minute\" \/>\n<script type=\"application\/ld+json\" class=\"yoast-schema-graph\">{\"@context\":\"https:\/\/schema.org\",\"@graph\":[{\"@type\":\"WebSite\",\"@id\":\"https:\/\/www.nettali.com\/#website\",\"url\":\"https:\/\/www.nettali.com\/\",\"name\":\"Nettali.com\",\"description\":\"Le rendez-vous critique du Net\",\"potentialAction\":[{\"@type\":\"SearchAction\",\"target\":{\"@type\":\"EntryPoint\",\"urlTemplate\":\"https:\/\/www.nettali.com\/?s={search_term_string}\"},\"query-input\":\"required name=search_term_string\"}],\"inLanguage\":\"fr-FR\"},{\"@type\":\"ImageObject\",\"@id\":\"https:\/\/www.nettali.com\/2021\/04\/03\/le-president-argentin-vaccine-et-contamine-par-le-coronavirus\/#primaryimage\",\"inLanguage\":\"fr-FR\",\"url\":\"https:\/\/www.nettali.com\/wp-content\/uploads\/2021\/04\/argentine.jpg\",\"contentUrl\":\"https:\/\/www.nettali.com\/wp-content\/uploads\/2021\/04\/argentine.jpg\",\"width\":1000,\"height\":750},{\"@type\":\"WebPage\",\"@id\":\"https:\/\/www.nettali.com\/2021\/04\/03\/le-president-argentin-vaccine-et-contamine-par-le-coronavirus\/#webpage\",\"url\":\"https:\/\/www.nettali.com\/2021\/04\/03\/le-president-argentin-vaccine-et-contamine-par-le-coronavirus\/\",\"name\":\"Le pr\\u00e9sident argentin vaccin\\u00e9 et contamin\\u00e9 par le coronavirus | Nettali.com\",\"isPartOf\":{\"@id\":\"https:\/\/www.nettali.com\/#website\"},\"primaryImageOfPage\":{\"@id\":\"https:\/\/www.nettali.com\/2021\/04\/03\/le-president-argentin-vaccine-et-contamine-par-le-coronavirus\/#primaryimage\"},\"datePublished\":\"2021-04-03T15:08:06+00:00\",\"dateModified\":\"2021-04-03T15:08:06+00:00\",\"author\":{\"@id\":\"https:\/\/www.nettali.com\/#\/schema\/person\/8a06c6bd7b19304cf4bf985862900b5b\"},\"breadcrumb\":{\"@id\":\"https:\/\/www.nettali.com\/2021\/04\/03\/le-president-argentin-vaccine-et-contamine-par-le-coronavirus\/#breadcrumb\"},\"inLanguage\":\"fr-FR\",\"potentialAction\":[{\"@type\":\"ReadAction\",\"target\":[\"https:\/\/www.nettali.com\/2021\/04\/03\/le-president-argentin-vaccine-et-contamine-par-le-coronavirus\/\"]}]},{\"@type\":\"BreadcrumbList\",\"@id\":\"https:\/\/www.nettali.com\/2021\/04\/03\/le-president-argentin-vaccine-et-contamine-par-le-coronavirus\/#breadcrumb\",\"itemListElement\":[{\"@type\":\"ListItem\",\"position\":1,\"name\":\"Accueil\",\"item\":\"https:\/\/www.nettali.com\/\"},{\"@type\":\"ListItem\",\"position\":2,\"name\":\"Le pr\\u00e9sident argentin vaccin\\u00e9 et contamin\\u00e9 par le coronavirus\"}]},{\"@type\":\"Person\",\"@id\":\"https:\/\/www.nettali.com\/#\/schema\/person\/8a06c6bd7b19304cf4bf985862900b5b\",\"name\":\"Thierno Diop\",\"image\":{\"@type\":\"ImageObject\",\"@id\":\"https:\/\/www.nettali.com\/#personlogo\",\"inLanguage\":\"fr-FR\",\"url\":\"https:\/\/secure.gravatar.com\/avatar\/c8ca58550c94fd2ac856d27391a6c866?s=96&d=mm&r=g\",\"contentUrl\":\"https:\/\/secure.gravatar.com\/avatar\/c8ca58550c94fd2ac856d27391a6c866?s=96&d=mm&r=g\",\"caption\":\"Thierno Diop\"},\"sameAs\":[\"https:\/\/nettali.com\"]}]}<\/script>\n<!-- \/ Yoast SEO Premium plugin. -->","yoast_head_json":{"title":"Le pr\u00e9sident argentin vaccin\u00e9 et contamin\u00e9 par le coronavirus | Nettali.com","robots":{"index":"index","follow":"follow","max-snippet":"max-snippet:-1","max-image-preview":"max-image-preview:large","max-video-preview":"max-video-preview:-1"},"canonical":"https:\/\/www.nettali.com\/2021\/04\/03\/le-president-argentin-vaccine-et-contamine-par-le-coronavirus\/","og_locale":"fr_FR","og_type":"article","og_title":"Le pr\u00e9sident argentin vaccin\u00e9 et contamin\u00e9 par le coronavirus","og_description":"NETTALI.COM - Le pr\u00e9sident argentin, Alberto Fernandez, vaccin\u00e9 en d\u00e9but d'ann\u00e9e contre le COVID-19 \u00e0 l'aide du vaccin Spoutnik V, a dit samedi avoir \u00e9t\u00e9 diagnostiqu\u00e9 positif au coronavirus SARS-CoV-2 par test antig\u00e9nique. \u00c2g\u00e9 de 62 ans, le chef de l'Etat p\u00e9roniste a expliqu\u00e9 sur Twitter s'\u00eatre fait tester apr\u00e8s avoir pr\u00e9sent\u00e9 une fi\u00e8vre de [&hellip;]","og_url":"https:\/\/www.nettali.com\/2021\/04\/03\/le-president-argentin-vaccine-et-contamine-par-le-coronavirus\/","og_site_name":"Nettali.com","article_publisher":"https:\/\/www.facebook.com\/nettalicom","article_published_time":"2021-04-03T15:08:06+00:00","og_image":[{"width":1000,"height":750,"url":"https:\/\/www.nettali.com\/wp-content\/uploads\/2021\/04\/argentine.jpg","type":"image\/jpeg"}],"twitter_card":"summary_large_image","twitter_misc":{"\u00c9crit par":"Thierno Diop","Dur\u00e9e de lecture estim\u00e9e":"1 minute"},"schema":{"@context":"https:\/\/schema.org","@graph":[{"@type":"WebSite","@id":"https:\/\/www.nettali.com\/#website","url":"https:\/\/www.nettali.com\/","name":"Nettali.com","description":"Le rendez-vous critique du Net","potentialAction":[{"@type":"SearchAction","target":{"@type":"EntryPoint","urlTemplate":"https:\/\/www.nettali.com\/?s={search_term_string}"},"query-input":"required name=search_term_string"}],"inLanguage":"fr-FR"},{"@type":"ImageObject","@id":"https:\/\/www.nettali.com\/2021\/04\/03\/le-president-argentin-vaccine-et-contamine-par-le-coronavirus\/#primaryimage","inLanguage":"fr-FR","url":"https:\/\/www.nettali.com\/wp-content\/uploads\/2021\/04\/argentine.jpg","contentUrl":"https:\/\/www.nettali.com\/wp-content\/uploads\/2021\/04\/argentine.jpg","width":1000,"height":750},{"@type":"WebPage","@id":"https:\/\/www.nettali.com\/2021\/04\/03\/le-president-argentin-vaccine-et-contamine-par-le-coronavirus\/#webpage","url":"https:\/\/www.nettali.com\/2021\/04\/03\/le-president-argentin-vaccine-et-contamine-par-le-coronavirus\/","name":"Le pr\u00e9sident argentin vaccin\u00e9 et contamin\u00e9 par le coronavirus | Nettali.com","isPartOf":{"@id":"https:\/\/www.nettali.com\/#website"},"primaryImageOfPage":{"@id":"https:\/\/www.nettali.com\/2021\/04\/03\/le-president-argentin-vaccine-et-contamine-par-le-coronavirus\/#primaryimage"},"datePublished":"2021-04-03T15:08:06+00:00","dateModified":"2021-04-03T15:08:06+00:00","author":{"@id":"https:\/\/www.nettali.com\/#\/schema\/person\/8a06c6bd7b19304cf4bf985862900b5b"},"breadcrumb":{"@id":"https:\/\/www.nettali.com\/2021\/04\/03\/le-president-argentin-vaccine-et-contamine-par-le-coronavirus\/#breadcrumb"},"inLanguage":"fr-FR","potentialAction":[{"@type":"ReadAction","target":["https:\/\/www.nettali.com\/2021\/04\/03\/le-president-argentin-vaccine-et-contamine-par-le-coronavirus\/"]}]},{"@type":"BreadcrumbList","@id":"https:\/\/www.nettali.com\/2021\/04\/03\/le-president-argentin-vaccine-et-contamine-par-le-coronavirus\/#breadcrumb","itemListElement":[{"@type":"ListItem","position":1,"name":"Accueil","item":"https:\/\/www.nettali.com\/"},{"@type":"ListItem","position":2,"name":"Le pr\u00e9sident argentin vaccin\u00e9 et contamin\u00e9 par le coronavirus"}]},{"@type":"Person","@id":"https:\/\/www.nettali.com\/#\/schema\/person\/8a06c6bd7b19304cf4bf985862900b5b","name":"Thierno Diop","image":{"@type":"ImageObject","@id":"https:\/\/www.nettali.com\/#personlogo","inLanguage":"fr-FR","url":"https:\/\/secure.gravatar.com\/avatar\/c8ca58550c94fd2ac856d27391a6c866?s=96&d=mm&r=g","contentUrl":"https:\/\/secure.gravatar.com\/avatar\/c8ca58550c94fd2ac856d27391a6c866?s=96&d=mm&r=g","caption":"Thierno Diop"},"sameAs":["https:\/\/nettali.com"]}]}},"_links":{"self":[{"href":"https:\/\/www.nettali.com\/rest\/wp\/v2\/posts\/61249"}],"collection":[{"href":"https:\/\/www.nettali.com\/rest\/wp\/v2\/posts"}],"about":[{"href":"https:\/\/www.nettali.com\/rest\/wp\/v2\/types\/post"}],"author":[{"embeddable":true,"href":"https:\/\/www.nettali.com\/rest\/wp\/v2\/users\/11"}],"replies":[{"embeddable":true,"href":"https:\/\/www.nettali.com\/rest\/wp\/v2\/comments?post=61249"}],"version-history":[{"count":1,"href":"https:\/\/www.nettali.com\/rest\/wp\/v2\/posts\/61249\/revisions"}],"predecessor-version":[{"id":61251,"href":"https:\/\/www.nettali.com\/rest\/wp\/v2\/posts\/61249\/revisions\/61251"}],"wp:featuredmedia":[{"embeddable":true,"href":"https:\/\/www.nettali.com\/rest\/wp\/v2\/media\/61250"}],"wp:attachment":[{"href":"https:\/\/www.nettali.com\/rest\/wp\/v2\/media?parent=61249"}],"wp:term":[{"taxonomy":"category","embeddable":true,"href":"https:\/\/www.nettali.com\/rest\/wp\/v2\/categories?post=61249"},{"taxonomy":"post_tag","embeddable":true,"href":"https:\/\/www.nettali.com\/rest\/wp\/v2\/tags?post=61249"}],"curies":[{"name":"wp","href":"https:\/\/api.w.org\/{rel}","templated":true}]}}