{"id":61203,"date":"2021-04-03T00:47:19","date_gmt":"2021-04-03T00:47:19","guid":{"rendered":"https:\/\/www.nettali.com\/?p=61203"},"modified":"2021-04-03T00:47:19","modified_gmt":"2021-04-03T00:47:19","slug":"psg-veratti-positif-au-covid-19-et-forfait-contre-le-bayern-munich","status":"publish","type":"post","link":"https:\/\/www.nettali.com\/2021\/04\/03\/psg-veratti-positif-au-covid-19-et-forfait-contre-le-bayern-munich\/","title":{"rendered":"PSG - Veratti positif au Covid-19 et forfait contre le Bayern Munich"},"content":{"rendered":"<p><strong>NETTALI.COM - Mauvaise nouvelle pour le Paris Saint-Germain. Marco Verratti a \u00e9t\u00e9 test\u00e9 positif au Covid-19, a annonc\u00e9 vendredi le club de la capitale. Le milieu de terrain italien va devoir subir une p\u00e9riode d'isolement et manquera donc le quart de finale aller de Ligue des champions contre le Bayern Munich, la semaine prochaine et aussi le choc face \u00e0 Lille samedi en Ligue 1.<\/strong><\/p>\n<p>Voil\u00e0 une tuile vraiment malvenue pour le PSG. D\u00e9j\u00e0 forfait pour la r\u00e9ception de Lille en Ligue 1 ce samedi (17h) et pour le quart de finale aller de Ligue des champions contre le Bayern Munich, Marco Verratti a \u00e9t\u00e9 test\u00e9 positif au COVID-19. C\u2019est le club parisien qui l\u2019a annonc\u00e9 via son compte Twitter ce vendredi. Le petit Italien est donc officiellement forfait pour la rencontre europ\u00e9enne de mercredi prochain.<\/p>\n<p>\" <em>Suite au dernier test PCR Sars-Cov2, Marco Verratti est confirm\u00e9 positif. Il va donc respecter l\u2019isolement et est soumis au protocole sanitaire appropri\u00e9<\/em>\", peut-on lire dans le court message du Paris Saint-Germain.<\/p>\n<p>Forc\u00e9ment d\u00e9\u00e7u, le joueur a r\u00e9agi dans un message post\u00e9e sur sa story Instagram.<br \/>\n\" <em>A la suite du dernier test PCR, j'ai \u00e9t\u00e9 test\u00e9 positif \u00e0 la Covid-19. Malgr\u00e9 les restrictions sanitaires respect\u00e9es, avec notre travail et la tr\u00eave internationale c'est difficile d'\u00eatre s\u00fbr d'y \u00e9chapper. J'esp\u00e8re vite retrouver le terrai<\/em>n\", a \u00e9crit le milieu parisien.<\/p>\n<p>Le casse-t\u00eate devient grand pour Mauricio Pochettino au milieu de terrain, lui qui doit d\u00e9j\u00e0 se passer d\u2019un Leandro Paredes suspendu, et probablement de Danilo Pereira et Ander Herrera, encore convalescents.<\/p>\n<p>Par ailleurs, le Bayern Munich va jouer son quart de finale contre le Psg sans sa machine \u00e0 buts, Robert Lewandowski. L'attaquant polonais est victime d'une blessure au genou et sera indisponible pour un mois.<\/p>\n<div class='share-to-whatsapp-wrapper'><div class='share-on-whsp'>PARTAGER SUR : <\/div><a data-text='PSG - Veratti positif au Covid-19 et forfait contre le Bayern Munich' data-link='https:\/\/www.nettali.com\/2021\/04\/03\/psg-veratti-positif-au-covid-19-et-forfait-contre-le-bayern-munich\/' class='whatsapp-button whatsapp-share'>WhatsApp<\/a><div class='clear '><\/div><\/div>","protected":false},"excerpt":{"rendered":"<p>NETTALI.COM - Mauvaise nouvelle pour le Paris Saint-Germain. Marco Verratti a \u00e9t\u00e9 test\u00e9 positif au Covid-19, a annonc\u00e9 vendredi le club de la capitale. Le milieu de terrain italien va devoir subir une p\u00e9riode d'isolement et manquera donc le quart de finale aller de Ligue des champions contre le Bayern Munich, la semaine prochaine et [&hellip;]<\/p>\n","protected":false},"author":5,"featured_media":61204,"comment_status":"open","ping_status":"open","sticky":false,"template":"","format":"standard","meta":{"_et_pb_use_builder":"","_et_pb_old_content":""},"categories":[6],"tags":[],"yoast_head":"<!-- This site is optimized with the Yoast SEO Premium plugin v17.8 (Yoast SEO v17.8) - https:\/\/yoast.com\/wordpress\/plugins\/seo\/ -->\n<title>PSG - Veratti positif au Covid-19 et forfait contre le Bayern Munich | Nettali.com<\/title>\n<meta name=\"robots\" content=\"index, follow, max-snippet:-1, max-image-preview:large, max-video-preview:-1\" \/>\n<link rel=\"canonical\" href=\"https:\/\/www.nettali.com\/2021\/04\/03\/psg-veratti-positif-au-covid-19-et-forfait-contre-le-bayern-munich\/\" \/>\n<meta property=\"og:locale\" content=\"fr_FR\" \/>\n<meta property=\"og:type\" content=\"article\" \/>\n<meta property=\"og:title\" content=\"PSG - Veratti positif au Covid-19 et forfait contre le Bayern Munich\" \/>\n<meta property=\"og:description\" content=\"NETTALI.COM - Mauvaise nouvelle pour le Paris Saint-Germain. Marco Verratti a \u00e9t\u00e9 test\u00e9 positif au Covid-19, a annonc\u00e9 vendredi le club de la capitale. Le milieu de terrain italien va devoir subir une p\u00e9riode d&#039;isolement et manquera donc le quart de finale aller de Ligue des champions contre le Bayern Munich, la semaine prochaine et [&hellip;]\" \/>\n<meta property=\"og:url\" content=\"https:\/\/www.nettali.com\/2021\/04\/03\/psg-veratti-positif-au-covid-19-et-forfait-contre-le-bayern-munich\/\" \/>\n<meta property=\"og:site_name\" content=\"Nettali.com\" \/>\n<meta property=\"article:publisher\" content=\"https:\/\/www.facebook.com\/nettalicom\" \/>\n<meta property=\"article:published_time\" content=\"2021-04-03T00:47:19+00:00\" \/>\n<meta property=\"og:image\" content=\"https:\/\/www.nettali.com\/wp-content\/uploads\/2021\/04\/1200-L-psg-quand-marco-verratti-apprend-le-franais-alessandro-florenzi.jpg\" \/>\n\t<meta property=\"og:image:width\" content=\"1200\" \/>\n\t<meta property=\"og:image:height\" content=\"640\" \/>\n<meta name=\"twitter:card\" content=\"summary_large_image\" \/>\n<meta name=\"twitter:label1\" content=\"\u00c9crit par\" \/>\n\t<meta name=\"twitter:data1\" content=\"Ibrahima\" \/>\n\t<meta name=\"twitter:label2\" content=\"Dur\u00e9e de lecture estim\u00e9e\" \/>\n\t<meta name=\"twitter:data2\" content=\"2 minutes\" \/>\n<script type=\"application\/ld+json\" class=\"yoast-schema-graph\">{\"@context\":\"https:\/\/schema.org\",\"@graph\":[{\"@type\":\"WebSite\",\"@id\":\"https:\/\/www.nettali.com\/#website\",\"url\":\"https:\/\/www.nettali.com\/\",\"name\":\"Nettali.com\",\"description\":\"Le rendez-vous critique du Net\",\"potentialAction\":[{\"@type\":\"SearchAction\",\"target\":{\"@type\":\"EntryPoint\",\"urlTemplate\":\"https:\/\/www.nettali.com\/?s={search_term_string}\"},\"query-input\":\"required name=search_term_string\"}],\"inLanguage\":\"fr-FR\"},{\"@type\":\"ImageObject\",\"@id\":\"https:\/\/www.nettali.com\/2021\/04\/03\/psg-veratti-positif-au-covid-19-et-forfait-contre-le-bayern-munich\/#primaryimage\",\"inLanguage\":\"fr-FR\",\"url\":\"https:\/\/www.nettali.com\/wp-content\/uploads\/2021\/04\/1200-L-psg-quand-marco-verratti-apprend-le-franais-alessandro-florenzi.jpg\",\"contentUrl\":\"https:\/\/www.nettali.com\/wp-content\/uploads\/2021\/04\/1200-L-psg-quand-marco-verratti-apprend-le-franais-alessandro-florenzi.jpg\",\"width\":1200,\"height\":640},{\"@type\":\"WebPage\",\"@id\":\"https:\/\/www.nettali.com\/2021\/04\/03\/psg-veratti-positif-au-covid-19-et-forfait-contre-le-bayern-munich\/#webpage\",\"url\":\"https:\/\/www.nettali.com\/2021\/04\/03\/psg-veratti-positif-au-covid-19-et-forfait-contre-le-bayern-munich\/\",\"name\":\"PSG - Veratti positif au Covid-19 et forfait contre le Bayern Munich | Nettali.com\",\"isPartOf\":{\"@id\":\"https:\/\/www.nettali.com\/#website\"},\"primaryImageOfPage\":{\"@id\":\"https:\/\/www.nettali.com\/2021\/04\/03\/psg-veratti-positif-au-covid-19-et-forfait-contre-le-bayern-munich\/#primaryimage\"},\"datePublished\":\"2021-04-03T00:47:19+00:00\",\"dateModified\":\"2021-04-03T00:47:19+00:00\",\"author\":{\"@id\":\"https:\/\/www.nettali.com\/#\/schema\/person\/bb147657c2986240405a608162b9bb23\"},\"breadcrumb\":{\"@id\":\"https:\/\/www.nettali.com\/2021\/04\/03\/psg-veratti-positif-au-covid-19-et-forfait-contre-le-bayern-munich\/#breadcrumb\"},\"inLanguage\":\"fr-FR\",\"potentialAction\":[{\"@type\":\"ReadAction\",\"target\":[\"https:\/\/www.nettali.com\/2021\/04\/03\/psg-veratti-positif-au-covid-19-et-forfait-contre-le-bayern-munich\/\"]}]},{\"@type\":\"BreadcrumbList\",\"@id\":\"https:\/\/www.nettali.com\/2021\/04\/03\/psg-veratti-positif-au-covid-19-et-forfait-contre-le-bayern-munich\/#breadcrumb\",\"itemListElement\":[{\"@type\":\"ListItem\",\"position\":1,\"name\":\"Accueil\",\"item\":\"https:\/\/www.nettali.com\/\"},{\"@type\":\"ListItem\",\"position\":2,\"name\":\"PSG &#8211; Veratti positif au Covid-19 et forfait contre le Bayern Munich\"}]},{\"@type\":\"Person\",\"@id\":\"https:\/\/www.nettali.com\/#\/schema\/person\/bb147657c2986240405a608162b9bb23\",\"name\":\"Ibrahima\",\"image\":{\"@type\":\"ImageObject\",\"@id\":\"https:\/\/www.nettali.com\/#personlogo\",\"inLanguage\":\"fr-FR\",\"url\":\"https:\/\/secure.gravatar.com\/avatar\/26a8a81f09f0dd7624c9d5c36c9ba3a2?s=96&d=mm&r=g\",\"contentUrl\":\"https:\/\/secure.gravatar.com\/avatar\/26a8a81f09f0dd7624c9d5c36c9ba3a2?s=96&d=mm&r=g\",\"caption\":\"Ibrahima\"},\"sameAs\":[\"https:\/\/www.nettali.com\"]}]}<\/script>\n<!-- \/ Yoast SEO Premium plugin. -->","yoast_head_json":{"title":"PSG - Veratti positif au Covid-19 et forfait contre le Bayern Munich | Nettali.com","robots":{"index":"index","follow":"follow","max-snippet":"max-snippet:-1","max-image-preview":"max-image-preview:large","max-video-preview":"max-video-preview:-1"},"canonical":"https:\/\/www.nettali.com\/2021\/04\/03\/psg-veratti-positif-au-covid-19-et-forfait-contre-le-bayern-munich\/","og_locale":"fr_FR","og_type":"article","og_title":"PSG - Veratti positif au Covid-19 et forfait contre le Bayern Munich","og_description":"NETTALI.COM - Mauvaise nouvelle pour le Paris Saint-Germain. Marco Verratti a \u00e9t\u00e9 test\u00e9 positif au Covid-19, a annonc\u00e9 vendredi le club de la capitale. Le milieu de terrain italien va devoir subir une p\u00e9riode d'isolement et manquera donc le quart de finale aller de Ligue des champions contre le Bayern Munich, la semaine prochaine et [&hellip;]","og_url":"https:\/\/www.nettali.com\/2021\/04\/03\/psg-veratti-positif-au-covid-19-et-forfait-contre-le-bayern-munich\/","og_site_name":"Nettali.com","article_publisher":"https:\/\/www.facebook.com\/nettalicom","article_published_time":"2021-04-03T00:47:19+00:00","og_image":[{"width":1200,"height":640,"url":"https:\/\/www.nettali.com\/wp-content\/uploads\/2021\/04\/1200-L-psg-quand-marco-verratti-apprend-le-franais-alessandro-florenzi.jpg","type":"image\/jpeg"}],"twitter_card":"summary_large_image","twitter_misc":{"\u00c9crit par":"Ibrahima","Dur\u00e9e de lecture estim\u00e9e":"2 minutes"},"schema":{"@context":"https:\/\/schema.org","@graph":[{"@type":"WebSite","@id":"https:\/\/www.nettali.com\/#website","url":"https:\/\/www.nettali.com\/","name":"Nettali.com","description":"Le rendez-vous critique du Net","potentialAction":[{"@type":"SearchAction","target":{"@type":"EntryPoint","urlTemplate":"https:\/\/www.nettali.com\/?s={search_term_string}"},"query-input":"required name=search_term_string"}],"inLanguage":"fr-FR"},{"@type":"ImageObject","@id":"https:\/\/www.nettali.com\/2021\/04\/03\/psg-veratti-positif-au-covid-19-et-forfait-contre-le-bayern-munich\/#primaryimage","inLanguage":"fr-FR","url":"https:\/\/www.nettali.com\/wp-content\/uploads\/2021\/04\/1200-L-psg-quand-marco-verratti-apprend-le-franais-alessandro-florenzi.jpg","contentUrl":"https:\/\/www.nettali.com\/wp-content\/uploads\/2021\/04\/1200-L-psg-quand-marco-verratti-apprend-le-franais-alessandro-florenzi.jpg","width":1200,"height":640},{"@type":"WebPage","@id":"https:\/\/www.nettali.com\/2021\/04\/03\/psg-veratti-positif-au-covid-19-et-forfait-contre-le-bayern-munich\/#webpage","url":"https:\/\/www.nettali.com\/2021\/04\/03\/psg-veratti-positif-au-covid-19-et-forfait-contre-le-bayern-munich\/","name":"PSG - Veratti positif au Covid-19 et forfait contre le Bayern Munich | Nettali.com","isPartOf":{"@id":"https:\/\/www.nettali.com\/#website"},"primaryImageOfPage":{"@id":"https:\/\/www.nettali.com\/2021\/04\/03\/psg-veratti-positif-au-covid-19-et-forfait-contre-le-bayern-munich\/#primaryimage"},"datePublished":"2021-04-03T00:47:19+00:00","dateModified":"2021-04-03T00:47:19+00:00","author":{"@id":"https:\/\/www.nettali.com\/#\/schema\/person\/bb147657c2986240405a608162b9bb23"},"breadcrumb":{"@id":"https:\/\/www.nettali.com\/2021\/04\/03\/psg-veratti-positif-au-covid-19-et-forfait-contre-le-bayern-munich\/#breadcrumb"},"inLanguage":"fr-FR","potentialAction":[{"@type":"ReadAction","target":["https:\/\/www.nettali.com\/2021\/04\/03\/psg-veratti-positif-au-covid-19-et-forfait-contre-le-bayern-munich\/"]}]},{"@type":"BreadcrumbList","@id":"https:\/\/www.nettali.com\/2021\/04\/03\/psg-veratti-positif-au-covid-19-et-forfait-contre-le-bayern-munich\/#breadcrumb","itemListElement":[{"@type":"ListItem","position":1,"name":"Accueil","item":"https:\/\/www.nettali.com\/"},{"@type":"ListItem","position":2,"name":"PSG &#8211; Veratti positif au Covid-19 et forfait contre le Bayern Munich"}]},{"@type":"Person","@id":"https:\/\/www.nettali.com\/#\/schema\/person\/bb147657c2986240405a608162b9bb23","name":"Ibrahima","image":{"@type":"ImageObject","@id":"https:\/\/www.nettali.com\/#personlogo","inLanguage":"fr-FR","url":"https:\/\/secure.gravatar.com\/avatar\/26a8a81f09f0dd7624c9d5c36c9ba3a2?s=96&d=mm&r=g","contentUrl":"https:\/\/secure.gravatar.com\/avatar\/26a8a81f09f0dd7624c9d5c36c9ba3a2?s=96&d=mm&r=g","caption":"Ibrahima"},"sameAs":["https:\/\/www.nettali.com"]}]}},"_links":{"self":[{"href":"https:\/\/www.nettali.com\/rest\/wp\/v2\/posts\/61203"}],"collection":[{"href":"https:\/\/www.nettali.com\/rest\/wp\/v2\/posts"}],"about":[{"href":"https:\/\/www.nettali.com\/rest\/wp\/v2\/types\/post"}],"author":[{"embeddable":true,"href":"https:\/\/www.nettali.com\/rest\/wp\/v2\/users\/5"}],"replies":[{"embeddable":true,"href":"https:\/\/www.nettali.com\/rest\/wp\/v2\/comments?post=61203"}],"version-history":[{"count":1,"href":"https:\/\/www.nettali.com\/rest\/wp\/v2\/posts\/61203\/revisions"}],"predecessor-version":[{"id":61205,"href":"https:\/\/www.nettali.com\/rest\/wp\/v2\/posts\/61203\/revisions\/61205"}],"wp:featuredmedia":[{"embeddable":true,"href":"https:\/\/www.nettali.com\/rest\/wp\/v2\/media\/61204"}],"wp:attachment":[{"href":"https:\/\/www.nettali.com\/rest\/wp\/v2\/media?parent=61203"}],"wp:term":[{"taxonomy":"category","embeddable":true,"href":"https:\/\/www.nettali.com\/rest\/wp\/v2\/categories?post=61203"},{"taxonomy":"post_tag","embeddable":true,"href":"https:\/\/www.nettali.com\/rest\/wp\/v2\/tags?post=61203"}],"curies":[{"name":"wp","href":"https:\/\/api.w.org\/{rel}","templated":true}]}}