{"id":61135,"date":"2021-04-01T18:10:49","date_gmt":"2021-04-01T18:10:49","guid":{"rendered":"https:\/\/www.nettali.com\/?p=61135"},"modified":"2021-04-01T21:19:01","modified_gmt":"2021-04-01T21:19:01","slug":"lepouse-du-consul-general-du-senegal-en-cote-divoire-meurt-une-semaine-apres-son-epoux","status":"publish","type":"post","link":"https:\/\/www.nettali.com\/2021\/04\/01\/lepouse-du-consul-general-du-senegal-en-cote-divoire-meurt-une-semaine-apres-son-epoux\/","title":{"rendered":"L'\u00e9pouse du Consul g\u00e9n\u00e9ral du S\u00e9n\u00e9gal en C\u00f4te d'ivoire d\u00e9c\u00e8de une semaine apr\u00e8s son \u00e9poux"},"content":{"rendered":"<p class=\"summary_label\"><strong>NETTALI.COM - La dame Adja Toba, l\u2019\u00e9pouse du d\u00e9funt consul g\u00e9n\u00e9ral du S\u00e9n\u00e9gal en C\u00f4te d'ivoire, Abdou Karim Bass, a rendu l'\u00e2me. Elle a rejoint son \u00e9poux, d\u00e9c\u00e9d\u00e9 lui aussi du Covid-19, il y a une semaine.<\/strong><\/p>\n<div id=\"printable\" class=\"text_body\">\n<p>\u00a0Pour rappel, Abdou Karim Basse, Consul g\u00e9n\u00e9ral du S\u00e9n\u00e9gal \u00e0 Abidjan, a rendu l\u2019\u00e2me dans la nuit du lundi 22 au mardi 23 mars. Il a \u00e9t\u00e9 enterr\u00e9 dans son village natal \u00e0 Ourossogui.<\/p>\n<p>Toutes les personnes qui \u00e9taient pr\u00e9sentes dans la maison de la d\u00e9funte pour pr\u00e9senter ses condol\u00e9ances, sont invit\u00e9es \u00e0 faire le test et de rester chez eux en attendant que la maison soit d\u00e9sinfect\u00e9e.<\/p>\n<\/div>\n<div class='share-to-whatsapp-wrapper'><div class='share-on-whsp'>PARTAGER SUR : <\/div><a data-text='L'\u00e9pouse du Consul g\u00e9n\u00e9ral du S\u00e9n\u00e9gal en C\u00f4te d'ivoire d\u00e9c\u00e8de une semaine apr\u00e8s son \u00e9poux' data-link='https:\/\/www.nettali.com\/2021\/04\/01\/lepouse-du-consul-general-du-senegal-en-cote-divoire-meurt-une-semaine-apres-son-epoux\/' class='whatsapp-button whatsapp-share'>WhatsApp<\/a><div class='clear '><\/div><\/div>","protected":false},"excerpt":{"rendered":"<p>NETTALI.COM - La dame Adja Toba, l\u2019\u00e9pouse du d\u00e9funt consul g\u00e9n\u00e9ral du S\u00e9n\u00e9gal en C\u00f4te d'ivoire, Abdou Karim Bass, a rendu l'\u00e2me. Elle a rejoint son \u00e9poux, d\u00e9c\u00e9d\u00e9 lui aussi du Covid-19, il y a une semaine. \u00a0Pour rappel, Abdou Karim Basse, Consul g\u00e9n\u00e9ral du S\u00e9n\u00e9gal \u00e0 Abidjan, a rendu l\u2019\u00e2me dans la nuit du [&hellip;]<\/p>\n","protected":false},"author":4,"featured_media":61139,"comment_status":"open","ping_status":"open","sticky":false,"template":"","format":"standard","meta":{"_et_pb_use_builder":"","_et_pb_old_content":""},"categories":[3],"tags":[],"yoast_head":"<!-- This site is optimized with the Yoast SEO Premium plugin v17.8 (Yoast SEO v17.8) - https:\/\/yoast.com\/wordpress\/plugins\/seo\/ -->\n<title>L&#039;\u00e9pouse du Consul g\u00e9n\u00e9ral du S\u00e9n\u00e9gal en C\u00f4te d&#039;ivoire d\u00e9c\u00e8de une semaine apr\u00e8s son \u00e9poux | Nettali.com<\/title>\n<meta name=\"robots\" content=\"index, follow, max-snippet:-1, max-image-preview:large, max-video-preview:-1\" \/>\n<link rel=\"canonical\" href=\"https:\/\/www.nettali.com\/2021\/04\/01\/lepouse-du-consul-general-du-senegal-en-cote-divoire-meurt-une-semaine-apres-son-epoux\/\" \/>\n<meta property=\"og:locale\" content=\"fr_FR\" \/>\n<meta property=\"og:type\" content=\"article\" \/>\n<meta property=\"og:title\" content=\"L&#039;\u00e9pouse du Consul g\u00e9n\u00e9ral du S\u00e9n\u00e9gal en C\u00f4te d&#039;ivoire d\u00e9c\u00e8de une semaine apr\u00e8s son \u00e9poux\" \/>\n<meta property=\"og:description\" content=\"NETTALI.COM - La dame Adja Toba, l\u2019\u00e9pouse du d\u00e9funt consul g\u00e9n\u00e9ral du S\u00e9n\u00e9gal en C\u00f4te d&#039;ivoire, Abdou Karim Bass, a rendu l&#039;\u00e2me. Elle a rejoint son \u00e9poux, d\u00e9c\u00e9d\u00e9 lui aussi du Covid-19, il y a une semaine. \u00a0Pour rappel, Abdou Karim Basse, Consul g\u00e9n\u00e9ral du S\u00e9n\u00e9gal \u00e0 Abidjan, a rendu l\u2019\u00e2me dans la nuit du [&hellip;]\" \/>\n<meta property=\"og:url\" content=\"https:\/\/www.nettali.com\/2021\/04\/01\/lepouse-du-consul-general-du-senegal-en-cote-divoire-meurt-une-semaine-apres-son-epoux\/\" \/>\n<meta property=\"og:site_name\" content=\"Nettali.com\" \/>\n<meta property=\"article:publisher\" content=\"https:\/\/www.facebook.com\/nettalicom\" \/>\n<meta property=\"article:published_time\" content=\"2021-04-01T18:10:49+00:00\" \/>\n<meta property=\"article:modified_time\" content=\"2021-04-01T21:19:01+00:00\" \/>\n<meta property=\"og:image\" content=\"https:\/\/www.nettali.com\/wp-content\/uploads\/2021\/04\/cote-divoire.jpeg\" \/>\n\t<meta property=\"og:image:width\" content=\"1005\" \/>\n\t<meta property=\"og:image:height\" content=\"913\" \/>\n<meta name=\"twitter:card\" content=\"summary_large_image\" \/>\n<meta name=\"twitter:label1\" content=\"\u00c9crit par\" \/>\n\t<meta name=\"twitter:data1\" content=\"Daouda\" \/>\n\t<meta name=\"twitter:label2\" content=\"Dur\u00e9e de lecture estim\u00e9e\" \/>\n\t<meta name=\"twitter:data2\" content=\"1 minute\" \/>\n<script type=\"application\/ld+json\" class=\"yoast-schema-graph\">{\"@context\":\"https:\/\/schema.org\",\"@graph\":[{\"@type\":\"WebSite\",\"@id\":\"https:\/\/www.nettali.com\/#website\",\"url\":\"https:\/\/www.nettali.com\/\",\"name\":\"Nettali.com\",\"description\":\"Le rendez-vous critique du Net\",\"potentialAction\":[{\"@type\":\"SearchAction\",\"target\":{\"@type\":\"EntryPoint\",\"urlTemplate\":\"https:\/\/www.nettali.com\/?s={search_term_string}\"},\"query-input\":\"required name=search_term_string\"}],\"inLanguage\":\"fr-FR\"},{\"@type\":\"ImageObject\",\"@id\":\"https:\/\/www.nettali.com\/2021\/04\/01\/lepouse-du-consul-general-du-senegal-en-cote-divoire-meurt-une-semaine-apres-son-epoux\/#primaryimage\",\"inLanguage\":\"fr-FR\",\"url\":\"https:\/\/www.nettali.com\/wp-content\/uploads\/2021\/04\/cote-divoire.jpeg\",\"contentUrl\":\"https:\/\/www.nettali.com\/wp-content\/uploads\/2021\/04\/cote-divoire.jpeg\",\"width\":1005,\"height\":913},{\"@type\":\"WebPage\",\"@id\":\"https:\/\/www.nettali.com\/2021\/04\/01\/lepouse-du-consul-general-du-senegal-en-cote-divoire-meurt-une-semaine-apres-son-epoux\/#webpage\",\"url\":\"https:\/\/www.nettali.com\/2021\/04\/01\/lepouse-du-consul-general-du-senegal-en-cote-divoire-meurt-une-semaine-apres-son-epoux\/\",\"name\":\"L'\\u00e9pouse du Consul g\\u00e9n\\u00e9ral du S\\u00e9n\\u00e9gal en C\\u00f4te d'ivoire d\\u00e9c\\u00e8de une semaine apr\\u00e8s son \\u00e9poux | Nettali.com\",\"isPartOf\":{\"@id\":\"https:\/\/www.nettali.com\/#website\"},\"primaryImageOfPage\":{\"@id\":\"https:\/\/www.nettali.com\/2021\/04\/01\/lepouse-du-consul-general-du-senegal-en-cote-divoire-meurt-une-semaine-apres-son-epoux\/#primaryimage\"},\"datePublished\":\"2021-04-01T18:10:49+00:00\",\"dateModified\":\"2021-04-01T21:19:01+00:00\",\"author\":{\"@id\":\"https:\/\/www.nettali.com\/#\/schema\/person\/3317e0bb3aa1da309fbf7b2780901bf4\"},\"breadcrumb\":{\"@id\":\"https:\/\/www.nettali.com\/2021\/04\/01\/lepouse-du-consul-general-du-senegal-en-cote-divoire-meurt-une-semaine-apres-son-epoux\/#breadcrumb\"},\"inLanguage\":\"fr-FR\",\"potentialAction\":[{\"@type\":\"ReadAction\",\"target\":[\"https:\/\/www.nettali.com\/2021\/04\/01\/lepouse-du-consul-general-du-senegal-en-cote-divoire-meurt-une-semaine-apres-son-epoux\/\"]}]},{\"@type\":\"BreadcrumbList\",\"@id\":\"https:\/\/www.nettali.com\/2021\/04\/01\/lepouse-du-consul-general-du-senegal-en-cote-divoire-meurt-une-semaine-apres-son-epoux\/#breadcrumb\",\"itemListElement\":[{\"@type\":\"ListItem\",\"position\":1,\"name\":\"Accueil\",\"item\":\"https:\/\/www.nettali.com\/\"},{\"@type\":\"ListItem\",\"position\":2,\"name\":\"L&rsquo;\\u00e9pouse du Consul g\\u00e9n\\u00e9ral du S\\u00e9n\\u00e9gal en C\\u00f4te d&rsquo;ivoire d\\u00e9c\\u00e8de une semaine apr\\u00e8s son \\u00e9poux\"}]},{\"@type\":\"Person\",\"@id\":\"https:\/\/www.nettali.com\/#\/schema\/person\/3317e0bb3aa1da309fbf7b2780901bf4\",\"name\":\"Daouda\",\"image\":{\"@type\":\"ImageObject\",\"@id\":\"https:\/\/www.nettali.com\/#personlogo\",\"inLanguage\":\"fr-FR\",\"url\":\"https:\/\/secure.gravatar.com\/avatar\/8d143b5a49345098ddcfee1c49c2f47c?s=96&d=mm&r=g\",\"contentUrl\":\"https:\/\/secure.gravatar.com\/avatar\/8d143b5a49345098ddcfee1c49c2f47c?s=96&d=mm&r=g\",\"caption\":\"Daouda\"},\"sameAs\":[\"https:\/\/www.nettali.com\"]}]}<\/script>\n<!-- \/ Yoast SEO Premium plugin. -->","yoast_head_json":{"title":"L'\u00e9pouse du Consul g\u00e9n\u00e9ral du S\u00e9n\u00e9gal en C\u00f4te d'ivoire d\u00e9c\u00e8de une semaine apr\u00e8s son \u00e9poux | Nettali.com","robots":{"index":"index","follow":"follow","max-snippet":"max-snippet:-1","max-image-preview":"max-image-preview:large","max-video-preview":"max-video-preview:-1"},"canonical":"https:\/\/www.nettali.com\/2021\/04\/01\/lepouse-du-consul-general-du-senegal-en-cote-divoire-meurt-une-semaine-apres-son-epoux\/","og_locale":"fr_FR","og_type":"article","og_title":"L'\u00e9pouse du Consul g\u00e9n\u00e9ral du S\u00e9n\u00e9gal en C\u00f4te d'ivoire d\u00e9c\u00e8de une semaine apr\u00e8s son \u00e9poux","og_description":"NETTALI.COM - La dame Adja Toba, l\u2019\u00e9pouse du d\u00e9funt consul g\u00e9n\u00e9ral du S\u00e9n\u00e9gal en C\u00f4te d'ivoire, Abdou Karim Bass, a rendu l'\u00e2me. Elle a rejoint son \u00e9poux, d\u00e9c\u00e9d\u00e9 lui aussi du Covid-19, il y a une semaine. \u00a0Pour rappel, Abdou Karim Basse, Consul g\u00e9n\u00e9ral du S\u00e9n\u00e9gal \u00e0 Abidjan, a rendu l\u2019\u00e2me dans la nuit du [&hellip;]","og_url":"https:\/\/www.nettali.com\/2021\/04\/01\/lepouse-du-consul-general-du-senegal-en-cote-divoire-meurt-une-semaine-apres-son-epoux\/","og_site_name":"Nettali.com","article_publisher":"https:\/\/www.facebook.com\/nettalicom","article_published_time":"2021-04-01T18:10:49+00:00","article_modified_time":"2021-04-01T21:19:01+00:00","og_image":[{"width":1005,"height":913,"url":"https:\/\/www.nettali.com\/wp-content\/uploads\/2021\/04\/cote-divoire.jpeg","type":"image\/jpeg"}],"twitter_card":"summary_large_image","twitter_misc":{"\u00c9crit par":"Daouda","Dur\u00e9e de lecture estim\u00e9e":"1 minute"},"schema":{"@context":"https:\/\/schema.org","@graph":[{"@type":"WebSite","@id":"https:\/\/www.nettali.com\/#website","url":"https:\/\/www.nettali.com\/","name":"Nettali.com","description":"Le rendez-vous critique du Net","potentialAction":[{"@type":"SearchAction","target":{"@type":"EntryPoint","urlTemplate":"https:\/\/www.nettali.com\/?s={search_term_string}"},"query-input":"required name=search_term_string"}],"inLanguage":"fr-FR"},{"@type":"ImageObject","@id":"https:\/\/www.nettali.com\/2021\/04\/01\/lepouse-du-consul-general-du-senegal-en-cote-divoire-meurt-une-semaine-apres-son-epoux\/#primaryimage","inLanguage":"fr-FR","url":"https:\/\/www.nettali.com\/wp-content\/uploads\/2021\/04\/cote-divoire.jpeg","contentUrl":"https:\/\/www.nettali.com\/wp-content\/uploads\/2021\/04\/cote-divoire.jpeg","width":1005,"height":913},{"@type":"WebPage","@id":"https:\/\/www.nettali.com\/2021\/04\/01\/lepouse-du-consul-general-du-senegal-en-cote-divoire-meurt-une-semaine-apres-son-epoux\/#webpage","url":"https:\/\/www.nettali.com\/2021\/04\/01\/lepouse-du-consul-general-du-senegal-en-cote-divoire-meurt-une-semaine-apres-son-epoux\/","name":"L'\u00e9pouse du Consul g\u00e9n\u00e9ral du S\u00e9n\u00e9gal en C\u00f4te d'ivoire d\u00e9c\u00e8de une semaine apr\u00e8s son \u00e9poux | Nettali.com","isPartOf":{"@id":"https:\/\/www.nettali.com\/#website"},"primaryImageOfPage":{"@id":"https:\/\/www.nettali.com\/2021\/04\/01\/lepouse-du-consul-general-du-senegal-en-cote-divoire-meurt-une-semaine-apres-son-epoux\/#primaryimage"},"datePublished":"2021-04-01T18:10:49+00:00","dateModified":"2021-04-01T21:19:01+00:00","author":{"@id":"https:\/\/www.nettali.com\/#\/schema\/person\/3317e0bb3aa1da309fbf7b2780901bf4"},"breadcrumb":{"@id":"https:\/\/www.nettali.com\/2021\/04\/01\/lepouse-du-consul-general-du-senegal-en-cote-divoire-meurt-une-semaine-apres-son-epoux\/#breadcrumb"},"inLanguage":"fr-FR","potentialAction":[{"@type":"ReadAction","target":["https:\/\/www.nettali.com\/2021\/04\/01\/lepouse-du-consul-general-du-senegal-en-cote-divoire-meurt-une-semaine-apres-son-epoux\/"]}]},{"@type":"BreadcrumbList","@id":"https:\/\/www.nettali.com\/2021\/04\/01\/lepouse-du-consul-general-du-senegal-en-cote-divoire-meurt-une-semaine-apres-son-epoux\/#breadcrumb","itemListElement":[{"@type":"ListItem","position":1,"name":"Accueil","item":"https:\/\/www.nettali.com\/"},{"@type":"ListItem","position":2,"name":"L&rsquo;\u00e9pouse du Consul g\u00e9n\u00e9ral du S\u00e9n\u00e9gal en C\u00f4te d&rsquo;ivoire d\u00e9c\u00e8de une semaine apr\u00e8s son \u00e9poux"}]},{"@type":"Person","@id":"https:\/\/www.nettali.com\/#\/schema\/person\/3317e0bb3aa1da309fbf7b2780901bf4","name":"Daouda","image":{"@type":"ImageObject","@id":"https:\/\/www.nettali.com\/#personlogo","inLanguage":"fr-FR","url":"https:\/\/secure.gravatar.com\/avatar\/8d143b5a49345098ddcfee1c49c2f47c?s=96&d=mm&r=g","contentUrl":"https:\/\/secure.gravatar.com\/avatar\/8d143b5a49345098ddcfee1c49c2f47c?s=96&d=mm&r=g","caption":"Daouda"},"sameAs":["https:\/\/www.nettali.com"]}]}},"_links":{"self":[{"href":"https:\/\/www.nettali.com\/rest\/wp\/v2\/posts\/61135"}],"collection":[{"href":"https:\/\/www.nettali.com\/rest\/wp\/v2\/posts"}],"about":[{"href":"https:\/\/www.nettali.com\/rest\/wp\/v2\/types\/post"}],"author":[{"embeddable":true,"href":"https:\/\/www.nettali.com\/rest\/wp\/v2\/users\/4"}],"replies":[{"embeddable":true,"href":"https:\/\/www.nettali.com\/rest\/wp\/v2\/comments?post=61135"}],"version-history":[{"count":3,"href":"https:\/\/www.nettali.com\/rest\/wp\/v2\/posts\/61135\/revisions"}],"predecessor-version":[{"id":61145,"href":"https:\/\/www.nettali.com\/rest\/wp\/v2\/posts\/61135\/revisions\/61145"}],"wp:featuredmedia":[{"embeddable":true,"href":"https:\/\/www.nettali.com\/rest\/wp\/v2\/media\/61139"}],"wp:attachment":[{"href":"https:\/\/www.nettali.com\/rest\/wp\/v2\/media?parent=61135"}],"wp:term":[{"taxonomy":"category","embeddable":true,"href":"https:\/\/www.nettali.com\/rest\/wp\/v2\/categories?post=61135"},{"taxonomy":"post_tag","embeddable":true,"href":"https:\/\/www.nettali.com\/rest\/wp\/v2\/tags?post=61135"}],"curies":[{"name":"wp","href":"https:\/\/api.w.org\/{rel}","templated":true}]}}