{"id":61029,"date":"2021-03-31T11:10:16","date_gmt":"2021-03-31T11:10:16","guid":{"rendered":"https:\/\/www.nettali.com\/?p=61029"},"modified":"2021-03-31T16:24:06","modified_gmt":"2021-03-31T16:24:06","slug":"macky-eleve-le-professeur-didier-raoult-au-rang-de-commandeur-dans-lordre-national-du-lion","status":"publish","type":"post","link":"https:\/\/www.nettali.com\/2021\/03\/31\/macky-eleve-le-professeur-didier-raoult-au-rang-de-commandeur-dans-lordre-national-du-lion\/","title":{"rendered":"COMMANDEUR DANS L'ORDRE NATIONAL DU LION - Macky \u00e9l\u00e8ve Didier Raoult"},"content":{"rendered":"<p class=\"summary_label\"><strong>NETTALI.COM - Le pr\u00e9sident de la R\u00e9publique, Macky Sall, a \u00e9lev\u00e9 le professeur Didier Raoult au rang de Commandeur dans l'Ordre national du Lion. <\/strong><\/p>\n<p class=\"summary_label\">Le m\u00e9decin fran\u00e7ais, sp\u00e9cialiste des maladies infectieuses, est en mission au S\u00e9n\u00e9gal dans le cadre de sa collaboration avec ses partenaires.<\/p>\n<div id=\"printable\" class=\"text_body\">\n<p>\u00abDans le contexte de lutte contre la Covid-19, leurs travaux portent sur l'\u00e9volution des variants et les mesures de protection. Le professeur Raoult a \u00e9t\u00e9 \u00e9lev\u00e9 \u00e0 la dignit\u00e9 de commandeur dans l'ordre national du Lion par le Pr\u00e9sident Macky Sall \u00e0 l'occasion de cette audience. Une d\u00e9coration qu'il re\u00e7oit avec beaucoup de fiert\u00e9\", informe la Pr\u00e9sidence.<\/p>\n<\/div>\n<div class='share-to-whatsapp-wrapper'><div class='share-on-whsp'>PARTAGER SUR : <\/div><a data-text='COMMANDEUR DANS L'ORDRE NATIONAL DU LION - Macky \u00e9l\u00e8ve Didier Raoult' data-link='https:\/\/www.nettali.com\/2021\/03\/31\/macky-eleve-le-professeur-didier-raoult-au-rang-de-commandeur-dans-lordre-national-du-lion\/' class='whatsapp-button whatsapp-share'>WhatsApp<\/a><div class='clear '><\/div><\/div>","protected":false},"excerpt":{"rendered":"<p>NETTALI.COM - Le pr\u00e9sident de la R\u00e9publique, Macky Sall, a \u00e9lev\u00e9 le professeur Didier Raoult au rang de Commandeur dans l'Ordre national du Lion. Le m\u00e9decin fran\u00e7ais, sp\u00e9cialiste des maladies infectieuses, est en mission au S\u00e9n\u00e9gal dans le cadre de sa collaboration avec ses partenaires. \u00abDans le contexte de lutte contre la Covid-19, leurs travaux [&hellip;]<\/p>\n","protected":false},"author":4,"featured_media":61030,"comment_status":"open","ping_status":"open","sticky":false,"template":"","format":"standard","meta":{"_et_pb_use_builder":"","_et_pb_old_content":""},"categories":[3],"tags":[],"yoast_head":"<!-- This site is optimized with the Yoast SEO Premium plugin v17.8 (Yoast SEO v17.8) - https:\/\/yoast.com\/wordpress\/plugins\/seo\/ -->\n<title>COMMANDEUR DANS L&#039;ORDRE NATIONAL DU LION - Macky \u00e9l\u00e8ve Didier Raoult | Nettali.com<\/title>\n<meta name=\"robots\" content=\"index, follow, max-snippet:-1, max-image-preview:large, max-video-preview:-1\" \/>\n<link rel=\"canonical\" href=\"https:\/\/www.nettali.com\/2021\/03\/31\/macky-eleve-le-professeur-didier-raoult-au-rang-de-commandeur-dans-lordre-national-du-lion\/\" \/>\n<meta property=\"og:locale\" content=\"fr_FR\" \/>\n<meta property=\"og:type\" content=\"article\" \/>\n<meta property=\"og:title\" content=\"COMMANDEUR DANS L&#039;ORDRE NATIONAL DU LION - Macky \u00e9l\u00e8ve Didier Raoult\" \/>\n<meta property=\"og:description\" content=\"NETTALI.COM - Le pr\u00e9sident de la R\u00e9publique, Macky Sall, a \u00e9lev\u00e9 le professeur Didier Raoult au rang de Commandeur dans l&#039;Ordre national du Lion. Le m\u00e9decin fran\u00e7ais, sp\u00e9cialiste des maladies infectieuses, est en mission au S\u00e9n\u00e9gal dans le cadre de sa collaboration avec ses partenaires. \u00abDans le contexte de lutte contre la Covid-19, leurs travaux [&hellip;]\" \/>\n<meta property=\"og:url\" content=\"https:\/\/www.nettali.com\/2021\/03\/31\/macky-eleve-le-professeur-didier-raoult-au-rang-de-commandeur-dans-lordre-national-du-lion\/\" \/>\n<meta property=\"og:site_name\" content=\"Nettali.com\" \/>\n<meta property=\"article:publisher\" content=\"https:\/\/www.facebook.com\/nettalicom\" \/>\n<meta property=\"article:published_time\" content=\"2021-03-31T11:10:16+00:00\" \/>\n<meta property=\"article:modified_time\" content=\"2021-03-31T16:24:06+00:00\" \/>\n<meta property=\"og:image\" content=\"https:\/\/www.nettali.com\/wp-content\/uploads\/2021\/03\/Pr-Raoult.jpeg\" \/>\n\t<meta property=\"og:image:width\" content=\"1024\" \/>\n\t<meta property=\"og:image:height\" content=\"676\" \/>\n<meta name=\"twitter:card\" content=\"summary_large_image\" \/>\n<meta name=\"twitter:label1\" content=\"\u00c9crit par\" \/>\n\t<meta name=\"twitter:data1\" content=\"Daouda\" \/>\n\t<meta name=\"twitter:label2\" content=\"Dur\u00e9e de lecture estim\u00e9e\" \/>\n\t<meta name=\"twitter:data2\" content=\"1 minute\" \/>\n<script type=\"application\/ld+json\" class=\"yoast-schema-graph\">{\"@context\":\"https:\/\/schema.org\",\"@graph\":[{\"@type\":\"WebSite\",\"@id\":\"https:\/\/www.nettali.com\/#website\",\"url\":\"https:\/\/www.nettali.com\/\",\"name\":\"Nettali.com\",\"description\":\"Le rendez-vous critique du Net\",\"potentialAction\":[{\"@type\":\"SearchAction\",\"target\":{\"@type\":\"EntryPoint\",\"urlTemplate\":\"https:\/\/www.nettali.com\/?s={search_term_string}\"},\"query-input\":\"required name=search_term_string\"}],\"inLanguage\":\"fr-FR\"},{\"@type\":\"ImageObject\",\"@id\":\"https:\/\/www.nettali.com\/2021\/03\/31\/macky-eleve-le-professeur-didier-raoult-au-rang-de-commandeur-dans-lordre-national-du-lion\/#primaryimage\",\"inLanguage\":\"fr-FR\",\"url\":\"https:\/\/www.nettali.com\/wp-content\/uploads\/2021\/03\/Pr-Raoult.jpeg\",\"contentUrl\":\"https:\/\/www.nettali.com\/wp-content\/uploads\/2021\/03\/Pr-Raoult.jpeg\",\"width\":1024,\"height\":676},{\"@type\":\"WebPage\",\"@id\":\"https:\/\/www.nettali.com\/2021\/03\/31\/macky-eleve-le-professeur-didier-raoult-au-rang-de-commandeur-dans-lordre-national-du-lion\/#webpage\",\"url\":\"https:\/\/www.nettali.com\/2021\/03\/31\/macky-eleve-le-professeur-didier-raoult-au-rang-de-commandeur-dans-lordre-national-du-lion\/\",\"name\":\"COMMANDEUR DANS L'ORDRE NATIONAL DU LION - Macky \\u00e9l\\u00e8ve Didier Raoult | Nettali.com\",\"isPartOf\":{\"@id\":\"https:\/\/www.nettali.com\/#website\"},\"primaryImageOfPage\":{\"@id\":\"https:\/\/www.nettali.com\/2021\/03\/31\/macky-eleve-le-professeur-didier-raoult-au-rang-de-commandeur-dans-lordre-national-du-lion\/#primaryimage\"},\"datePublished\":\"2021-03-31T11:10:16+00:00\",\"dateModified\":\"2021-03-31T16:24:06+00:00\",\"author\":{\"@id\":\"https:\/\/www.nettali.com\/#\/schema\/person\/3317e0bb3aa1da309fbf7b2780901bf4\"},\"breadcrumb\":{\"@id\":\"https:\/\/www.nettali.com\/2021\/03\/31\/macky-eleve-le-professeur-didier-raoult-au-rang-de-commandeur-dans-lordre-national-du-lion\/#breadcrumb\"},\"inLanguage\":\"fr-FR\",\"potentialAction\":[{\"@type\":\"ReadAction\",\"target\":[\"https:\/\/www.nettali.com\/2021\/03\/31\/macky-eleve-le-professeur-didier-raoult-au-rang-de-commandeur-dans-lordre-national-du-lion\/\"]}]},{\"@type\":\"BreadcrumbList\",\"@id\":\"https:\/\/www.nettali.com\/2021\/03\/31\/macky-eleve-le-professeur-didier-raoult-au-rang-de-commandeur-dans-lordre-national-du-lion\/#breadcrumb\",\"itemListElement\":[{\"@type\":\"ListItem\",\"position\":1,\"name\":\"Accueil\",\"item\":\"https:\/\/www.nettali.com\/\"},{\"@type\":\"ListItem\",\"position\":2,\"name\":\"COMMANDEUR DANS L&rsquo;ORDRE NATIONAL DU LION &#8211; Macky \\u00e9l\\u00e8ve Didier Raoult\"}]},{\"@type\":\"Person\",\"@id\":\"https:\/\/www.nettali.com\/#\/schema\/person\/3317e0bb3aa1da309fbf7b2780901bf4\",\"name\":\"Daouda\",\"image\":{\"@type\":\"ImageObject\",\"@id\":\"https:\/\/www.nettali.com\/#personlogo\",\"inLanguage\":\"fr-FR\",\"url\":\"https:\/\/secure.gravatar.com\/avatar\/8d143b5a49345098ddcfee1c49c2f47c?s=96&d=mm&r=g\",\"contentUrl\":\"https:\/\/secure.gravatar.com\/avatar\/8d143b5a49345098ddcfee1c49c2f47c?s=96&d=mm&r=g\",\"caption\":\"Daouda\"},\"sameAs\":[\"https:\/\/www.nettali.com\"]}]}<\/script>\n<!-- \/ Yoast SEO Premium plugin. -->","yoast_head_json":{"title":"COMMANDEUR DANS L'ORDRE NATIONAL DU LION - Macky \u00e9l\u00e8ve Didier Raoult | Nettali.com","robots":{"index":"index","follow":"follow","max-snippet":"max-snippet:-1","max-image-preview":"max-image-preview:large","max-video-preview":"max-video-preview:-1"},"canonical":"https:\/\/www.nettali.com\/2021\/03\/31\/macky-eleve-le-professeur-didier-raoult-au-rang-de-commandeur-dans-lordre-national-du-lion\/","og_locale":"fr_FR","og_type":"article","og_title":"COMMANDEUR DANS L'ORDRE NATIONAL DU LION - Macky \u00e9l\u00e8ve Didier Raoult","og_description":"NETTALI.COM - Le pr\u00e9sident de la R\u00e9publique, Macky Sall, a \u00e9lev\u00e9 le professeur Didier Raoult au rang de Commandeur dans l'Ordre national du Lion. Le m\u00e9decin fran\u00e7ais, sp\u00e9cialiste des maladies infectieuses, est en mission au S\u00e9n\u00e9gal dans le cadre de sa collaboration avec ses partenaires. \u00abDans le contexte de lutte contre la Covid-19, leurs travaux [&hellip;]","og_url":"https:\/\/www.nettali.com\/2021\/03\/31\/macky-eleve-le-professeur-didier-raoult-au-rang-de-commandeur-dans-lordre-national-du-lion\/","og_site_name":"Nettali.com","article_publisher":"https:\/\/www.facebook.com\/nettalicom","article_published_time":"2021-03-31T11:10:16+00:00","article_modified_time":"2021-03-31T16:24:06+00:00","og_image":[{"width":1024,"height":676,"url":"https:\/\/www.nettali.com\/wp-content\/uploads\/2021\/03\/Pr-Raoult.jpeg","type":"image\/jpeg"}],"twitter_card":"summary_large_image","twitter_misc":{"\u00c9crit par":"Daouda","Dur\u00e9e de lecture estim\u00e9e":"1 minute"},"schema":{"@context":"https:\/\/schema.org","@graph":[{"@type":"WebSite","@id":"https:\/\/www.nettali.com\/#website","url":"https:\/\/www.nettali.com\/","name":"Nettali.com","description":"Le rendez-vous critique du Net","potentialAction":[{"@type":"SearchAction","target":{"@type":"EntryPoint","urlTemplate":"https:\/\/www.nettali.com\/?s={search_term_string}"},"query-input":"required name=search_term_string"}],"inLanguage":"fr-FR"},{"@type":"ImageObject","@id":"https:\/\/www.nettali.com\/2021\/03\/31\/macky-eleve-le-professeur-didier-raoult-au-rang-de-commandeur-dans-lordre-national-du-lion\/#primaryimage","inLanguage":"fr-FR","url":"https:\/\/www.nettali.com\/wp-content\/uploads\/2021\/03\/Pr-Raoult.jpeg","contentUrl":"https:\/\/www.nettali.com\/wp-content\/uploads\/2021\/03\/Pr-Raoult.jpeg","width":1024,"height":676},{"@type":"WebPage","@id":"https:\/\/www.nettali.com\/2021\/03\/31\/macky-eleve-le-professeur-didier-raoult-au-rang-de-commandeur-dans-lordre-national-du-lion\/#webpage","url":"https:\/\/www.nettali.com\/2021\/03\/31\/macky-eleve-le-professeur-didier-raoult-au-rang-de-commandeur-dans-lordre-national-du-lion\/","name":"COMMANDEUR DANS L'ORDRE NATIONAL DU LION - Macky \u00e9l\u00e8ve Didier Raoult | Nettali.com","isPartOf":{"@id":"https:\/\/www.nettali.com\/#website"},"primaryImageOfPage":{"@id":"https:\/\/www.nettali.com\/2021\/03\/31\/macky-eleve-le-professeur-didier-raoult-au-rang-de-commandeur-dans-lordre-national-du-lion\/#primaryimage"},"datePublished":"2021-03-31T11:10:16+00:00","dateModified":"2021-03-31T16:24:06+00:00","author":{"@id":"https:\/\/www.nettali.com\/#\/schema\/person\/3317e0bb3aa1da309fbf7b2780901bf4"},"breadcrumb":{"@id":"https:\/\/www.nettali.com\/2021\/03\/31\/macky-eleve-le-professeur-didier-raoult-au-rang-de-commandeur-dans-lordre-national-du-lion\/#breadcrumb"},"inLanguage":"fr-FR","potentialAction":[{"@type":"ReadAction","target":["https:\/\/www.nettali.com\/2021\/03\/31\/macky-eleve-le-professeur-didier-raoult-au-rang-de-commandeur-dans-lordre-national-du-lion\/"]}]},{"@type":"BreadcrumbList","@id":"https:\/\/www.nettali.com\/2021\/03\/31\/macky-eleve-le-professeur-didier-raoult-au-rang-de-commandeur-dans-lordre-national-du-lion\/#breadcrumb","itemListElement":[{"@type":"ListItem","position":1,"name":"Accueil","item":"https:\/\/www.nettali.com\/"},{"@type":"ListItem","position":2,"name":"COMMANDEUR DANS L&rsquo;ORDRE NATIONAL DU LION &#8211; Macky \u00e9l\u00e8ve Didier Raoult"}]},{"@type":"Person","@id":"https:\/\/www.nettali.com\/#\/schema\/person\/3317e0bb3aa1da309fbf7b2780901bf4","name":"Daouda","image":{"@type":"ImageObject","@id":"https:\/\/www.nettali.com\/#personlogo","inLanguage":"fr-FR","url":"https:\/\/secure.gravatar.com\/avatar\/8d143b5a49345098ddcfee1c49c2f47c?s=96&d=mm&r=g","contentUrl":"https:\/\/secure.gravatar.com\/avatar\/8d143b5a49345098ddcfee1c49c2f47c?s=96&d=mm&r=g","caption":"Daouda"},"sameAs":["https:\/\/www.nettali.com"]}]}},"_links":{"self":[{"href":"https:\/\/www.nettali.com\/rest\/wp\/v2\/posts\/61029"}],"collection":[{"href":"https:\/\/www.nettali.com\/rest\/wp\/v2\/posts"}],"about":[{"href":"https:\/\/www.nettali.com\/rest\/wp\/v2\/types\/post"}],"author":[{"embeddable":true,"href":"https:\/\/www.nettali.com\/rest\/wp\/v2\/users\/4"}],"replies":[{"embeddable":true,"href":"https:\/\/www.nettali.com\/rest\/wp\/v2\/comments?post=61029"}],"version-history":[{"count":3,"href":"https:\/\/www.nettali.com\/rest\/wp\/v2\/posts\/61029\/revisions"}],"predecessor-version":[{"id":61035,"href":"https:\/\/www.nettali.com\/rest\/wp\/v2\/posts\/61029\/revisions\/61035"}],"wp:featuredmedia":[{"embeddable":true,"href":"https:\/\/www.nettali.com\/rest\/wp\/v2\/media\/61030"}],"wp:attachment":[{"href":"https:\/\/www.nettali.com\/rest\/wp\/v2\/media?parent=61029"}],"wp:term":[{"taxonomy":"category","embeddable":true,"href":"https:\/\/www.nettali.com\/rest\/wp\/v2\/categories?post=61029"},{"taxonomy":"post_tag","embeddable":true,"href":"https:\/\/www.nettali.com\/rest\/wp\/v2\/tags?post=61029"}],"curies":[{"name":"wp","href":"https:\/\/api.w.org\/{rel}","templated":true}]}}