{"id":61019,"date":"2021-03-31T09:55:02","date_gmt":"2021-03-31T09:55:02","guid":{"rendered":"https:\/\/www.nettali.com\/?p=61019"},"modified":"2021-03-31T09:55:02","modified_gmt":"2021-03-31T09:55:02","slug":"nomination-issa-sall-ministre-conseiller","status":"publish","type":"post","link":"https:\/\/www.nettali.com\/2021\/03\/31\/nomination-issa-sall-ministre-conseiller\/","title":{"rendered":"NOMINATION - Issa Sall ministre-conseiller"},"content":{"rendered":"<p>NETTALI.COM - Issa Sall est nomm\u00e9 par Macky Sall ministre-conseiller en charge des TIC. Selon le quotidien \"La Tribune, qui porte la r\u00e9v\u00e9lation dans sa livraison de ce mercredi, cette nomination date de quelques mois.<\/p>\n<p>Pour rappel, Issa Sall, ancien candidat \u00e0 la pr\u00e9sidentielle, a perdu son mandat de d\u00e9put\u00e9. L\u2019Assembl\u00e9e nationale a ent\u00e9rin\u00e9 la d\u00e9cision, lundi dernier, suite \u00e0 une saisine de son parti, le PUR.<\/p>\n<div class='share-to-whatsapp-wrapper'><div class='share-on-whsp'>PARTAGER SUR : <\/div><a data-text='NOMINATION - Issa Sall ministre-conseiller' data-link='https:\/\/www.nettali.com\/2021\/03\/31\/nomination-issa-sall-ministre-conseiller\/' class='whatsapp-button whatsapp-share'>WhatsApp<\/a><div class='clear '><\/div><\/div>","protected":false},"excerpt":{"rendered":"<p>NETTALI.COM - Issa Sall est nomm\u00e9 par Macky Sall ministre-conseiller en charge des TIC. Selon le quotidien \"La Tribune, qui porte la r\u00e9v\u00e9lation dans sa livraison de ce mercredi, cette nomination date de quelques mois. Pour rappel, Issa Sall, ancien candidat \u00e0 la pr\u00e9sidentielle, a perdu son mandat de d\u00e9put\u00e9. L\u2019Assembl\u00e9e nationale a ent\u00e9rin\u00e9 la [&hellip;]<\/p>\n","protected":false},"author":11,"featured_media":8724,"comment_status":"open","ping_status":"open","sticky":false,"template":"","format":"standard","meta":{"_et_pb_use_builder":"","_et_pb_old_content":""},"categories":[2],"tags":[],"yoast_head":"<!-- This site is optimized with the Yoast SEO Premium plugin v17.8 (Yoast SEO v17.8) - https:\/\/yoast.com\/wordpress\/plugins\/seo\/ -->\n<title>NOMINATION - Issa Sall ministre-conseiller | Nettali.com<\/title>\n<meta name=\"robots\" content=\"index, follow, max-snippet:-1, max-image-preview:large, max-video-preview:-1\" \/>\n<link rel=\"canonical\" href=\"https:\/\/www.nettali.com\/2021\/03\/31\/nomination-issa-sall-ministre-conseiller\/\" \/>\n<meta property=\"og:locale\" content=\"fr_FR\" \/>\n<meta property=\"og:type\" content=\"article\" \/>\n<meta property=\"og:title\" content=\"NOMINATION - Issa Sall ministre-conseiller\" \/>\n<meta property=\"og:description\" content=\"NETTALI.COM - Issa Sall est nomm\u00e9 par Macky Sall ministre-conseiller en charge des TIC. Selon le quotidien &quot;La Tribune, qui porte la r\u00e9v\u00e9lation dans sa livraison de ce mercredi, cette nomination date de quelques mois. Pour rappel, Issa Sall, ancien candidat \u00e0 la pr\u00e9sidentielle, a perdu son mandat de d\u00e9put\u00e9. L\u2019Assembl\u00e9e nationale a ent\u00e9rin\u00e9 la [&hellip;]\" \/>\n<meta property=\"og:url\" content=\"https:\/\/www.nettali.com\/2021\/03\/31\/nomination-issa-sall-ministre-conseiller\/\" \/>\n<meta property=\"og:site_name\" content=\"Nettali.com\" \/>\n<meta property=\"article:publisher\" content=\"https:\/\/www.facebook.com\/nettalicom\" \/>\n<meta property=\"article:published_time\" content=\"2021-03-31T09:55:02+00:00\" \/>\n<meta property=\"og:image\" content=\"https:\/\/www.nettali.com\/wp-content\/uploads\/2019\/05\/Pr-Issa-Sall-1.jpg\" \/>\n\t<meta property=\"og:image:width\" content=\"653\" \/>\n\t<meta property=\"og:image:height\" content=\"393\" \/>\n<meta name=\"twitter:card\" content=\"summary_large_image\" \/>\n<meta name=\"twitter:label1\" content=\"\u00c9crit par\" \/>\n\t<meta name=\"twitter:data1\" content=\"Thierno Diop\" \/>\n<script type=\"application\/ld+json\" class=\"yoast-schema-graph\">{\"@context\":\"https:\/\/schema.org\",\"@graph\":[{\"@type\":\"WebSite\",\"@id\":\"https:\/\/www.nettali.com\/#website\",\"url\":\"https:\/\/www.nettali.com\/\",\"name\":\"Nettali.com\",\"description\":\"Le rendez-vous critique du Net\",\"potentialAction\":[{\"@type\":\"SearchAction\",\"target\":{\"@type\":\"EntryPoint\",\"urlTemplate\":\"https:\/\/www.nettali.com\/?s={search_term_string}\"},\"query-input\":\"required name=search_term_string\"}],\"inLanguage\":\"fr-FR\"},{\"@type\":\"ImageObject\",\"@id\":\"https:\/\/www.nettali.com\/2021\/03\/31\/nomination-issa-sall-ministre-conseiller\/#primaryimage\",\"inLanguage\":\"fr-FR\",\"url\":\"https:\/\/www.nettali.com\/wp-content\/uploads\/2019\/05\/Pr-Issa-Sall-1.jpg\",\"contentUrl\":\"https:\/\/www.nettali.com\/wp-content\/uploads\/2019\/05\/Pr-Issa-Sall-1.jpg\",\"width\":653,\"height\":393},{\"@type\":\"WebPage\",\"@id\":\"https:\/\/www.nettali.com\/2021\/03\/31\/nomination-issa-sall-ministre-conseiller\/#webpage\",\"url\":\"https:\/\/www.nettali.com\/2021\/03\/31\/nomination-issa-sall-ministre-conseiller\/\",\"name\":\"NOMINATION - Issa Sall ministre-conseiller | Nettali.com\",\"isPartOf\":{\"@id\":\"https:\/\/www.nettali.com\/#website\"},\"primaryImageOfPage\":{\"@id\":\"https:\/\/www.nettali.com\/2021\/03\/31\/nomination-issa-sall-ministre-conseiller\/#primaryimage\"},\"datePublished\":\"2021-03-31T09:55:02+00:00\",\"dateModified\":\"2021-03-31T09:55:02+00:00\",\"author\":{\"@id\":\"https:\/\/www.nettali.com\/#\/schema\/person\/8a06c6bd7b19304cf4bf985862900b5b\"},\"breadcrumb\":{\"@id\":\"https:\/\/www.nettali.com\/2021\/03\/31\/nomination-issa-sall-ministre-conseiller\/#breadcrumb\"},\"inLanguage\":\"fr-FR\",\"potentialAction\":[{\"@type\":\"ReadAction\",\"target\":[\"https:\/\/www.nettali.com\/2021\/03\/31\/nomination-issa-sall-ministre-conseiller\/\"]}]},{\"@type\":\"BreadcrumbList\",\"@id\":\"https:\/\/www.nettali.com\/2021\/03\/31\/nomination-issa-sall-ministre-conseiller\/#breadcrumb\",\"itemListElement\":[{\"@type\":\"ListItem\",\"position\":1,\"name\":\"Accueil\",\"item\":\"https:\/\/www.nettali.com\/\"},{\"@type\":\"ListItem\",\"position\":2,\"name\":\"NOMINATION &#8211; Issa Sall ministre-conseiller\"}]},{\"@type\":\"Person\",\"@id\":\"https:\/\/www.nettali.com\/#\/schema\/person\/8a06c6bd7b19304cf4bf985862900b5b\",\"name\":\"Thierno Diop\",\"image\":{\"@type\":\"ImageObject\",\"@id\":\"https:\/\/www.nettali.com\/#personlogo\",\"inLanguage\":\"fr-FR\",\"url\":\"https:\/\/secure.gravatar.com\/avatar\/c8ca58550c94fd2ac856d27391a6c866?s=96&d=mm&r=g\",\"contentUrl\":\"https:\/\/secure.gravatar.com\/avatar\/c8ca58550c94fd2ac856d27391a6c866?s=96&d=mm&r=g\",\"caption\":\"Thierno Diop\"},\"sameAs\":[\"https:\/\/nettali.com\"]}]}<\/script>\n<!-- \/ Yoast SEO Premium plugin. -->","yoast_head_json":{"title":"NOMINATION - Issa Sall ministre-conseiller | Nettali.com","robots":{"index":"index","follow":"follow","max-snippet":"max-snippet:-1","max-image-preview":"max-image-preview:large","max-video-preview":"max-video-preview:-1"},"canonical":"https:\/\/www.nettali.com\/2021\/03\/31\/nomination-issa-sall-ministre-conseiller\/","og_locale":"fr_FR","og_type":"article","og_title":"NOMINATION - Issa Sall ministre-conseiller","og_description":"NETTALI.COM - Issa Sall est nomm\u00e9 par Macky Sall ministre-conseiller en charge des TIC. Selon le quotidien \"La Tribune, qui porte la r\u00e9v\u00e9lation dans sa livraison de ce mercredi, cette nomination date de quelques mois. Pour rappel, Issa Sall, ancien candidat \u00e0 la pr\u00e9sidentielle, a perdu son mandat de d\u00e9put\u00e9. L\u2019Assembl\u00e9e nationale a ent\u00e9rin\u00e9 la [&hellip;]","og_url":"https:\/\/www.nettali.com\/2021\/03\/31\/nomination-issa-sall-ministre-conseiller\/","og_site_name":"Nettali.com","article_publisher":"https:\/\/www.facebook.com\/nettalicom","article_published_time":"2021-03-31T09:55:02+00:00","og_image":[{"width":653,"height":393,"url":"https:\/\/www.nettali.com\/wp-content\/uploads\/2019\/05\/Pr-Issa-Sall-1.jpg","type":"image\/jpeg"}],"twitter_card":"summary_large_image","twitter_misc":{"\u00c9crit par":"Thierno Diop"},"schema":{"@context":"https:\/\/schema.org","@graph":[{"@type":"WebSite","@id":"https:\/\/www.nettali.com\/#website","url":"https:\/\/www.nettali.com\/","name":"Nettali.com","description":"Le rendez-vous critique du Net","potentialAction":[{"@type":"SearchAction","target":{"@type":"EntryPoint","urlTemplate":"https:\/\/www.nettali.com\/?s={search_term_string}"},"query-input":"required name=search_term_string"}],"inLanguage":"fr-FR"},{"@type":"ImageObject","@id":"https:\/\/www.nettali.com\/2021\/03\/31\/nomination-issa-sall-ministre-conseiller\/#primaryimage","inLanguage":"fr-FR","url":"https:\/\/www.nettali.com\/wp-content\/uploads\/2019\/05\/Pr-Issa-Sall-1.jpg","contentUrl":"https:\/\/www.nettali.com\/wp-content\/uploads\/2019\/05\/Pr-Issa-Sall-1.jpg","width":653,"height":393},{"@type":"WebPage","@id":"https:\/\/www.nettali.com\/2021\/03\/31\/nomination-issa-sall-ministre-conseiller\/#webpage","url":"https:\/\/www.nettali.com\/2021\/03\/31\/nomination-issa-sall-ministre-conseiller\/","name":"NOMINATION - Issa Sall ministre-conseiller | Nettali.com","isPartOf":{"@id":"https:\/\/www.nettali.com\/#website"},"primaryImageOfPage":{"@id":"https:\/\/www.nettali.com\/2021\/03\/31\/nomination-issa-sall-ministre-conseiller\/#primaryimage"},"datePublished":"2021-03-31T09:55:02+00:00","dateModified":"2021-03-31T09:55:02+00:00","author":{"@id":"https:\/\/www.nettali.com\/#\/schema\/person\/8a06c6bd7b19304cf4bf985862900b5b"},"breadcrumb":{"@id":"https:\/\/www.nettali.com\/2021\/03\/31\/nomination-issa-sall-ministre-conseiller\/#breadcrumb"},"inLanguage":"fr-FR","potentialAction":[{"@type":"ReadAction","target":["https:\/\/www.nettali.com\/2021\/03\/31\/nomination-issa-sall-ministre-conseiller\/"]}]},{"@type":"BreadcrumbList","@id":"https:\/\/www.nettali.com\/2021\/03\/31\/nomination-issa-sall-ministre-conseiller\/#breadcrumb","itemListElement":[{"@type":"ListItem","position":1,"name":"Accueil","item":"https:\/\/www.nettali.com\/"},{"@type":"ListItem","position":2,"name":"NOMINATION &#8211; Issa Sall ministre-conseiller"}]},{"@type":"Person","@id":"https:\/\/www.nettali.com\/#\/schema\/person\/8a06c6bd7b19304cf4bf985862900b5b","name":"Thierno Diop","image":{"@type":"ImageObject","@id":"https:\/\/www.nettali.com\/#personlogo","inLanguage":"fr-FR","url":"https:\/\/secure.gravatar.com\/avatar\/c8ca58550c94fd2ac856d27391a6c866?s=96&d=mm&r=g","contentUrl":"https:\/\/secure.gravatar.com\/avatar\/c8ca58550c94fd2ac856d27391a6c866?s=96&d=mm&r=g","caption":"Thierno Diop"},"sameAs":["https:\/\/nettali.com"]}]}},"_links":{"self":[{"href":"https:\/\/www.nettali.com\/rest\/wp\/v2\/posts\/61019"}],"collection":[{"href":"https:\/\/www.nettali.com\/rest\/wp\/v2\/posts"}],"about":[{"href":"https:\/\/www.nettali.com\/rest\/wp\/v2\/types\/post"}],"author":[{"embeddable":true,"href":"https:\/\/www.nettali.com\/rest\/wp\/v2\/users\/11"}],"replies":[{"embeddable":true,"href":"https:\/\/www.nettali.com\/rest\/wp\/v2\/comments?post=61019"}],"version-history":[{"count":1,"href":"https:\/\/www.nettali.com\/rest\/wp\/v2\/posts\/61019\/revisions"}],"predecessor-version":[{"id":61021,"href":"https:\/\/www.nettali.com\/rest\/wp\/v2\/posts\/61019\/revisions\/61021"}],"wp:featuredmedia":[{"embeddable":true,"href":"https:\/\/www.nettali.com\/rest\/wp\/v2\/media\/8724"}],"wp:attachment":[{"href":"https:\/\/www.nettali.com\/rest\/wp\/v2\/media?parent=61019"}],"wp:term":[{"taxonomy":"category","embeddable":true,"href":"https:\/\/www.nettali.com\/rest\/wp\/v2\/categories?post=61019"},{"taxonomy":"post_tag","embeddable":true,"href":"https:\/\/www.nettali.com\/rest\/wp\/v2\/tags?post=61019"}],"curies":[{"name":"wp","href":"https:\/\/api.w.org\/{rel}","templated":true}]}}