{"id":60884,"date":"2021-03-29T15:50:26","date_gmt":"2021-03-29T15:50:26","guid":{"rendered":"https:\/\/www.nettali.com\/?p=60884"},"modified":"2021-03-29T22:27:13","modified_gmt":"2021-03-29T22:27:13","slug":"proces-en-appel-pour-terrorisme-imam-dianko-encourt-20-ans-de-reclusion-criminelle","status":"publish","type":"post","link":"https:\/\/www.nettali.com\/2021\/03\/29\/proces-en-appel-pour-terrorisme-imam-dianko-encourt-20-ans-de-reclusion-criminelle\/","title":{"rendered":"PROC\u00c8S EN APPEL POUR TERRORISME-\u00a0 Imam Dianko encourt 20 ans de r\u00e9clusion criminelle"},"content":{"rendered":"<p><strong>NETTALI.COM- Acquitt\u00e9 en premi\u00e8re instance, l'imam Boubacar Dianko risque 20 ans de r\u00e9clusion criminelle.<\/strong><\/p>\n<p>Jug\u00e9 en premi\u00e8re instance en mars 2019, pour association de malfaiteurs, attentat \u00e0 la s\u00fbret\u00e9 de l'Etat et acte de terrorisme, imam Boubacar Dianko a \u00e9t\u00e9 acquitt\u00e9, apr\u00e8s 6 ans de d\u00e9tention pr\u00e9ventive. Le parquet, qui avait requis la perp\u00e9tuit\u00e9 contre lui, insatisfait de la d\u00e9cision, avait interjet\u00e9 appel.<\/p>\n<p>En effet, il ressort des \u00e9l\u00e9ments discut\u00e9s \u00e0 la barre de la chambre criminelle d\u2019appel que l\u2019accus\u00e9 a \u00e9t\u00e9 arr\u00eat\u00e9 en 2013. Cela, apr\u00e8s que les services secrets maliens avaient d\u00e9couvert qu\u2019il communiquait en permanence avec l'\u00e9mir du Mouvement pour l'unicit\u00e9 et le jihad en Afrique de l'Ouest (Mujao) \u00e0 Gao, n\u00e9 d'une scission d'Al-Qaida au Maghreb islamique fin 2011. Il s\u2019agit pr\u00e9cis\u00e9ment de l\u2019agent recruteur Hamada Ould Mohamed El Kheiri. Les \u00e9l\u00e9ments enqu\u00eateurs, poursuivant leurs investigations, d\u00e9couvrent que l\u2019imam avait quitt\u00e9 le S\u00e9n\u00e9gal, dans la nuit du 3 au 4 janvier 2013, pour se rendre \u00e0 l'\u00e9tranger, apr\u00e8s avoir re\u00e7u une somme de 200 mille francs envoy\u00e9e depuis le Mali. Il sera finalement arr\u00eat\u00e9 non loin de K\u00e9dougou, en compagnie de son neveu et \u00e9l\u00e8ve Serigne Ahmadou Bamba Dianko.<\/p>\n<p>Fouill\u00e9, il a \u00e9t\u00e9 trouv\u00e9 par devers un port Usb et une carte Cd dans laquelle il y avait une vid\u00e9o d'un combattant arm\u00e9 d'un fusil de guerre. Lequel combattant entrainait de jeunes combattants mineurs.<\/p>\n<p>Devant le pr\u00e9toire, l\u2019accus\u00e9 n\u2019a pas reconnu les faits. Il les a ni\u00e9s en soutenant qu\u2019il n\u2019a pas \u00e9t\u00e9 impliqu\u00e9 dans une affaire de terroristes. S\u2019agissant de son voyage, il indique l\u2019avoir effectu\u00e9 parce qu\u2019on lui avait promis des financements dans le but de rendre moderne son daara. Mais, regrette-t-il, \u00ab <em>la situation que j\u2019ai trouv\u00e9e au Mali, notamment des enfants qui s\u2019entrainaient aux arts martiaux ne m\u2019a pas plu. Mais, apr\u00e8s le bombardement de Gao, j\u2019ai d\u00e9cid\u00e9 de rentrer<\/em> \u00bb. \u00c9galement, il a indiqu\u00e9 qu\u2019il ne savait pas que El Kheri, qu\u2019il avait h\u00e9berg\u00e9 chez lui \u00e0 Dakar et \u00e0 Ziguinchor est un terroriste.<\/p>\n<p>L\u2019avocat g\u00e9n\u00e9ral, dans son r\u00e9quisitoire, a requis 20 ans de r\u00e9clusion criminelle contre l\u2019accus\u00e9. Une peine qui, selon le maitre des poursuites, \u00ab <em>nous permettra de nous pr\u00e9server et de pr\u00e9server ses enfants puisqu\u2019il a h\u00e9berg\u00e9 un djihadiste en chef<\/em> \u00bb. Ce, apr\u00e8s qu\u2019il a demand\u00e9 l\u2019infirmation de la premi\u00e8re d\u00e9cision.<\/p>\n<p>Les avocats de la d\u00e9fense ont jug\u00e9 tr\u00e8s s\u00e9v\u00e8re le r\u00e9quisitoire du maitre des poursuites. Selon Mes Malick Fall et Aly Fall, le procureur n\u2019a, dans son r\u00e9quisitoire, articul\u00e9 aucun \u00e9l\u00e9ment \u00e0 charge pour attester la culpabilit\u00e9 de leur client. Ils ont plaid\u00e9 la confirmation.<\/p>\n<p>L\u2019affaire est mise en d\u00e9lib\u00e9r\u00e9 pour jugement qui sera rendu le 29 avril prochain.<\/p>\n<div class='share-to-whatsapp-wrapper'><div class='share-on-whsp'>PARTAGER SUR : <\/div><a data-text='PROC\u00c8S EN APPEL POUR TERRORISME-\u00a0 Imam Dianko encourt 20 ans de r\u00e9clusion criminelle' data-link='https:\/\/www.nettali.com\/2021\/03\/29\/proces-en-appel-pour-terrorisme-imam-dianko-encourt-20-ans-de-reclusion-criminelle\/' class='whatsapp-button whatsapp-share'>WhatsApp<\/a><div class='clear '><\/div><\/div>","protected":false},"excerpt":{"rendered":"<p>NETTALI.COM- Acquitt\u00e9 en premi\u00e8re instance, l'imam Boubacar Dianko risque 20 ans de r\u00e9clusion criminelle. Jug\u00e9 en premi\u00e8re instance en mars 2019, pour association de malfaiteurs, attentat \u00e0 la s\u00fbret\u00e9 de l'Etat et acte de terrorisme, imam Boubacar Dianko a \u00e9t\u00e9 acquitt\u00e9, apr\u00e8s 6 ans de d\u00e9tention pr\u00e9ventive. Le parquet, qui avait requis la perp\u00e9tuit\u00e9 contre [&hellip;]<\/p>\n","protected":false},"author":6,"featured_media":15367,"comment_status":"open","ping_status":"open","sticky":false,"template":"","format":"standard","meta":{"_et_pb_use_builder":"","_et_pb_old_content":""},"categories":[3],"tags":[],"yoast_head":"<!-- This site is optimized with the Yoast SEO Premium plugin v17.8 (Yoast SEO v17.8) - https:\/\/yoast.com\/wordpress\/plugins\/seo\/ -->\n<title>PROC\u00c8S EN APPEL POUR TERRORISME-\u00a0 Imam Dianko encourt 20 ans de r\u00e9clusion criminelle | Nettali.com<\/title>\n<meta name=\"robots\" content=\"index, follow, max-snippet:-1, max-image-preview:large, max-video-preview:-1\" \/>\n<link rel=\"canonical\" href=\"https:\/\/www.nettali.com\/2021\/03\/29\/proces-en-appel-pour-terrorisme-imam-dianko-encourt-20-ans-de-reclusion-criminelle\/\" \/>\n<meta property=\"og:locale\" content=\"fr_FR\" \/>\n<meta property=\"og:type\" content=\"article\" \/>\n<meta property=\"og:title\" content=\"PROC\u00c8S EN APPEL POUR TERRORISME-\u00a0 Imam Dianko encourt 20 ans de r\u00e9clusion criminelle\" \/>\n<meta property=\"og:description\" content=\"NETTALI.COM- Acquitt\u00e9 en premi\u00e8re instance, l&#039;imam Boubacar Dianko risque 20 ans de r\u00e9clusion criminelle. Jug\u00e9 en premi\u00e8re instance en mars 2019, pour association de malfaiteurs, attentat \u00e0 la s\u00fbret\u00e9 de l&#039;Etat et acte de terrorisme, imam Boubacar Dianko a \u00e9t\u00e9 acquitt\u00e9, apr\u00e8s 6 ans de d\u00e9tention pr\u00e9ventive. Le parquet, qui avait requis la perp\u00e9tuit\u00e9 contre [&hellip;]\" \/>\n<meta property=\"og:url\" content=\"https:\/\/www.nettali.com\/2021\/03\/29\/proces-en-appel-pour-terrorisme-imam-dianko-encourt-20-ans-de-reclusion-criminelle\/\" \/>\n<meta property=\"og:site_name\" content=\"Nettali.com\" \/>\n<meta property=\"article:publisher\" content=\"https:\/\/www.facebook.com\/nettalicom\" \/>\n<meta property=\"article:published_time\" content=\"2021-03-29T15:50:26+00:00\" \/>\n<meta property=\"article:modified_time\" content=\"2021-03-29T22:27:13+00:00\" \/>\n<meta property=\"og:image\" content=\"https:\/\/www.nettali.com\/wp-content\/uploads\/2019\/08\/attaque-de-la-gendarmerie-de-tamba-habib-toure-place-sous-mandat-de-depot-pour-terrorisme-1277845.jpg\" \/>\n\t<meta property=\"og:image:width\" content=\"863\" \/>\n\t<meta property=\"og:image:height\" content=\"647\" \/>\n<meta name=\"twitter:card\" content=\"summary_large_image\" \/>\n<meta name=\"twitter:label1\" content=\"\u00c9crit par\" \/>\n\t<meta name=\"twitter:data1\" content=\"Fatou\" \/>\n\t<meta name=\"twitter:label2\" content=\"Dur\u00e9e de lecture estim\u00e9e\" \/>\n\t<meta name=\"twitter:data2\" content=\"3 minutes\" \/>\n<script type=\"application\/ld+json\" class=\"yoast-schema-graph\">{\"@context\":\"https:\/\/schema.org\",\"@graph\":[{\"@type\":\"WebSite\",\"@id\":\"https:\/\/www.nettali.com\/#website\",\"url\":\"https:\/\/www.nettali.com\/\",\"name\":\"Nettali.com\",\"description\":\"Le rendez-vous critique du Net\",\"potentialAction\":[{\"@type\":\"SearchAction\",\"target\":{\"@type\":\"EntryPoint\",\"urlTemplate\":\"https:\/\/www.nettali.com\/?s={search_term_string}\"},\"query-input\":\"required name=search_term_string\"}],\"inLanguage\":\"fr-FR\"},{\"@type\":\"ImageObject\",\"@id\":\"https:\/\/www.nettali.com\/2021\/03\/29\/proces-en-appel-pour-terrorisme-imam-dianko-encourt-20-ans-de-reclusion-criminelle\/#primaryimage\",\"inLanguage\":\"fr-FR\",\"url\":\"https:\/\/www.nettali.com\/wp-content\/uploads\/2019\/08\/attaque-de-la-gendarmerie-de-tamba-habib-toure-place-sous-mandat-de-depot-pour-terrorisme-1277845.jpg\",\"contentUrl\":\"https:\/\/www.nettali.com\/wp-content\/uploads\/2019\/08\/attaque-de-la-gendarmerie-de-tamba-habib-toure-place-sous-mandat-de-depot-pour-terrorisme-1277845.jpg\",\"width\":863,\"height\":647},{\"@type\":\"WebPage\",\"@id\":\"https:\/\/www.nettali.com\/2021\/03\/29\/proces-en-appel-pour-terrorisme-imam-dianko-encourt-20-ans-de-reclusion-criminelle\/#webpage\",\"url\":\"https:\/\/www.nettali.com\/2021\/03\/29\/proces-en-appel-pour-terrorisme-imam-dianko-encourt-20-ans-de-reclusion-criminelle\/\",\"name\":\"PROC\\u00c8S EN APPEL POUR TERRORISME-\\u00a0 Imam Dianko encourt 20 ans de r\\u00e9clusion criminelle | Nettali.com\",\"isPartOf\":{\"@id\":\"https:\/\/www.nettali.com\/#website\"},\"primaryImageOfPage\":{\"@id\":\"https:\/\/www.nettali.com\/2021\/03\/29\/proces-en-appel-pour-terrorisme-imam-dianko-encourt-20-ans-de-reclusion-criminelle\/#primaryimage\"},\"datePublished\":\"2021-03-29T15:50:26+00:00\",\"dateModified\":\"2021-03-29T22:27:13+00:00\",\"author\":{\"@id\":\"https:\/\/www.nettali.com\/#\/schema\/person\/418274a86bdf87caff7a3ef476bd0bbf\"},\"breadcrumb\":{\"@id\":\"https:\/\/www.nettali.com\/2021\/03\/29\/proces-en-appel-pour-terrorisme-imam-dianko-encourt-20-ans-de-reclusion-criminelle\/#breadcrumb\"},\"inLanguage\":\"fr-FR\",\"potentialAction\":[{\"@type\":\"ReadAction\",\"target\":[\"https:\/\/www.nettali.com\/2021\/03\/29\/proces-en-appel-pour-terrorisme-imam-dianko-encourt-20-ans-de-reclusion-criminelle\/\"]}]},{\"@type\":\"BreadcrumbList\",\"@id\":\"https:\/\/www.nettali.com\/2021\/03\/29\/proces-en-appel-pour-terrorisme-imam-dianko-encourt-20-ans-de-reclusion-criminelle\/#breadcrumb\",\"itemListElement\":[{\"@type\":\"ListItem\",\"position\":1,\"name\":\"Accueil\",\"item\":\"https:\/\/www.nettali.com\/\"},{\"@type\":\"ListItem\",\"position\":2,\"name\":\"PROC\\u00c8S EN APPEL POUR TERRORISME-\\u00a0 Imam Dianko encourt 20 ans de r\\u00e9clusion criminelle\"}]},{\"@type\":\"Person\",\"@id\":\"https:\/\/www.nettali.com\/#\/schema\/person\/418274a86bdf87caff7a3ef476bd0bbf\",\"name\":\"Fatou\",\"image\":{\"@type\":\"ImageObject\",\"@id\":\"https:\/\/www.nettali.com\/#personlogo\",\"inLanguage\":\"fr-FR\",\"url\":\"https:\/\/secure.gravatar.com\/avatar\/5a9442a2bee7b4dcf167cab035858e9a?s=96&d=mm&r=g\",\"contentUrl\":\"https:\/\/secure.gravatar.com\/avatar\/5a9442a2bee7b4dcf167cab035858e9a?s=96&d=mm&r=g\",\"caption\":\"Fatou\"},\"sameAs\":[\"https:\/\/www.nettali.com\"]}]}<\/script>\n<!-- \/ Yoast SEO Premium plugin. -->","yoast_head_json":{"title":"PROC\u00c8S EN APPEL POUR TERRORISME-\u00a0 Imam Dianko encourt 20 ans de r\u00e9clusion criminelle | Nettali.com","robots":{"index":"index","follow":"follow","max-snippet":"max-snippet:-1","max-image-preview":"max-image-preview:large","max-video-preview":"max-video-preview:-1"},"canonical":"https:\/\/www.nettali.com\/2021\/03\/29\/proces-en-appel-pour-terrorisme-imam-dianko-encourt-20-ans-de-reclusion-criminelle\/","og_locale":"fr_FR","og_type":"article","og_title":"PROC\u00c8S EN APPEL POUR TERRORISME-\u00a0 Imam Dianko encourt 20 ans de r\u00e9clusion criminelle","og_description":"NETTALI.COM- Acquitt\u00e9 en premi\u00e8re instance, l'imam Boubacar Dianko risque 20 ans de r\u00e9clusion criminelle. Jug\u00e9 en premi\u00e8re instance en mars 2019, pour association de malfaiteurs, attentat \u00e0 la s\u00fbret\u00e9 de l'Etat et acte de terrorisme, imam Boubacar Dianko a \u00e9t\u00e9 acquitt\u00e9, apr\u00e8s 6 ans de d\u00e9tention pr\u00e9ventive. Le parquet, qui avait requis la perp\u00e9tuit\u00e9 contre [&hellip;]","og_url":"https:\/\/www.nettali.com\/2021\/03\/29\/proces-en-appel-pour-terrorisme-imam-dianko-encourt-20-ans-de-reclusion-criminelle\/","og_site_name":"Nettali.com","article_publisher":"https:\/\/www.facebook.com\/nettalicom","article_published_time":"2021-03-29T15:50:26+00:00","article_modified_time":"2021-03-29T22:27:13+00:00","og_image":[{"width":863,"height":647,"url":"https:\/\/www.nettali.com\/wp-content\/uploads\/2019\/08\/attaque-de-la-gendarmerie-de-tamba-habib-toure-place-sous-mandat-de-depot-pour-terrorisme-1277845.jpg","type":"image\/jpeg"}],"twitter_card":"summary_large_image","twitter_misc":{"\u00c9crit par":"Fatou","Dur\u00e9e de lecture estim\u00e9e":"3 minutes"},"schema":{"@context":"https:\/\/schema.org","@graph":[{"@type":"WebSite","@id":"https:\/\/www.nettali.com\/#website","url":"https:\/\/www.nettali.com\/","name":"Nettali.com","description":"Le rendez-vous critique du Net","potentialAction":[{"@type":"SearchAction","target":{"@type":"EntryPoint","urlTemplate":"https:\/\/www.nettali.com\/?s={search_term_string}"},"query-input":"required name=search_term_string"}],"inLanguage":"fr-FR"},{"@type":"ImageObject","@id":"https:\/\/www.nettali.com\/2021\/03\/29\/proces-en-appel-pour-terrorisme-imam-dianko-encourt-20-ans-de-reclusion-criminelle\/#primaryimage","inLanguage":"fr-FR","url":"https:\/\/www.nettali.com\/wp-content\/uploads\/2019\/08\/attaque-de-la-gendarmerie-de-tamba-habib-toure-place-sous-mandat-de-depot-pour-terrorisme-1277845.jpg","contentUrl":"https:\/\/www.nettali.com\/wp-content\/uploads\/2019\/08\/attaque-de-la-gendarmerie-de-tamba-habib-toure-place-sous-mandat-de-depot-pour-terrorisme-1277845.jpg","width":863,"height":647},{"@type":"WebPage","@id":"https:\/\/www.nettali.com\/2021\/03\/29\/proces-en-appel-pour-terrorisme-imam-dianko-encourt-20-ans-de-reclusion-criminelle\/#webpage","url":"https:\/\/www.nettali.com\/2021\/03\/29\/proces-en-appel-pour-terrorisme-imam-dianko-encourt-20-ans-de-reclusion-criminelle\/","name":"PROC\u00c8S EN APPEL POUR TERRORISME-\u00a0 Imam Dianko encourt 20 ans de r\u00e9clusion criminelle | Nettali.com","isPartOf":{"@id":"https:\/\/www.nettali.com\/#website"},"primaryImageOfPage":{"@id":"https:\/\/www.nettali.com\/2021\/03\/29\/proces-en-appel-pour-terrorisme-imam-dianko-encourt-20-ans-de-reclusion-criminelle\/#primaryimage"},"datePublished":"2021-03-29T15:50:26+00:00","dateModified":"2021-03-29T22:27:13+00:00","author":{"@id":"https:\/\/www.nettali.com\/#\/schema\/person\/418274a86bdf87caff7a3ef476bd0bbf"},"breadcrumb":{"@id":"https:\/\/www.nettali.com\/2021\/03\/29\/proces-en-appel-pour-terrorisme-imam-dianko-encourt-20-ans-de-reclusion-criminelle\/#breadcrumb"},"inLanguage":"fr-FR","potentialAction":[{"@type":"ReadAction","target":["https:\/\/www.nettali.com\/2021\/03\/29\/proces-en-appel-pour-terrorisme-imam-dianko-encourt-20-ans-de-reclusion-criminelle\/"]}]},{"@type":"BreadcrumbList","@id":"https:\/\/www.nettali.com\/2021\/03\/29\/proces-en-appel-pour-terrorisme-imam-dianko-encourt-20-ans-de-reclusion-criminelle\/#breadcrumb","itemListElement":[{"@type":"ListItem","position":1,"name":"Accueil","item":"https:\/\/www.nettali.com\/"},{"@type":"ListItem","position":2,"name":"PROC\u00c8S EN APPEL POUR TERRORISME-\u00a0 Imam Dianko encourt 20 ans de r\u00e9clusion criminelle"}]},{"@type":"Person","@id":"https:\/\/www.nettali.com\/#\/schema\/person\/418274a86bdf87caff7a3ef476bd0bbf","name":"Fatou","image":{"@type":"ImageObject","@id":"https:\/\/www.nettali.com\/#personlogo","inLanguage":"fr-FR","url":"https:\/\/secure.gravatar.com\/avatar\/5a9442a2bee7b4dcf167cab035858e9a?s=96&d=mm&r=g","contentUrl":"https:\/\/secure.gravatar.com\/avatar\/5a9442a2bee7b4dcf167cab035858e9a?s=96&d=mm&r=g","caption":"Fatou"},"sameAs":["https:\/\/www.nettali.com"]}]}},"_links":{"self":[{"href":"https:\/\/www.nettali.com\/rest\/wp\/v2\/posts\/60884"}],"collection":[{"href":"https:\/\/www.nettali.com\/rest\/wp\/v2\/posts"}],"about":[{"href":"https:\/\/www.nettali.com\/rest\/wp\/v2\/types\/post"}],"author":[{"embeddable":true,"href":"https:\/\/www.nettali.com\/rest\/wp\/v2\/users\/6"}],"replies":[{"embeddable":true,"href":"https:\/\/www.nettali.com\/rest\/wp\/v2\/comments?post=60884"}],"version-history":[{"count":3,"href":"https:\/\/www.nettali.com\/rest\/wp\/v2\/posts\/60884\/revisions"}],"predecessor-version":[{"id":60887,"href":"https:\/\/www.nettali.com\/rest\/wp\/v2\/posts\/60884\/revisions\/60887"}],"wp:featuredmedia":[{"embeddable":true,"href":"https:\/\/www.nettali.com\/rest\/wp\/v2\/media\/15367"}],"wp:attachment":[{"href":"https:\/\/www.nettali.com\/rest\/wp\/v2\/media?parent=60884"}],"wp:term":[{"taxonomy":"category","embeddable":true,"href":"https:\/\/www.nettali.com\/rest\/wp\/v2\/categories?post=60884"},{"taxonomy":"post_tag","embeddable":true,"href":"https:\/\/www.nettali.com\/rest\/wp\/v2\/tags?post=60884"}],"curies":[{"name":"wp","href":"https:\/\/api.w.org\/{rel}","templated":true}]}}