{"id":60859,"date":"2021-03-29T14:12:36","date_gmt":"2021-03-29T14:12:36","guid":{"rendered":"https:\/\/www.nettali.com\/?p=60859"},"modified":"2021-03-29T20:57:53","modified_gmt":"2021-03-29T20:57:53","slug":"tous-ces-cris-de-la-guinee-va-bruler-se-font-a-dakar","status":"publish","type":"post","link":"https:\/\/www.nettali.com\/2021\/03\/29\/tous-ces-cris-de-la-guinee-va-bruler-se-font-a-dakar\/","title":{"rendered":"\u00abTous ces cris de \u00abla Guin\u00e9e va br\u00fbler\u00bb se font \u00e0 Dakar\u00bb"},"content":{"rendered":"<p><strong>NETTALI.COM - En d\u00e9placement, dimanche, Torm\u00e9lin, dans Fria, ville mini\u00e8re, le pr\u00e9sident Alpha Cond\u00e9 a indiqu\u00e9 qu\u2019un vaste complot visait la Guin\u00e9e \u00e0 la veille des derni\u00e8res consultations \u00e9lectorales. Et tout \u00e9tait coordonn\u00e9 depuis Dakar. \u00a0\u00abNous voyons aujourd\u2019hui tout ce qui se passe chez ceux qui voulaient que la Guin\u00e9e br\u00fble\u00bb, a lanc\u00e9 Alpha Cond\u00e9.\u00a0<\/strong><\/p>\n<p><em>\u00abPlusieurs personnes m\u2019ont dit de ne pas faire cette \u00e9lection. Comment est-ce que j\u2019ai su qu\u2019il y avait de la tra\u00eetrise derri\u00e8re ? Je ne veux pas le dire car si je le dis, vous fuirez la Guin\u00e9e (Rires). Mais Dieu est l\u00e0. Ils ont dit que la Guin\u00e9e br\u00fblerait, mais la Guin\u00e9e est en paix aujourd\u2019hui. Ceux qui voulaient que la Guin\u00e9e br\u00fble, nous tous voyons ce qui se passe chez eux. Ce qui veut dire que Dieu ne dort pas\u00bb<\/em>, a d\u00e9clar\u00e9 le pr\u00e9sident Guin\u00e9en, qui a ferm\u00e9 depuis la fronti\u00e8re entre le S\u00e9n\u00e9gal et la Guin\u00e9e.<\/p>\n<p><em>\u00ab Moi, je ne me querelle avec personne. Pas un seul jour depuis que j\u2019ai \u00e9t\u00e9 \u00e9lu pr\u00e9sident, aucun opposant n\u2019est venu \u00e0 Conakry pour diffamer le gouvernement. \u00c7a je ne l\u2019accepte pas. Mais tout le monde sait, tous ceux qui nous insultent, tous ces cris de \u00abla Guin\u00e9e va br\u00fbler\u00bb, tout se fait \u00e0 Dakar. Tout le monde le sait, mais Dieu est l\u00e0\u00a0\u00bb<\/em>, peste le pr\u00e9sident Guin\u00e9en.<\/p>\n<p>Il pense que son pays va bient\u00f4t jouer les premiers r\u00f4les. <em>\u00abQuand la Guin\u00e9e commencera \u00e0 aller de l\u2019avant, je l\u2019ai dit dans le journal Jeune Afrique, d\u2019ici quelques ann\u00e9es, seul le Nigeria sera devant nous en Afrique de l\u2019Ouest. Cela ne pla\u00eet pas \u00e0 nombreux de nos voisins car ils veulent que la Guin\u00e9e reste toujours derri\u00e8re mais nous irons de l\u2019avant\u201d<\/em>, promet-il.<\/p>\n<p>&nbsp;<\/p>\n<p>&nbsp;<\/p>\n<div class='share-to-whatsapp-wrapper'><div class='share-on-whsp'>PARTAGER SUR : <\/div><a data-text='\u00abTous ces cris de \u00abla Guin\u00e9e va br\u00fbler\u00bb se font \u00e0 Dakar\u00bb' data-link='https:\/\/www.nettali.com\/2021\/03\/29\/tous-ces-cris-de-la-guinee-va-bruler-se-font-a-dakar\/' class='whatsapp-button whatsapp-share'>WhatsApp<\/a><div class='clear '><\/div><\/div>","protected":false},"excerpt":{"rendered":"<p>NETTALI.COM - En d\u00e9placement, dimanche, Torm\u00e9lin, dans Fria, ville mini\u00e8re, le pr\u00e9sident Alpha Cond\u00e9 a indiqu\u00e9 qu\u2019un vaste complot visait la Guin\u00e9e \u00e0 la veille des derni\u00e8res consultations \u00e9lectorales. Et tout \u00e9tait coordonn\u00e9 depuis Dakar. \u00a0\u00abNous voyons aujourd\u2019hui tout ce qui se passe chez ceux qui voulaient que la Guin\u00e9e br\u00fble\u00bb, a lanc\u00e9 Alpha Cond\u00e9.\u00a0 [&hellip;]<\/p>\n","protected":false},"author":4,"featured_media":6249,"comment_status":"open","ping_status":"open","sticky":false,"template":"","format":"standard","meta":{"_et_pb_use_builder":"","_et_pb_old_content":""},"categories":[3878,2],"tags":[],"yoast_head":"<!-- This site is optimized with the Yoast SEO Premium plugin v17.8 (Yoast SEO v17.8) - https:\/\/yoast.com\/wordpress\/plugins\/seo\/ -->\n<title>\u00abTous ces cris de \u00abla Guin\u00e9e va br\u00fbler\u00bb se font \u00e0 Dakar\u00bb | Nettali.com<\/title>\n<meta name=\"robots\" content=\"index, follow, max-snippet:-1, max-image-preview:large, max-video-preview:-1\" \/>\n<link rel=\"canonical\" href=\"https:\/\/www.nettali.com\/2021\/03\/29\/tous-ces-cris-de-la-guinee-va-bruler-se-font-a-dakar\/\" \/>\n<meta property=\"og:locale\" content=\"fr_FR\" \/>\n<meta property=\"og:type\" content=\"article\" \/>\n<meta property=\"og:title\" content=\"\u00abTous ces cris de \u00abla Guin\u00e9e va br\u00fbler\u00bb se font \u00e0 Dakar\u00bb\" \/>\n<meta property=\"og:description\" content=\"NETTALI.COM - En d\u00e9placement, dimanche, Torm\u00e9lin, dans Fria, ville mini\u00e8re, le pr\u00e9sident Alpha Cond\u00e9 a indiqu\u00e9 qu\u2019un vaste complot visait la Guin\u00e9e \u00e0 la veille des derni\u00e8res consultations \u00e9lectorales. Et tout \u00e9tait coordonn\u00e9 depuis Dakar. \u00a0\u00abNous voyons aujourd\u2019hui tout ce qui se passe chez ceux qui voulaient que la Guin\u00e9e br\u00fble\u00bb, a lanc\u00e9 Alpha Cond\u00e9.\u00a0 [&hellip;]\" \/>\n<meta property=\"og:url\" content=\"https:\/\/www.nettali.com\/2021\/03\/29\/tous-ces-cris-de-la-guinee-va-bruler-se-font-a-dakar\/\" \/>\n<meta property=\"og:site_name\" content=\"Nettali.com\" \/>\n<meta property=\"article:publisher\" content=\"https:\/\/www.facebook.com\/nettalicom\" \/>\n<meta property=\"article:published_time\" content=\"2021-03-29T14:12:36+00:00\" \/>\n<meta property=\"article:modified_time\" content=\"2021-03-29T20:57:53+00:00\" \/>\n<meta property=\"og:image\" content=\"https:\/\/www.nettali.com\/wp-content\/uploads\/2019\/04\/macky-sall-alpha-conde.jpg\" \/>\n\t<meta property=\"og:image:width\" content=\"678\" \/>\n\t<meta property=\"og:image:height\" content=\"381\" \/>\n<meta name=\"twitter:card\" content=\"summary_large_image\" \/>\n<meta name=\"twitter:label1\" content=\"\u00c9crit par\" \/>\n\t<meta name=\"twitter:data1\" content=\"Daouda\" \/>\n\t<meta name=\"twitter:label2\" content=\"Dur\u00e9e de lecture estim\u00e9e\" \/>\n\t<meta name=\"twitter:data2\" content=\"2 minutes\" \/>\n<script type=\"application\/ld+json\" class=\"yoast-schema-graph\">{\"@context\":\"https:\/\/schema.org\",\"@graph\":[{\"@type\":\"WebSite\",\"@id\":\"https:\/\/www.nettali.com\/#website\",\"url\":\"https:\/\/www.nettali.com\/\",\"name\":\"Nettali.com\",\"description\":\"Le rendez-vous critique du Net\",\"potentialAction\":[{\"@type\":\"SearchAction\",\"target\":{\"@type\":\"EntryPoint\",\"urlTemplate\":\"https:\/\/www.nettali.com\/?s={search_term_string}\"},\"query-input\":\"required name=search_term_string\"}],\"inLanguage\":\"fr-FR\"},{\"@type\":\"ImageObject\",\"@id\":\"https:\/\/www.nettali.com\/2021\/03\/29\/tous-ces-cris-de-la-guinee-va-bruler-se-font-a-dakar\/#primaryimage\",\"inLanguage\":\"fr-FR\",\"url\":\"https:\/\/www.nettali.com\/wp-content\/uploads\/2019\/04\/macky-sall-alpha-conde.jpg\",\"contentUrl\":\"https:\/\/www.nettali.com\/wp-content\/uploads\/2019\/04\/macky-sall-alpha-conde.jpg\",\"width\":678,\"height\":381},{\"@type\":\"WebPage\",\"@id\":\"https:\/\/www.nettali.com\/2021\/03\/29\/tous-ces-cris-de-la-guinee-va-bruler-se-font-a-dakar\/#webpage\",\"url\":\"https:\/\/www.nettali.com\/2021\/03\/29\/tous-ces-cris-de-la-guinee-va-bruler-se-font-a-dakar\/\",\"name\":\"\\u00abTous ces cris de \\u00abla Guin\\u00e9e va br\\u00fbler\\u00bb se font \\u00e0 Dakar\\u00bb | Nettali.com\",\"isPartOf\":{\"@id\":\"https:\/\/www.nettali.com\/#website\"},\"primaryImageOfPage\":{\"@id\":\"https:\/\/www.nettali.com\/2021\/03\/29\/tous-ces-cris-de-la-guinee-va-bruler-se-font-a-dakar\/#primaryimage\"},\"datePublished\":\"2021-03-29T14:12:36+00:00\",\"dateModified\":\"2021-03-29T20:57:53+00:00\",\"author\":{\"@id\":\"https:\/\/www.nettali.com\/#\/schema\/person\/3317e0bb3aa1da309fbf7b2780901bf4\"},\"breadcrumb\":{\"@id\":\"https:\/\/www.nettali.com\/2021\/03\/29\/tous-ces-cris-de-la-guinee-va-bruler-se-font-a-dakar\/#breadcrumb\"},\"inLanguage\":\"fr-FR\",\"potentialAction\":[{\"@type\":\"ReadAction\",\"target\":[\"https:\/\/www.nettali.com\/2021\/03\/29\/tous-ces-cris-de-la-guinee-va-bruler-se-font-a-dakar\/\"]}]},{\"@type\":\"BreadcrumbList\",\"@id\":\"https:\/\/www.nettali.com\/2021\/03\/29\/tous-ces-cris-de-la-guinee-va-bruler-se-font-a-dakar\/#breadcrumb\",\"itemListElement\":[{\"@type\":\"ListItem\",\"position\":1,\"name\":\"Accueil\",\"item\":\"https:\/\/www.nettali.com\/\"},{\"@type\":\"ListItem\",\"position\":2,\"name\":\"\\u00abTous ces cris de \\u00abla Guin\\u00e9e va br\\u00fbler\\u00bb se font \\u00e0 Dakar\\u00bb\"}]},{\"@type\":\"Person\",\"@id\":\"https:\/\/www.nettali.com\/#\/schema\/person\/3317e0bb3aa1da309fbf7b2780901bf4\",\"name\":\"Daouda\",\"image\":{\"@type\":\"ImageObject\",\"@id\":\"https:\/\/www.nettali.com\/#personlogo\",\"inLanguage\":\"fr-FR\",\"url\":\"https:\/\/secure.gravatar.com\/avatar\/8d143b5a49345098ddcfee1c49c2f47c?s=96&d=mm&r=g\",\"contentUrl\":\"https:\/\/secure.gravatar.com\/avatar\/8d143b5a49345098ddcfee1c49c2f47c?s=96&d=mm&r=g\",\"caption\":\"Daouda\"},\"sameAs\":[\"https:\/\/www.nettali.com\"]}]}<\/script>\n<!-- \/ Yoast SEO Premium plugin. -->","yoast_head_json":{"title":"\u00abTous ces cris de \u00abla Guin\u00e9e va br\u00fbler\u00bb se font \u00e0 Dakar\u00bb | Nettali.com","robots":{"index":"index","follow":"follow","max-snippet":"max-snippet:-1","max-image-preview":"max-image-preview:large","max-video-preview":"max-video-preview:-1"},"canonical":"https:\/\/www.nettali.com\/2021\/03\/29\/tous-ces-cris-de-la-guinee-va-bruler-se-font-a-dakar\/","og_locale":"fr_FR","og_type":"article","og_title":"\u00abTous ces cris de \u00abla Guin\u00e9e va br\u00fbler\u00bb se font \u00e0 Dakar\u00bb","og_description":"NETTALI.COM - En d\u00e9placement, dimanche, Torm\u00e9lin, dans Fria, ville mini\u00e8re, le pr\u00e9sident Alpha Cond\u00e9 a indiqu\u00e9 qu\u2019un vaste complot visait la Guin\u00e9e \u00e0 la veille des derni\u00e8res consultations \u00e9lectorales. Et tout \u00e9tait coordonn\u00e9 depuis Dakar. \u00a0\u00abNous voyons aujourd\u2019hui tout ce qui se passe chez ceux qui voulaient que la Guin\u00e9e br\u00fble\u00bb, a lanc\u00e9 Alpha Cond\u00e9.\u00a0 [&hellip;]","og_url":"https:\/\/www.nettali.com\/2021\/03\/29\/tous-ces-cris-de-la-guinee-va-bruler-se-font-a-dakar\/","og_site_name":"Nettali.com","article_publisher":"https:\/\/www.facebook.com\/nettalicom","article_published_time":"2021-03-29T14:12:36+00:00","article_modified_time":"2021-03-29T20:57:53+00:00","og_image":[{"width":678,"height":381,"url":"https:\/\/www.nettali.com\/wp-content\/uploads\/2019\/04\/macky-sall-alpha-conde.jpg","type":"image\/jpeg"}],"twitter_card":"summary_large_image","twitter_misc":{"\u00c9crit par":"Daouda","Dur\u00e9e de lecture estim\u00e9e":"2 minutes"},"schema":{"@context":"https:\/\/schema.org","@graph":[{"@type":"WebSite","@id":"https:\/\/www.nettali.com\/#website","url":"https:\/\/www.nettali.com\/","name":"Nettali.com","description":"Le rendez-vous critique du Net","potentialAction":[{"@type":"SearchAction","target":{"@type":"EntryPoint","urlTemplate":"https:\/\/www.nettali.com\/?s={search_term_string}"},"query-input":"required name=search_term_string"}],"inLanguage":"fr-FR"},{"@type":"ImageObject","@id":"https:\/\/www.nettali.com\/2021\/03\/29\/tous-ces-cris-de-la-guinee-va-bruler-se-font-a-dakar\/#primaryimage","inLanguage":"fr-FR","url":"https:\/\/www.nettali.com\/wp-content\/uploads\/2019\/04\/macky-sall-alpha-conde.jpg","contentUrl":"https:\/\/www.nettali.com\/wp-content\/uploads\/2019\/04\/macky-sall-alpha-conde.jpg","width":678,"height":381},{"@type":"WebPage","@id":"https:\/\/www.nettali.com\/2021\/03\/29\/tous-ces-cris-de-la-guinee-va-bruler-se-font-a-dakar\/#webpage","url":"https:\/\/www.nettali.com\/2021\/03\/29\/tous-ces-cris-de-la-guinee-va-bruler-se-font-a-dakar\/","name":"\u00abTous ces cris de \u00abla Guin\u00e9e va br\u00fbler\u00bb se font \u00e0 Dakar\u00bb | Nettali.com","isPartOf":{"@id":"https:\/\/www.nettali.com\/#website"},"primaryImageOfPage":{"@id":"https:\/\/www.nettali.com\/2021\/03\/29\/tous-ces-cris-de-la-guinee-va-bruler-se-font-a-dakar\/#primaryimage"},"datePublished":"2021-03-29T14:12:36+00:00","dateModified":"2021-03-29T20:57:53+00:00","author":{"@id":"https:\/\/www.nettali.com\/#\/schema\/person\/3317e0bb3aa1da309fbf7b2780901bf4"},"breadcrumb":{"@id":"https:\/\/www.nettali.com\/2021\/03\/29\/tous-ces-cris-de-la-guinee-va-bruler-se-font-a-dakar\/#breadcrumb"},"inLanguage":"fr-FR","potentialAction":[{"@type":"ReadAction","target":["https:\/\/www.nettali.com\/2021\/03\/29\/tous-ces-cris-de-la-guinee-va-bruler-se-font-a-dakar\/"]}]},{"@type":"BreadcrumbList","@id":"https:\/\/www.nettali.com\/2021\/03\/29\/tous-ces-cris-de-la-guinee-va-bruler-se-font-a-dakar\/#breadcrumb","itemListElement":[{"@type":"ListItem","position":1,"name":"Accueil","item":"https:\/\/www.nettali.com\/"},{"@type":"ListItem","position":2,"name":"\u00abTous ces cris de \u00abla Guin\u00e9e va br\u00fbler\u00bb se font \u00e0 Dakar\u00bb"}]},{"@type":"Person","@id":"https:\/\/www.nettali.com\/#\/schema\/person\/3317e0bb3aa1da309fbf7b2780901bf4","name":"Daouda","image":{"@type":"ImageObject","@id":"https:\/\/www.nettali.com\/#personlogo","inLanguage":"fr-FR","url":"https:\/\/secure.gravatar.com\/avatar\/8d143b5a49345098ddcfee1c49c2f47c?s=96&d=mm&r=g","contentUrl":"https:\/\/secure.gravatar.com\/avatar\/8d143b5a49345098ddcfee1c49c2f47c?s=96&d=mm&r=g","caption":"Daouda"},"sameAs":["https:\/\/www.nettali.com"]}]}},"_links":{"self":[{"href":"https:\/\/www.nettali.com\/rest\/wp\/v2\/posts\/60859"}],"collection":[{"href":"https:\/\/www.nettali.com\/rest\/wp\/v2\/posts"}],"about":[{"href":"https:\/\/www.nettali.com\/rest\/wp\/v2\/types\/post"}],"author":[{"embeddable":true,"href":"https:\/\/www.nettali.com\/rest\/wp\/v2\/users\/4"}],"replies":[{"embeddable":true,"href":"https:\/\/www.nettali.com\/rest\/wp\/v2\/comments?post=60859"}],"version-history":[{"count":1,"href":"https:\/\/www.nettali.com\/rest\/wp\/v2\/posts\/60859\/revisions"}],"predecessor-version":[{"id":60860,"href":"https:\/\/www.nettali.com\/rest\/wp\/v2\/posts\/60859\/revisions\/60860"}],"wp:featuredmedia":[{"embeddable":true,"href":"https:\/\/www.nettali.com\/rest\/wp\/v2\/media\/6249"}],"wp:attachment":[{"href":"https:\/\/www.nettali.com\/rest\/wp\/v2\/media?parent=60859"}],"wp:term":[{"taxonomy":"category","embeddable":true,"href":"https:\/\/www.nettali.com\/rest\/wp\/v2\/categories?post=60859"},{"taxonomy":"post_tag","embeddable":true,"href":"https:\/\/www.nettali.com\/rest\/wp\/v2\/tags?post=60859"}],"curies":[{"name":"wp","href":"https:\/\/api.w.org\/{rel}","templated":true}]}}