{"id":60818,"date":"2021-03-28T17:49:52","date_gmt":"2021-03-28T17:49:52","guid":{"rendered":"https:\/\/www.nettali.com\/?p=60818"},"modified":"2021-03-29T07:50:51","modified_gmt":"2021-03-29T07:50:51","slug":"revelation-sur-le-juge-teliko-madiambal-diagne-affirme-teliko-dement","status":"publish","type":"post","link":"https:\/\/www.nettali.com\/2021\/03\/28\/revelation-sur-le-juge-teliko-madiambal-diagne-affirme-teliko-dement\/","title":{"rendered":"REVELATION SUR LE PRESIDENT DE L'UMS - Madiambal Diagne accuse, T\u00e9liko d\u00e9ment"},"content":{"rendered":"<p><strong>NETTALI.COM - Invit\u00e9 de l'\u00e9mission \"Grand Jury\" du dimanche 28 mars, Madiambal Diagne a port\u00e9 de graves accusations contre le juge Soulemane T\u00e9liko. Le patron d\"Avenir communication\" a en effet indiqu\u00e9 que le pr\u00e9sident de l\u2019Union des magistrats du S\u00e9n\u00e9gal (Ums) a \u00e9t\u00e9 \u00e9pingl\u00e9 par l\u2019Union europ\u00e9enne sur une affaire de frais de mission. Une affirmation d\u00e9mentie par le juge T\u00e9liko.<\/strong><\/p>\n<p>\"<em> Vous avez parl\u00e9 de l\u2019Ums qui pr\u00eache la bonne parole, l\u2019\u00e9thique et l\u2019ind\u00e9pendance dans la justice. Mais l\u2019actuel pr\u00e9sident de l\u2019Ums, Souleymane T\u00e9liko, a \u00e9t\u00e9 juge aux chambres africaines extraordinaires pour juger Hiss\u00e8ne Habr\u00e9. Ce magistrat a \u00e9t\u00e9 \u00e9pingl\u00e9 par l\u2019Union africaine dans un rapport officiel pour avoir per\u00e7u des frais de mission pour aller au Tchad, alors qu\u2019il a \u00e9t\u00e9 pris en charge totalement par le gouvernement tchadien<\/em>\", a l\u00e2ch\u00e9 Madiambal Diagne.<\/p>\n<p>A l'en croire, \"<em>l\u2019Union europ\u00e9enne a protest\u00e9 devant le gouvernement du S\u00e9n\u00e9gal, Sidiki Kaba \u00e9tait alors ministre de la Justice<\/em>\". Et finalement, \"<em>il a rembours\u00e9, Souleymane T\u00e9liko<\/em>\", dit l\u2019auteur de la chronique qui a fait pol\u00e9mique durant la semaine.<\/p>\n<p>Apr\u00e8s cette r\u00e9v\u00e9lation, le magistrat T\u00e9liko a d\u00e9menti le patron du groupe Avenir communication. Selon la Rfm, le pr\u00e9sident de l'Ums n'exclut pas d'ester en justice.<\/p>\n<div class='share-to-whatsapp-wrapper'><div class='share-on-whsp'>PARTAGER SUR : <\/div><a data-text='REVELATION SUR LE PRESIDENT DE L'UMS - Madiambal Diagne accuse, T\u00e9liko d\u00e9ment' data-link='https:\/\/www.nettali.com\/2021\/03\/28\/revelation-sur-le-juge-teliko-madiambal-diagne-affirme-teliko-dement\/' class='whatsapp-button whatsapp-share'>WhatsApp<\/a><div class='clear '><\/div><\/div>","protected":false},"excerpt":{"rendered":"<p>NETTALI.COM - Invit\u00e9 de l'\u00e9mission \"Grand Jury\" du dimanche 28 mars, Madiambal Diagne a port\u00e9 de graves accusations contre le juge Soulemane T\u00e9liko. Le patron d\"Avenir communication\" a en effet indiqu\u00e9 que le pr\u00e9sident de l\u2019Union des magistrats du S\u00e9n\u00e9gal (Ums) a \u00e9t\u00e9 \u00e9pingl\u00e9 par l\u2019Union europ\u00e9enne sur une affaire de frais de mission. Une [&hellip;]<\/p>\n","protected":false},"author":5,"featured_media":60819,"comment_status":"open","ping_status":"open","sticky":false,"template":"","format":"standard","meta":{"_et_pb_use_builder":"","_et_pb_old_content":""},"categories":[3],"tags":[],"yoast_head":"<!-- This site is optimized with the Yoast SEO Premium plugin v17.8 (Yoast SEO v17.8) - https:\/\/yoast.com\/wordpress\/plugins\/seo\/ -->\n<title>REVELATION SUR LE PRESIDENT DE L&#039;UMS - Madiambal Diagne accuse, T\u00e9liko d\u00e9ment | Nettali.com<\/title>\n<meta name=\"robots\" content=\"index, follow, max-snippet:-1, max-image-preview:large, max-video-preview:-1\" \/>\n<link rel=\"canonical\" href=\"https:\/\/www.nettali.com\/2021\/03\/28\/revelation-sur-le-juge-teliko-madiambal-diagne-affirme-teliko-dement\/\" \/>\n<meta property=\"og:locale\" content=\"fr_FR\" \/>\n<meta property=\"og:type\" content=\"article\" \/>\n<meta property=\"og:title\" content=\"REVELATION SUR LE PRESIDENT DE L&#039;UMS - Madiambal Diagne accuse, T\u00e9liko d\u00e9ment\" \/>\n<meta property=\"og:description\" content=\"NETTALI.COM - Invit\u00e9 de l&#039;\u00e9mission &quot;Grand Jury&quot; du dimanche 28 mars, Madiambal Diagne a port\u00e9 de graves accusations contre le juge Soulemane T\u00e9liko. Le patron d&quot;Avenir communication&quot; a en effet indiqu\u00e9 que le pr\u00e9sident de l\u2019Union des magistrats du S\u00e9n\u00e9gal (Ums) a \u00e9t\u00e9 \u00e9pingl\u00e9 par l\u2019Union europ\u00e9enne sur une affaire de frais de mission. Une [&hellip;]\" \/>\n<meta property=\"og:url\" content=\"https:\/\/www.nettali.com\/2021\/03\/28\/revelation-sur-le-juge-teliko-madiambal-diagne-affirme-teliko-dement\/\" \/>\n<meta property=\"og:site_name\" content=\"Nettali.com\" \/>\n<meta property=\"article:publisher\" content=\"https:\/\/www.facebook.com\/nettalicom\" \/>\n<meta property=\"article:published_time\" content=\"2021-03-28T17:49:52+00:00\" \/>\n<meta property=\"article:modified_time\" content=\"2021-03-29T07:50:51+00:00\" \/>\n<meta property=\"og:image\" content=\"https:\/\/www.nettali.com\/wp-content\/uploads\/2021\/03\/madiambal-diagne_7_0-1.jpg\" \/>\n\t<meta property=\"og:image:width\" content=\"800\" \/>\n\t<meta property=\"og:image:height\" content=\"516\" \/>\n<meta name=\"twitter:card\" content=\"summary_large_image\" \/>\n<meta name=\"twitter:label1\" content=\"\u00c9crit par\" \/>\n\t<meta name=\"twitter:data1\" content=\"Ibrahima\" \/>\n\t<meta name=\"twitter:label2\" content=\"Dur\u00e9e de lecture estim\u00e9e\" \/>\n\t<meta name=\"twitter:data2\" content=\"1 minute\" \/>\n<script type=\"application\/ld+json\" class=\"yoast-schema-graph\">{\"@context\":\"https:\/\/schema.org\",\"@graph\":[{\"@type\":\"WebSite\",\"@id\":\"https:\/\/www.nettali.com\/#website\",\"url\":\"https:\/\/www.nettali.com\/\",\"name\":\"Nettali.com\",\"description\":\"Le rendez-vous critique du Net\",\"potentialAction\":[{\"@type\":\"SearchAction\",\"target\":{\"@type\":\"EntryPoint\",\"urlTemplate\":\"https:\/\/www.nettali.com\/?s={search_term_string}\"},\"query-input\":\"required name=search_term_string\"}],\"inLanguage\":\"fr-FR\"},{\"@type\":\"ImageObject\",\"@id\":\"https:\/\/www.nettali.com\/2021\/03\/28\/revelation-sur-le-juge-teliko-madiambal-diagne-affirme-teliko-dement\/#primaryimage\",\"inLanguage\":\"fr-FR\",\"url\":\"https:\/\/www.nettali.com\/wp-content\/uploads\/2021\/03\/madiambal-diagne_7_0-1.jpg\",\"contentUrl\":\"https:\/\/www.nettali.com\/wp-content\/uploads\/2021\/03\/madiambal-diagne_7_0-1.jpg\",\"width\":800,\"height\":516},{\"@type\":\"WebPage\",\"@id\":\"https:\/\/www.nettali.com\/2021\/03\/28\/revelation-sur-le-juge-teliko-madiambal-diagne-affirme-teliko-dement\/#webpage\",\"url\":\"https:\/\/www.nettali.com\/2021\/03\/28\/revelation-sur-le-juge-teliko-madiambal-diagne-affirme-teliko-dement\/\",\"name\":\"REVELATION SUR LE PRESIDENT DE L'UMS - Madiambal Diagne accuse, T\\u00e9liko d\\u00e9ment | Nettali.com\",\"isPartOf\":{\"@id\":\"https:\/\/www.nettali.com\/#website\"},\"primaryImageOfPage\":{\"@id\":\"https:\/\/www.nettali.com\/2021\/03\/28\/revelation-sur-le-juge-teliko-madiambal-diagne-affirme-teliko-dement\/#primaryimage\"},\"datePublished\":\"2021-03-28T17:49:52+00:00\",\"dateModified\":\"2021-03-29T07:50:51+00:00\",\"author\":{\"@id\":\"https:\/\/www.nettali.com\/#\/schema\/person\/bb147657c2986240405a608162b9bb23\"},\"breadcrumb\":{\"@id\":\"https:\/\/www.nettali.com\/2021\/03\/28\/revelation-sur-le-juge-teliko-madiambal-diagne-affirme-teliko-dement\/#breadcrumb\"},\"inLanguage\":\"fr-FR\",\"potentialAction\":[{\"@type\":\"ReadAction\",\"target\":[\"https:\/\/www.nettali.com\/2021\/03\/28\/revelation-sur-le-juge-teliko-madiambal-diagne-affirme-teliko-dement\/\"]}]},{\"@type\":\"BreadcrumbList\",\"@id\":\"https:\/\/www.nettali.com\/2021\/03\/28\/revelation-sur-le-juge-teliko-madiambal-diagne-affirme-teliko-dement\/#breadcrumb\",\"itemListElement\":[{\"@type\":\"ListItem\",\"position\":1,\"name\":\"Accueil\",\"item\":\"https:\/\/www.nettali.com\/\"},{\"@type\":\"ListItem\",\"position\":2,\"name\":\"REVELATION SUR LE PRESIDENT DE L&rsquo;UMS &#8211; Madiambal Diagne accuse, T\\u00e9liko d\\u00e9ment\"}]},{\"@type\":\"Person\",\"@id\":\"https:\/\/www.nettali.com\/#\/schema\/person\/bb147657c2986240405a608162b9bb23\",\"name\":\"Ibrahima\",\"image\":{\"@type\":\"ImageObject\",\"@id\":\"https:\/\/www.nettali.com\/#personlogo\",\"inLanguage\":\"fr-FR\",\"url\":\"https:\/\/secure.gravatar.com\/avatar\/26a8a81f09f0dd7624c9d5c36c9ba3a2?s=96&d=mm&r=g\",\"contentUrl\":\"https:\/\/secure.gravatar.com\/avatar\/26a8a81f09f0dd7624c9d5c36c9ba3a2?s=96&d=mm&r=g\",\"caption\":\"Ibrahima\"},\"sameAs\":[\"https:\/\/www.nettali.com\"]}]}<\/script>\n<!-- \/ Yoast SEO Premium plugin. -->","yoast_head_json":{"title":"REVELATION SUR LE PRESIDENT DE L'UMS - Madiambal Diagne accuse, T\u00e9liko d\u00e9ment | Nettali.com","robots":{"index":"index","follow":"follow","max-snippet":"max-snippet:-1","max-image-preview":"max-image-preview:large","max-video-preview":"max-video-preview:-1"},"canonical":"https:\/\/www.nettali.com\/2021\/03\/28\/revelation-sur-le-juge-teliko-madiambal-diagne-affirme-teliko-dement\/","og_locale":"fr_FR","og_type":"article","og_title":"REVELATION SUR LE PRESIDENT DE L'UMS - Madiambal Diagne accuse, T\u00e9liko d\u00e9ment","og_description":"NETTALI.COM - Invit\u00e9 de l'\u00e9mission \"Grand Jury\" du dimanche 28 mars, Madiambal Diagne a port\u00e9 de graves accusations contre le juge Soulemane T\u00e9liko. Le patron d\"Avenir communication\" a en effet indiqu\u00e9 que le pr\u00e9sident de l\u2019Union des magistrats du S\u00e9n\u00e9gal (Ums) a \u00e9t\u00e9 \u00e9pingl\u00e9 par l\u2019Union europ\u00e9enne sur une affaire de frais de mission. Une [&hellip;]","og_url":"https:\/\/www.nettali.com\/2021\/03\/28\/revelation-sur-le-juge-teliko-madiambal-diagne-affirme-teliko-dement\/","og_site_name":"Nettali.com","article_publisher":"https:\/\/www.facebook.com\/nettalicom","article_published_time":"2021-03-28T17:49:52+00:00","article_modified_time":"2021-03-29T07:50:51+00:00","og_image":[{"width":800,"height":516,"url":"https:\/\/www.nettali.com\/wp-content\/uploads\/2021\/03\/madiambal-diagne_7_0-1.jpg","type":"image\/jpeg"}],"twitter_card":"summary_large_image","twitter_misc":{"\u00c9crit par":"Ibrahima","Dur\u00e9e de lecture estim\u00e9e":"1 minute"},"schema":{"@context":"https:\/\/schema.org","@graph":[{"@type":"WebSite","@id":"https:\/\/www.nettali.com\/#website","url":"https:\/\/www.nettali.com\/","name":"Nettali.com","description":"Le rendez-vous critique du Net","potentialAction":[{"@type":"SearchAction","target":{"@type":"EntryPoint","urlTemplate":"https:\/\/www.nettali.com\/?s={search_term_string}"},"query-input":"required name=search_term_string"}],"inLanguage":"fr-FR"},{"@type":"ImageObject","@id":"https:\/\/www.nettali.com\/2021\/03\/28\/revelation-sur-le-juge-teliko-madiambal-diagne-affirme-teliko-dement\/#primaryimage","inLanguage":"fr-FR","url":"https:\/\/www.nettali.com\/wp-content\/uploads\/2021\/03\/madiambal-diagne_7_0-1.jpg","contentUrl":"https:\/\/www.nettali.com\/wp-content\/uploads\/2021\/03\/madiambal-diagne_7_0-1.jpg","width":800,"height":516},{"@type":"WebPage","@id":"https:\/\/www.nettali.com\/2021\/03\/28\/revelation-sur-le-juge-teliko-madiambal-diagne-affirme-teliko-dement\/#webpage","url":"https:\/\/www.nettali.com\/2021\/03\/28\/revelation-sur-le-juge-teliko-madiambal-diagne-affirme-teliko-dement\/","name":"REVELATION SUR LE PRESIDENT DE L'UMS - Madiambal Diagne accuse, T\u00e9liko d\u00e9ment | Nettali.com","isPartOf":{"@id":"https:\/\/www.nettali.com\/#website"},"primaryImageOfPage":{"@id":"https:\/\/www.nettali.com\/2021\/03\/28\/revelation-sur-le-juge-teliko-madiambal-diagne-affirme-teliko-dement\/#primaryimage"},"datePublished":"2021-03-28T17:49:52+00:00","dateModified":"2021-03-29T07:50:51+00:00","author":{"@id":"https:\/\/www.nettali.com\/#\/schema\/person\/bb147657c2986240405a608162b9bb23"},"breadcrumb":{"@id":"https:\/\/www.nettali.com\/2021\/03\/28\/revelation-sur-le-juge-teliko-madiambal-diagne-affirme-teliko-dement\/#breadcrumb"},"inLanguage":"fr-FR","potentialAction":[{"@type":"ReadAction","target":["https:\/\/www.nettali.com\/2021\/03\/28\/revelation-sur-le-juge-teliko-madiambal-diagne-affirme-teliko-dement\/"]}]},{"@type":"BreadcrumbList","@id":"https:\/\/www.nettali.com\/2021\/03\/28\/revelation-sur-le-juge-teliko-madiambal-diagne-affirme-teliko-dement\/#breadcrumb","itemListElement":[{"@type":"ListItem","position":1,"name":"Accueil","item":"https:\/\/www.nettali.com\/"},{"@type":"ListItem","position":2,"name":"REVELATION SUR LE PRESIDENT DE L&rsquo;UMS &#8211; Madiambal Diagne accuse, T\u00e9liko d\u00e9ment"}]},{"@type":"Person","@id":"https:\/\/www.nettali.com\/#\/schema\/person\/bb147657c2986240405a608162b9bb23","name":"Ibrahima","image":{"@type":"ImageObject","@id":"https:\/\/www.nettali.com\/#personlogo","inLanguage":"fr-FR","url":"https:\/\/secure.gravatar.com\/avatar\/26a8a81f09f0dd7624c9d5c36c9ba3a2?s=96&d=mm&r=g","contentUrl":"https:\/\/secure.gravatar.com\/avatar\/26a8a81f09f0dd7624c9d5c36c9ba3a2?s=96&d=mm&r=g","caption":"Ibrahima"},"sameAs":["https:\/\/www.nettali.com"]}]}},"_links":{"self":[{"href":"https:\/\/www.nettali.com\/rest\/wp\/v2\/posts\/60818"}],"collection":[{"href":"https:\/\/www.nettali.com\/rest\/wp\/v2\/posts"}],"about":[{"href":"https:\/\/www.nettali.com\/rest\/wp\/v2\/types\/post"}],"author":[{"embeddable":true,"href":"https:\/\/www.nettali.com\/rest\/wp\/v2\/users\/5"}],"replies":[{"embeddable":true,"href":"https:\/\/www.nettali.com\/rest\/wp\/v2\/comments?post=60818"}],"version-history":[{"count":5,"href":"https:\/\/www.nettali.com\/rest\/wp\/v2\/posts\/60818\/revisions"}],"predecessor-version":[{"id":60834,"href":"https:\/\/www.nettali.com\/rest\/wp\/v2\/posts\/60818\/revisions\/60834"}],"wp:featuredmedia":[{"embeddable":true,"href":"https:\/\/www.nettali.com\/rest\/wp\/v2\/media\/60819"}],"wp:attachment":[{"href":"https:\/\/www.nettali.com\/rest\/wp\/v2\/media?parent=60818"}],"wp:term":[{"taxonomy":"category","embeddable":true,"href":"https:\/\/www.nettali.com\/rest\/wp\/v2\/categories?post=60818"},{"taxonomy":"post_tag","embeddable":true,"href":"https:\/\/www.nettali.com\/rest\/wp\/v2\/tags?post=60818"}],"curies":[{"name":"wp","href":"https:\/\/api.w.org\/{rel}","templated":true}]}}