{"id":60708,"date":"2021-03-26T10:28:56","date_gmt":"2021-03-26T10:28:56","guid":{"rendered":"https:\/\/www.nettali.com\/?p=60708"},"modified":"2021-03-26T10:28:56","modified_gmt":"2021-03-26T10:28:56","slug":"lutte-contre-la-covid-19-en-afrique-les-hommes-plus-touches-par-la-pandemie","status":"publish","type":"post","link":"https:\/\/www.nettali.com\/2021\/03\/26\/lutte-contre-la-covid-19-en-afrique-les-hommes-plus-touches-par-la-pandemie\/","title":{"rendered":"LUTTE CONTRE LA COVID-19 EN AFRIQUE-\u00a0 Les hommes plus touch\u00e9s par la pand\u00e9mie"},"content":{"rendered":"<p><strong>NETTALI.COM- En Afrique, les femmes repr\u00e9sentent une proportion inf\u00e9rieure \u00e0 celle des hommes, en termes d'infection et de d\u00e9c\u00e8s caus\u00e9s par le coronavirus. C\u2019est ce qui ressort d\u2019une \u00e9tude pr\u00e9sent\u00e9e jeudi, par l\u2019Organisation mondiale de la sant\u00e9 (OMS).<\/strong><\/p>\n<p>Une analyse pr\u00e9liminaire de l\u2019Organisation mondiale de la sant\u00e9 (OMS) bas\u00e9e sur des donn\u00e9es \u00e9pid\u00e9miologiques de la Covid-19, r\u00e9v\u00e8le que les femmes sont moins touch\u00e9es. Cette \u00e9tude men\u00e9e dans 28 pays d\u2019Afrique dont le S\u00e9n\u00e9gal, prend en compte le genre. Elle montre que les femmes comptent pour environ 41 % des cas de Covid-19, mais avec des varia\ufffetions allant de 31 % au Niger \u00e0 57 % en Afrique du Sud.<\/p>\n<p>Ces r\u00e9sultats, souligne EnQu\u00eate, confirment les propos du directeur g\u00e9n\u00e9ral du Centre des op\u00e9rations d\u2019urgence sanitaire (Cous). Lors de la pr\u00e9sentation du bilan annuel de la pand\u00e9mie au S\u00e9n\u00e9gal, le docteur Abdoulaye Bousso informait que la majorit\u00e9 de patients est de sexe masculin, avec 54 % d\u2019hommes et 46 % de femmes. \u201c<em>Nous avons trouv\u00e9 trois comorbidit\u00e9s principalement constitu\u00e9es de l\u2019hypertension art\u00e9rielle, le diab\u00e8te et toutes les autres maladies cardiovasculaires. Toutes les r\u00e9gions du S\u00e9n\u00e9gal sont touch\u00e9es, de m\u00eame que les 79 districts<\/em>\u2019\u2019, disait-il.<\/p>\n<p>Dans la plupart des pays, souligne l\u2019\u00e9tude, les femmes sont un peu moins susceptibles de d\u00e9c\u00e9der de la Covid-19 que les hommes. Par exemple, en C\u00f4te d\u2019Ivoire, le taux de l\u00e9talit\u00e9 est de 0,4 % pour les femmes contre 0,5 % pour les hommes. Tandis qu\u2019en R\u00e9publique d\u00e9mocratique du Congo, il est de 2,2 % pour les femmes et de 2,7 % pour les<br \/>\nhommes et aux Seychelles de 0,1 % et de 0,5 %. Ce ph\u00e9nom\u00e8ne survient bien que les femmes repr\u00e9sentent une grande partie du personnel de sant\u00e9. Ce qui les expose \u00e0 un risque d'infection plus \u00e9lev\u00e9.<\/p>\n<p>En Afrique, plus de 95 000 travailleurs de la sant\u00e9 sont infect\u00e9s par la Covid-19. Au S\u00e9n\u00e9gal, dans cette pand\u00e9mie, 453 personnels de sant\u00e9 sont touch\u00e9s avec 2 d\u00e9c\u00e8s. Aux Seychelles, les femmes repr\u00e9sentent 71 % des infections du personnel de sant\u00e9, 64 % en Eswatini, 55 % en C\u00f4te d'Ivoire.<\/p>\n<p>De l\u2019avis de l\u2019OMS, davantage d\u2019analyses sont n\u00e9cessaires pour d\u00e9terminer les facteurs derri\u00e8re les disparit\u00e9s en termes d\u2019infection entre les femmes et les hommes.<br \/>\nCependant, pr\u00e9cise l\u2019analyse, certaines \u00e9tudes sugg\u00e8rent que des facteurs biologiques, comportementaux et sociaux peuvent \u00eatre responsables de ces diff\u00e9rences. D\u2019autres \u00e9tudes rapportent que les hommes sont consid\u00e9rablement plus susceptibles de souffrir d\u2019effets s\u00e9v\u00e8res de la<br \/>\nCovid-19 et d\u2019avoir des conditions pr\u00e9existantes. Ce qui explique d\u2019apr\u00e8s l\u2019\u00e9tude, le taux de mortalit\u00e9 l\u00e9g\u00e8rement inf\u00e9rieur constat\u00e9 chez les femmes.<\/p>\n<p>L\u2019\u00e9tude r\u00e9v\u00e8le n\u00e9anmoins, que la pand\u00e9mie et les mesures initiales strictes d\u2019endiguement, telles que les confinements, la restriction des d\u00e9placements et la fermeture des \u00e9coles, ont accentu\u00e9 les vuln\u00e9rabilit\u00e9s existantes auxquelles les femmes et les filles sont confront\u00e9es.<\/p>\n<p>De l\u2019avis de la directrice r\u00e9gionale de l\u2019OMS pour l\u2019Afrique, les r\u00e9percussions de la pand\u00e9mie de Covid-19 sur les femmes et les filles sont profondes. Elles laissent, souligne le Dr Matshidiso Moeti, nombre d\u2019entre elles aux prises avec des risques exacerb\u00e9s pour leur sant\u00e9 et leur s\u00e9curit\u00e9. \u201c<em>Notre riposte doit aller au-del\u00e0 <\/em><em>des aspects cliniques de la pand\u00e9mie. Elle doit s\u2019attaquer aux crises <\/em><em>cach\u00e9es qui risquent d\u2019avoir des <\/em><em>effets \u00e0 long terme sur les vies et les <\/em><em>moyens de subsistance<\/em>\u2019\u2019, d\u00e9clare Dr Moeti.<\/p>\n<p><strong>Une hausse des d\u00e9c\u00e8s maternels dans 10 pays sur 28<\/strong><\/p>\n<p>Alors que la pand\u00e9mie accentue les difficult\u00e9s d\u2019acc\u00e8s aux services essentiels de sant\u00e9, l\u2019analyse pr\u00e9liminaire de l\u2019OMS sur 28 pays montre que les 10 pays enregistrent une hausse des d\u00e9c\u00e8s maternels. Ce, avec les augmentations les plus fortes aux Comores, au Mali, au S\u00e9n\u00e9gal et en Afrique du Sud, entre f\u00e9vrier et juillet 2020, en comparaison\u00a0 avec la m\u00eame p\u00e9riode en 2019. Neuf de ces 28 pays enregistrent une baisse du nombre de naissances dans les structures de sant\u00e9 et une hausse des complications dues aux<br \/>\navortements. \u201c<em>Des \u00e9tudes montrent <\/em><em>que les violences faites aux femmes, <\/em><em>et particuli\u00e8rement les violences <\/em><em>domestiques, ont augment\u00e9 dans <\/em><em>plusieurs pays. Alors que les pr\u00e9occupations s\u00e9curitaires, sanitaires et <\/em><em>financi\u00e8res ont g\u00e9n\u00e9r\u00e9 des tensions <\/em><em>et des contraintes qui sont aggrav\u00e9es <\/em><em>par la promiscuit\u00e9 r\u00e9sultant du confinement<\/em>\u2019\u2019, explique le Dr Moeti.<\/p>\n<p>L\u2019OMS travaille avec les pays pour att\u00e9nuer l\u2019impact de la pand\u00e9mie sur la sant\u00e9 des femmes. Plusieurs pays ont mis en \u0153uvre des initiatives pour s\u2019assurer que les services de sant\u00e9 sexuelle, reproductive, maternelle, des nouveau-n\u00e9s, des adolescents et des personnes \u00e2g\u00e9es sont maintenus. Les projets, renseigne le Dr Moeti, comprennent la r\u00e9organisation des<br \/>\nservices de soins ant\u00e9nataux et la fourniture d'\u00e9quipements de protection individuelle. Ce, afin de minimiser les infections par la Covid, ainsi que des services mobiles de planning familial, des options de soins auto-administr\u00e9s pour les contraceptifs oraux et injectables, de m\u00eame que des partenariats public-priv\u00e9 pour rendre disponibles des contraceptifs et d\u2019autres produits<\/p>\n<div class='share-to-whatsapp-wrapper'><div class='share-on-whsp'>PARTAGER SUR : <\/div><a data-text='LUTTE CONTRE LA COVID-19 EN AFRIQUE-\u00a0 Les hommes plus touch\u00e9s par la pand\u00e9mie' data-link='https:\/\/www.nettali.com\/2021\/03\/26\/lutte-contre-la-covid-19-en-afrique-les-hommes-plus-touches-par-la-pandemie\/' class='whatsapp-button whatsapp-share'>WhatsApp<\/a><div class='clear '><\/div><\/div>","protected":false},"excerpt":{"rendered":"<p>NETTALI.COM- En Afrique, les femmes repr\u00e9sentent une proportion inf\u00e9rieure \u00e0 celle des hommes, en termes d'infection et de d\u00e9c\u00e8s caus\u00e9s par le coronavirus. C\u2019est ce qui ressort d\u2019une \u00e9tude pr\u00e9sent\u00e9e jeudi, par l\u2019Organisation mondiale de la sant\u00e9 (OMS). Une analyse pr\u00e9liminaire de l\u2019Organisation mondiale de la sant\u00e9 (OMS) bas\u00e9e sur des donn\u00e9es \u00e9pid\u00e9miologiques de la [&hellip;]<\/p>\n","protected":false},"author":6,"featured_media":36304,"comment_status":"open","ping_status":"open","sticky":false,"template":"","format":"standard","meta":{"_et_pb_use_builder":"","_et_pb_old_content":""},"categories":[22],"tags":[],"yoast_head":"<!-- This site is optimized with the Yoast SEO Premium plugin v17.8 (Yoast SEO v17.8) - https:\/\/yoast.com\/wordpress\/plugins\/seo\/ -->\n<title>LUTTE CONTRE LA COVID-19 EN AFRIQUE-\u00a0 Les hommes plus touch\u00e9s par la pand\u00e9mie | Nettali.com<\/title>\n<meta name=\"robots\" content=\"index, follow, max-snippet:-1, max-image-preview:large, max-video-preview:-1\" \/>\n<link rel=\"canonical\" href=\"https:\/\/www.nettali.com\/2021\/03\/26\/lutte-contre-la-covid-19-en-afrique-les-hommes-plus-touches-par-la-pandemie\/\" \/>\n<meta property=\"og:locale\" content=\"fr_FR\" \/>\n<meta property=\"og:type\" content=\"article\" \/>\n<meta property=\"og:title\" content=\"LUTTE CONTRE LA COVID-19 EN AFRIQUE-\u00a0 Les hommes plus touch\u00e9s par la pand\u00e9mie\" \/>\n<meta property=\"og:description\" content=\"NETTALI.COM- En Afrique, les femmes repr\u00e9sentent une proportion inf\u00e9rieure \u00e0 celle des hommes, en termes d&#039;infection et de d\u00e9c\u00e8s caus\u00e9s par le coronavirus. C\u2019est ce qui ressort d\u2019une \u00e9tude pr\u00e9sent\u00e9e jeudi, par l\u2019Organisation mondiale de la sant\u00e9 (OMS). Une analyse pr\u00e9liminaire de l\u2019Organisation mondiale de la sant\u00e9 (OMS) bas\u00e9e sur des donn\u00e9es \u00e9pid\u00e9miologiques de la [&hellip;]\" \/>\n<meta property=\"og:url\" content=\"https:\/\/www.nettali.com\/2021\/03\/26\/lutte-contre-la-covid-19-en-afrique-les-hommes-plus-touches-par-la-pandemie\/\" \/>\n<meta property=\"og:site_name\" content=\"Nettali.com\" \/>\n<meta property=\"article:publisher\" content=\"https:\/\/www.facebook.com\/nettalicom\" \/>\n<meta property=\"article:published_time\" content=\"2021-03-26T10:28:56+00:00\" \/>\n<meta property=\"og:image\" content=\"https:\/\/www.nettali.com\/wp-content\/uploads\/2020\/05\/coronavirusmonde.jpg\" \/>\n\t<meta property=\"og:image:width\" content=\"850\" \/>\n\t<meta property=\"og:image:height\" content=\"491\" \/>\n<meta name=\"twitter:card\" content=\"summary_large_image\" \/>\n<meta name=\"twitter:label1\" content=\"\u00c9crit par\" \/>\n\t<meta name=\"twitter:data1\" content=\"Fatou\" \/>\n\t<meta name=\"twitter:label2\" content=\"Dur\u00e9e de lecture estim\u00e9e\" \/>\n\t<meta name=\"twitter:data2\" content=\"5 minutes\" \/>\n<script type=\"application\/ld+json\" class=\"yoast-schema-graph\">{\"@context\":\"https:\/\/schema.org\",\"@graph\":[{\"@type\":\"WebSite\",\"@id\":\"https:\/\/www.nettali.com\/#website\",\"url\":\"https:\/\/www.nettali.com\/\",\"name\":\"Nettali.com\",\"description\":\"Le rendez-vous critique du Net\",\"potentialAction\":[{\"@type\":\"SearchAction\",\"target\":{\"@type\":\"EntryPoint\",\"urlTemplate\":\"https:\/\/www.nettali.com\/?s={search_term_string}\"},\"query-input\":\"required name=search_term_string\"}],\"inLanguage\":\"fr-FR\"},{\"@type\":\"ImageObject\",\"@id\":\"https:\/\/www.nettali.com\/2021\/03\/26\/lutte-contre-la-covid-19-en-afrique-les-hommes-plus-touches-par-la-pandemie\/#primaryimage\",\"inLanguage\":\"fr-FR\",\"url\":\"https:\/\/www.nettali.com\/wp-content\/uploads\/2020\/05\/coronavirusmonde.jpg\",\"contentUrl\":\"https:\/\/www.nettali.com\/wp-content\/uploads\/2020\/05\/coronavirusmonde.jpg\",\"width\":850,\"height\":491},{\"@type\":\"WebPage\",\"@id\":\"https:\/\/www.nettali.com\/2021\/03\/26\/lutte-contre-la-covid-19-en-afrique-les-hommes-plus-touches-par-la-pandemie\/#webpage\",\"url\":\"https:\/\/www.nettali.com\/2021\/03\/26\/lutte-contre-la-covid-19-en-afrique-les-hommes-plus-touches-par-la-pandemie\/\",\"name\":\"LUTTE CONTRE LA COVID-19 EN AFRIQUE-\\u00a0 Les hommes plus touch\\u00e9s par la pand\\u00e9mie | Nettali.com\",\"isPartOf\":{\"@id\":\"https:\/\/www.nettali.com\/#website\"},\"primaryImageOfPage\":{\"@id\":\"https:\/\/www.nettali.com\/2021\/03\/26\/lutte-contre-la-covid-19-en-afrique-les-hommes-plus-touches-par-la-pandemie\/#primaryimage\"},\"datePublished\":\"2021-03-26T10:28:56+00:00\",\"dateModified\":\"2021-03-26T10:28:56+00:00\",\"author\":{\"@id\":\"https:\/\/www.nettali.com\/#\/schema\/person\/418274a86bdf87caff7a3ef476bd0bbf\"},\"breadcrumb\":{\"@id\":\"https:\/\/www.nettali.com\/2021\/03\/26\/lutte-contre-la-covid-19-en-afrique-les-hommes-plus-touches-par-la-pandemie\/#breadcrumb\"},\"inLanguage\":\"fr-FR\",\"potentialAction\":[{\"@type\":\"ReadAction\",\"target\":[\"https:\/\/www.nettali.com\/2021\/03\/26\/lutte-contre-la-covid-19-en-afrique-les-hommes-plus-touches-par-la-pandemie\/\"]}]},{\"@type\":\"BreadcrumbList\",\"@id\":\"https:\/\/www.nettali.com\/2021\/03\/26\/lutte-contre-la-covid-19-en-afrique-les-hommes-plus-touches-par-la-pandemie\/#breadcrumb\",\"itemListElement\":[{\"@type\":\"ListItem\",\"position\":1,\"name\":\"Accueil\",\"item\":\"https:\/\/www.nettali.com\/\"},{\"@type\":\"ListItem\",\"position\":2,\"name\":\"LUTTE CONTRE LA COVID-19 EN AFRIQUE-\\u00a0 Les hommes plus touch\\u00e9s par la pand\\u00e9mie\"}]},{\"@type\":\"Person\",\"@id\":\"https:\/\/www.nettali.com\/#\/schema\/person\/418274a86bdf87caff7a3ef476bd0bbf\",\"name\":\"Fatou\",\"image\":{\"@type\":\"ImageObject\",\"@id\":\"https:\/\/www.nettali.com\/#personlogo\",\"inLanguage\":\"fr-FR\",\"url\":\"https:\/\/secure.gravatar.com\/avatar\/5a9442a2bee7b4dcf167cab035858e9a?s=96&d=mm&r=g\",\"contentUrl\":\"https:\/\/secure.gravatar.com\/avatar\/5a9442a2bee7b4dcf167cab035858e9a?s=96&d=mm&r=g\",\"caption\":\"Fatou\"},\"sameAs\":[\"https:\/\/www.nettali.com\"]}]}<\/script>\n<!-- \/ Yoast SEO Premium plugin. -->","yoast_head_json":{"title":"LUTTE CONTRE LA COVID-19 EN AFRIQUE-\u00a0 Les hommes plus touch\u00e9s par la pand\u00e9mie | Nettali.com","robots":{"index":"index","follow":"follow","max-snippet":"max-snippet:-1","max-image-preview":"max-image-preview:large","max-video-preview":"max-video-preview:-1"},"canonical":"https:\/\/www.nettali.com\/2021\/03\/26\/lutte-contre-la-covid-19-en-afrique-les-hommes-plus-touches-par-la-pandemie\/","og_locale":"fr_FR","og_type":"article","og_title":"LUTTE CONTRE LA COVID-19 EN AFRIQUE-\u00a0 Les hommes plus touch\u00e9s par la pand\u00e9mie","og_description":"NETTALI.COM- En Afrique, les femmes repr\u00e9sentent une proportion inf\u00e9rieure \u00e0 celle des hommes, en termes d'infection et de d\u00e9c\u00e8s caus\u00e9s par le coronavirus. C\u2019est ce qui ressort d\u2019une \u00e9tude pr\u00e9sent\u00e9e jeudi, par l\u2019Organisation mondiale de la sant\u00e9 (OMS). Une analyse pr\u00e9liminaire de l\u2019Organisation mondiale de la sant\u00e9 (OMS) bas\u00e9e sur des donn\u00e9es \u00e9pid\u00e9miologiques de la [&hellip;]","og_url":"https:\/\/www.nettali.com\/2021\/03\/26\/lutte-contre-la-covid-19-en-afrique-les-hommes-plus-touches-par-la-pandemie\/","og_site_name":"Nettali.com","article_publisher":"https:\/\/www.facebook.com\/nettalicom","article_published_time":"2021-03-26T10:28:56+00:00","og_image":[{"width":850,"height":491,"url":"https:\/\/www.nettali.com\/wp-content\/uploads\/2020\/05\/coronavirusmonde.jpg","type":"image\/jpeg"}],"twitter_card":"summary_large_image","twitter_misc":{"\u00c9crit par":"Fatou","Dur\u00e9e de lecture estim\u00e9e":"5 minutes"},"schema":{"@context":"https:\/\/schema.org","@graph":[{"@type":"WebSite","@id":"https:\/\/www.nettali.com\/#website","url":"https:\/\/www.nettali.com\/","name":"Nettali.com","description":"Le rendez-vous critique du Net","potentialAction":[{"@type":"SearchAction","target":{"@type":"EntryPoint","urlTemplate":"https:\/\/www.nettali.com\/?s={search_term_string}"},"query-input":"required name=search_term_string"}],"inLanguage":"fr-FR"},{"@type":"ImageObject","@id":"https:\/\/www.nettali.com\/2021\/03\/26\/lutte-contre-la-covid-19-en-afrique-les-hommes-plus-touches-par-la-pandemie\/#primaryimage","inLanguage":"fr-FR","url":"https:\/\/www.nettali.com\/wp-content\/uploads\/2020\/05\/coronavirusmonde.jpg","contentUrl":"https:\/\/www.nettali.com\/wp-content\/uploads\/2020\/05\/coronavirusmonde.jpg","width":850,"height":491},{"@type":"WebPage","@id":"https:\/\/www.nettali.com\/2021\/03\/26\/lutte-contre-la-covid-19-en-afrique-les-hommes-plus-touches-par-la-pandemie\/#webpage","url":"https:\/\/www.nettali.com\/2021\/03\/26\/lutte-contre-la-covid-19-en-afrique-les-hommes-plus-touches-par-la-pandemie\/","name":"LUTTE CONTRE LA COVID-19 EN AFRIQUE-\u00a0 Les hommes plus touch\u00e9s par la pand\u00e9mie | Nettali.com","isPartOf":{"@id":"https:\/\/www.nettali.com\/#website"},"primaryImageOfPage":{"@id":"https:\/\/www.nettali.com\/2021\/03\/26\/lutte-contre-la-covid-19-en-afrique-les-hommes-plus-touches-par-la-pandemie\/#primaryimage"},"datePublished":"2021-03-26T10:28:56+00:00","dateModified":"2021-03-26T10:28:56+00:00","author":{"@id":"https:\/\/www.nettali.com\/#\/schema\/person\/418274a86bdf87caff7a3ef476bd0bbf"},"breadcrumb":{"@id":"https:\/\/www.nettali.com\/2021\/03\/26\/lutte-contre-la-covid-19-en-afrique-les-hommes-plus-touches-par-la-pandemie\/#breadcrumb"},"inLanguage":"fr-FR","potentialAction":[{"@type":"ReadAction","target":["https:\/\/www.nettali.com\/2021\/03\/26\/lutte-contre-la-covid-19-en-afrique-les-hommes-plus-touches-par-la-pandemie\/"]}]},{"@type":"BreadcrumbList","@id":"https:\/\/www.nettali.com\/2021\/03\/26\/lutte-contre-la-covid-19-en-afrique-les-hommes-plus-touches-par-la-pandemie\/#breadcrumb","itemListElement":[{"@type":"ListItem","position":1,"name":"Accueil","item":"https:\/\/www.nettali.com\/"},{"@type":"ListItem","position":2,"name":"LUTTE CONTRE LA COVID-19 EN AFRIQUE-\u00a0 Les hommes plus touch\u00e9s par la pand\u00e9mie"}]},{"@type":"Person","@id":"https:\/\/www.nettali.com\/#\/schema\/person\/418274a86bdf87caff7a3ef476bd0bbf","name":"Fatou","image":{"@type":"ImageObject","@id":"https:\/\/www.nettali.com\/#personlogo","inLanguage":"fr-FR","url":"https:\/\/secure.gravatar.com\/avatar\/5a9442a2bee7b4dcf167cab035858e9a?s=96&d=mm&r=g","contentUrl":"https:\/\/secure.gravatar.com\/avatar\/5a9442a2bee7b4dcf167cab035858e9a?s=96&d=mm&r=g","caption":"Fatou"},"sameAs":["https:\/\/www.nettali.com"]}]}},"_links":{"self":[{"href":"https:\/\/www.nettali.com\/rest\/wp\/v2\/posts\/60708"}],"collection":[{"href":"https:\/\/www.nettali.com\/rest\/wp\/v2\/posts"}],"about":[{"href":"https:\/\/www.nettali.com\/rest\/wp\/v2\/types\/post"}],"author":[{"embeddable":true,"href":"https:\/\/www.nettali.com\/rest\/wp\/v2\/users\/6"}],"replies":[{"embeddable":true,"href":"https:\/\/www.nettali.com\/rest\/wp\/v2\/comments?post=60708"}],"version-history":[{"count":2,"href":"https:\/\/www.nettali.com\/rest\/wp\/v2\/posts\/60708\/revisions"}],"predecessor-version":[{"id":60718,"href":"https:\/\/www.nettali.com\/rest\/wp\/v2\/posts\/60708\/revisions\/60718"}],"wp:featuredmedia":[{"embeddable":true,"href":"https:\/\/www.nettali.com\/rest\/wp\/v2\/media\/36304"}],"wp:attachment":[{"href":"https:\/\/www.nettali.com\/rest\/wp\/v2\/media?parent=60708"}],"wp:term":[{"taxonomy":"category","embeddable":true,"href":"https:\/\/www.nettali.com\/rest\/wp\/v2\/categories?post=60708"},{"taxonomy":"post_tag","embeddable":true,"href":"https:\/\/www.nettali.com\/rest\/wp\/v2\/tags?post=60708"}],"curies":[{"name":"wp","href":"https:\/\/api.w.org\/{rel}","templated":true}]}}