{"id":60554,"date":"2021-03-24T10:39:16","date_gmt":"2021-03-24T10:39:16","guid":{"rendered":"https:\/\/www.nettali.com\/?p=60554"},"modified":"2021-03-24T14:58:23","modified_gmt":"2021-03-24T14:58:23","slug":"le-limogeage-du-procureur-serigne-bassirou-gueye-et-du-doyen-des-juges-samba-sall-exige","status":"publish","type":"post","link":"https:\/\/www.nettali.com\/2021\/03\/24\/le-limogeage-du-procureur-serigne-bassirou-gueye-et-du-doyen-des-juges-samba-sall-exige\/","title":{"rendered":"Le limogeage du Procureur et du Doyen des juges, exig\u00e9"},"content":{"rendered":"<p><strong>NETTALI.COM - Les membres du Front de r\u00e9sistance nationale (FRN) reproupant les partis de l\u2019opposition s\u00e9n\u00e9galaise, ont demand\u00e9 le limogeage du Procureur de la R\u00e9publique, Serigne Bassirou Gu\u00e8ye et du Doyen des juges, Samba Sall. Ils l\u2019ont fait savoir au cours d\u2019une rencontre avec une d\u00e9l\u00e9gation envoy\u00e9e par le Khalife g\u00e9n\u00e9ral des mourides. <\/strong><\/p>\n<p>Les signataires de la d\u00e9claration r\u00e9clament aussi l\u2019instauration d\u2019une v\u00e9ritable d\u00e9mocratie politique sociale et citoyenne dans notre pays.<\/p>\n<p>D\u2019abord le Frn exige l\u2019arr\u00eat des r\u00e9pressions politiques et de l\u2019instrumentalisation de la justice pour cibler et \u00e9liminer de potentiels adversaires \u00e0 l\u2019\u00e9lection pr\u00e9sidentielle.<\/p>\n<p>Ensuite, le Frn demande aussi le r\u00e9tablissement des libert\u00e9s d\u00e9mocratiques, d\u2019expression, de manifestations pacifiques et de \u00a0diffusions libres de l\u2019information.<\/p>\n<p>Le Frn exige \u00e9galement la lib\u00e9ration de tous les d\u00e9tenus politiques arr\u00eat\u00e9s lors des \u00e9meutes, suite \u00e0 l\u2019arrestation de Ousmane Sonko.<\/p>\n<p>L\u2019opposition r\u00e9clame l\u2019identification apr\u00e8s enqu\u00eate ind\u00e9pendante et la poursuite judiciaire des auteurs des tueries et des nervis au cours des manifestations et l\u2019indemnisation des familles victimes et des bless\u00e9s.<\/p>\n<p>Le Frn veut le respect du calendrier et la tenue des locales en 2021, celle des \u00e9lections l\u00e9gislatives en 2022 et celle de la Pr\u00e9sidentielle en 2024.<\/p>\n<p>Abdoul Mbaye et Cie exigent l\u2019application des accords consensuels issus de la Commission politique dialogue national.<\/p>\n<p>Ils demandent le recouvrement des droits civiques de Karim et Khalifa et la nomination de juge ind\u00e9pendant en lieu et place du conseil constitutionnel pour la proclamation des r\u00e9sultats.<\/p>\n<p>A propos du mandat pr\u00e9sidentiel, ils demandent \u00e0 Macky Sall le renoncement \u00e0 son \"ni oui, ni non\" en r\u00e9ponse aux questions sur sa candidature \u00e9ventuelle en 2024 et la confirmation de l\u2019impossibilit\u00e9 d\u2019un 3e mandat cons\u00e9cutive en conformit\u00e9 avec la lettre de la Constitution et de l\u2019esprit de cette derni\u00e8re tel qu\u2019il a eu \u00e0 l\u2019exprimer lors du referendum de 2016.<\/p>\n<p>Cet engagement du Pr\u00e9sident Macky Sall doit \u00eatre public et faire intervenir des garanties aussi nationales qu\u2019\u00e9trang\u00e8res.<\/p>\n<p>L\u2019abrogation du syst\u00e8me de parrainage et la r\u00e9cusation du Conseil \u00a0constitutionnel \u00a0dans la validation des dossiers de candidature \u00e0 la pr\u00e9sidence de la r\u00e9publique sont \u00e9galement exig\u00e9es.<\/p>\n<p>L\u2019opposition r\u00e9clame la r\u00e9\u00e9criture des articles L31 et L32 du Code \u00e9lectorale pour mettre fin \u00e0 l\u2019automaticit\u00e9 de la peine consistant en une suppression des droits civiques en rapport avec la moindre condamnation p\u00e9nale.<\/p>\n<p>La modification du Code \u00e9lectoral en son article L57 modifi\u00e9e afin de dissocier le statut d\u2019\u00e9lecteur de la capacit\u00e9 \u00e0 \u00eatre \u00e9ligible est aussi demand\u00e9e de m\u00eame que la suppression du statut de non \u00e9lecteur associ\u00e9 \u00e0 la Carte nationale d\u2019identit\u00e9.<\/p>\n<p>Le Frn exige la fin du blocage par le Pr\u00e9sident et le Procureur des rapports des corps de contr\u00f4le de l\u2019Etat, en particulier ceux de l\u2019Ofnac, \u00e9pinglant des dignitaires du r\u00e9gime.<\/p>\n<p>Mais aussi l\u2019instruction de la plainte pour faux dans l\u2019affaire Sall-Petrotim \u00ab bloqu\u00e9e depuis deux ans en violation du code de proc\u00e9dure p\u00e9nale. \u00bb<\/p>\n<p>&nbsp;<\/p>\n<p>&nbsp;<\/p>\n<div class='share-to-whatsapp-wrapper'><div class='share-on-whsp'>PARTAGER SUR : <\/div><a data-text='Le limogeage du Procureur et du Doyen des juges, exig\u00e9' data-link='https:\/\/www.nettali.com\/2021\/03\/24\/le-limogeage-du-procureur-serigne-bassirou-gueye-et-du-doyen-des-juges-samba-sall-exige\/' class='whatsapp-button whatsapp-share'>WhatsApp<\/a><div class='clear '><\/div><\/div>","protected":false},"excerpt":{"rendered":"<p>NETTALI.COM - Les membres du Front de r\u00e9sistance nationale (FRN) reproupant les partis de l\u2019opposition s\u00e9n\u00e9galaise, ont demand\u00e9 le limogeage du Procureur de la R\u00e9publique, Serigne Bassirou Gu\u00e8ye et du Doyen des juges, Samba Sall. Ils l\u2019ont fait savoir au cours d\u2019une rencontre avec une d\u00e9l\u00e9gation envoy\u00e9e par le Khalife g\u00e9n\u00e9ral des mourides. Les signataires [&hellip;]<\/p>\n","protected":false},"author":4,"featured_media":41894,"comment_status":"open","ping_status":"open","sticky":false,"template":"","format":"standard","meta":{"_et_pb_use_builder":"","_et_pb_old_content":""},"categories":[2],"tags":[],"yoast_head":"<!-- This site is optimized with the Yoast SEO Premium plugin v17.8 (Yoast SEO v17.8) - https:\/\/yoast.com\/wordpress\/plugins\/seo\/ -->\n<title>Le limogeage du Procureur et du Doyen des juges, exig\u00e9 | Nettali.com<\/title>\n<meta name=\"robots\" content=\"index, follow, max-snippet:-1, max-image-preview:large, max-video-preview:-1\" \/>\n<link rel=\"canonical\" href=\"https:\/\/www.nettali.com\/2021\/03\/24\/le-limogeage-du-procureur-serigne-bassirou-gueye-et-du-doyen-des-juges-samba-sall-exige\/\" \/>\n<meta property=\"og:locale\" content=\"fr_FR\" \/>\n<meta property=\"og:type\" content=\"article\" \/>\n<meta property=\"og:title\" content=\"Le limogeage du Procureur et du Doyen des juges, exig\u00e9\" \/>\n<meta property=\"og:description\" content=\"NETTALI.COM - Les membres du Front de r\u00e9sistance nationale (FRN) reproupant les partis de l\u2019opposition s\u00e9n\u00e9galaise, ont demand\u00e9 le limogeage du Procureur de la R\u00e9publique, Serigne Bassirou Gu\u00e8ye et du Doyen des juges, Samba Sall. Ils l\u2019ont fait savoir au cours d\u2019une rencontre avec une d\u00e9l\u00e9gation envoy\u00e9e par le Khalife g\u00e9n\u00e9ral des mourides. Les signataires [&hellip;]\" \/>\n<meta property=\"og:url\" content=\"https:\/\/www.nettali.com\/2021\/03\/24\/le-limogeage-du-procureur-serigne-bassirou-gueye-et-du-doyen-des-juges-samba-sall-exige\/\" \/>\n<meta property=\"og:site_name\" content=\"Nettali.com\" \/>\n<meta property=\"article:publisher\" content=\"https:\/\/www.facebook.com\/nettalicom\" \/>\n<meta property=\"article:published_time\" content=\"2021-03-24T10:39:16+00:00\" \/>\n<meta property=\"article:modified_time\" content=\"2021-03-24T14:58:23+00:00\" \/>\n<meta property=\"og:image\" content=\"https:\/\/www.nettali.com\/wp-content\/uploads\/2020\/07\/congres-de-la-renaissance-democratique-crd-opposition-senegalaise.jpg\" \/>\n\t<meta property=\"og:image:width\" content=\"800\" \/>\n\t<meta property=\"og:image:height\" content=\"495\" \/>\n<meta name=\"twitter:card\" content=\"summary_large_image\" \/>\n<meta name=\"twitter:label1\" content=\"\u00c9crit par\" \/>\n\t<meta name=\"twitter:data1\" content=\"Daouda\" \/>\n\t<meta name=\"twitter:label2\" content=\"Dur\u00e9e de lecture estim\u00e9e\" \/>\n\t<meta name=\"twitter:data2\" content=\"3 minutes\" \/>\n<script type=\"application\/ld+json\" class=\"yoast-schema-graph\">{\"@context\":\"https:\/\/schema.org\",\"@graph\":[{\"@type\":\"WebSite\",\"@id\":\"https:\/\/www.nettali.com\/#website\",\"url\":\"https:\/\/www.nettali.com\/\",\"name\":\"Nettali.com\",\"description\":\"Le rendez-vous critique du Net\",\"potentialAction\":[{\"@type\":\"SearchAction\",\"target\":{\"@type\":\"EntryPoint\",\"urlTemplate\":\"https:\/\/www.nettali.com\/?s={search_term_string}\"},\"query-input\":\"required name=search_term_string\"}],\"inLanguage\":\"fr-FR\"},{\"@type\":\"ImageObject\",\"@id\":\"https:\/\/www.nettali.com\/2021\/03\/24\/le-limogeage-du-procureur-serigne-bassirou-gueye-et-du-doyen-des-juges-samba-sall-exige\/#primaryimage\",\"inLanguage\":\"fr-FR\",\"url\":\"https:\/\/www.nettali.com\/wp-content\/uploads\/2020\/07\/congres-de-la-renaissance-democratique-crd-opposition-senegalaise.jpg\",\"contentUrl\":\"https:\/\/www.nettali.com\/wp-content\/uploads\/2020\/07\/congres-de-la-renaissance-democratique-crd-opposition-senegalaise.jpg\",\"width\":800,\"height\":495},{\"@type\":\"WebPage\",\"@id\":\"https:\/\/www.nettali.com\/2021\/03\/24\/le-limogeage-du-procureur-serigne-bassirou-gueye-et-du-doyen-des-juges-samba-sall-exige\/#webpage\",\"url\":\"https:\/\/www.nettali.com\/2021\/03\/24\/le-limogeage-du-procureur-serigne-bassirou-gueye-et-du-doyen-des-juges-samba-sall-exige\/\",\"name\":\"Le limogeage du Procureur et du Doyen des juges, exig\\u00e9 | Nettali.com\",\"isPartOf\":{\"@id\":\"https:\/\/www.nettali.com\/#website\"},\"primaryImageOfPage\":{\"@id\":\"https:\/\/www.nettali.com\/2021\/03\/24\/le-limogeage-du-procureur-serigne-bassirou-gueye-et-du-doyen-des-juges-samba-sall-exige\/#primaryimage\"},\"datePublished\":\"2021-03-24T10:39:16+00:00\",\"dateModified\":\"2021-03-24T14:58:23+00:00\",\"author\":{\"@id\":\"https:\/\/www.nettali.com\/#\/schema\/person\/3317e0bb3aa1da309fbf7b2780901bf4\"},\"breadcrumb\":{\"@id\":\"https:\/\/www.nettali.com\/2021\/03\/24\/le-limogeage-du-procureur-serigne-bassirou-gueye-et-du-doyen-des-juges-samba-sall-exige\/#breadcrumb\"},\"inLanguage\":\"fr-FR\",\"potentialAction\":[{\"@type\":\"ReadAction\",\"target\":[\"https:\/\/www.nettali.com\/2021\/03\/24\/le-limogeage-du-procureur-serigne-bassirou-gueye-et-du-doyen-des-juges-samba-sall-exige\/\"]}]},{\"@type\":\"BreadcrumbList\",\"@id\":\"https:\/\/www.nettali.com\/2021\/03\/24\/le-limogeage-du-procureur-serigne-bassirou-gueye-et-du-doyen-des-juges-samba-sall-exige\/#breadcrumb\",\"itemListElement\":[{\"@type\":\"ListItem\",\"position\":1,\"name\":\"Accueil\",\"item\":\"https:\/\/www.nettali.com\/\"},{\"@type\":\"ListItem\",\"position\":2,\"name\":\"Le limogeage du Procureur et du Doyen des juges, exig\\u00e9\"}]},{\"@type\":\"Person\",\"@id\":\"https:\/\/www.nettali.com\/#\/schema\/person\/3317e0bb3aa1da309fbf7b2780901bf4\",\"name\":\"Daouda\",\"image\":{\"@type\":\"ImageObject\",\"@id\":\"https:\/\/www.nettali.com\/#personlogo\",\"inLanguage\":\"fr-FR\",\"url\":\"https:\/\/secure.gravatar.com\/avatar\/8d143b5a49345098ddcfee1c49c2f47c?s=96&d=mm&r=g\",\"contentUrl\":\"https:\/\/secure.gravatar.com\/avatar\/8d143b5a49345098ddcfee1c49c2f47c?s=96&d=mm&r=g\",\"caption\":\"Daouda\"},\"sameAs\":[\"https:\/\/www.nettali.com\"]}]}<\/script>\n<!-- \/ Yoast SEO Premium plugin. -->","yoast_head_json":{"title":"Le limogeage du Procureur et du Doyen des juges, exig\u00e9 | Nettali.com","robots":{"index":"index","follow":"follow","max-snippet":"max-snippet:-1","max-image-preview":"max-image-preview:large","max-video-preview":"max-video-preview:-1"},"canonical":"https:\/\/www.nettali.com\/2021\/03\/24\/le-limogeage-du-procureur-serigne-bassirou-gueye-et-du-doyen-des-juges-samba-sall-exige\/","og_locale":"fr_FR","og_type":"article","og_title":"Le limogeage du Procureur et du Doyen des juges, exig\u00e9","og_description":"NETTALI.COM - Les membres du Front de r\u00e9sistance nationale (FRN) reproupant les partis de l\u2019opposition s\u00e9n\u00e9galaise, ont demand\u00e9 le limogeage du Procureur de la R\u00e9publique, Serigne Bassirou Gu\u00e8ye et du Doyen des juges, Samba Sall. Ils l\u2019ont fait savoir au cours d\u2019une rencontre avec une d\u00e9l\u00e9gation envoy\u00e9e par le Khalife g\u00e9n\u00e9ral des mourides. Les signataires [&hellip;]","og_url":"https:\/\/www.nettali.com\/2021\/03\/24\/le-limogeage-du-procureur-serigne-bassirou-gueye-et-du-doyen-des-juges-samba-sall-exige\/","og_site_name":"Nettali.com","article_publisher":"https:\/\/www.facebook.com\/nettalicom","article_published_time":"2021-03-24T10:39:16+00:00","article_modified_time":"2021-03-24T14:58:23+00:00","og_image":[{"width":800,"height":495,"url":"https:\/\/www.nettali.com\/wp-content\/uploads\/2020\/07\/congres-de-la-renaissance-democratique-crd-opposition-senegalaise.jpg","type":"image\/jpeg"}],"twitter_card":"summary_large_image","twitter_misc":{"\u00c9crit par":"Daouda","Dur\u00e9e de lecture estim\u00e9e":"3 minutes"},"schema":{"@context":"https:\/\/schema.org","@graph":[{"@type":"WebSite","@id":"https:\/\/www.nettali.com\/#website","url":"https:\/\/www.nettali.com\/","name":"Nettali.com","description":"Le rendez-vous critique du Net","potentialAction":[{"@type":"SearchAction","target":{"@type":"EntryPoint","urlTemplate":"https:\/\/www.nettali.com\/?s={search_term_string}"},"query-input":"required name=search_term_string"}],"inLanguage":"fr-FR"},{"@type":"ImageObject","@id":"https:\/\/www.nettali.com\/2021\/03\/24\/le-limogeage-du-procureur-serigne-bassirou-gueye-et-du-doyen-des-juges-samba-sall-exige\/#primaryimage","inLanguage":"fr-FR","url":"https:\/\/www.nettali.com\/wp-content\/uploads\/2020\/07\/congres-de-la-renaissance-democratique-crd-opposition-senegalaise.jpg","contentUrl":"https:\/\/www.nettali.com\/wp-content\/uploads\/2020\/07\/congres-de-la-renaissance-democratique-crd-opposition-senegalaise.jpg","width":800,"height":495},{"@type":"WebPage","@id":"https:\/\/www.nettali.com\/2021\/03\/24\/le-limogeage-du-procureur-serigne-bassirou-gueye-et-du-doyen-des-juges-samba-sall-exige\/#webpage","url":"https:\/\/www.nettali.com\/2021\/03\/24\/le-limogeage-du-procureur-serigne-bassirou-gueye-et-du-doyen-des-juges-samba-sall-exige\/","name":"Le limogeage du Procureur et du Doyen des juges, exig\u00e9 | Nettali.com","isPartOf":{"@id":"https:\/\/www.nettali.com\/#website"},"primaryImageOfPage":{"@id":"https:\/\/www.nettali.com\/2021\/03\/24\/le-limogeage-du-procureur-serigne-bassirou-gueye-et-du-doyen-des-juges-samba-sall-exige\/#primaryimage"},"datePublished":"2021-03-24T10:39:16+00:00","dateModified":"2021-03-24T14:58:23+00:00","author":{"@id":"https:\/\/www.nettali.com\/#\/schema\/person\/3317e0bb3aa1da309fbf7b2780901bf4"},"breadcrumb":{"@id":"https:\/\/www.nettali.com\/2021\/03\/24\/le-limogeage-du-procureur-serigne-bassirou-gueye-et-du-doyen-des-juges-samba-sall-exige\/#breadcrumb"},"inLanguage":"fr-FR","potentialAction":[{"@type":"ReadAction","target":["https:\/\/www.nettali.com\/2021\/03\/24\/le-limogeage-du-procureur-serigne-bassirou-gueye-et-du-doyen-des-juges-samba-sall-exige\/"]}]},{"@type":"BreadcrumbList","@id":"https:\/\/www.nettali.com\/2021\/03\/24\/le-limogeage-du-procureur-serigne-bassirou-gueye-et-du-doyen-des-juges-samba-sall-exige\/#breadcrumb","itemListElement":[{"@type":"ListItem","position":1,"name":"Accueil","item":"https:\/\/www.nettali.com\/"},{"@type":"ListItem","position":2,"name":"Le limogeage du Procureur et du Doyen des juges, exig\u00e9"}]},{"@type":"Person","@id":"https:\/\/www.nettali.com\/#\/schema\/person\/3317e0bb3aa1da309fbf7b2780901bf4","name":"Daouda","image":{"@type":"ImageObject","@id":"https:\/\/www.nettali.com\/#personlogo","inLanguage":"fr-FR","url":"https:\/\/secure.gravatar.com\/avatar\/8d143b5a49345098ddcfee1c49c2f47c?s=96&d=mm&r=g","contentUrl":"https:\/\/secure.gravatar.com\/avatar\/8d143b5a49345098ddcfee1c49c2f47c?s=96&d=mm&r=g","caption":"Daouda"},"sameAs":["https:\/\/www.nettali.com"]}]}},"_links":{"self":[{"href":"https:\/\/www.nettali.com\/rest\/wp\/v2\/posts\/60554"}],"collection":[{"href":"https:\/\/www.nettali.com\/rest\/wp\/v2\/posts"}],"about":[{"href":"https:\/\/www.nettali.com\/rest\/wp\/v2\/types\/post"}],"author":[{"embeddable":true,"href":"https:\/\/www.nettali.com\/rest\/wp\/v2\/users\/4"}],"replies":[{"embeddable":true,"href":"https:\/\/www.nettali.com\/rest\/wp\/v2\/comments?post=60554"}],"version-history":[{"count":6,"href":"https:\/\/www.nettali.com\/rest\/wp\/v2\/posts\/60554\/revisions"}],"predecessor-version":[{"id":60573,"href":"https:\/\/www.nettali.com\/rest\/wp\/v2\/posts\/60554\/revisions\/60573"}],"wp:featuredmedia":[{"embeddable":true,"href":"https:\/\/www.nettali.com\/rest\/wp\/v2\/media\/41894"}],"wp:attachment":[{"href":"https:\/\/www.nettali.com\/rest\/wp\/v2\/media?parent=60554"}],"wp:term":[{"taxonomy":"category","embeddable":true,"href":"https:\/\/www.nettali.com\/rest\/wp\/v2\/categories?post=60554"},{"taxonomy":"post_tag","embeddable":true,"href":"https:\/\/www.nettali.com\/rest\/wp\/v2\/tags?post=60554"}],"curies":[{"name":"wp","href":"https:\/\/api.w.org\/{rel}","templated":true}]}}