{"id":60518,"date":"2021-03-23T21:05:53","date_gmt":"2021-03-23T21:05:53","guid":{"rendered":"https:\/\/www.nettali.com\/?p=60518"},"modified":"2021-03-23T21:05:53","modified_gmt":"2021-03-23T21:05:53","slug":"abdou-bara-dolly-macky-sall-ne-fera-pas-de-3eme-mandat","status":"publish","type":"post","link":"https:\/\/www.nettali.com\/2021\/03\/23\/abdou-bara-dolly-macky-sall-ne-fera-pas-de-3eme-mandat\/","title":{"rendered":"ABDOU BARA DOLLY - \"Macky Sall ne fera pas de 3\u00e8me mandat \""},"content":{"rendered":"<p><strong>NETTALI.COM - Le pr\u00e9sident Macky Sall ne va pas briguer un troisi\u00e8me mandat. C'est du moins l'avis de Abdou Bara Dolly Mback\u00e9. Selon le d\u00e9put\u00e9 et vice-pr\u00e9sident de la commission des lois, tous les leaders qui aspirent \u00e0 la magistrature supr\u00eame sont en train de travailler sur un pacte avec le chef de l'Etat pour qu\u2019il ne soit poursuivi en rien dans sa gouvernance du pays ainsi que toute sa famille, si toutefois il renonce \u00e0 sa candidature en 2024.<\/strong><\/p>\n<p>\" <em>Nous travaillons avec l\u2019ensemble des partis de l\u2019opposition sur un formulaire pour que le pr\u00e9sident Macky Sall ne se pr\u00e9sente pas en 2024 et s\u2019il quitte le pouvoir, qu\u2019il ne soit pas poursuivi sur rien ainsi que toute sa famille, pr\u00e9cis\u00e9ment son \u00e9pouse et ses enfants. Nous l\u2019avons propos\u00e9 aux acteurs de l\u2019opposition et tous les leaders qui aspirent \u00e0 la magistrature supr\u00eame sont pr\u00eats \u00e0 signer le pacte<\/em> \", a fait savoir le d\u00e9put\u00e9 coordinateur d\u00e9partemental du parti Bokk Gis-Gis \u00e0 Mback\u00e9.<\/p>\n<p>\" <em>Le pr\u00e9sident Macky Sall ne sera pas candidat et il ne participera pas \u00e0 la pr\u00e9sidentielle de 2024. Je signe et persiste que le pacte que nous signerons, c\u2019est pour que le pr\u00e9sident Macky Sall ne soit poursuivi sur aucun fait de sa gestion \u00e0 la t\u00eate du pays, ainsi que toute sa famille. C\u2019est un pacte d\u00e9j\u00e0 \u00e9tabli, le pr\u00e9sident Macky Sall est au courant de tout et les diff\u00e9rents partis de l\u2019opposition signeront cet accord, y compris Ousmane Sonko<\/em>\", a ajout\u00e9 le d\u00e9put\u00e9.<\/p>\n<div class='share-to-whatsapp-wrapper'><div class='share-on-whsp'>PARTAGER SUR : <\/div><a data-text='ABDOU BARA DOLLY - \"Macky Sall ne fera pas de 3\u00e8me mandat \"' data-link='https:\/\/www.nettali.com\/2021\/03\/23\/abdou-bara-dolly-macky-sall-ne-fera-pas-de-3eme-mandat\/' class='whatsapp-button whatsapp-share'>WhatsApp<\/a><div class='clear '><\/div><\/div>","protected":false},"excerpt":{"rendered":"<p>NETTALI.COM - Le pr\u00e9sident Macky Sall ne va pas briguer un troisi\u00e8me mandat. C'est du moins l'avis de Abdou Bara Dolly Mback\u00e9. Selon le d\u00e9put\u00e9 et vice-pr\u00e9sident de la commission des lois, tous les leaders qui aspirent \u00e0 la magistrature supr\u00eame sont en train de travailler sur un pacte avec le chef de l'Etat pour [&hellip;]<\/p>\n","protected":false},"author":5,"featured_media":60519,"comment_status":"open","ping_status":"open","sticky":false,"template":"","format":"standard","meta":{"_et_pb_use_builder":"","_et_pb_old_content":""},"categories":[2],"tags":[],"yoast_head":"<!-- This site is optimized with the Yoast SEO Premium plugin v17.8 (Yoast SEO v17.8) - https:\/\/yoast.com\/wordpress\/plugins\/seo\/ -->\n<title>ABDOU BARA DOLLY - &quot;Macky Sall ne fera pas de 3\u00e8me mandat &quot; | Nettali.com<\/title>\n<meta name=\"robots\" content=\"index, follow, max-snippet:-1, max-image-preview:large, max-video-preview:-1\" \/>\n<link rel=\"canonical\" href=\"https:\/\/www.nettali.com\/2021\/03\/23\/abdou-bara-dolly-macky-sall-ne-fera-pas-de-3eme-mandat\/\" \/>\n<meta property=\"og:locale\" content=\"fr_FR\" \/>\n<meta property=\"og:type\" content=\"article\" \/>\n<meta property=\"og:title\" content=\"ABDOU BARA DOLLY - &quot;Macky Sall ne fera pas de 3\u00e8me mandat &quot;\" \/>\n<meta property=\"og:description\" content=\"NETTALI.COM - Le pr\u00e9sident Macky Sall ne va pas briguer un troisi\u00e8me mandat. C&#039;est du moins l&#039;avis de Abdou Bara Dolly Mback\u00e9. Selon le d\u00e9put\u00e9 et vice-pr\u00e9sident de la commission des lois, tous les leaders qui aspirent \u00e0 la magistrature supr\u00eame sont en train de travailler sur un pacte avec le chef de l&#039;Etat pour [&hellip;]\" \/>\n<meta property=\"og:url\" content=\"https:\/\/www.nettali.com\/2021\/03\/23\/abdou-bara-dolly-macky-sall-ne-fera-pas-de-3eme-mandat\/\" \/>\n<meta property=\"og:site_name\" content=\"Nettali.com\" \/>\n<meta property=\"article:publisher\" content=\"https:\/\/www.facebook.com\/nettalicom\" \/>\n<meta property=\"article:published_time\" content=\"2021-03-23T21:05:53+00:00\" \/>\n<meta property=\"og:image\" content=\"https:\/\/www.nettali.com\/wp-content\/uploads\/2021\/03\/Cheikh-Abdou-Bara-Dolly-Mbacke.jpg\" \/>\n\t<meta property=\"og:image:width\" content=\"640\" \/>\n\t<meta property=\"og:image:height\" content=\"345\" \/>\n<meta name=\"twitter:card\" content=\"summary_large_image\" \/>\n<meta name=\"twitter:label1\" content=\"\u00c9crit par\" \/>\n\t<meta name=\"twitter:data1\" content=\"Ibrahima\" \/>\n\t<meta name=\"twitter:label2\" content=\"Dur\u00e9e de lecture estim\u00e9e\" \/>\n\t<meta name=\"twitter:data2\" content=\"1 minute\" \/>\n<script type=\"application\/ld+json\" class=\"yoast-schema-graph\">{\"@context\":\"https:\/\/schema.org\",\"@graph\":[{\"@type\":\"WebSite\",\"@id\":\"https:\/\/www.nettali.com\/#website\",\"url\":\"https:\/\/www.nettali.com\/\",\"name\":\"Nettali.com\",\"description\":\"Le rendez-vous critique du Net\",\"potentialAction\":[{\"@type\":\"SearchAction\",\"target\":{\"@type\":\"EntryPoint\",\"urlTemplate\":\"https:\/\/www.nettali.com\/?s={search_term_string}\"},\"query-input\":\"required name=search_term_string\"}],\"inLanguage\":\"fr-FR\"},{\"@type\":\"ImageObject\",\"@id\":\"https:\/\/www.nettali.com\/2021\/03\/23\/abdou-bara-dolly-macky-sall-ne-fera-pas-de-3eme-mandat\/#primaryimage\",\"inLanguage\":\"fr-FR\",\"url\":\"https:\/\/www.nettali.com\/wp-content\/uploads\/2021\/03\/Cheikh-Abdou-Bara-Dolly-Mbacke.jpg\",\"contentUrl\":\"https:\/\/www.nettali.com\/wp-content\/uploads\/2021\/03\/Cheikh-Abdou-Bara-Dolly-Mbacke.jpg\",\"width\":640,\"height\":345},{\"@type\":\"WebPage\",\"@id\":\"https:\/\/www.nettali.com\/2021\/03\/23\/abdou-bara-dolly-macky-sall-ne-fera-pas-de-3eme-mandat\/#webpage\",\"url\":\"https:\/\/www.nettali.com\/2021\/03\/23\/abdou-bara-dolly-macky-sall-ne-fera-pas-de-3eme-mandat\/\",\"name\":\"ABDOU BARA DOLLY - \\\"Macky Sall ne fera pas de 3\\u00e8me mandat \\\" | Nettali.com\",\"isPartOf\":{\"@id\":\"https:\/\/www.nettali.com\/#website\"},\"primaryImageOfPage\":{\"@id\":\"https:\/\/www.nettali.com\/2021\/03\/23\/abdou-bara-dolly-macky-sall-ne-fera-pas-de-3eme-mandat\/#primaryimage\"},\"datePublished\":\"2021-03-23T21:05:53+00:00\",\"dateModified\":\"2021-03-23T21:05:53+00:00\",\"author\":{\"@id\":\"https:\/\/www.nettali.com\/#\/schema\/person\/bb147657c2986240405a608162b9bb23\"},\"breadcrumb\":{\"@id\":\"https:\/\/www.nettali.com\/2021\/03\/23\/abdou-bara-dolly-macky-sall-ne-fera-pas-de-3eme-mandat\/#breadcrumb\"},\"inLanguage\":\"fr-FR\",\"potentialAction\":[{\"@type\":\"ReadAction\",\"target\":[\"https:\/\/www.nettali.com\/2021\/03\/23\/abdou-bara-dolly-macky-sall-ne-fera-pas-de-3eme-mandat\/\"]}]},{\"@type\":\"BreadcrumbList\",\"@id\":\"https:\/\/www.nettali.com\/2021\/03\/23\/abdou-bara-dolly-macky-sall-ne-fera-pas-de-3eme-mandat\/#breadcrumb\",\"itemListElement\":[{\"@type\":\"ListItem\",\"position\":1,\"name\":\"Accueil\",\"item\":\"https:\/\/www.nettali.com\/\"},{\"@type\":\"ListItem\",\"position\":2,\"name\":\"ABDOU BARA DOLLY &#8211; \\u00ab\\u00a0Macky Sall ne fera pas de 3\\u00e8me mandat \\u00ab\\u00a0\"}]},{\"@type\":\"Person\",\"@id\":\"https:\/\/www.nettali.com\/#\/schema\/person\/bb147657c2986240405a608162b9bb23\",\"name\":\"Ibrahima\",\"image\":{\"@type\":\"ImageObject\",\"@id\":\"https:\/\/www.nettali.com\/#personlogo\",\"inLanguage\":\"fr-FR\",\"url\":\"https:\/\/secure.gravatar.com\/avatar\/26a8a81f09f0dd7624c9d5c36c9ba3a2?s=96&d=mm&r=g\",\"contentUrl\":\"https:\/\/secure.gravatar.com\/avatar\/26a8a81f09f0dd7624c9d5c36c9ba3a2?s=96&d=mm&r=g\",\"caption\":\"Ibrahima\"},\"sameAs\":[\"https:\/\/www.nettali.com\"]}]}<\/script>\n<!-- \/ Yoast SEO Premium plugin. -->","yoast_head_json":{"title":"ABDOU BARA DOLLY - \"Macky Sall ne fera pas de 3\u00e8me mandat \" | Nettali.com","robots":{"index":"index","follow":"follow","max-snippet":"max-snippet:-1","max-image-preview":"max-image-preview:large","max-video-preview":"max-video-preview:-1"},"canonical":"https:\/\/www.nettali.com\/2021\/03\/23\/abdou-bara-dolly-macky-sall-ne-fera-pas-de-3eme-mandat\/","og_locale":"fr_FR","og_type":"article","og_title":"ABDOU BARA DOLLY - \"Macky Sall ne fera pas de 3\u00e8me mandat \"","og_description":"NETTALI.COM - Le pr\u00e9sident Macky Sall ne va pas briguer un troisi\u00e8me mandat. C'est du moins l'avis de Abdou Bara Dolly Mback\u00e9. Selon le d\u00e9put\u00e9 et vice-pr\u00e9sident de la commission des lois, tous les leaders qui aspirent \u00e0 la magistrature supr\u00eame sont en train de travailler sur un pacte avec le chef de l'Etat pour [&hellip;]","og_url":"https:\/\/www.nettali.com\/2021\/03\/23\/abdou-bara-dolly-macky-sall-ne-fera-pas-de-3eme-mandat\/","og_site_name":"Nettali.com","article_publisher":"https:\/\/www.facebook.com\/nettalicom","article_published_time":"2021-03-23T21:05:53+00:00","og_image":[{"width":640,"height":345,"url":"https:\/\/www.nettali.com\/wp-content\/uploads\/2021\/03\/Cheikh-Abdou-Bara-Dolly-Mbacke.jpg","type":"image\/jpeg"}],"twitter_card":"summary_large_image","twitter_misc":{"\u00c9crit par":"Ibrahima","Dur\u00e9e de lecture estim\u00e9e":"1 minute"},"schema":{"@context":"https:\/\/schema.org","@graph":[{"@type":"WebSite","@id":"https:\/\/www.nettali.com\/#website","url":"https:\/\/www.nettali.com\/","name":"Nettali.com","description":"Le rendez-vous critique du Net","potentialAction":[{"@type":"SearchAction","target":{"@type":"EntryPoint","urlTemplate":"https:\/\/www.nettali.com\/?s={search_term_string}"},"query-input":"required name=search_term_string"}],"inLanguage":"fr-FR"},{"@type":"ImageObject","@id":"https:\/\/www.nettali.com\/2021\/03\/23\/abdou-bara-dolly-macky-sall-ne-fera-pas-de-3eme-mandat\/#primaryimage","inLanguage":"fr-FR","url":"https:\/\/www.nettali.com\/wp-content\/uploads\/2021\/03\/Cheikh-Abdou-Bara-Dolly-Mbacke.jpg","contentUrl":"https:\/\/www.nettali.com\/wp-content\/uploads\/2021\/03\/Cheikh-Abdou-Bara-Dolly-Mbacke.jpg","width":640,"height":345},{"@type":"WebPage","@id":"https:\/\/www.nettali.com\/2021\/03\/23\/abdou-bara-dolly-macky-sall-ne-fera-pas-de-3eme-mandat\/#webpage","url":"https:\/\/www.nettali.com\/2021\/03\/23\/abdou-bara-dolly-macky-sall-ne-fera-pas-de-3eme-mandat\/","name":"ABDOU BARA DOLLY - \"Macky Sall ne fera pas de 3\u00e8me mandat \" | Nettali.com","isPartOf":{"@id":"https:\/\/www.nettali.com\/#website"},"primaryImageOfPage":{"@id":"https:\/\/www.nettali.com\/2021\/03\/23\/abdou-bara-dolly-macky-sall-ne-fera-pas-de-3eme-mandat\/#primaryimage"},"datePublished":"2021-03-23T21:05:53+00:00","dateModified":"2021-03-23T21:05:53+00:00","author":{"@id":"https:\/\/www.nettali.com\/#\/schema\/person\/bb147657c2986240405a608162b9bb23"},"breadcrumb":{"@id":"https:\/\/www.nettali.com\/2021\/03\/23\/abdou-bara-dolly-macky-sall-ne-fera-pas-de-3eme-mandat\/#breadcrumb"},"inLanguage":"fr-FR","potentialAction":[{"@type":"ReadAction","target":["https:\/\/www.nettali.com\/2021\/03\/23\/abdou-bara-dolly-macky-sall-ne-fera-pas-de-3eme-mandat\/"]}]},{"@type":"BreadcrumbList","@id":"https:\/\/www.nettali.com\/2021\/03\/23\/abdou-bara-dolly-macky-sall-ne-fera-pas-de-3eme-mandat\/#breadcrumb","itemListElement":[{"@type":"ListItem","position":1,"name":"Accueil","item":"https:\/\/www.nettali.com\/"},{"@type":"ListItem","position":2,"name":"ABDOU BARA DOLLY &#8211; \u00ab\u00a0Macky Sall ne fera pas de 3\u00e8me mandat \u00ab\u00a0"}]},{"@type":"Person","@id":"https:\/\/www.nettali.com\/#\/schema\/person\/bb147657c2986240405a608162b9bb23","name":"Ibrahima","image":{"@type":"ImageObject","@id":"https:\/\/www.nettali.com\/#personlogo","inLanguage":"fr-FR","url":"https:\/\/secure.gravatar.com\/avatar\/26a8a81f09f0dd7624c9d5c36c9ba3a2?s=96&d=mm&r=g","contentUrl":"https:\/\/secure.gravatar.com\/avatar\/26a8a81f09f0dd7624c9d5c36c9ba3a2?s=96&d=mm&r=g","caption":"Ibrahima"},"sameAs":["https:\/\/www.nettali.com"]}]}},"_links":{"self":[{"href":"https:\/\/www.nettali.com\/rest\/wp\/v2\/posts\/60518"}],"collection":[{"href":"https:\/\/www.nettali.com\/rest\/wp\/v2\/posts"}],"about":[{"href":"https:\/\/www.nettali.com\/rest\/wp\/v2\/types\/post"}],"author":[{"embeddable":true,"href":"https:\/\/www.nettali.com\/rest\/wp\/v2\/users\/5"}],"replies":[{"embeddable":true,"href":"https:\/\/www.nettali.com\/rest\/wp\/v2\/comments?post=60518"}],"version-history":[{"count":3,"href":"https:\/\/www.nettali.com\/rest\/wp\/v2\/posts\/60518\/revisions"}],"predecessor-version":[{"id":60523,"href":"https:\/\/www.nettali.com\/rest\/wp\/v2\/posts\/60518\/revisions\/60523"}],"wp:featuredmedia":[{"embeddable":true,"href":"https:\/\/www.nettali.com\/rest\/wp\/v2\/media\/60519"}],"wp:attachment":[{"href":"https:\/\/www.nettali.com\/rest\/wp\/v2\/media?parent=60518"}],"wp:term":[{"taxonomy":"category","embeddable":true,"href":"https:\/\/www.nettali.com\/rest\/wp\/v2\/categories?post=60518"},{"taxonomy":"post_tag","embeddable":true,"href":"https:\/\/www.nettali.com\/rest\/wp\/v2\/tags?post=60518"}],"curies":[{"name":"wp","href":"https:\/\/api.w.org\/{rel}","templated":true}]}}