{"id":60516,"date":"2021-03-23T21:16:15","date_gmt":"2021-03-23T21:16:15","guid":{"rendered":"https:\/\/www.nettali.com\/?p=60516"},"modified":"2021-03-24T10:34:47","modified_gmt":"2021-03-24T10:34:47","slug":"attentats-a-grand-bassam-et-a-ouagadougou-le-parquet-requiert-la-perpetuite-contre-trois-mauritaniens","status":"publish","type":"post","link":"https:\/\/www.nettali.com\/2021\/03\/23\/attentats-a-grand-bassam-et-a-ouagadougou-le-parquet-requiert-la-perpetuite-contre-trois-mauritaniens\/","title":{"rendered":"ATTENTATS A GRAND BASSAM ET A OUAGADOUGOU - Le parquet requiert la perp\u00e9tuit\u00e9 contre trois Mauritaniens"},"content":{"rendered":"<p><strong>NETTALI.COM-Si le juge, en rendant sa sentence, suit le r\u00e9quisitoire du ma\u00eetre des poursuites, les accus\u00e9s Erhil Ad\u00e9b\u00e9, Moustapha El B\u00e9chir et El Atigh Ahmed Mahmoud vont passer le reste de leur vie en prison. Accus\u00e9s d'avoir un lien avec les attaques terroristes de Grand\u00a0 Bassam et Ouagadougou, ils ont comparu \u00e0 la barre de la chambre criminelle sp\u00e9ciale de Dakar pour complicit\u00e9 d\u2019actes terroristes, association de malfaiteurs en relation avec une entreprise terroriste et financement du terrorisme en bande organis\u00e9e. <\/strong><\/p>\n<p>Les trois Mauritaniens sont accus\u00e9s d\u2019avoir \u00e9t\u00e9 en contact avec les organisateurs des attentats de Grand Bassam (Cote d\u2019Ivoire) et de Ouagadougou (Burkina Faso). Il ressort des faits qu\u2019en mai 2016, les autorit\u00e9s maliennes ont interpell\u00e9 Ibrahim Ould Mohamed qui, interrog\u00e9, a reconnu son implication dans les attaques de Ouagadougou et le Grand Bassam. Il a d\u00e9sign\u00e9 Mimi Ould baba, Hamza ben Mohamed et Ahmed Lemdecem comme \u00e9tant les principaux protagonistes de ces attentats qui avaient fait plusieurs morts.<\/p>\n<p>Pour ce qui est de celui de Grand Bassam, il a m\u00eame apport\u00e9 des pr\u00e9cisions sur le v\u00e9hicule, dans lequel les armes ont \u00e9t\u00e9 dissimul\u00e9es puis transport\u00e9es \u00e0 Abidjan. A cet effet, les services de renseignement technique du S\u00e9n\u00e9gal ont trouv\u00e9 des liens entre le num\u00e9ro de t\u00e9l\u00e9phone utilis\u00e9 par Moustapha El B\u00e9chir et le num\u00e9ro malien enregistr\u00e9 au nom de Hamza ben Mohamed.<\/p>\n<p>Mieux, l\u2019enqu\u00eate avait \u00e9tabli que ce fameux El Bachir communiquait r\u00e9guli\u00e8rement avec Ibrahim Ould Mohamed et Ahmed Lemdecem qui \u00e9taient en relation directe avec Mini Ould Baba, coordonnateur des attaques de Ouagadougou et du Grand Bassam.<\/p>\n<p>Le 18 septembre 2016, la Section de recherches de la gendarmerie \u00e9tait inform\u00e9e de la pr\u00e9sence, \u00e0 Diamniadio, d\u2019une personne porteuse du fameux num\u00e9ro. Le transport effectu\u00e9 sur les lieux permettait l\u2019interpellation de El Atigh Ahmed Mahmoud. Lors de son interrogatoire, ce dernier informait \u00eatre en possession de la puce depuis le samedi 17 septembre 2016 et qu\u2019elle lui aurait \u00e9t\u00e9 offerte par un inconnu de nationalit\u00e9 mauritanienne qui se rendait \u00e0 Nouakchott. L\u2019exploitation du t\u00e9l\u00e9phone d\u2019El Atigh permettait d\u2019\u00e9tablir plusieurs communications entre lui et ce dernier.<\/p>\n<p>El Atigh \u00e9tait \u00e9crou\u00e9 \u00e0 Saint-Louis pour association de malfaiteurs, complicit\u00e9 de vol en r\u00e9union commis la nuit avec violence et usage d\u2019armes lors de l\u2019attaque du Grand Bassam. Entendu sur sa relation avec Bachir et Mini Ould baba, il soutenait qu\u2019il ne les connaissait pas.<\/p>\n<p>En effet, le 10 octobre 2016, le num\u00e9ro de B\u00e9chir et celui appartenant \u00e0 Erhil Ad\u00e9b\u00e9 dit Mohamed Lemdessene sont localis\u00e9s aux r\u00e9sidences Ndiambour, plus pr\u00e9cis\u00e9ment au deuxi\u00e8me \u00e9tage. Le 27 octobre 2016, les deux cibles sont localis\u00e9es sur l\u2019itin\u00e9raire Kaolack-Diourbel-Louga et le dispositif mis en place permettait leur arrestation, le m\u00eame jour, \u00e0 15 heures. Ils seront intercept\u00e9s \u00e0 l\u2019entr\u00e9e de Louga alors qu'ils \u00e9taient \u00e0 bord d\u2019un v\u00e9hicule de transport en commun. Les accus\u00e9s ont battu en br\u00e8che les accusations port\u00e9es contre eux.<\/p>\n<p>El Atigh Ahmed Mahmoud, cambiste, a expliqu\u00e9 qu\u2019il n\u2019a rien \u00e0 voir avec les entreprises terroristes. A son avis, il n\u2019a jamais pens\u00e9 de sa vie qu\u2019il allait \u00eatre, un jour, impliqu\u00e9 dans une affaire de terrorisme. A son tour, Moustapha El B\u00e9chir a ni\u00e9 les faits. Ce dernier, propri\u00e9taire d\u2019une soci\u00e9t\u00e9 immobili\u00e8re, a explique aux juges que ces multiples appels vers le Mali ou la Cote d\u2019Ivoire se justifient. Il dit avoir des clients dans ces pays.<\/p>\n<p>Quant \u00e0 Erhil Ad\u00e9b\u00e9, il a \u00e9galement rejet\u00e9 les faits. Se d\u00e9finissant comme un homme d\u2019affaires qui s\u2019active dans l\u2019importation des batteries de v\u00e9hicule, Erhil Ad\u00e9b\u00e9 a soutenu qu\u2019il ne connait pas le terrorisme.<\/p>\n<p>Le procureur de la R\u00e9publique, estimant que les faits d\u2019acte de terrorisme et de financements de terrorisme ne souffrent d\u2019aucune contestation, a requis la peine de r\u00e9clusion criminelle \u00e0 perp\u00e9tuit\u00e9. Auparavant, il a essay\u00e9 d\u2019\u00e9tablir les liaisons qui existent entre Mini Ould Baba, coordonnateur des attaques de Ouagadougou et du Grand Bassam, et les accus\u00e9s.<\/p>\n<p>Les avocats de la d\u00e9fense ont plaid\u00e9 l\u2019acquittement. Me Ndiaga Dabo a soutenu que son client n\u2019est pas Ahmed Lemdecem. \u00ab <em>On ne vous apporte aucune preuve \u00e0 ce que Adebe ait particip\u00e9 \u00e0 une association de malfaiteurs. Je ne pense pas qu\u2019il puisse financer le terrorisme. Pour financer le terrorisme, il faut beaucoup d\u2019argent. Est-ce qu\u2019avec 25 mille francs CFA, on peut financer le terrorisme<\/em> \u00bb, s\u2019est interrog\u00e9 l\u2019avocat. Le Conseil de Mouhamed El B\u00e9chir a abond\u00e9 dans le m\u00eame sens. Selon lui, les r\u00e9quisitions obtenues au niveau de la Sonatel et brandies par l\u2019accusation, ils ne les ont pas re\u00e7ues. \u00ab <em>Les terroristes ne sont pas des personnes de c\u0153ur. Ils sont tr\u00e8s fut\u00e9s. Ils ne pr\u00eatent pas leur puce \u00e0 n\u2019importe qui<\/em> \u00bb, a indiqu\u00e9 l\u2019avocat. Me Ibrahima Mbengue, avocat de Atigh a aussi plaid\u00e9 l\u2019acquittement pour son client. Il est temps, selon lui, qu\u2019il puisse enfin sortir et aller soigner sa jambe qui est pl\u00e2tr\u00e9e.<\/p>\n<p>L\u2019affaire est mise en d\u00e9lib\u00e9r\u00e9. Le jugement sera rendu le 29 avril prochain.<\/p>\n<div class='share-to-whatsapp-wrapper'><div class='share-on-whsp'>PARTAGER SUR : <\/div><a data-text='ATTENTATS A GRAND BASSAM ET A OUAGADOUGOU - Le parquet requiert la perp\u00e9tuit\u00e9 contre trois Mauritaniens' data-link='https:\/\/www.nettali.com\/2021\/03\/23\/attentats-a-grand-bassam-et-a-ouagadougou-le-parquet-requiert-la-perpetuite-contre-trois-mauritaniens\/' class='whatsapp-button whatsapp-share'>WhatsApp<\/a><div class='clear '><\/div><\/div>","protected":false},"excerpt":{"rendered":"<p>NETTALI.COM-Si le juge, en rendant sa sentence, suit le r\u00e9quisitoire du ma\u00eetre des poursuites, les accus\u00e9s Erhil Ad\u00e9b\u00e9, Moustapha El B\u00e9chir et El Atigh Ahmed Mahmoud vont passer le reste de leur vie en prison. Accus\u00e9s d'avoir un lien avec les attaques terroristes de Grand\u00a0 Bassam et Ouagadougou, ils ont comparu \u00e0 la barre de [&hellip;]<\/p>\n","protected":false},"author":6,"featured_media":45988,"comment_status":"open","ping_status":"open","sticky":false,"template":"","format":"standard","meta":{"_et_pb_use_builder":"","_et_pb_old_content":""},"categories":[3],"tags":[],"yoast_head":"<!-- This site is optimized with the Yoast SEO Premium plugin v17.8 (Yoast SEO v17.8) - https:\/\/yoast.com\/wordpress\/plugins\/seo\/ -->\n<title>ATTENTATS A GRAND BASSAM ET A OUAGADOUGOU - Le parquet requiert la perp\u00e9tuit\u00e9 contre trois Mauritaniens | Nettali.com<\/title>\n<meta name=\"robots\" content=\"index, follow, max-snippet:-1, max-image-preview:large, max-video-preview:-1\" \/>\n<link rel=\"canonical\" href=\"https:\/\/www.nettali.com\/2021\/03\/23\/attentats-a-grand-bassam-et-a-ouagadougou-le-parquet-requiert-la-perpetuite-contre-trois-mauritaniens\/\" \/>\n<meta property=\"og:locale\" content=\"fr_FR\" \/>\n<meta property=\"og:type\" content=\"article\" \/>\n<meta property=\"og:title\" content=\"ATTENTATS A GRAND BASSAM ET A OUAGADOUGOU - Le parquet requiert la perp\u00e9tuit\u00e9 contre trois Mauritaniens\" \/>\n<meta property=\"og:description\" content=\"NETTALI.COM-Si le juge, en rendant sa sentence, suit le r\u00e9quisitoire du ma\u00eetre des poursuites, les accus\u00e9s Erhil Ad\u00e9b\u00e9, Moustapha El B\u00e9chir et El Atigh Ahmed Mahmoud vont passer le reste de leur vie en prison. Accus\u00e9s d&#039;avoir un lien avec les attaques terroristes de Grand\u00a0 Bassam et Ouagadougou, ils ont comparu \u00e0 la barre de [&hellip;]\" \/>\n<meta property=\"og:url\" content=\"https:\/\/www.nettali.com\/2021\/03\/23\/attentats-a-grand-bassam-et-a-ouagadougou-le-parquet-requiert-la-perpetuite-contre-trois-mauritaniens\/\" \/>\n<meta property=\"og:site_name\" content=\"Nettali.com\" \/>\n<meta property=\"article:publisher\" content=\"https:\/\/www.facebook.com\/nettalicom\" \/>\n<meta property=\"article:published_time\" content=\"2021-03-23T21:16:15+00:00\" \/>\n<meta property=\"article:modified_time\" content=\"2021-03-24T10:34:47+00:00\" \/>\n<meta property=\"og:image\" content=\"https:\/\/www.nettali.com\/wp-content\/uploads\/2020\/09\/web-Terrorisme-renseignement.gif\" \/>\n\t<meta property=\"og:image:width\" content=\"899\" \/>\n\t<meta property=\"og:image:height\" content=\"584\" \/>\n<meta name=\"twitter:card\" content=\"summary_large_image\" \/>\n<meta name=\"twitter:label1\" content=\"\u00c9crit par\" \/>\n\t<meta name=\"twitter:data1\" content=\"Fatou\" \/>\n\t<meta name=\"twitter:label2\" content=\"Dur\u00e9e de lecture estim\u00e9e\" \/>\n\t<meta name=\"twitter:data2\" content=\"5 minutes\" \/>\n<script type=\"application\/ld+json\" class=\"yoast-schema-graph\">{\"@context\":\"https:\/\/schema.org\",\"@graph\":[{\"@type\":\"WebSite\",\"@id\":\"https:\/\/www.nettali.com\/#website\",\"url\":\"https:\/\/www.nettali.com\/\",\"name\":\"Nettali.com\",\"description\":\"Le rendez-vous critique du Net\",\"potentialAction\":[{\"@type\":\"SearchAction\",\"target\":{\"@type\":\"EntryPoint\",\"urlTemplate\":\"https:\/\/www.nettali.com\/?s={search_term_string}\"},\"query-input\":\"required name=search_term_string\"}],\"inLanguage\":\"fr-FR\"},{\"@type\":\"ImageObject\",\"@id\":\"https:\/\/www.nettali.com\/2021\/03\/23\/attentats-a-grand-bassam-et-a-ouagadougou-le-parquet-requiert-la-perpetuite-contre-trois-mauritaniens\/#primaryimage\",\"inLanguage\":\"fr-FR\",\"url\":\"https:\/\/www.nettali.com\/wp-content\/uploads\/2020\/09\/web-Terrorisme-renseignement.gif\",\"contentUrl\":\"https:\/\/www.nettali.com\/wp-content\/uploads\/2020\/09\/web-Terrorisme-renseignement.gif\",\"width\":899,\"height\":584},{\"@type\":\"WebPage\",\"@id\":\"https:\/\/www.nettali.com\/2021\/03\/23\/attentats-a-grand-bassam-et-a-ouagadougou-le-parquet-requiert-la-perpetuite-contre-trois-mauritaniens\/#webpage\",\"url\":\"https:\/\/www.nettali.com\/2021\/03\/23\/attentats-a-grand-bassam-et-a-ouagadougou-le-parquet-requiert-la-perpetuite-contre-trois-mauritaniens\/\",\"name\":\"ATTENTATS A GRAND BASSAM ET A OUAGADOUGOU - Le parquet requiert la perp\\u00e9tuit\\u00e9 contre trois Mauritaniens | Nettali.com\",\"isPartOf\":{\"@id\":\"https:\/\/www.nettali.com\/#website\"},\"primaryImageOfPage\":{\"@id\":\"https:\/\/www.nettali.com\/2021\/03\/23\/attentats-a-grand-bassam-et-a-ouagadougou-le-parquet-requiert-la-perpetuite-contre-trois-mauritaniens\/#primaryimage\"},\"datePublished\":\"2021-03-23T21:16:15+00:00\",\"dateModified\":\"2021-03-24T10:34:47+00:00\",\"author\":{\"@id\":\"https:\/\/www.nettali.com\/#\/schema\/person\/418274a86bdf87caff7a3ef476bd0bbf\"},\"breadcrumb\":{\"@id\":\"https:\/\/www.nettali.com\/2021\/03\/23\/attentats-a-grand-bassam-et-a-ouagadougou-le-parquet-requiert-la-perpetuite-contre-trois-mauritaniens\/#breadcrumb\"},\"inLanguage\":\"fr-FR\",\"potentialAction\":[{\"@type\":\"ReadAction\",\"target\":[\"https:\/\/www.nettali.com\/2021\/03\/23\/attentats-a-grand-bassam-et-a-ouagadougou-le-parquet-requiert-la-perpetuite-contre-trois-mauritaniens\/\"]}]},{\"@type\":\"BreadcrumbList\",\"@id\":\"https:\/\/www.nettali.com\/2021\/03\/23\/attentats-a-grand-bassam-et-a-ouagadougou-le-parquet-requiert-la-perpetuite-contre-trois-mauritaniens\/#breadcrumb\",\"itemListElement\":[{\"@type\":\"ListItem\",\"position\":1,\"name\":\"Accueil\",\"item\":\"https:\/\/www.nettali.com\/\"},{\"@type\":\"ListItem\",\"position\":2,\"name\":\"ATTENTATS A GRAND BASSAM ET A OUAGADOUGOU &#8211; Le parquet requiert la perp\\u00e9tuit\\u00e9 contre trois Mauritaniens\"}]},{\"@type\":\"Person\",\"@id\":\"https:\/\/www.nettali.com\/#\/schema\/person\/418274a86bdf87caff7a3ef476bd0bbf\",\"name\":\"Fatou\",\"image\":{\"@type\":\"ImageObject\",\"@id\":\"https:\/\/www.nettali.com\/#personlogo\",\"inLanguage\":\"fr-FR\",\"url\":\"https:\/\/secure.gravatar.com\/avatar\/5a9442a2bee7b4dcf167cab035858e9a?s=96&d=mm&r=g\",\"contentUrl\":\"https:\/\/secure.gravatar.com\/avatar\/5a9442a2bee7b4dcf167cab035858e9a?s=96&d=mm&r=g\",\"caption\":\"Fatou\"},\"sameAs\":[\"https:\/\/www.nettali.com\"]}]}<\/script>\n<!-- \/ Yoast SEO Premium plugin. -->","yoast_head_json":{"title":"ATTENTATS A GRAND BASSAM ET A OUAGADOUGOU - Le parquet requiert la perp\u00e9tuit\u00e9 contre trois Mauritaniens | Nettali.com","robots":{"index":"index","follow":"follow","max-snippet":"max-snippet:-1","max-image-preview":"max-image-preview:large","max-video-preview":"max-video-preview:-1"},"canonical":"https:\/\/www.nettali.com\/2021\/03\/23\/attentats-a-grand-bassam-et-a-ouagadougou-le-parquet-requiert-la-perpetuite-contre-trois-mauritaniens\/","og_locale":"fr_FR","og_type":"article","og_title":"ATTENTATS A GRAND BASSAM ET A OUAGADOUGOU - Le parquet requiert la perp\u00e9tuit\u00e9 contre trois Mauritaniens","og_description":"NETTALI.COM-Si le juge, en rendant sa sentence, suit le r\u00e9quisitoire du ma\u00eetre des poursuites, les accus\u00e9s Erhil Ad\u00e9b\u00e9, Moustapha El B\u00e9chir et El Atigh Ahmed Mahmoud vont passer le reste de leur vie en prison. Accus\u00e9s d'avoir un lien avec les attaques terroristes de Grand\u00a0 Bassam et Ouagadougou, ils ont comparu \u00e0 la barre de [&hellip;]","og_url":"https:\/\/www.nettali.com\/2021\/03\/23\/attentats-a-grand-bassam-et-a-ouagadougou-le-parquet-requiert-la-perpetuite-contre-trois-mauritaniens\/","og_site_name":"Nettali.com","article_publisher":"https:\/\/www.facebook.com\/nettalicom","article_published_time":"2021-03-23T21:16:15+00:00","article_modified_time":"2021-03-24T10:34:47+00:00","og_image":[{"width":899,"height":584,"url":"https:\/\/www.nettali.com\/wp-content\/uploads\/2020\/09\/web-Terrorisme-renseignement.gif","type":"image\/gif"}],"twitter_card":"summary_large_image","twitter_misc":{"\u00c9crit par":"Fatou","Dur\u00e9e de lecture estim\u00e9e":"5 minutes"},"schema":{"@context":"https:\/\/schema.org","@graph":[{"@type":"WebSite","@id":"https:\/\/www.nettali.com\/#website","url":"https:\/\/www.nettali.com\/","name":"Nettali.com","description":"Le rendez-vous critique du Net","potentialAction":[{"@type":"SearchAction","target":{"@type":"EntryPoint","urlTemplate":"https:\/\/www.nettali.com\/?s={search_term_string}"},"query-input":"required name=search_term_string"}],"inLanguage":"fr-FR"},{"@type":"ImageObject","@id":"https:\/\/www.nettali.com\/2021\/03\/23\/attentats-a-grand-bassam-et-a-ouagadougou-le-parquet-requiert-la-perpetuite-contre-trois-mauritaniens\/#primaryimage","inLanguage":"fr-FR","url":"https:\/\/www.nettali.com\/wp-content\/uploads\/2020\/09\/web-Terrorisme-renseignement.gif","contentUrl":"https:\/\/www.nettali.com\/wp-content\/uploads\/2020\/09\/web-Terrorisme-renseignement.gif","width":899,"height":584},{"@type":"WebPage","@id":"https:\/\/www.nettali.com\/2021\/03\/23\/attentats-a-grand-bassam-et-a-ouagadougou-le-parquet-requiert-la-perpetuite-contre-trois-mauritaniens\/#webpage","url":"https:\/\/www.nettali.com\/2021\/03\/23\/attentats-a-grand-bassam-et-a-ouagadougou-le-parquet-requiert-la-perpetuite-contre-trois-mauritaniens\/","name":"ATTENTATS A GRAND BASSAM ET A OUAGADOUGOU - Le parquet requiert la perp\u00e9tuit\u00e9 contre trois Mauritaniens | Nettali.com","isPartOf":{"@id":"https:\/\/www.nettali.com\/#website"},"primaryImageOfPage":{"@id":"https:\/\/www.nettali.com\/2021\/03\/23\/attentats-a-grand-bassam-et-a-ouagadougou-le-parquet-requiert-la-perpetuite-contre-trois-mauritaniens\/#primaryimage"},"datePublished":"2021-03-23T21:16:15+00:00","dateModified":"2021-03-24T10:34:47+00:00","author":{"@id":"https:\/\/www.nettali.com\/#\/schema\/person\/418274a86bdf87caff7a3ef476bd0bbf"},"breadcrumb":{"@id":"https:\/\/www.nettali.com\/2021\/03\/23\/attentats-a-grand-bassam-et-a-ouagadougou-le-parquet-requiert-la-perpetuite-contre-trois-mauritaniens\/#breadcrumb"},"inLanguage":"fr-FR","potentialAction":[{"@type":"ReadAction","target":["https:\/\/www.nettali.com\/2021\/03\/23\/attentats-a-grand-bassam-et-a-ouagadougou-le-parquet-requiert-la-perpetuite-contre-trois-mauritaniens\/"]}]},{"@type":"BreadcrumbList","@id":"https:\/\/www.nettali.com\/2021\/03\/23\/attentats-a-grand-bassam-et-a-ouagadougou-le-parquet-requiert-la-perpetuite-contre-trois-mauritaniens\/#breadcrumb","itemListElement":[{"@type":"ListItem","position":1,"name":"Accueil","item":"https:\/\/www.nettali.com\/"},{"@type":"ListItem","position":2,"name":"ATTENTATS A GRAND BASSAM ET A OUAGADOUGOU &#8211; Le parquet requiert la perp\u00e9tuit\u00e9 contre trois Mauritaniens"}]},{"@type":"Person","@id":"https:\/\/www.nettali.com\/#\/schema\/person\/418274a86bdf87caff7a3ef476bd0bbf","name":"Fatou","image":{"@type":"ImageObject","@id":"https:\/\/www.nettali.com\/#personlogo","inLanguage":"fr-FR","url":"https:\/\/secure.gravatar.com\/avatar\/5a9442a2bee7b4dcf167cab035858e9a?s=96&d=mm&r=g","contentUrl":"https:\/\/secure.gravatar.com\/avatar\/5a9442a2bee7b4dcf167cab035858e9a?s=96&d=mm&r=g","caption":"Fatou"},"sameAs":["https:\/\/www.nettali.com"]}]}},"_links":{"self":[{"href":"https:\/\/www.nettali.com\/rest\/wp\/v2\/posts\/60516"}],"collection":[{"href":"https:\/\/www.nettali.com\/rest\/wp\/v2\/posts"}],"about":[{"href":"https:\/\/www.nettali.com\/rest\/wp\/v2\/types\/post"}],"author":[{"embeddable":true,"href":"https:\/\/www.nettali.com\/rest\/wp\/v2\/users\/6"}],"replies":[{"embeddable":true,"href":"https:\/\/www.nettali.com\/rest\/wp\/v2\/comments?post=60516"}],"version-history":[{"count":4,"href":"https:\/\/www.nettali.com\/rest\/wp\/v2\/posts\/60516\/revisions"}],"predecessor-version":[{"id":60525,"href":"https:\/\/www.nettali.com\/rest\/wp\/v2\/posts\/60516\/revisions\/60525"}],"wp:featuredmedia":[{"embeddable":true,"href":"https:\/\/www.nettali.com\/rest\/wp\/v2\/media\/45988"}],"wp:attachment":[{"href":"https:\/\/www.nettali.com\/rest\/wp\/v2\/media?parent=60516"}],"wp:term":[{"taxonomy":"category","embeddable":true,"href":"https:\/\/www.nettali.com\/rest\/wp\/v2\/categories?post=60516"},{"taxonomy":"post_tag","embeddable":true,"href":"https:\/\/www.nettali.com\/rest\/wp\/v2\/tags?post=60516"}],"curies":[{"name":"wp","href":"https:\/\/api.w.org\/{rel}","templated":true}]}}