{"id":60461,"date":"2021-03-23T16:00:36","date_gmt":"2021-03-23T16:00:36","guid":{"rendered":"https:\/\/www.nettali.com\/?p=60461"},"modified":"2021-03-25T10:04:09","modified_gmt":"2021-03-25T10:04:09","slug":"idiovisuel-au-coeur-dune-impasse","status":"publish","type":"post","link":"https:\/\/www.nettali.com\/2021\/03\/23\/idiovisuel-au-coeur-dune-impasse\/","title":{"rendered":"IDIOVISUEL - Au c\u0153ur d\u2019une impasse !"},"content":{"rendered":"<p><strong>NETTALI.COM - Le feuilleton du dossier Adji Sarr-Ousmane Sonko se poursuit avec la r\u00e9cente sortie de la jeune femme qui a \u00e9voqu\u00e9 les circonstances de ses rapports avec Ousmane Sonko et fourni des d\u00e9tails de leur suppos\u00e9e intimit\u00e9. Des propos imm\u00e9diatement d\u00e9mentis par son ex- patronne. Bref une affaire qui nous propulse sur des sentiers bien obscurs que l\u2019opinion ne pourra de toute fa\u00e7on pas trancher, au regard de la profondeur de la division dans laquelle elle est plong\u00e9e.<\/strong><\/p>\n<p>\u00ab <em>Fou Malade<\/em> \u00bb \u00e0 \u00ab Jakarloo \u00bb a vu \u00ab <em>une jeune fille tr\u00e8s fatigu\u00e9e, qui n\u2019a pas envie de parler mais qui parle<\/em> \u00bb. C\u2019est comme si \u00e0 son avis, on la \u00ab <em>fait parler<\/em> \u00bb. Il ne demande ni plus, ni moins \u00e0 ceux qui l\u2019activent de cesser leurs man\u0153uvres. Bouba Ndour pense que l\u2019affaire doit \u00eatre tranch\u00e9e en justice. M\u00eame son de cloche chez Charles Faye. Birima Ndiaye lui, assimile ceux qui voient le complot partout, \u00e0 des spectateurs plus motiv\u00e9s par le jeu que le joueur lui-m\u00eame. Une mani\u00e8re de dire que seule la justice, \u00e0 ce stade, peut trancher le diff\u00e9rend. Mais un proc\u00e8s, \u00e0 son avis, qui risque d\u2019\u00eatre \u00ab <em>sordide<\/em> \u00bb voire \u00ab <em>pornographique<\/em> \u00bb. Ce qui ne correspond nullement, d\u2019apr\u00e8s son jugement, \u00e0 nos valeurs.<\/p>\n<p>Et l\u2019on ne peut manquer de se demander o\u00f9 tout cela nous m\u00e8ne-t-il ? Au regard de l\u2019\u00e9volution du discours de la jeune femme, que faut-il d\u00e9sormais croire ? Elle parle d\u00e9sormais de rapports sexuels et demande \u00e0 Ousmane Sonko de jurer sur le Coran. Et m\u00eame \u00e0 supposer que la justice d\u00e9cide de trancher l\u2019affaire. Sa d\u00e9cision serait-elle accept\u00e9e d\u2019un c\u00f4t\u00e9 comme de l\u2019autre ? Elle serait purement et simplement chahut\u00e9e et nous ram\u00e8nerait au sc\u00e9nario actuel marqu\u00e9 par une division de la soci\u00e9t\u00e9 s\u00e9n\u00e9galaise. A la v\u00e9rit\u00e9, il y a beaucoup de zones d\u2019ombre dans cette affaire, que cela soit du c\u00f4t\u00e9 d\u2019Adji Sarr, comme d\u2019Ousmane Sonko.<\/p>\n<p>Une fois cela dit, il convient de souligner que les <em>S\u00e9n\u00e9galais<\/em> commencent \u00e0 se lasser de cette affaire qui vire tous les jours davantage \u00e0 la pol\u00e9mique. Dans\u00a0 laquelle l\u2019on ne voit que des complots et de la manipulation \u00e0 tous les \u00e9tages. Que l\u2019on soit d\u2019un bord comme d\u2019un autre. M\u00eame des profanes en mati\u00e8re de production, s\u2019aventurent \u00e0 parler de montage sans pouvoir \u00e9tayer leurs affirmations, s\u2019agissant de la r\u00e9cente sortie de la jeune femme.<\/p>\n<p>Toujours est-il que la posture de la presse par rapport au dossier, suscite des interrogations. Elle est vraiment divis\u00e9e. Le journal \u00ab <em>EnQu\u00eate<\/em> \u00bb dans sa parution du lundi 22 mars, a sa lecture de la situation. Dans un texte intitul\u00e9 \u00ab les m\u00e9dias \u00e0 l\u2019\u00e9preuve de l\u2019\u00e9thique journalistique \u00bb qui ne pr\u00e9tend toutefois pas apporter des r\u00e9ponses exhaustives pour juger int\u00e9gralement du traitement m\u00e9diatique, cite des sp\u00e9cialistes qui analysent l\u2019interview de l\u2019accusatrice diffus\u00e9e. Certaines incongruit\u00e9s sont par exemple relev\u00e9es. \u00ab <em>Adji Sarr est une \"bonne cliente m\u00e9diatique\", comme on le dit dans notre jargon, mais je ne comprends pas pourquoi l\u2019interview ne s\u2019est pas faite \u00e0 visage d\u00e9couvert. Elle ne se cache pas, les journalistes aussi ne devraient pas se cacher. En le faisant, ils ouvrent la voie \u00e0 toutes les interpr\u00e9tations. On peut interviewer quelqu\u2019un qui se cache pour des raisons bien d\u00e9termin\u00e9es, mais le journaliste a l\u2019obligation de s\u2019assumer. Son r\u00f4le \u00e9tant de participer \u00e0 trouver des r\u00e9ponses \u00e0 beaucoup d\u2019interrogations. H\u00e9las ! Apr\u00e8s avoir suivi la sortie d\u2019Adji Sarr, il y a tellement de questions qui restent sans r\u00e9ponse. Elles n\u2019ont m\u00eame pas \u00e9t\u00e9 pos\u00e9es \u00bb. Une analyse de forme du journaliste sp\u00e9cialis\u00e9 en politique, Mame Ngor Ngom qui m\u00e9rite r\u00e9flexion. Et le quotidien de se demander si c\u2019est par mesure de s\u00e9curit\u00e9 (vu les \u00e9v\u00e9nements r\u00e9cents) que le ou les m\u00e9dias pr\u00e9sents sur place, ce jour-l\u00e0, n\u2019ont daign\u00e9 appara\u00eetre \u00e0 l\u2019\u00e9cran ? Ou y a-t-il d\u2019autres raisons inconnues ?<\/em><\/p>\n<p>\u00ab <em>Les intervieweurs n\u2019\u00e9taient pas visibles, leurs questions \u00e0 peine audibles, les relances aussi quasi inexistantes. Comme s\u2019il y avait une volont\u00e9 de m\u00e9nager une femme manifestement d\u00e9pass\u00e9e par les \u00e9v\u00e9nements<\/em> \u00bb, ajoute l\u2019homme de m\u00e9dia.<\/p>\n<p>Abondant dans le m\u00eame sens sur \u00ab Pressafrik \u00bb, Mountaga Ciss\u00e9, sp\u00e9cialiste des technologies de l\u2019information et de la communication, rel\u00e8ve, pour sa part, \u00ab un manque d\u2019honn\u00eatet\u00e9 \u00bb de la part des journalistes. \u00ab <em>Ce que j\u2019ai constat\u00e9, c\u2019est qu\u2019on a enregistr\u00e9 l\u2019interview et s\u2019en est suivi un montage. Et \u00e0 partir du montage, on a supprim\u00e9 des \u00e9l\u00e9ments. Le faux raccord \u00e9tait flagrant. On voyait carr\u00e9ment des parties qui sautent, au moment de la diffusion. On peut d\u00e9crocher un entretien et avoir l\u2019exclusivit\u00e9, mais au moment de faire face \u00e0 l\u2019interlocuteur, il faut vraiment faire son travail dans les r\u00e8gles, sans chercher \u00e0 plaire. Ils ne peuvent pas annoncer un direct, alors qu\u2019en r\u00e9alit\u00e9, c\u2019est faux<\/em> \u00bb, soutient-il. La question de l\u2019\u00e9thique journalistique, selon lui, se pose tant que l\u2019entretien n\u2019est pas diffus\u00e9 dans son int\u00e9gralit\u00e9.<\/p>\n<p>Poursuivant le journal de pr\u00e9ciser que \u00ab les \u00e9v\u00e9nements r\u00e9cents ont en tout cas permis \u00e0 beaucoup de cat\u00e9goriser le secteur en trois groupes : les pro-Sonko, les pro-pouvoir et ceux qui arrivent tant bien que mal \u00e0 se rapprocher de cet id\u00e9al de neutralit\u00e9. \u00bb. Il souligne, \u00e0 cet effet, citant un sp\u00e9cialiste des sciences de la communication qui a analys\u00e9 pour lui que \u00ab <em>cette crise a montr\u00e9 qu\u2019il y a une crise de la pratique journalistique \u00bb. \u00ab C\u2019est comme si cet \u00e9v\u00e9nement met \u00e0 nu tout ce qui se disait dans les r\u00e9dactions, mais n\u2019\u00e9tait pas \u00e9tal\u00e9 dans l\u2019espace public. Et quand il y a eu les attaques, les gens se sont tourn\u00e9s vers d\u2019autres m\u00e9dias et ont \u00e9t\u00e9 manipul\u00e9s. Certains journalistes ont eu peur de traiter certains sujets, peut-\u00eatre qu\u2019il y a eu un terrorisme intellectuel. En tout cas, j\u2019ai eu des informations qui confirment cela. Le probl\u00e8me se pose \u00e0 l\u2019int\u00e9rieur m\u00eame de la profession. Il y a une crise du traitement m\u00e9diatique qui a \u00e9t\u00e9 mise \u00e0 nu par ce feuilleton<\/em> \u00bb, ajoute ce sp\u00e9cialiste.<\/p>\n<p>Selon l\u2019expert, les contenus \u00e9crits et audiovisuels, laissaient nettement para\u00eetre des partis-pris. \u00ab <em>Quand vous lisez un article, \u00e9coutez la radio ou suivez la t\u00e9l\u00e9vision, vous le sentez nettement. C\u2019est le cas, par exemple, des \u00ab Lundis de Madiambal \u00bb. Sen Tv et Walf TV ont eu un traitement quelque peu similaire, en faveur de l\u2019une des parties. Ce qui a beaucoup plus marqu\u00e9, c\u2019est le sensationnel not\u00e9 dans la presse en ligne. L\u2019instantan\u00e9it\u00e9 a fait qu\u2019\u00e0 un moment donn\u00e9, il n\u2019y a pas eu un traitement professionnel. Certains sont rest\u00e9s dans le professionnalisme, mais d\u2019autres traitements laissaient \u00e0 d\u00e9sirer<\/em> \u00bb, poursuit l\u2019interlocuteur.<\/p>\n<p>L\u2019autre fait saillant qu\u2019il rel\u00e8ve concerne la crise interprofessionnelle qui a \u00e9clat\u00e9. Certains en ont profit\u00e9 pour jeter en p\u00e2ture certains de leurs coll\u00e8gues. En fait, une partie de la presse a voulu imposer une ligne \u00e9ditoriale aux autres m\u00e9dias. Les cas d\u2019agressions du \u00ab Groupe futurs m\u00e9dias \u00bb et du journal \u201cLe Soleil\u2019\u2019 sont li\u00e9s \u00e0 des cha\u00eenes de t\u00e9l\u00e9vision. Sur des plateaux de t\u00e9l\u00e9, des journalistes ont tenu des propos mettant leurs coll\u00e8gues dans une mauvaise posture face au public.<\/p>\n<p><strong>\u00a0 \u00a0 \u00a0 \u00a0 \u00a0 \u00a0 \u00a0 \u00a0 \u00a0 \u00a0 \u00a0 \u00a0 \u00a0 \u00a0 \u00a0 \u00a0 \u00a0 \u00a0 \u00a0 \u00a0 \u00a0 \u00a0 \u00a0 \u00a0 \u00a0 \u00a0 \u00a0 \u00a0 \u00a0 \u00a0 \u00a0 \u00a0 Les coups de gueule de Birima et de Bouba Ndour<\/strong><\/p>\n<p>L\u2019affaire a en tout cas soulev\u00e9 beaucoup de passions et engendr\u00e9 des coups de gueules et pas des moindres, mais subis comme des attaques par certains. Lors de ce \u00ab <em>Jakarloo<\/em> \u00bb du vendredi 19, Bouba Ndour a profit\u00e9 de l\u2019occasion pour s\u2019excuser aupr\u00e8s d\u2019Alassane Samba Diop, de Mamoudou Ibra Kane et de Khalifa Diakhat\u00e9 qui ont quitt\u00e9 le groupe pour aller en cr\u00e9er un autre d\u00e9nomm\u00e9 \"<em>E-m\u00e9dia<\/em>\". Ce qui est tout \u00e0 fait \u00e0 son honneur que d\u2019avoir pr\u00e9sent\u00e9 ses excuses.<\/p>\n<p>Pour rappel, lors du fameux <em>\u00ab Jakarlo<\/em> \u00bb du 12 mars, Bouba Ndour s\u2019\u00e9tait fendu d\u2019une sortie au vitriol, alors que le Groupe Futurs M\u00e9dia venait d\u2019\u00eatre victime d\u2019attaques. \u00ab On n\u2019a pas pu faire l'\u00e9mission Jakaarlo car \u00e0 l'heure de l'\u00e9mission, j'acheminais un bless\u00e9 en urgence. Il a subi la furie des manifestants \u00bb, avait dit celui-ci, une semaine auparavant, avant d\u2019ajouter : \u00ab <em>Personne ne peut d\u00e9truire les biens de Youssou Ndour et je d\u00e9fie tout le monde (\u2026). Cela fait 7 ans, chaque vendredi nous sommes l\u00e0 pour l'\u00e9mission Jakaarlo qui est la premi\u00e8re \u00e9mission au S\u00e9n\u00e9gal. Mais Jakaarlo a beaucoup de d\u00e9tracteurs du c\u00f4t\u00e9 du pouvoir comme du c\u00f4t\u00e9 de l'opposition. Il y a deux ann\u00e9es de cela, des gens ont investi des milliards pour d\u00e9truire ce groupe en recrutant nos meilleurs \u00e9l\u00e9ments afin de monter leur propre affaire. Mais le groupe Futurs m\u00e9dias reste toujours debout. Parce que ce groupe n'appartient pas \u00e0 Youssou Ndour ni \u00e0 Bouba Ndour. Ce groupe appartient au S\u00e9n\u00e9gal.<\/em> \u00bb. L\u2019allusion \u00e9tait bien claire.<\/p>\n<p>Birima Ndiaye, chroniqueur de \u00ab Jakarlo \u00bb a lui aussi eu droit \u00e0 son coup de gueule pour avoir vu sa maison attaqu\u00e9e \u00e0 Saint-Louis. \u00ab <em>Je remercie d'abord tous les S\u00e9n\u00e9galais qui m'ont soutenu. Ce qui m'\u00e9tonne dans cette affaire c'est que je ne suis ni ministre, ni d\u00e9put\u00e9 ni quoi que ce soit. Je n'ai jamais g\u00e9r\u00e9 le moindre denier public. Je suis S\u00e9n\u00e9galais et je suis libre de donner mon avis. Alors pourquoi donner des ordres pour br\u00fbler ma maison? A quelle fin ? Dans cette affaire je ne suis m\u00eal\u00e9 ni de pr\u00e8s, ni de loin. Je ne suis ni le fr\u00e8re, ni le fils de Macky Sall. Je ne suis pas membre de l'Apr. Je suis membre du Ps. Je fais partie de la coalition Benno Bokk Yakar et d\u00e9fends la politique de Macky Sall. Mes voyages ne regardent personne. Je n'ai pas de compte \u00e0 rendre \u00e0 aucun S\u00e9n\u00e9galais. (\u2026) Un des membres de leur groupe m'a appel\u00e9 \u00e0 1heure du matin pour m'alerter qu'ils vont se r\u00e9unir pour incendier ma maison. J'ai appel\u00e9 imm\u00e9diatement le colonel Ciss\u00e9 de la gendarmerie r\u00e9gionale de Saint-Louis. Je le remercie. J'ai ensuite appel\u00e9 le ministre de l'Int\u00e9rieur. Je le remercie et le f\u00e9licite, il m\u2019a beaucoup appuy\u00e9. (\u2026) Je prends les S\u00e9n\u00e9galais \u00e0 t\u00e9moin, la prochaine fois je ne vais pas me laisser faire (\u2026). C\u2019est la premi\u00e8re fois que je vois un parti politique affirmer que son leader est victime de complot, comploter contre un individu. Ce que le bon Dieu n\u2019a pas, que le proph\u00e8te n\u2019a pas eu et que Serigne Touba n\u2019a pas eu non plus, Ousmane Sonko ne peut l\u2019avoir. Personne ne peut faire l'unanimit\u00e9. Les gens ont le droit de soutenir leur leader. C\u2019est leur droit le plus absolu. Personne ne peut m'emp\u00eacher de donner mon avis<\/em> \u00bb, a dit-celui-ci qui estime avoir droit \u00e0 une opinion libre.<\/p>\n<p>Il est certes tout \u00e0 fait normal qu\u2019il manifeste son courroux. Il nous a par exemple appris que beaucoup de personnalit\u00e9s religieuses l\u2019ont appel\u00e9 pour lui exprimer leur solidarit\u00e9. S\u2019il en est ainsi, c\u2019est bien parce qu\u2019il est connu. Pourquoi d\u00e8s lors ces actes l\u2019\u00e9tonnent-il ? Des t\u00e9l\u00e9spectateurs le suivent tous les vendredis, l'adulent et se reconnaissent pour certains dans ses opinions. La v\u00e9rit\u00e9 est que la t\u00e9l\u00e9vision comporte un certain mythe sous nos cieux \u00e0 tel point que, acteurs, journalistes, animateurs sont assimil\u00e9s par certains \u00e0 des stars. Donc, il n\u2019est si \u00e9tonnant que Birima Ndiaye qui a une voix qui porte encore qu\u2019il en soit une de basse, soit consid\u00e9r\u00e9 comme telle.<\/p>\n<p>Ce qu\u2019il doit certainement comprendre, est, qu\u2019il soit journaliste ou pas, il est \u00e9cout\u00e9 et participe d\u2019une certaine mani\u00e8re \u00e0 la formation de l\u2019opinion. Toutes les voix audibles, y compris ces chroniqueurs qui ont fini d\u2019envahir les plateaux t\u00e9l\u00e9 de nos jours, participent de cette logique. Au-del\u00e0, Birima Ndiaye, pour ceux qui l\u2019ignorent, est une personne influente. Et ce n\u2019est nullement un hasard s\u2019il d\u00e9tient certaines informations. Aux forts moments des inondations par exemple, alors qu\u2019une pol\u00e9mique s\u2019\u00e9tait install\u00e9e au sujet des investissements consentis par le gouvernement, n\u2019est-ce pas lui qui \u00e9tait all\u00e9 opportun\u00e9ment sur le plateau de \u00ab Jakarlo \u00bb, fournir des chiffres apr\u00e8s des semaines d\u2019absence ? On le savait en mission commando. Ce qui avait d\u2019ailleurs interpell\u00e9 \u00ab Fou Malade \u00bb et Bouba Ndour qui n\u2019avaient pas manqu\u00e9 de lui faire cette remarque sur son retour.<\/p>\n<p>La v\u00e9rit\u00e9 est qu\u2019il ne peut faire croire qu\u2019il est un S\u00e9n\u00e9galais ordinaire. Sinon comment aurait-il pu joindre le ministre de l\u2019Int\u00e9rieur ou le colonel de la gendarmerie dont il parle ? Il est membre de la coalition au pouvoir qu\u2019il d\u00e9fend avec beaucoup trop de passion, sans retenue et sans jamais une petite dose d'objectivit\u00e9. Il ne s\u2019en cache m\u00eame pas. Et il d\u00e9fend bien souvent ses id\u00e9es avec une telle v\u00e9h\u00e9mence, une telle agressivit\u00e9 qu\u2019il en devient parfois m\u00eame violent. Une opinion, tout le monde en a. Et Birima doit s'attendre \u00e0 ce que dans l\u2019opinion, m\u00eame si on ne cautionne alors pas du tout le saccage de sa maison, que ses opinions d\u00e9plaisent \u00e0 d\u2019autres qui sont d\u2019un autre camp politique. Malheureusement pour lui, il est tomb\u00e9 sur une horde de jeunes qui a certainement estim\u00e9 devoir lui r\u00e9pondre par cette violence ne disposant pas de tribunes comme lui. Ce qui n\u2019est toutefois pas une raison. La masse a cette particularit\u00e9, celle d\u2019\u00eatre anim\u00e9e par un instinct gr\u00e9gaire, d\u2019\u00eatre irr\u00e9fl\u00e9chie et les cons\u00e9quences de ses actes sont malheureusement de cet ordre-l\u00e0.<\/p>\n<p>L\u2019une des raisons pour lesquelles, les chroniqueurs ou animateurs ou encore ces gens pas form\u00e9s aux m\u00e9tiers de l\u2019information, n\u2019ont pas leur place dans les \u00e9missions \u00e0 caract\u00e8re informatif, c\u2019est qu\u2019ils n\u2019appr\u00e9hendent pas les \u00e9v\u00e8nements \u00e0 partir des faits collect\u00e9s et recoup\u00e9s avant diffusion. C\u2019est en effet une illusion de penser qu\u2019on peut former, \u00e9duquer les populations avec des opinions. Et le pire, c\u2019est que les populations ne savent malheureusement pas dans leur globalit\u00e9, faire la diff\u00e9rence entre une opinion et un fait. Elles ont de ce fait tendance \u00e0 souvent s'accommoder d\u2019une opinion qui les arrange ou leur convient.<\/p>\n<p>Si dans l\u2019affaire Sonko-Adji Sarr, il y a eu beaucoup de manipulations, c\u2019est parce que les questions \u00e9taient \u00e9minemment juridiques donc techniques et avaient trait au r\u00e8glement int\u00e9rieur de l\u2019Assembl\u00e9e nationale, \u00e0 la proc\u00e9dure p\u00e9nale et \u00e0 la constitution. Difficile d\u00e8s lors pour un chroniqueur ou animateur, \u00e0 plus forte raison un journaliste pas tr\u00e8s au fait des questions juridiques, d\u2019\u00e9clairer les auditeurs, lecteurs et t\u00e9l\u00e9spectateurs. Aussi, les tribunes d'opinion g\u00e9n\u00e9ralement peu \u00e9clair\u00e9es des acteurs de la revue de presse comment\u00e9e, ont-elles d\u00e9vers\u00e9 des torrents d\u2019opinions avec une telle dose de subjectivit\u00e9 que ces \u00e9missions ont fini par \u00eatre des th\u00e9\u00e2tres d\u2019affrontements. O\u00f9 \u00e9tait l'int\u00e9r\u00eat ? C\u2019est en effet d\u00e9vastateur pour le niveau des citoyens d\u2019autant plus que tous ces acteurs viennent avec leur subjectivit\u00e9 voire leurs sensibilit\u00e9s politiques, leurs amiti\u00e9s ou tout simplement leurs affinit\u00e9s confr\u00e9riques.<\/p>\n<p><strong>\u00a0 \u00a0 \u00a0 \u00a0 \u00a0 \u00a0 \u00a0 \u00a0 \u00a0 \u00a0 \u00a0 \u00a0 \u00a0 \u00a0 \u00a0 \u00a0 \u00a0 \u00a0 \u00a0 \u00a0 \u00a0 \u00a0 \u00a0 \u00a0 \u00a0 \u00a0 \u00a0 \u00a0 Une sc\u00e8ne politique o\u00f9 la violence r\u00e8gne en ma\u00eetresse<\/strong><\/p>\n<p>A peine avons-nous fini de d\u00e9plorer la violence lors des r\u00e9cents \u00e9v\u00e8nements r\u00e9cents qui accablent les jeunes, ce sont des adultes cette fois-ci qui ont pris le relais. Les \u00e9v\u00e9nements de ces mois pass\u00e9s montrent \u00e0 quel point la violence s\u2019est install\u00e9e dans la soci\u00e9t\u00e9 s\u00e9n\u00e9galaise et surtout dans le monde politique. En t\u00e9moignent les sc\u00e8nes d\u2019une violence inou\u00efe qui ont \u00e9t\u00e9 enregistr\u00e9es, dimanche 21 mars \u00e0 Pikine o\u00f9 la coalition \u00ab Benno Bokk Yaakaar \u00bb avait battu le rappel des troupes, le temps d\u2019une assembl\u00e9e g\u00e9n\u00e9rale. L\u2019\u00e9v\u00e8nement s\u2019est termin\u00e9 dans une ambiance de rixe, de coups de poing, de jets de pierres et d\u2019usage de bombes \u00e0 gaz. Etaient pr\u00e9sents le ministre de l\u2019Environnement et du D\u00e9veloppement durable Abdou Karim Sall, initiateur de la rencontre, le coordinateur d\u00e9partemental et maire de Pikine Abdoulaye Thimbo, le d\u00e9put\u00e9 Awa Niang, les maires de la commune de Pikine-Ouest Pape Gorgui Ndong et de Yeumbeul Nord Daouda Ndiaye, etc.<\/p>\n<p>A Agnam (Matam), le ministre de la justice Me Malick Sall qui assistait \u00e0 un meeting organis\u00e9 par Farba Ngom a fait de graves accusations, si l'on\u00a0 en croit le journal l'As. Au cours de cette rencontre, affirmant que ce sont les partisans d\u2019Ousmane Sonko qui ont tu\u00e9 une bonne partie des personnes mortes lors des r\u00e9centes\u00a0 manifestations. Toujours dans son discours, le ministre a voulu faire croire que ce qui s\u2019est pass\u00e9 devrait \u00eatre analys\u00e9 sous un angle religieux avec l\u2019intrusion dans le pays de mouvements salafistes et islamistes qui veulent saper la stabilit\u00e9 du S\u00e9n\u00e9gal. Une d\u00e9claration qui, \u00e0 coup s\u00fbr, vise Ousmane Sonko, commente le journal.<\/p>\n<p>Ce lundi 22 mars, en visite au si\u00e8ge de la coalition citoyenne \u201cLe peuple\u201d, le leader de Pastef a laiss\u00e9 entendre que le pouvoir serait pr\u00eat \u00e0 fomenter un acte terroriste pour le mettre sur son dos. \"<em>Il y a un autre complot qui se pr\u00e9pare. Le prochain sera li\u00e9 au terrorisme. Ils ont trait\u00e9 tout le peuple s\u00e9n\u00e9galais de terroriste\"<\/em>, a t-il indiqu\u00e9. Avant d\u2019alerter : \"<em>\u00c7a ne m\u2019\u00e9tonnerait pas, dans les prochains jours, qu\u2019un acte jug\u00e9 terroriste soit foment\u00e9 pour cr\u00e9diter cette th\u00e8se<\/em>.\" Aussi demande-t-il aux S\u00e9n\u00e9galais d\u2019\u00eatre vigilants.<\/p>\n<p>Des sc\u00e8nes et d\u00e9clarations qui se passent de commentaires. Sur la sc\u00e8ne politique s\u00e9n\u00e9galaise, l'on est de plus en plus en pr\u00e9sence de gladiateurs comme dans une ar\u00e8ne sans fronti\u00e8res o\u00f9 tous les coups semblent permis. Invectives, injures, insultes contre intimidations, menaces et arrestations arbitraires. Jusqu\u2019o\u00f9 ira-t-on ? Cette situation, \u00e0 la lisi\u00e8re de l\u2019anarchie, se traduit tout simplement par un affaissement du niveau du discours. De la bave en lieu et place de la parole calibr\u00e9e et pens\u00e9e. On ne s\u2019\u00e9coute plus, ne discute plus. On a beau parcourir les plateaux de t\u00e9l\u00e9, mais les interlocuteurs de diff\u00e9rents camps qui s\u2019arrachent la parole, en bandant les biceps, ne rivalisent que sur le registre de \u00ab qui a cri\u00e9 plus\u00bb pour noyer dans un flot infernal de d\u00e9cibels, les \u2018\u2019arguments\u2019\u2019 de la partie adverse. Et le v\u00e9ritable probl\u00e8me proc\u00e8de de la faillite d\u2019une certaine intelligence de la politique qui est la cons\u00e9quence ou la cause (peu importe) de l\u2019ensauvagement de l\u2019espace politique. Il est clair que le d\u00e9ficit d\u2019encadrement politique produit des nouvelles \u00e9lites fougueuses mais sans g\u00e9nie, comme le d\u00e9ficit d\u2019encadrement dans les r\u00e9dactions a donn\u00e9 une g\u00e9n\u00e9ration de journalistes moins talentueux que leurs a\u00een\u00e9s.<\/p>\n<div class='share-to-whatsapp-wrapper'><div class='share-on-whsp'>PARTAGER SUR : <\/div><a data-text='IDIOVISUEL - Au c\u0153ur d\u2019une impasse !' data-link='https:\/\/www.nettali.com\/2021\/03\/23\/idiovisuel-au-coeur-dune-impasse\/' class='whatsapp-button whatsapp-share'>WhatsApp<\/a><div class='clear '><\/div><\/div>","protected":false},"excerpt":{"rendered":"<p>NETTALI.COM - Le feuilleton du dossier Adji Sarr-Ousmane Sonko se poursuit avec la r\u00e9cente sortie de la jeune femme qui a \u00e9voqu\u00e9 les circonstances de ses rapports avec Ousmane Sonko et fourni des d\u00e9tails de leur suppos\u00e9e intimit\u00e9. Des propos imm\u00e9diatement d\u00e9mentis par son ex- patronne. Bref une affaire qui nous propulse sur des sentiers [&hellip;]<\/p>\n","protected":false},"author":2,"featured_media":60489,"comment_status":"open","ping_status":"open","sticky":false,"template":"","format":"standard","meta":{"_et_pb_use_builder":"","_et_pb_old_content":""},"categories":[9],"tags":[],"yoast_head":"<!-- This site is optimized with the Yoast SEO Premium plugin v17.8 (Yoast SEO v17.8) - https:\/\/yoast.com\/wordpress\/plugins\/seo\/ -->\n<title>IDIOVISUEL - Au c\u0153ur d\u2019une impasse ! | Nettali.com<\/title>\n<meta name=\"robots\" content=\"index, follow, max-snippet:-1, max-image-preview:large, max-video-preview:-1\" \/>\n<link rel=\"canonical\" href=\"https:\/\/www.nettali.com\/2021\/03\/23\/idiovisuel-au-coeur-dune-impasse\/\" \/>\n<meta property=\"og:locale\" content=\"fr_FR\" \/>\n<meta property=\"og:type\" content=\"article\" \/>\n<meta property=\"og:title\" content=\"IDIOVISUEL - Au c\u0153ur d\u2019une impasse !\" \/>\n<meta property=\"og:description\" content=\"NETTALI.COM - Le feuilleton du dossier Adji Sarr-Ousmane Sonko se poursuit avec la r\u00e9cente sortie de la jeune femme qui a \u00e9voqu\u00e9 les circonstances de ses rapports avec Ousmane Sonko et fourni des d\u00e9tails de leur suppos\u00e9e intimit\u00e9. Des propos imm\u00e9diatement d\u00e9mentis par son ex- patronne. Bref une affaire qui nous propulse sur des sentiers [&hellip;]\" \/>\n<meta property=\"og:url\" content=\"https:\/\/www.nettali.com\/2021\/03\/23\/idiovisuel-au-coeur-dune-impasse\/\" \/>\n<meta property=\"og:site_name\" content=\"Nettali.com\" \/>\n<meta property=\"article:publisher\" content=\"https:\/\/www.facebook.com\/nettalicom\" \/>\n<meta property=\"article:published_time\" content=\"2021-03-23T16:00:36+00:00\" \/>\n<meta property=\"article:modified_time\" content=\"2021-03-25T10:04:09+00:00\" \/>\n<meta property=\"og:image\" content=\"https:\/\/www.nettali.com\/wp-content\/uploads\/2021\/03\/ndour-sarr-ndiaye.jpg\" \/>\n\t<meta property=\"og:image:width\" content=\"1280\" \/>\n\t<meta property=\"og:image:height\" content=\"600\" \/>\n<meta name=\"twitter:card\" content=\"summary_large_image\" \/>\n<meta name=\"twitter:label1\" content=\"\u00c9crit par\" \/>\n\t<meta name=\"twitter:data1\" content=\"CK\" \/>\n\t<meta name=\"twitter:label2\" content=\"Dur\u00e9e de lecture estim\u00e9e\" \/>\n\t<meta name=\"twitter:data2\" content=\"17 minutes\" \/>\n<script type=\"application\/ld+json\" class=\"yoast-schema-graph\">{\"@context\":\"https:\/\/schema.org\",\"@graph\":[{\"@type\":\"WebSite\",\"@id\":\"https:\/\/www.nettali.com\/#website\",\"url\":\"https:\/\/www.nettali.com\/\",\"name\":\"Nettali.com\",\"description\":\"Le rendez-vous critique du Net\",\"potentialAction\":[{\"@type\":\"SearchAction\",\"target\":{\"@type\":\"EntryPoint\",\"urlTemplate\":\"https:\/\/www.nettali.com\/?s={search_term_string}\"},\"query-input\":\"required name=search_term_string\"}],\"inLanguage\":\"fr-FR\"},{\"@type\":\"ImageObject\",\"@id\":\"https:\/\/www.nettali.com\/2021\/03\/23\/idiovisuel-au-coeur-dune-impasse\/#primaryimage\",\"inLanguage\":\"fr-FR\",\"url\":\"https:\/\/www.nettali.com\/wp-content\/uploads\/2021\/03\/ndour-sarr-ndiaye.jpg\",\"contentUrl\":\"https:\/\/www.nettali.com\/wp-content\/uploads\/2021\/03\/ndour-sarr-ndiaye.jpg\",\"width\":1280,\"height\":600},{\"@type\":\"WebPage\",\"@id\":\"https:\/\/www.nettali.com\/2021\/03\/23\/idiovisuel-au-coeur-dune-impasse\/#webpage\",\"url\":\"https:\/\/www.nettali.com\/2021\/03\/23\/idiovisuel-au-coeur-dune-impasse\/\",\"name\":\"IDIOVISUEL - Au c\\u0153ur d\\u2019une impasse ! | Nettali.com\",\"isPartOf\":{\"@id\":\"https:\/\/www.nettali.com\/#website\"},\"primaryImageOfPage\":{\"@id\":\"https:\/\/www.nettali.com\/2021\/03\/23\/idiovisuel-au-coeur-dune-impasse\/#primaryimage\"},\"datePublished\":\"2021-03-23T16:00:36+00:00\",\"dateModified\":\"2021-03-25T10:04:09+00:00\",\"author\":{\"@id\":\"https:\/\/www.nettali.com\/#\/schema\/person\/d8ac7b7e27ddad43f1c0d2ef090d7f71\"},\"breadcrumb\":{\"@id\":\"https:\/\/www.nettali.com\/2021\/03\/23\/idiovisuel-au-coeur-dune-impasse\/#breadcrumb\"},\"inLanguage\":\"fr-FR\",\"potentialAction\":[{\"@type\":\"ReadAction\",\"target\":[\"https:\/\/www.nettali.com\/2021\/03\/23\/idiovisuel-au-coeur-dune-impasse\/\"]}]},{\"@type\":\"BreadcrumbList\",\"@id\":\"https:\/\/www.nettali.com\/2021\/03\/23\/idiovisuel-au-coeur-dune-impasse\/#breadcrumb\",\"itemListElement\":[{\"@type\":\"ListItem\",\"position\":1,\"name\":\"Accueil\",\"item\":\"https:\/\/www.nettali.com\/\"},{\"@type\":\"ListItem\",\"position\":2,\"name\":\"IDIOVISUEL &#8211; Au c\\u0153ur d\\u2019une impasse !\"}]},{\"@type\":\"Person\",\"@id\":\"https:\/\/www.nettali.com\/#\/schema\/person\/d8ac7b7e27ddad43f1c0d2ef090d7f71\",\"name\":\"CK\",\"image\":{\"@type\":\"ImageObject\",\"@id\":\"https:\/\/www.nettali.com\/#personlogo\",\"inLanguage\":\"fr-FR\",\"url\":\"https:\/\/secure.gravatar.com\/avatar\/1d8d5118b9327d94da7cd4ce7f17fec2?s=96&d=mm&r=g\",\"contentUrl\":\"https:\/\/secure.gravatar.com\/avatar\/1d8d5118b9327d94da7cd4ce7f17fec2?s=96&d=mm&r=g\",\"caption\":\"CK\"},\"sameAs\":[\"https:\/\/www.nettali.com\"]}]}<\/script>\n<!-- \/ Yoast SEO Premium plugin. -->","yoast_head_json":{"title":"IDIOVISUEL - Au c\u0153ur d\u2019une impasse ! | Nettali.com","robots":{"index":"index","follow":"follow","max-snippet":"max-snippet:-1","max-image-preview":"max-image-preview:large","max-video-preview":"max-video-preview:-1"},"canonical":"https:\/\/www.nettali.com\/2021\/03\/23\/idiovisuel-au-coeur-dune-impasse\/","og_locale":"fr_FR","og_type":"article","og_title":"IDIOVISUEL - Au c\u0153ur d\u2019une impasse !","og_description":"NETTALI.COM - Le feuilleton du dossier Adji Sarr-Ousmane Sonko se poursuit avec la r\u00e9cente sortie de la jeune femme qui a \u00e9voqu\u00e9 les circonstances de ses rapports avec Ousmane Sonko et fourni des d\u00e9tails de leur suppos\u00e9e intimit\u00e9. Des propos imm\u00e9diatement d\u00e9mentis par son ex- patronne. Bref une affaire qui nous propulse sur des sentiers [&hellip;]","og_url":"https:\/\/www.nettali.com\/2021\/03\/23\/idiovisuel-au-coeur-dune-impasse\/","og_site_name":"Nettali.com","article_publisher":"https:\/\/www.facebook.com\/nettalicom","article_published_time":"2021-03-23T16:00:36+00:00","article_modified_time":"2021-03-25T10:04:09+00:00","og_image":[{"width":1280,"height":600,"url":"https:\/\/www.nettali.com\/wp-content\/uploads\/2021\/03\/ndour-sarr-ndiaye.jpg","type":"image\/jpeg"}],"twitter_card":"summary_large_image","twitter_misc":{"\u00c9crit par":"CK","Dur\u00e9e de lecture estim\u00e9e":"17 minutes"},"schema":{"@context":"https:\/\/schema.org","@graph":[{"@type":"WebSite","@id":"https:\/\/www.nettali.com\/#website","url":"https:\/\/www.nettali.com\/","name":"Nettali.com","description":"Le rendez-vous critique du Net","potentialAction":[{"@type":"SearchAction","target":{"@type":"EntryPoint","urlTemplate":"https:\/\/www.nettali.com\/?s={search_term_string}"},"query-input":"required name=search_term_string"}],"inLanguage":"fr-FR"},{"@type":"ImageObject","@id":"https:\/\/www.nettali.com\/2021\/03\/23\/idiovisuel-au-coeur-dune-impasse\/#primaryimage","inLanguage":"fr-FR","url":"https:\/\/www.nettali.com\/wp-content\/uploads\/2021\/03\/ndour-sarr-ndiaye.jpg","contentUrl":"https:\/\/www.nettali.com\/wp-content\/uploads\/2021\/03\/ndour-sarr-ndiaye.jpg","width":1280,"height":600},{"@type":"WebPage","@id":"https:\/\/www.nettali.com\/2021\/03\/23\/idiovisuel-au-coeur-dune-impasse\/#webpage","url":"https:\/\/www.nettali.com\/2021\/03\/23\/idiovisuel-au-coeur-dune-impasse\/","name":"IDIOVISUEL - Au c\u0153ur d\u2019une impasse ! | Nettali.com","isPartOf":{"@id":"https:\/\/www.nettali.com\/#website"},"primaryImageOfPage":{"@id":"https:\/\/www.nettali.com\/2021\/03\/23\/idiovisuel-au-coeur-dune-impasse\/#primaryimage"},"datePublished":"2021-03-23T16:00:36+00:00","dateModified":"2021-03-25T10:04:09+00:00","author":{"@id":"https:\/\/www.nettali.com\/#\/schema\/person\/d8ac7b7e27ddad43f1c0d2ef090d7f71"},"breadcrumb":{"@id":"https:\/\/www.nettali.com\/2021\/03\/23\/idiovisuel-au-coeur-dune-impasse\/#breadcrumb"},"inLanguage":"fr-FR","potentialAction":[{"@type":"ReadAction","target":["https:\/\/www.nettali.com\/2021\/03\/23\/idiovisuel-au-coeur-dune-impasse\/"]}]},{"@type":"BreadcrumbList","@id":"https:\/\/www.nettali.com\/2021\/03\/23\/idiovisuel-au-coeur-dune-impasse\/#breadcrumb","itemListElement":[{"@type":"ListItem","position":1,"name":"Accueil","item":"https:\/\/www.nettali.com\/"},{"@type":"ListItem","position":2,"name":"IDIOVISUEL &#8211; Au c\u0153ur d\u2019une impasse !"}]},{"@type":"Person","@id":"https:\/\/www.nettali.com\/#\/schema\/person\/d8ac7b7e27ddad43f1c0d2ef090d7f71","name":"CK","image":{"@type":"ImageObject","@id":"https:\/\/www.nettali.com\/#personlogo","inLanguage":"fr-FR","url":"https:\/\/secure.gravatar.com\/avatar\/1d8d5118b9327d94da7cd4ce7f17fec2?s=96&d=mm&r=g","contentUrl":"https:\/\/secure.gravatar.com\/avatar\/1d8d5118b9327d94da7cd4ce7f17fec2?s=96&d=mm&r=g","caption":"CK"},"sameAs":["https:\/\/www.nettali.com"]}]}},"_links":{"self":[{"href":"https:\/\/www.nettali.com\/rest\/wp\/v2\/posts\/60461"}],"collection":[{"href":"https:\/\/www.nettali.com\/rest\/wp\/v2\/posts"}],"about":[{"href":"https:\/\/www.nettali.com\/rest\/wp\/v2\/types\/post"}],"author":[{"embeddable":true,"href":"https:\/\/www.nettali.com\/rest\/wp\/v2\/users\/2"}],"replies":[{"embeddable":true,"href":"https:\/\/www.nettali.com\/rest\/wp\/v2\/comments?post=60461"}],"version-history":[{"count":3,"href":"https:\/\/www.nettali.com\/rest\/wp\/v2\/posts\/60461\/revisions"}],"predecessor-version":[{"id":60499,"href":"https:\/\/www.nettali.com\/rest\/wp\/v2\/posts\/60461\/revisions\/60499"}],"wp:featuredmedia":[{"embeddable":true,"href":"https:\/\/www.nettali.com\/rest\/wp\/v2\/media\/60489"}],"wp:attachment":[{"href":"https:\/\/www.nettali.com\/rest\/wp\/v2\/media?parent=60461"}],"wp:term":[{"taxonomy":"category","embeddable":true,"href":"https:\/\/www.nettali.com\/rest\/wp\/v2\/categories?post=60461"},{"taxonomy":"post_tag","embeddable":true,"href":"https:\/\/www.nettali.com\/rest\/wp\/v2\/tags?post=60461"}],"curies":[{"name":"wp","href":"https:\/\/api.w.org\/{rel}","templated":true}]}}