{"id":60442,"date":"2021-03-22T18:55:31","date_gmt":"2021-03-22T18:55:31","guid":{"rendered":"https:\/\/www.nettali.com\/?p=60442"},"modified":"2021-03-22T18:55:31","modified_gmt":"2021-03-22T18:55:31","slug":"or-produit-au-senegal-la-colere-des-bijoutiers","status":"publish","type":"post","link":"https:\/\/www.nettali.com\/2021\/03\/22\/or-produit-au-senegal-la-colere-des-bijoutiers\/","title":{"rendered":"OR PRODUIT AU SENEGAL \u2013 La col\u00e8re des bijoutiers"},"content":{"rendered":"<p><strong>NETTALI.COM \u2013 L\u2019Association nationale des bijoutiers du S\u00e9n\u00e9gal pointe le syst\u00e8me de taxation en vigueur, dit qu\u2019elle ne profite pas de l\u2019or produit au pays de la Teranga. <\/strong><\/p>\n<p>Le comptoir d\u2019achat mis en place par l\u2019Association nationale des bijoutiers du S\u00e9n\u00e9gal n\u2019a re\u00e7u, \u00e0 ce jour, aucun gramme d\u2019or, depuis son existence en 2017, du fait de la contrainte majeure qu\u2019est la TVA de 18 % qui rend l'or trop cher et hors de port\u00e9e des bijoutiers et de la client\u00e8le. C\u2019est ce qu\u2019a r\u00e9v\u00e9l\u00e9 son pr\u00e9sident Ibrahima.<\/p>\n<p>D\u2019apr\u00e8s lui, cette taxe \u201cn\u2019existe dans aucun pays du monde\u2019\u2019. \u201cNous sommes au regret de constater que tout l\u2019or de Sabadola est destin\u00e9 \u00e0 l\u2019exportation, alors que la r\u00e9forme constitutionnelle de 2016 a donn\u00e9 aux citoyens des droits sur leurs ressources naturelles et mini\u00e8res. Avec les difficult\u00e9s d\u2019approvisionnement, le secteur de la bijouterie est en train de s\u2019effondrer et beaucoup de jeunes ont d\u00e9sert\u00e9 les ateliers pour l\u2019\u00e9migration clandestine\u2019\u2019, a dit M. Niang. Au fait, lors de son discours \u00e0 la Nation du 3 avril 2013, le pr\u00e9sident de la R\u00e9publique Macky Sall avait affirm\u00e9, avec force, que s'agissant de la vocation mini\u00e8re du pays, il \u00e9tait heureux d'annoncer qu'elle se confirme, avec l'accord novateur que le gouvernement qui venait de conclure. Il donnait une plus grande envergure \u00e0 l'exploitation de la mine d'or de Sabadola. Et pour la premi\u00e8re fois, dans un tel accord, il avait obtenu qu'une partie de l'or de Sabadola soit commercialis\u00e9e sur le march\u00e9 national, pour diversifier les sources d'approvisionnement de la fili\u00e8re et g\u00e9n\u00e9rer de nouvelles activit\u00e9s, notamment pour les bijoutiers s\u00e9n\u00e9galais.<\/p>\n<p>Le pr\u00e9sident de l\u2019Association nationale des bijoutiers informe qu\u2019apr\u00e8s de longues concertations et de fructueux \u00e9changes, ils ont eu \u00e0 faire plusieurs r\u00e9clamations. Il s\u2019agit de l\u2019approvisionnement de leur comptoir d\u2019achat en mati\u00e8res premi\u00e8res (or, argent) pour contribuer \u00e0 la lutte contre le recel et ainsi amoindrir les risques encourus par les bijoutiers, une fiscalit\u00e9 adapt\u00e9e au secteur de la bijouterie. Mais, aussi, de l\u2019implication des acteurs dans la d\u00e9livrance des licences d\u2019importation, de la prise en charge de la bijouterie par le Projet d\u2019employabilit\u00e9 des jeunes par l\u2019apprentissage (Peja) et du renforcement des capacit\u00e9s des ma\u00eetres bijoutiers. A cela s\u2019ajoute la cr\u00e9ation d\u2019un \u201cMarket Gold\u2019\u2019 moderne qui englobe toute la chaine de valeur, de la raffinerie \u00e0 la commercialisation, en passant par la production. \u201cNous tenons aussi \u00e0 attirer l\u2019attention des S\u00e9n\u00e9galaises sur les dangers li\u00e9s au port de bijoux fantaisistes \u00e0 base de plomb qui peut affecter s\u00e9rieusement leur sant\u00e9.<\/p>\n<p>Pour terminer, malgr\u00e9 nos demandes d\u2019audience adress\u00e9es au chef de l\u2019Etat qui n\u2019ont connu aucune suite, nous r\u00e9it\u00e9rons notre engagement au service de la bijouterie et au d\u00e9veloppement \u00e9conomique de ce pays\u2019\u2019, a conclu M. Niang.<\/p>\n<div class='share-to-whatsapp-wrapper'><div class='share-on-whsp'>PARTAGER SUR : <\/div><a data-text='OR PRODUIT AU SENEGAL \u2013 La col\u00e8re des bijoutiers' data-link='https:\/\/www.nettali.com\/2021\/03\/22\/or-produit-au-senegal-la-colere-des-bijoutiers\/' class='whatsapp-button whatsapp-share'>WhatsApp<\/a><div class='clear '><\/div><\/div>","protected":false},"excerpt":{"rendered":"<p>NETTALI.COM \u2013 L\u2019Association nationale des bijoutiers du S\u00e9n\u00e9gal pointe le syst\u00e8me de taxation en vigueur, dit qu\u2019elle ne profite pas de l\u2019or produit au pays de la Teranga. Le comptoir d\u2019achat mis en place par l\u2019Association nationale des bijoutiers du S\u00e9n\u00e9gal n\u2019a re\u00e7u, \u00e0 ce jour, aucun gramme d\u2019or, depuis son existence en 2017, du [&hellip;]<\/p>\n","protected":false},"author":11,"featured_media":60443,"comment_status":"open","ping_status":"open","sticky":false,"template":"","format":"standard","meta":{"_et_pb_use_builder":"","_et_pb_old_content":""},"categories":[3],"tags":[],"yoast_head":"<!-- This site is optimized with the Yoast SEO Premium plugin v17.8 (Yoast SEO v17.8) - https:\/\/yoast.com\/wordpress\/plugins\/seo\/ -->\n<title>OR PRODUIT AU SENEGAL \u2013 La col\u00e8re des bijoutiers | Nettali.com<\/title>\n<meta name=\"robots\" content=\"index, follow, max-snippet:-1, max-image-preview:large, max-video-preview:-1\" \/>\n<link rel=\"canonical\" href=\"https:\/\/www.nettali.com\/2021\/03\/22\/or-produit-au-senegal-la-colere-des-bijoutiers\/\" \/>\n<meta property=\"og:locale\" content=\"fr_FR\" \/>\n<meta property=\"og:type\" content=\"article\" \/>\n<meta property=\"og:title\" content=\"OR PRODUIT AU SENEGAL \u2013 La col\u00e8re des bijoutiers\" \/>\n<meta property=\"og:description\" content=\"NETTALI.COM \u2013 L\u2019Association nationale des bijoutiers du S\u00e9n\u00e9gal pointe le syst\u00e8me de taxation en vigueur, dit qu\u2019elle ne profite pas de l\u2019or produit au pays de la Teranga. Le comptoir d\u2019achat mis en place par l\u2019Association nationale des bijoutiers du S\u00e9n\u00e9gal n\u2019a re\u00e7u, \u00e0 ce jour, aucun gramme d\u2019or, depuis son existence en 2017, du [&hellip;]\" \/>\n<meta property=\"og:url\" content=\"https:\/\/www.nettali.com\/2021\/03\/22\/or-produit-au-senegal-la-colere-des-bijoutiers\/\" \/>\n<meta property=\"og:site_name\" content=\"Nettali.com\" \/>\n<meta property=\"article:publisher\" content=\"https:\/\/www.facebook.com\/nettalicom\" \/>\n<meta property=\"article:published_time\" content=\"2021-03-22T18:55:31+00:00\" \/>\n<meta property=\"og:image\" content=\"https:\/\/www.nettali.com\/wp-content\/uploads\/2021\/03\/bijoutiers.jpg\" \/>\n\t<meta property=\"og:image:width\" content=\"1280\" \/>\n\t<meta property=\"og:image:height\" content=\"720\" \/>\n<meta name=\"twitter:card\" content=\"summary_large_image\" \/>\n<meta name=\"twitter:label1\" content=\"\u00c9crit par\" \/>\n\t<meta name=\"twitter:data1\" content=\"Thierno Diop\" \/>\n\t<meta name=\"twitter:label2\" content=\"Dur\u00e9e de lecture estim\u00e9e\" \/>\n\t<meta name=\"twitter:data2\" content=\"3 minutes\" \/>\n<script type=\"application\/ld+json\" class=\"yoast-schema-graph\">{\"@context\":\"https:\/\/schema.org\",\"@graph\":[{\"@type\":\"WebSite\",\"@id\":\"https:\/\/www.nettali.com\/#website\",\"url\":\"https:\/\/www.nettali.com\/\",\"name\":\"Nettali.com\",\"description\":\"Le rendez-vous critique du Net\",\"potentialAction\":[{\"@type\":\"SearchAction\",\"target\":{\"@type\":\"EntryPoint\",\"urlTemplate\":\"https:\/\/www.nettali.com\/?s={search_term_string}\"},\"query-input\":\"required name=search_term_string\"}],\"inLanguage\":\"fr-FR\"},{\"@type\":\"ImageObject\",\"@id\":\"https:\/\/www.nettali.com\/2021\/03\/22\/or-produit-au-senegal-la-colere-des-bijoutiers\/#primaryimage\",\"inLanguage\":\"fr-FR\",\"url\":\"https:\/\/www.nettali.com\/wp-content\/uploads\/2021\/03\/bijoutiers.jpg\",\"contentUrl\":\"https:\/\/www.nettali.com\/wp-content\/uploads\/2021\/03\/bijoutiers.jpg\",\"width\":1280,\"height\":720},{\"@type\":\"WebPage\",\"@id\":\"https:\/\/www.nettali.com\/2021\/03\/22\/or-produit-au-senegal-la-colere-des-bijoutiers\/#webpage\",\"url\":\"https:\/\/www.nettali.com\/2021\/03\/22\/or-produit-au-senegal-la-colere-des-bijoutiers\/\",\"name\":\"OR PRODUIT AU SENEGAL \\u2013 La col\\u00e8re des bijoutiers | Nettali.com\",\"isPartOf\":{\"@id\":\"https:\/\/www.nettali.com\/#website\"},\"primaryImageOfPage\":{\"@id\":\"https:\/\/www.nettali.com\/2021\/03\/22\/or-produit-au-senegal-la-colere-des-bijoutiers\/#primaryimage\"},\"datePublished\":\"2021-03-22T18:55:31+00:00\",\"dateModified\":\"2021-03-22T18:55:31+00:00\",\"author\":{\"@id\":\"https:\/\/www.nettali.com\/#\/schema\/person\/8a06c6bd7b19304cf4bf985862900b5b\"},\"breadcrumb\":{\"@id\":\"https:\/\/www.nettali.com\/2021\/03\/22\/or-produit-au-senegal-la-colere-des-bijoutiers\/#breadcrumb\"},\"inLanguage\":\"fr-FR\",\"potentialAction\":[{\"@type\":\"ReadAction\",\"target\":[\"https:\/\/www.nettali.com\/2021\/03\/22\/or-produit-au-senegal-la-colere-des-bijoutiers\/\"]}]},{\"@type\":\"BreadcrumbList\",\"@id\":\"https:\/\/www.nettali.com\/2021\/03\/22\/or-produit-au-senegal-la-colere-des-bijoutiers\/#breadcrumb\",\"itemListElement\":[{\"@type\":\"ListItem\",\"position\":1,\"name\":\"Accueil\",\"item\":\"https:\/\/www.nettali.com\/\"},{\"@type\":\"ListItem\",\"position\":2,\"name\":\"OR PRODUIT AU SENEGAL \\u2013 La col\\u00e8re des bijoutiers\"}]},{\"@type\":\"Person\",\"@id\":\"https:\/\/www.nettali.com\/#\/schema\/person\/8a06c6bd7b19304cf4bf985862900b5b\",\"name\":\"Thierno Diop\",\"image\":{\"@type\":\"ImageObject\",\"@id\":\"https:\/\/www.nettali.com\/#personlogo\",\"inLanguage\":\"fr-FR\",\"url\":\"https:\/\/secure.gravatar.com\/avatar\/c8ca58550c94fd2ac856d27391a6c866?s=96&d=mm&r=g\",\"contentUrl\":\"https:\/\/secure.gravatar.com\/avatar\/c8ca58550c94fd2ac856d27391a6c866?s=96&d=mm&r=g\",\"caption\":\"Thierno Diop\"},\"sameAs\":[\"https:\/\/nettali.com\"]}]}<\/script>\n<!-- \/ Yoast SEO Premium plugin. -->","yoast_head_json":{"title":"OR PRODUIT AU SENEGAL \u2013 La col\u00e8re des bijoutiers | Nettali.com","robots":{"index":"index","follow":"follow","max-snippet":"max-snippet:-1","max-image-preview":"max-image-preview:large","max-video-preview":"max-video-preview:-1"},"canonical":"https:\/\/www.nettali.com\/2021\/03\/22\/or-produit-au-senegal-la-colere-des-bijoutiers\/","og_locale":"fr_FR","og_type":"article","og_title":"OR PRODUIT AU SENEGAL \u2013 La col\u00e8re des bijoutiers","og_description":"NETTALI.COM \u2013 L\u2019Association nationale des bijoutiers du S\u00e9n\u00e9gal pointe le syst\u00e8me de taxation en vigueur, dit qu\u2019elle ne profite pas de l\u2019or produit au pays de la Teranga. Le comptoir d\u2019achat mis en place par l\u2019Association nationale des bijoutiers du S\u00e9n\u00e9gal n\u2019a re\u00e7u, \u00e0 ce jour, aucun gramme d\u2019or, depuis son existence en 2017, du [&hellip;]","og_url":"https:\/\/www.nettali.com\/2021\/03\/22\/or-produit-au-senegal-la-colere-des-bijoutiers\/","og_site_name":"Nettali.com","article_publisher":"https:\/\/www.facebook.com\/nettalicom","article_published_time":"2021-03-22T18:55:31+00:00","og_image":[{"width":1280,"height":720,"url":"https:\/\/www.nettali.com\/wp-content\/uploads\/2021\/03\/bijoutiers.jpg","type":"image\/jpeg"}],"twitter_card":"summary_large_image","twitter_misc":{"\u00c9crit par":"Thierno Diop","Dur\u00e9e de lecture estim\u00e9e":"3 minutes"},"schema":{"@context":"https:\/\/schema.org","@graph":[{"@type":"WebSite","@id":"https:\/\/www.nettali.com\/#website","url":"https:\/\/www.nettali.com\/","name":"Nettali.com","description":"Le rendez-vous critique du Net","potentialAction":[{"@type":"SearchAction","target":{"@type":"EntryPoint","urlTemplate":"https:\/\/www.nettali.com\/?s={search_term_string}"},"query-input":"required name=search_term_string"}],"inLanguage":"fr-FR"},{"@type":"ImageObject","@id":"https:\/\/www.nettali.com\/2021\/03\/22\/or-produit-au-senegal-la-colere-des-bijoutiers\/#primaryimage","inLanguage":"fr-FR","url":"https:\/\/www.nettali.com\/wp-content\/uploads\/2021\/03\/bijoutiers.jpg","contentUrl":"https:\/\/www.nettali.com\/wp-content\/uploads\/2021\/03\/bijoutiers.jpg","width":1280,"height":720},{"@type":"WebPage","@id":"https:\/\/www.nettali.com\/2021\/03\/22\/or-produit-au-senegal-la-colere-des-bijoutiers\/#webpage","url":"https:\/\/www.nettali.com\/2021\/03\/22\/or-produit-au-senegal-la-colere-des-bijoutiers\/","name":"OR PRODUIT AU SENEGAL \u2013 La col\u00e8re des bijoutiers | Nettali.com","isPartOf":{"@id":"https:\/\/www.nettali.com\/#website"},"primaryImageOfPage":{"@id":"https:\/\/www.nettali.com\/2021\/03\/22\/or-produit-au-senegal-la-colere-des-bijoutiers\/#primaryimage"},"datePublished":"2021-03-22T18:55:31+00:00","dateModified":"2021-03-22T18:55:31+00:00","author":{"@id":"https:\/\/www.nettali.com\/#\/schema\/person\/8a06c6bd7b19304cf4bf985862900b5b"},"breadcrumb":{"@id":"https:\/\/www.nettali.com\/2021\/03\/22\/or-produit-au-senegal-la-colere-des-bijoutiers\/#breadcrumb"},"inLanguage":"fr-FR","potentialAction":[{"@type":"ReadAction","target":["https:\/\/www.nettali.com\/2021\/03\/22\/or-produit-au-senegal-la-colere-des-bijoutiers\/"]}]},{"@type":"BreadcrumbList","@id":"https:\/\/www.nettali.com\/2021\/03\/22\/or-produit-au-senegal-la-colere-des-bijoutiers\/#breadcrumb","itemListElement":[{"@type":"ListItem","position":1,"name":"Accueil","item":"https:\/\/www.nettali.com\/"},{"@type":"ListItem","position":2,"name":"OR PRODUIT AU SENEGAL \u2013 La col\u00e8re des bijoutiers"}]},{"@type":"Person","@id":"https:\/\/www.nettali.com\/#\/schema\/person\/8a06c6bd7b19304cf4bf985862900b5b","name":"Thierno Diop","image":{"@type":"ImageObject","@id":"https:\/\/www.nettali.com\/#personlogo","inLanguage":"fr-FR","url":"https:\/\/secure.gravatar.com\/avatar\/c8ca58550c94fd2ac856d27391a6c866?s=96&d=mm&r=g","contentUrl":"https:\/\/secure.gravatar.com\/avatar\/c8ca58550c94fd2ac856d27391a6c866?s=96&d=mm&r=g","caption":"Thierno Diop"},"sameAs":["https:\/\/nettali.com"]}]}},"_links":{"self":[{"href":"https:\/\/www.nettali.com\/rest\/wp\/v2\/posts\/60442"}],"collection":[{"href":"https:\/\/www.nettali.com\/rest\/wp\/v2\/posts"}],"about":[{"href":"https:\/\/www.nettali.com\/rest\/wp\/v2\/types\/post"}],"author":[{"embeddable":true,"href":"https:\/\/www.nettali.com\/rest\/wp\/v2\/users\/11"}],"replies":[{"embeddable":true,"href":"https:\/\/www.nettali.com\/rest\/wp\/v2\/comments?post=60442"}],"version-history":[{"count":1,"href":"https:\/\/www.nettali.com\/rest\/wp\/v2\/posts\/60442\/revisions"}],"predecessor-version":[{"id":60444,"href":"https:\/\/www.nettali.com\/rest\/wp\/v2\/posts\/60442\/revisions\/60444"}],"wp:featuredmedia":[{"embeddable":true,"href":"https:\/\/www.nettali.com\/rest\/wp\/v2\/media\/60443"}],"wp:attachment":[{"href":"https:\/\/www.nettali.com\/rest\/wp\/v2\/media?parent=60442"}],"wp:term":[{"taxonomy":"category","embeddable":true,"href":"https:\/\/www.nettali.com\/rest\/wp\/v2\/categories?post=60442"},{"taxonomy":"post_tag","embeddable":true,"href":"https:\/\/www.nettali.com\/rest\/wp\/v2\/tags?post=60442"}],"curies":[{"name":"wp","href":"https:\/\/api.w.org\/{rel}","templated":true}]}}