{"id":60433,"date":"2021-03-22T16:59:21","date_gmt":"2021-03-22T16:59:21","guid":{"rendered":"https:\/\/www.nettali.com\/?p=60433"},"modified":"2021-03-23T10:38:52","modified_gmt":"2021-03-23T10:38:52","slug":"vol-de-1547-sacs-de-farine-aux-grands-moulins-de-dakar-le-vigile-cheikhouna-badji-risque-10-ans-de-reclusion-criminelle","status":"publish","type":"post","link":"https:\/\/www.nettali.com\/2021\/03\/22\/vol-de-1547-sacs-de-farine-aux-grands-moulins-de-dakar-le-vigile-cheikhouna-badji-risque-10-ans-de-reclusion-criminelle\/","title":{"rendered":"VOL DE 1547 SACS DE FARINE AUX GRANDS MOULINS DE DAKAR - Le vigile Cheikhouna Badji risque 10 ans de r\u00e9clusion criminelle"},"content":{"rendered":"<p><strong>NETTALI.COM-10 ans de r\u00e9clusion criminelle, c\u2019est la peine qu\u2019encourt Cheikhouna Badji, attrait ce lundi 22 mars 2021 \u00e0 la barre de la chambre criminelle de Dakar pour association de malfaiteurs et vol en r\u00e9union commis la nuit avec moyen de locomotion au pr\u00e9judice des Grands Moulins de Dakar. <\/strong><\/p>\n<p>Cheikhouna Badji et son acolyte Moustapha Mbaye sont accus\u00e9s d\u2019avoir, en 2017, vol\u00e9 1547 sacs de farine estim\u00e9s \u00e0 21, 658 millions de francs CFA au pr\u00e9judice \u00ab Des grands moulins de Dakar \u00bb. Ce lundi 22 mars 2021, c\u2019est seulement, le vigile qui a comparu \u00e0 la barre de la chambre criminelle de Dakar. Cheikhouna Badji a jou\u00e9 un r\u00f4le crucial dans cette affaire. Chef du service de gardiennage de ladite soci\u00e9t\u00e9, il avait fait changer de poste \u00e0 ses camarades pour les \u00e9loigner de l\u2019endroit o\u00f9 le vol \u00e9tait perp\u00e9tr\u00e9. Les sacs de farine ont \u00e9t\u00e9 embarqu\u00e9s \u00e0 bord de deux camions que son acolyte Moustapha Mbaye a affr\u00e9t\u00e9s.<\/p>\n<p>A la barre, l\u2019accus\u00e9 a reconnu les faits. Il \u00e9voque une maladie cardiaque pour justifier son implication dans cette affaire. A l\u2019en croire, il souffrait d\u2019anomalies cardiaques atroces et devait se subir une op\u00e9ration moyennant 6 millions de francs CFA. Une somme qu\u2019il a n\u2019a pas pu amasser \u00e0 cause des vicissitudes de la vie. C\u2019est sur ces entrefaites qu\u2019il a, avec son acolyte, planifi\u00e9 le vol. \u00ab <em>On n\u2019avait pas marchand\u00e9 sur le prix unitaire des sacs mais on les vendait \u00e0 12 mille francs CFA. Je ne peux pas chiffrer la quantit\u00e9 de sacs de farine vol\u00e9e. Tout ce que je voulais c\u2019est d\u2019avoir des sous pour me soigner<\/em> \u00bb, a fait savoir l\u2019accus\u00e9. En effet, les \u00e9l\u00e9ments enqu\u00eateurs ont retrouv\u00e9 20 tonnes \u00e0 Touba et 948 sacs de farine \u00e0 Tivaouane chez un receleur.<\/p>\n<p>Le procureur, estimant que les faits qui lui sont reproch\u00e9s ne souffrent d\u2019aucune contestation, a requis 10 ans de r\u00e9clusion criminelle contre lui. Selon le ma\u00eetre des poursuites, sa maladie ne justifie pas son acte et la loi doit \u00eatre appliqu\u00e9e dans toute sa rigueur. Les avocats de la d\u00e9fense ont plaid\u00e9 l\u2019\u00e9tat de n\u00e9cessit\u00e9. Selon Me Tall, son client a vol\u00e9 parce qu\u2019il \u00e9tait anim\u00e9 par le sentiment de se d\u00e9barrasser de cette mal\u00e9diction. \u00ab <em>L\u2019\u00e9tat de n\u00e9cessit\u00e9 suppose qu\u2019on sauve un int\u00e9r\u00eat. La vie et la sant\u00e9 n\u2019ont pas de prix. La vie Cheikhouna Badji vaut mieux que les milliards des Grands Moulins de Dakar m\u00eame si je ne cautionne pas le vol<\/em> \u00bb, a plaid\u00e9 Me Tall. Son confr\u00e8re Me Babacar Ndiaye a abond\u00e9 dans le m\u00eame sens. Ce dernier estime que si on \u00e9tait dans un Etat plus juste, dans un Etat o\u00f9 les ressources \u00e9taient \u00e9quitablement partag\u00e9es, il ne volerait pas pour se soigner. Malheureusement, regrette-t-il : \u00ab <em>nous avons un Etat o\u00f9 les ressources sont ill\u00e9galement r\u00e9parties. On a besoin d\u2019un pays juste. Il a besoin d\u2019\u00eatre assist\u00e9 m\u00e9dicalement. Il a vol\u00e9 contre son gr\u00e9. Il n\u2019est pas un bandit<\/em> \u00bb.<\/p>\n<p>L\u2019affaire est mise en d\u00e9lib\u00e9r\u00e9 pour jugement qui sera rendu le 12 avril prochain.<\/p>\n<div class='share-to-whatsapp-wrapper'><div class='share-on-whsp'>PARTAGER SUR : <\/div><a data-text='VOL DE 1547 SACS DE FARINE AUX GRANDS MOULINS DE DAKAR - Le vigile Cheikhouna Badji risque 10 ans de r\u00e9clusion criminelle' data-link='https:\/\/www.nettali.com\/2021\/03\/22\/vol-de-1547-sacs-de-farine-aux-grands-moulins-de-dakar-le-vigile-cheikhouna-badji-risque-10-ans-de-reclusion-criminelle\/' class='whatsapp-button whatsapp-share'>WhatsApp<\/a><div class='clear '><\/div><\/div>","protected":false},"excerpt":{"rendered":"<p>NETTALI.COM-10 ans de r\u00e9clusion criminelle, c\u2019est la peine qu\u2019encourt Cheikhouna Badji, attrait ce lundi 22 mars 2021 \u00e0 la barre de la chambre criminelle de Dakar pour association de malfaiteurs et vol en r\u00e9union commis la nuit avec moyen de locomotion au pr\u00e9judice des Grands Moulins de Dakar. Cheikhouna Badji et son acolyte Moustapha Mbaye [&hellip;]<\/p>\n","protected":false},"author":6,"featured_media":38108,"comment_status":"open","ping_status":"open","sticky":false,"template":"","format":"standard","meta":{"_et_pb_use_builder":"","_et_pb_old_content":""},"categories":[3878,3],"tags":[],"yoast_head":"<!-- This site is optimized with the Yoast SEO Premium plugin v17.8 (Yoast SEO v17.8) - https:\/\/yoast.com\/wordpress\/plugins\/seo\/ -->\n<title>VOL DE 1547 SACS DE FARINE AUX GRANDS MOULINS DE DAKAR - Le vigile Cheikhouna Badji risque 10 ans de r\u00e9clusion criminelle | Nettali.com<\/title>\n<meta name=\"robots\" content=\"index, follow, max-snippet:-1, max-image-preview:large, max-video-preview:-1\" \/>\n<link rel=\"canonical\" href=\"https:\/\/www.nettali.com\/2021\/03\/22\/vol-de-1547-sacs-de-farine-aux-grands-moulins-de-dakar-le-vigile-cheikhouna-badji-risque-10-ans-de-reclusion-criminelle\/\" \/>\n<meta property=\"og:locale\" content=\"fr_FR\" \/>\n<meta property=\"og:type\" content=\"article\" \/>\n<meta property=\"og:title\" content=\"VOL DE 1547 SACS DE FARINE AUX GRANDS MOULINS DE DAKAR - Le vigile Cheikhouna Badji risque 10 ans de r\u00e9clusion criminelle\" \/>\n<meta property=\"og:description\" content=\"NETTALI.COM-10 ans de r\u00e9clusion criminelle, c\u2019est la peine qu\u2019encourt Cheikhouna Badji, attrait ce lundi 22 mars 2021 \u00e0 la barre de la chambre criminelle de Dakar pour association de malfaiteurs et vol en r\u00e9union commis la nuit avec moyen de locomotion au pr\u00e9judice des Grands Moulins de Dakar. Cheikhouna Badji et son acolyte Moustapha Mbaye [&hellip;]\" \/>\n<meta property=\"og:url\" content=\"https:\/\/www.nettali.com\/2021\/03\/22\/vol-de-1547-sacs-de-farine-aux-grands-moulins-de-dakar-le-vigile-cheikhouna-badji-risque-10-ans-de-reclusion-criminelle\/\" \/>\n<meta property=\"og:site_name\" content=\"Nettali.com\" \/>\n<meta property=\"article:publisher\" content=\"https:\/\/www.facebook.com\/nettalicom\" \/>\n<meta property=\"article:published_time\" content=\"2021-03-22T16:59:21+00:00\" \/>\n<meta property=\"article:modified_time\" content=\"2021-03-23T10:38:52+00:00\" \/>\n<meta property=\"og:image\" content=\"https:\/\/www.nettali.com\/wp-content\/uploads\/2020\/06\/gmd.jpg\" \/>\n\t<meta property=\"og:image:width\" content=\"2048\" \/>\n\t<meta property=\"og:image:height\" content=\"936\" \/>\n<meta name=\"twitter:card\" content=\"summary_large_image\" \/>\n<meta name=\"twitter:label1\" content=\"\u00c9crit par\" \/>\n\t<meta name=\"twitter:data1\" content=\"Fatou\" \/>\n\t<meta name=\"twitter:label2\" content=\"Dur\u00e9e de lecture estim\u00e9e\" \/>\n\t<meta name=\"twitter:data2\" content=\"3 minutes\" \/>\n<script type=\"application\/ld+json\" class=\"yoast-schema-graph\">{\"@context\":\"https:\/\/schema.org\",\"@graph\":[{\"@type\":\"WebSite\",\"@id\":\"https:\/\/www.nettali.com\/#website\",\"url\":\"https:\/\/www.nettali.com\/\",\"name\":\"Nettali.com\",\"description\":\"Le rendez-vous critique du Net\",\"potentialAction\":[{\"@type\":\"SearchAction\",\"target\":{\"@type\":\"EntryPoint\",\"urlTemplate\":\"https:\/\/www.nettali.com\/?s={search_term_string}\"},\"query-input\":\"required name=search_term_string\"}],\"inLanguage\":\"fr-FR\"},{\"@type\":\"ImageObject\",\"@id\":\"https:\/\/www.nettali.com\/2021\/03\/22\/vol-de-1547-sacs-de-farine-aux-grands-moulins-de-dakar-le-vigile-cheikhouna-badji-risque-10-ans-de-reclusion-criminelle\/#primaryimage\",\"inLanguage\":\"fr-FR\",\"url\":\"https:\/\/www.nettali.com\/wp-content\/uploads\/2020\/06\/gmd.jpg\",\"contentUrl\":\"https:\/\/www.nettali.com\/wp-content\/uploads\/2020\/06\/gmd.jpg\",\"width\":2048,\"height\":936},{\"@type\":\"WebPage\",\"@id\":\"https:\/\/www.nettali.com\/2021\/03\/22\/vol-de-1547-sacs-de-farine-aux-grands-moulins-de-dakar-le-vigile-cheikhouna-badji-risque-10-ans-de-reclusion-criminelle\/#webpage\",\"url\":\"https:\/\/www.nettali.com\/2021\/03\/22\/vol-de-1547-sacs-de-farine-aux-grands-moulins-de-dakar-le-vigile-cheikhouna-badji-risque-10-ans-de-reclusion-criminelle\/\",\"name\":\"VOL DE 1547 SACS DE FARINE AUX GRANDS MOULINS DE DAKAR - Le vigile Cheikhouna Badji risque 10 ans de r\\u00e9clusion criminelle | Nettali.com\",\"isPartOf\":{\"@id\":\"https:\/\/www.nettali.com\/#website\"},\"primaryImageOfPage\":{\"@id\":\"https:\/\/www.nettali.com\/2021\/03\/22\/vol-de-1547-sacs-de-farine-aux-grands-moulins-de-dakar-le-vigile-cheikhouna-badji-risque-10-ans-de-reclusion-criminelle\/#primaryimage\"},\"datePublished\":\"2021-03-22T16:59:21+00:00\",\"dateModified\":\"2021-03-23T10:38:52+00:00\",\"author\":{\"@id\":\"https:\/\/www.nettali.com\/#\/schema\/person\/418274a86bdf87caff7a3ef476bd0bbf\"},\"breadcrumb\":{\"@id\":\"https:\/\/www.nettali.com\/2021\/03\/22\/vol-de-1547-sacs-de-farine-aux-grands-moulins-de-dakar-le-vigile-cheikhouna-badji-risque-10-ans-de-reclusion-criminelle\/#breadcrumb\"},\"inLanguage\":\"fr-FR\",\"potentialAction\":[{\"@type\":\"ReadAction\",\"target\":[\"https:\/\/www.nettali.com\/2021\/03\/22\/vol-de-1547-sacs-de-farine-aux-grands-moulins-de-dakar-le-vigile-cheikhouna-badji-risque-10-ans-de-reclusion-criminelle\/\"]}]},{\"@type\":\"BreadcrumbList\",\"@id\":\"https:\/\/www.nettali.com\/2021\/03\/22\/vol-de-1547-sacs-de-farine-aux-grands-moulins-de-dakar-le-vigile-cheikhouna-badji-risque-10-ans-de-reclusion-criminelle\/#breadcrumb\",\"itemListElement\":[{\"@type\":\"ListItem\",\"position\":1,\"name\":\"Accueil\",\"item\":\"https:\/\/www.nettali.com\/\"},{\"@type\":\"ListItem\",\"position\":2,\"name\":\"VOL DE 1547 SACS DE FARINE AUX GRANDS MOULINS DE DAKAR &#8211; Le vigile Cheikhouna Badji risque 10 ans de r\\u00e9clusion criminelle\"}]},{\"@type\":\"Person\",\"@id\":\"https:\/\/www.nettali.com\/#\/schema\/person\/418274a86bdf87caff7a3ef476bd0bbf\",\"name\":\"Fatou\",\"image\":{\"@type\":\"ImageObject\",\"@id\":\"https:\/\/www.nettali.com\/#personlogo\",\"inLanguage\":\"fr-FR\",\"url\":\"https:\/\/secure.gravatar.com\/avatar\/5a9442a2bee7b4dcf167cab035858e9a?s=96&d=mm&r=g\",\"contentUrl\":\"https:\/\/secure.gravatar.com\/avatar\/5a9442a2bee7b4dcf167cab035858e9a?s=96&d=mm&r=g\",\"caption\":\"Fatou\"},\"sameAs\":[\"https:\/\/www.nettali.com\"]}]}<\/script>\n<!-- \/ Yoast SEO Premium plugin. -->","yoast_head_json":{"title":"VOL DE 1547 SACS DE FARINE AUX GRANDS MOULINS DE DAKAR - Le vigile Cheikhouna Badji risque 10 ans de r\u00e9clusion criminelle | Nettali.com","robots":{"index":"index","follow":"follow","max-snippet":"max-snippet:-1","max-image-preview":"max-image-preview:large","max-video-preview":"max-video-preview:-1"},"canonical":"https:\/\/www.nettali.com\/2021\/03\/22\/vol-de-1547-sacs-de-farine-aux-grands-moulins-de-dakar-le-vigile-cheikhouna-badji-risque-10-ans-de-reclusion-criminelle\/","og_locale":"fr_FR","og_type":"article","og_title":"VOL DE 1547 SACS DE FARINE AUX GRANDS MOULINS DE DAKAR - Le vigile Cheikhouna Badji risque 10 ans de r\u00e9clusion criminelle","og_description":"NETTALI.COM-10 ans de r\u00e9clusion criminelle, c\u2019est la peine qu\u2019encourt Cheikhouna Badji, attrait ce lundi 22 mars 2021 \u00e0 la barre de la chambre criminelle de Dakar pour association de malfaiteurs et vol en r\u00e9union commis la nuit avec moyen de locomotion au pr\u00e9judice des Grands Moulins de Dakar. Cheikhouna Badji et son acolyte Moustapha Mbaye [&hellip;]","og_url":"https:\/\/www.nettali.com\/2021\/03\/22\/vol-de-1547-sacs-de-farine-aux-grands-moulins-de-dakar-le-vigile-cheikhouna-badji-risque-10-ans-de-reclusion-criminelle\/","og_site_name":"Nettali.com","article_publisher":"https:\/\/www.facebook.com\/nettalicom","article_published_time":"2021-03-22T16:59:21+00:00","article_modified_time":"2021-03-23T10:38:52+00:00","og_image":[{"width":2048,"height":936,"url":"https:\/\/www.nettali.com\/wp-content\/uploads\/2020\/06\/gmd.jpg","type":"image\/jpeg"}],"twitter_card":"summary_large_image","twitter_misc":{"\u00c9crit par":"Fatou","Dur\u00e9e de lecture estim\u00e9e":"3 minutes"},"schema":{"@context":"https:\/\/schema.org","@graph":[{"@type":"WebSite","@id":"https:\/\/www.nettali.com\/#website","url":"https:\/\/www.nettali.com\/","name":"Nettali.com","description":"Le rendez-vous critique du Net","potentialAction":[{"@type":"SearchAction","target":{"@type":"EntryPoint","urlTemplate":"https:\/\/www.nettali.com\/?s={search_term_string}"},"query-input":"required name=search_term_string"}],"inLanguage":"fr-FR"},{"@type":"ImageObject","@id":"https:\/\/www.nettali.com\/2021\/03\/22\/vol-de-1547-sacs-de-farine-aux-grands-moulins-de-dakar-le-vigile-cheikhouna-badji-risque-10-ans-de-reclusion-criminelle\/#primaryimage","inLanguage":"fr-FR","url":"https:\/\/www.nettali.com\/wp-content\/uploads\/2020\/06\/gmd.jpg","contentUrl":"https:\/\/www.nettali.com\/wp-content\/uploads\/2020\/06\/gmd.jpg","width":2048,"height":936},{"@type":"WebPage","@id":"https:\/\/www.nettali.com\/2021\/03\/22\/vol-de-1547-sacs-de-farine-aux-grands-moulins-de-dakar-le-vigile-cheikhouna-badji-risque-10-ans-de-reclusion-criminelle\/#webpage","url":"https:\/\/www.nettali.com\/2021\/03\/22\/vol-de-1547-sacs-de-farine-aux-grands-moulins-de-dakar-le-vigile-cheikhouna-badji-risque-10-ans-de-reclusion-criminelle\/","name":"VOL DE 1547 SACS DE FARINE AUX GRANDS MOULINS DE DAKAR - Le vigile Cheikhouna Badji risque 10 ans de r\u00e9clusion criminelle | Nettali.com","isPartOf":{"@id":"https:\/\/www.nettali.com\/#website"},"primaryImageOfPage":{"@id":"https:\/\/www.nettali.com\/2021\/03\/22\/vol-de-1547-sacs-de-farine-aux-grands-moulins-de-dakar-le-vigile-cheikhouna-badji-risque-10-ans-de-reclusion-criminelle\/#primaryimage"},"datePublished":"2021-03-22T16:59:21+00:00","dateModified":"2021-03-23T10:38:52+00:00","author":{"@id":"https:\/\/www.nettali.com\/#\/schema\/person\/418274a86bdf87caff7a3ef476bd0bbf"},"breadcrumb":{"@id":"https:\/\/www.nettali.com\/2021\/03\/22\/vol-de-1547-sacs-de-farine-aux-grands-moulins-de-dakar-le-vigile-cheikhouna-badji-risque-10-ans-de-reclusion-criminelle\/#breadcrumb"},"inLanguage":"fr-FR","potentialAction":[{"@type":"ReadAction","target":["https:\/\/www.nettali.com\/2021\/03\/22\/vol-de-1547-sacs-de-farine-aux-grands-moulins-de-dakar-le-vigile-cheikhouna-badji-risque-10-ans-de-reclusion-criminelle\/"]}]},{"@type":"BreadcrumbList","@id":"https:\/\/www.nettali.com\/2021\/03\/22\/vol-de-1547-sacs-de-farine-aux-grands-moulins-de-dakar-le-vigile-cheikhouna-badji-risque-10-ans-de-reclusion-criminelle\/#breadcrumb","itemListElement":[{"@type":"ListItem","position":1,"name":"Accueil","item":"https:\/\/www.nettali.com\/"},{"@type":"ListItem","position":2,"name":"VOL DE 1547 SACS DE FARINE AUX GRANDS MOULINS DE DAKAR &#8211; Le vigile Cheikhouna Badji risque 10 ans de r\u00e9clusion criminelle"}]},{"@type":"Person","@id":"https:\/\/www.nettali.com\/#\/schema\/person\/418274a86bdf87caff7a3ef476bd0bbf","name":"Fatou","image":{"@type":"ImageObject","@id":"https:\/\/www.nettali.com\/#personlogo","inLanguage":"fr-FR","url":"https:\/\/secure.gravatar.com\/avatar\/5a9442a2bee7b4dcf167cab035858e9a?s=96&d=mm&r=g","contentUrl":"https:\/\/secure.gravatar.com\/avatar\/5a9442a2bee7b4dcf167cab035858e9a?s=96&d=mm&r=g","caption":"Fatou"},"sameAs":["https:\/\/www.nettali.com"]}]}},"_links":{"self":[{"href":"https:\/\/www.nettali.com\/rest\/wp\/v2\/posts\/60433"}],"collection":[{"href":"https:\/\/www.nettali.com\/rest\/wp\/v2\/posts"}],"about":[{"href":"https:\/\/www.nettali.com\/rest\/wp\/v2\/types\/post"}],"author":[{"embeddable":true,"href":"https:\/\/www.nettali.com\/rest\/wp\/v2\/users\/6"}],"replies":[{"embeddable":true,"href":"https:\/\/www.nettali.com\/rest\/wp\/v2\/comments?post=60433"}],"version-history":[{"count":3,"href":"https:\/\/www.nettali.com\/rest\/wp\/v2\/posts\/60433\/revisions"}],"predecessor-version":[{"id":60437,"href":"https:\/\/www.nettali.com\/rest\/wp\/v2\/posts\/60433\/revisions\/60437"}],"wp:featuredmedia":[{"embeddable":true,"href":"https:\/\/www.nettali.com\/rest\/wp\/v2\/media\/38108"}],"wp:attachment":[{"href":"https:\/\/www.nettali.com\/rest\/wp\/v2\/media?parent=60433"}],"wp:term":[{"taxonomy":"category","embeddable":true,"href":"https:\/\/www.nettali.com\/rest\/wp\/v2\/categories?post=60433"},{"taxonomy":"post_tag","embeddable":true,"href":"https:\/\/www.nettali.com\/rest\/wp\/v2\/tags?post=60433"}],"curies":[{"name":"wp","href":"https:\/\/api.w.org\/{rel}","templated":true}]}}