{"id":60399,"date":"2021-03-22T11:27:49","date_gmt":"2021-03-22T11:27:49","guid":{"rendered":"https:\/\/www.nettali.com\/?p=60399"},"modified":"2021-03-22T11:27:49","modified_gmt":"2021-03-22T11:27:49","slug":"real-zidane-encense-benzema","status":"publish","type":"post","link":"https:\/\/www.nettali.com\/2021\/03\/22\/real-zidane-encense-benzema\/","title":{"rendered":"REAL - Zidane encense Benzema"},"content":{"rendered":"<p><strong>NETTALI.COM - Avec deux buts et une passe d\u00e9cisive, l'attaquant Karim Benzema (33 ans, 24 matchs et 17 buts en Liga cette saison) a encore port\u00e9 le Real Madrid face au Celta Vigo (3-1) en Liga samedi. En conf\u00e9rence de presse, l'entra\u00eeneur des Merengue Zin\u00e9dine Zidane a bien \u00e9videmment encens\u00e9 l'ancien Lyonnais. <\/strong><\/p>\n<p>\"<em>Tu fais bien de me parler de lui parce qu\u2019il est g\u00e9ant. Pour les gens qui aiment le football, voir Karim jouer est un luxe car on peut en profiter. Il faut continuer car il fait la diff\u00e9rence et il sait que ses co\u00e9quipiers sont aussi importants<\/em>\", a appr\u00e9ci\u00e9 le technicien fran\u00e7ais.<\/p>\n<p>Au passage, Zidane a aussi affich\u00e9 sa grande incompr\u00e9hension par rapport \u00e0 l'absence de Benzema en \u00e9quipe de France<\/p>\n<div class='share-to-whatsapp-wrapper'><div class='share-on-whsp'>PARTAGER SUR : <\/div><a data-text='REAL - Zidane encense Benzema' data-link='https:\/\/www.nettali.com\/2021\/03\/22\/real-zidane-encense-benzema\/' class='whatsapp-button whatsapp-share'>WhatsApp<\/a><div class='clear '><\/div><\/div>","protected":false},"excerpt":{"rendered":"<p>NETTALI.COM - Avec deux buts et une passe d\u00e9cisive, l'attaquant Karim Benzema (33 ans, 24 matchs et 17 buts en Liga cette saison) a encore port\u00e9 le Real Madrid face au Celta Vigo (3-1) en Liga samedi. En conf\u00e9rence de presse, l'entra\u00eeneur des Merengue Zin\u00e9dine Zidane a bien \u00e9videmment encens\u00e9 l'ancien Lyonnais. \"Tu fais bien [&hellip;]<\/p>\n","protected":false},"author":2,"featured_media":60405,"comment_status":"open","ping_status":"open","sticky":false,"template":"","format":"standard","meta":{"_et_pb_use_builder":"","_et_pb_old_content":""},"categories":[6],"tags":[],"yoast_head":"<!-- This site is optimized with the Yoast SEO Premium plugin v17.8 (Yoast SEO v17.8) - https:\/\/yoast.com\/wordpress\/plugins\/seo\/ -->\n<title>REAL - Zidane encense Benzema | Nettali.com<\/title>\n<meta name=\"robots\" content=\"index, follow, max-snippet:-1, max-image-preview:large, max-video-preview:-1\" \/>\n<link rel=\"canonical\" href=\"https:\/\/www.nettali.com\/2021\/03\/22\/real-zidane-encense-benzema\/\" \/>\n<meta property=\"og:locale\" content=\"fr_FR\" \/>\n<meta property=\"og:type\" content=\"article\" \/>\n<meta property=\"og:title\" content=\"REAL - Zidane encense Benzema\" \/>\n<meta property=\"og:description\" content=\"NETTALI.COM - Avec deux buts et une passe d\u00e9cisive, l&#039;attaquant Karim Benzema (33 ans, 24 matchs et 17 buts en Liga cette saison) a encore port\u00e9 le Real Madrid face au Celta Vigo (3-1) en Liga samedi. En conf\u00e9rence de presse, l&#039;entra\u00eeneur des Merengue Zin\u00e9dine Zidane a bien \u00e9videmment encens\u00e9 l&#039;ancien Lyonnais. &quot;Tu fais bien [&hellip;]\" \/>\n<meta property=\"og:url\" content=\"https:\/\/www.nettali.com\/2021\/03\/22\/real-zidane-encense-benzema\/\" \/>\n<meta property=\"og:site_name\" content=\"Nettali.com\" \/>\n<meta property=\"article:publisher\" content=\"https:\/\/www.facebook.com\/nettalicom\" \/>\n<meta property=\"article:published_time\" content=\"2021-03-22T11:27:49+00:00\" \/>\n<meta property=\"og:image\" content=\"https:\/\/www.nettali.com\/wp-content\/uploads\/2021\/03\/Benzema-a-Zidane-Peut-etre-a-bientot.jpg\" \/>\n\t<meta property=\"og:image:width\" content=\"622\" \/>\n\t<meta property=\"og:image:height\" content=\"311\" \/>\n<meta name=\"twitter:card\" content=\"summary_large_image\" \/>\n<meta name=\"twitter:label1\" content=\"\u00c9crit par\" \/>\n\t<meta name=\"twitter:data1\" content=\"CK\" \/>\n\t<meta name=\"twitter:label2\" content=\"Dur\u00e9e de lecture estim\u00e9e\" \/>\n\t<meta name=\"twitter:data2\" content=\"1 minute\" \/>\n<script type=\"application\/ld+json\" class=\"yoast-schema-graph\">{\"@context\":\"https:\/\/schema.org\",\"@graph\":[{\"@type\":\"WebSite\",\"@id\":\"https:\/\/www.nettali.com\/#website\",\"url\":\"https:\/\/www.nettali.com\/\",\"name\":\"Nettali.com\",\"description\":\"Le rendez-vous critique du Net\",\"potentialAction\":[{\"@type\":\"SearchAction\",\"target\":{\"@type\":\"EntryPoint\",\"urlTemplate\":\"https:\/\/www.nettali.com\/?s={search_term_string}\"},\"query-input\":\"required name=search_term_string\"}],\"inLanguage\":\"fr-FR\"},{\"@type\":\"ImageObject\",\"@id\":\"https:\/\/www.nettali.com\/2021\/03\/22\/real-zidane-encense-benzema\/#primaryimage\",\"inLanguage\":\"fr-FR\",\"url\":\"https:\/\/www.nettali.com\/wp-content\/uploads\/2021\/03\/Benzema-a-Zidane-Peut-etre-a-bientot.jpg\",\"contentUrl\":\"https:\/\/www.nettali.com\/wp-content\/uploads\/2021\/03\/Benzema-a-Zidane-Peut-etre-a-bientot.jpg\",\"width\":622,\"height\":311},{\"@type\":\"WebPage\",\"@id\":\"https:\/\/www.nettali.com\/2021\/03\/22\/real-zidane-encense-benzema\/#webpage\",\"url\":\"https:\/\/www.nettali.com\/2021\/03\/22\/real-zidane-encense-benzema\/\",\"name\":\"REAL - Zidane encense Benzema | Nettali.com\",\"isPartOf\":{\"@id\":\"https:\/\/www.nettali.com\/#website\"},\"primaryImageOfPage\":{\"@id\":\"https:\/\/www.nettali.com\/2021\/03\/22\/real-zidane-encense-benzema\/#primaryimage\"},\"datePublished\":\"2021-03-22T11:27:49+00:00\",\"dateModified\":\"2021-03-22T11:27:49+00:00\",\"author\":{\"@id\":\"https:\/\/www.nettali.com\/#\/schema\/person\/d8ac7b7e27ddad43f1c0d2ef090d7f71\"},\"breadcrumb\":{\"@id\":\"https:\/\/www.nettali.com\/2021\/03\/22\/real-zidane-encense-benzema\/#breadcrumb\"},\"inLanguage\":\"fr-FR\",\"potentialAction\":[{\"@type\":\"ReadAction\",\"target\":[\"https:\/\/www.nettali.com\/2021\/03\/22\/real-zidane-encense-benzema\/\"]}]},{\"@type\":\"BreadcrumbList\",\"@id\":\"https:\/\/www.nettali.com\/2021\/03\/22\/real-zidane-encense-benzema\/#breadcrumb\",\"itemListElement\":[{\"@type\":\"ListItem\",\"position\":1,\"name\":\"Accueil\",\"item\":\"https:\/\/www.nettali.com\/\"},{\"@type\":\"ListItem\",\"position\":2,\"name\":\"REAL &#8211; Zidane encense Benzema\"}]},{\"@type\":\"Person\",\"@id\":\"https:\/\/www.nettali.com\/#\/schema\/person\/d8ac7b7e27ddad43f1c0d2ef090d7f71\",\"name\":\"CK\",\"image\":{\"@type\":\"ImageObject\",\"@id\":\"https:\/\/www.nettali.com\/#personlogo\",\"inLanguage\":\"fr-FR\",\"url\":\"https:\/\/secure.gravatar.com\/avatar\/1d8d5118b9327d94da7cd4ce7f17fec2?s=96&d=mm&r=g\",\"contentUrl\":\"https:\/\/secure.gravatar.com\/avatar\/1d8d5118b9327d94da7cd4ce7f17fec2?s=96&d=mm&r=g\",\"caption\":\"CK\"},\"sameAs\":[\"https:\/\/www.nettali.com\"]}]}<\/script>\n<!-- \/ Yoast SEO Premium plugin. -->","yoast_head_json":{"title":"REAL - Zidane encense Benzema | Nettali.com","robots":{"index":"index","follow":"follow","max-snippet":"max-snippet:-1","max-image-preview":"max-image-preview:large","max-video-preview":"max-video-preview:-1"},"canonical":"https:\/\/www.nettali.com\/2021\/03\/22\/real-zidane-encense-benzema\/","og_locale":"fr_FR","og_type":"article","og_title":"REAL - Zidane encense Benzema","og_description":"NETTALI.COM - Avec deux buts et une passe d\u00e9cisive, l'attaquant Karim Benzema (33 ans, 24 matchs et 17 buts en Liga cette saison) a encore port\u00e9 le Real Madrid face au Celta Vigo (3-1) en Liga samedi. En conf\u00e9rence de presse, l'entra\u00eeneur des Merengue Zin\u00e9dine Zidane a bien \u00e9videmment encens\u00e9 l'ancien Lyonnais. \"Tu fais bien [&hellip;]","og_url":"https:\/\/www.nettali.com\/2021\/03\/22\/real-zidane-encense-benzema\/","og_site_name":"Nettali.com","article_publisher":"https:\/\/www.facebook.com\/nettalicom","article_published_time":"2021-03-22T11:27:49+00:00","og_image":[{"width":622,"height":311,"url":"https:\/\/www.nettali.com\/wp-content\/uploads\/2021\/03\/Benzema-a-Zidane-Peut-etre-a-bientot.jpg","type":"image\/jpeg"}],"twitter_card":"summary_large_image","twitter_misc":{"\u00c9crit par":"CK","Dur\u00e9e de lecture estim\u00e9e":"1 minute"},"schema":{"@context":"https:\/\/schema.org","@graph":[{"@type":"WebSite","@id":"https:\/\/www.nettali.com\/#website","url":"https:\/\/www.nettali.com\/","name":"Nettali.com","description":"Le rendez-vous critique du Net","potentialAction":[{"@type":"SearchAction","target":{"@type":"EntryPoint","urlTemplate":"https:\/\/www.nettali.com\/?s={search_term_string}"},"query-input":"required name=search_term_string"}],"inLanguage":"fr-FR"},{"@type":"ImageObject","@id":"https:\/\/www.nettali.com\/2021\/03\/22\/real-zidane-encense-benzema\/#primaryimage","inLanguage":"fr-FR","url":"https:\/\/www.nettali.com\/wp-content\/uploads\/2021\/03\/Benzema-a-Zidane-Peut-etre-a-bientot.jpg","contentUrl":"https:\/\/www.nettali.com\/wp-content\/uploads\/2021\/03\/Benzema-a-Zidane-Peut-etre-a-bientot.jpg","width":622,"height":311},{"@type":"WebPage","@id":"https:\/\/www.nettali.com\/2021\/03\/22\/real-zidane-encense-benzema\/#webpage","url":"https:\/\/www.nettali.com\/2021\/03\/22\/real-zidane-encense-benzema\/","name":"REAL - Zidane encense Benzema | Nettali.com","isPartOf":{"@id":"https:\/\/www.nettali.com\/#website"},"primaryImageOfPage":{"@id":"https:\/\/www.nettali.com\/2021\/03\/22\/real-zidane-encense-benzema\/#primaryimage"},"datePublished":"2021-03-22T11:27:49+00:00","dateModified":"2021-03-22T11:27:49+00:00","author":{"@id":"https:\/\/www.nettali.com\/#\/schema\/person\/d8ac7b7e27ddad43f1c0d2ef090d7f71"},"breadcrumb":{"@id":"https:\/\/www.nettali.com\/2021\/03\/22\/real-zidane-encense-benzema\/#breadcrumb"},"inLanguage":"fr-FR","potentialAction":[{"@type":"ReadAction","target":["https:\/\/www.nettali.com\/2021\/03\/22\/real-zidane-encense-benzema\/"]}]},{"@type":"BreadcrumbList","@id":"https:\/\/www.nettali.com\/2021\/03\/22\/real-zidane-encense-benzema\/#breadcrumb","itemListElement":[{"@type":"ListItem","position":1,"name":"Accueil","item":"https:\/\/www.nettali.com\/"},{"@type":"ListItem","position":2,"name":"REAL &#8211; Zidane encense Benzema"}]},{"@type":"Person","@id":"https:\/\/www.nettali.com\/#\/schema\/person\/d8ac7b7e27ddad43f1c0d2ef090d7f71","name":"CK","image":{"@type":"ImageObject","@id":"https:\/\/www.nettali.com\/#personlogo","inLanguage":"fr-FR","url":"https:\/\/secure.gravatar.com\/avatar\/1d8d5118b9327d94da7cd4ce7f17fec2?s=96&d=mm&r=g","contentUrl":"https:\/\/secure.gravatar.com\/avatar\/1d8d5118b9327d94da7cd4ce7f17fec2?s=96&d=mm&r=g","caption":"CK"},"sameAs":["https:\/\/www.nettali.com"]}]}},"_links":{"self":[{"href":"https:\/\/www.nettali.com\/rest\/wp\/v2\/posts\/60399"}],"collection":[{"href":"https:\/\/www.nettali.com\/rest\/wp\/v2\/posts"}],"about":[{"href":"https:\/\/www.nettali.com\/rest\/wp\/v2\/types\/post"}],"author":[{"embeddable":true,"href":"https:\/\/www.nettali.com\/rest\/wp\/v2\/users\/2"}],"replies":[{"embeddable":true,"href":"https:\/\/www.nettali.com\/rest\/wp\/v2\/comments?post=60399"}],"version-history":[{"count":1,"href":"https:\/\/www.nettali.com\/rest\/wp\/v2\/posts\/60399\/revisions"}],"predecessor-version":[{"id":60403,"href":"https:\/\/www.nettali.com\/rest\/wp\/v2\/posts\/60399\/revisions\/60403"}],"wp:featuredmedia":[{"embeddable":true,"href":"https:\/\/www.nettali.com\/rest\/wp\/v2\/media\/60405"}],"wp:attachment":[{"href":"https:\/\/www.nettali.com\/rest\/wp\/v2\/media?parent=60399"}],"wp:term":[{"taxonomy":"category","embeddable":true,"href":"https:\/\/www.nettali.com\/rest\/wp\/v2\/categories?post=60399"},{"taxonomy":"post_tag","embeddable":true,"href":"https:\/\/www.nettali.com\/rest\/wp\/v2\/tags?post=60399"}],"curies":[{"name":"wp","href":"https:\/\/api.w.org\/{rel}","templated":true}]}}