{"id":60397,"date":"2021-03-22T11:28:46","date_gmt":"2021-03-22T11:28:46","guid":{"rendered":"https:\/\/www.nettali.com\/?p=60397"},"modified":"2021-03-22T11:28:46","modified_gmt":"2021-03-22T11:28:46","slug":"edf-deschamps-voit-zidane-lui-succeder","status":"publish","type":"post","link":"https:\/\/www.nettali.com\/2021\/03\/22\/edf-deschamps-voit-zidane-lui-succeder\/","title":{"rendered":"EDF - Deschamps voit Zidane lui succ\u00e9der"},"content":{"rendered":"<p><b>NETTALI.COM - Sous contrat avec l'\u00e9quipe de France jusqu'\u00e0 la Coupe du monde 2022, le s\u00e9lectionneur Didier Deschamps dispose de la confiance du pr\u00e9sident de la F\u00e9d\u00e9ration Fran\u00e7aise de Football No\u00ebl Le Gra\u00ebt. Mais pour lui succ\u00e9der \u00e0 l'avenir, un nom circule d\u00e9j\u00e0 : Zin\u00e9dine Zidane. Une piste valid\u00e9e par l'ancien coach de l'Olympique de Marseille. <\/b><\/p>\n<p>\"<em>Sa r\u00e9ussite, en tant qu'entra\u00eeneur, lui a donn\u00e9 beaucoup de cr\u00e9dibilit\u00e9. La l\u00e9gitimit\u00e9, il l\u2019avait, mais la cr\u00e9dibilit\u00e9, il est all\u00e9 la chercher avec son club. Donc c\u2019est probable, qu\u2019\u00e0 un moment o\u00f9 un autre, \u00e7a puisse arriver<\/em>\", a reconnu Deschamps pour l'\u00e9mission T\u00e9l\u00e9foot ce dimanche.<\/p>\n<p>De son c\u00f4t\u00e9, l'entra\u00eeneur du Real Madrid avait \u00e9galement affich\u00e9 son int\u00e9r\u00eat pour occuper ce poste dans le futur.<\/p>\n<div class='share-to-whatsapp-wrapper'><div class='share-on-whsp'>PARTAGER SUR : <\/div><a data-text='EDF - Deschamps voit Zidane lui succ\u00e9der' data-link='https:\/\/www.nettali.com\/2021\/03\/22\/edf-deschamps-voit-zidane-lui-succeder\/' class='whatsapp-button whatsapp-share'>WhatsApp<\/a><div class='clear '><\/div><\/div>","protected":false},"excerpt":{"rendered":"<p>NETTALI.COM - Sous contrat avec l'\u00e9quipe de France jusqu'\u00e0 la Coupe du monde 2022, le s\u00e9lectionneur Didier Deschamps dispose de la confiance du pr\u00e9sident de la F\u00e9d\u00e9ration Fran\u00e7aise de Football No\u00ebl Le Gra\u00ebt. Mais pour lui succ\u00e9der \u00e0 l'avenir, un nom circule d\u00e9j\u00e0 : Zin\u00e9dine Zidane. Une piste valid\u00e9e par l'ancien coach de l'Olympique de [&hellip;]<\/p>\n","protected":false},"author":2,"featured_media":60407,"comment_status":"open","ping_status":"open","sticky":false,"template":"","format":"standard","meta":{"_et_pb_use_builder":"","_et_pb_old_content":""},"categories":[6],"tags":[],"yoast_head":"<!-- This site is optimized with the Yoast SEO Premium plugin v17.8 (Yoast SEO v17.8) - https:\/\/yoast.com\/wordpress\/plugins\/seo\/ -->\n<title>EDF - Deschamps voit Zidane lui succ\u00e9der | Nettali.com<\/title>\n<meta name=\"robots\" content=\"index, follow, max-snippet:-1, max-image-preview:large, max-video-preview:-1\" \/>\n<link rel=\"canonical\" href=\"https:\/\/www.nettali.com\/2021\/03\/22\/edf-deschamps-voit-zidane-lui-succeder\/\" \/>\n<meta property=\"og:locale\" content=\"fr_FR\" \/>\n<meta property=\"og:type\" content=\"article\" \/>\n<meta property=\"og:title\" content=\"EDF - Deschamps voit Zidane lui succ\u00e9der\" \/>\n<meta property=\"og:description\" content=\"NETTALI.COM - Sous contrat avec l&#039;\u00e9quipe de France jusqu&#039;\u00e0 la Coupe du monde 2022, le s\u00e9lectionneur Didier Deschamps dispose de la confiance du pr\u00e9sident de la F\u00e9d\u00e9ration Fran\u00e7aise de Football No\u00ebl Le Gra\u00ebt. Mais pour lui succ\u00e9der \u00e0 l&#039;avenir, un nom circule d\u00e9j\u00e0 : Zin\u00e9dine Zidane. Une piste valid\u00e9e par l&#039;ancien coach de l&#039;Olympique de [&hellip;]\" \/>\n<meta property=\"og:url\" content=\"https:\/\/www.nettali.com\/2021\/03\/22\/edf-deschamps-voit-zidane-lui-succeder\/\" \/>\n<meta property=\"og:site_name\" content=\"Nettali.com\" \/>\n<meta property=\"article:publisher\" content=\"https:\/\/www.facebook.com\/nettalicom\" \/>\n<meta property=\"article:published_time\" content=\"2021-03-22T11:28:46+00:00\" \/>\n<meta property=\"og:image\" content=\"https:\/\/www.nettali.com\/wp-content\/uploads\/2021\/03\/KJFHMFQFPDHAQ6YXS4X5YLSEQE.jpg\" \/>\n\t<meta property=\"og:image:width\" content=\"800\" \/>\n\t<meta property=\"og:image:height\" content=\"533\" \/>\n<meta name=\"twitter:card\" content=\"summary_large_image\" \/>\n<meta name=\"twitter:label1\" content=\"\u00c9crit par\" \/>\n\t<meta name=\"twitter:data1\" content=\"CK\" \/>\n\t<meta name=\"twitter:label2\" content=\"Dur\u00e9e de lecture estim\u00e9e\" \/>\n\t<meta name=\"twitter:data2\" content=\"1 minute\" \/>\n<script type=\"application\/ld+json\" class=\"yoast-schema-graph\">{\"@context\":\"https:\/\/schema.org\",\"@graph\":[{\"@type\":\"WebSite\",\"@id\":\"https:\/\/www.nettali.com\/#website\",\"url\":\"https:\/\/www.nettali.com\/\",\"name\":\"Nettali.com\",\"description\":\"Le rendez-vous critique du Net\",\"potentialAction\":[{\"@type\":\"SearchAction\",\"target\":{\"@type\":\"EntryPoint\",\"urlTemplate\":\"https:\/\/www.nettali.com\/?s={search_term_string}\"},\"query-input\":\"required name=search_term_string\"}],\"inLanguage\":\"fr-FR\"},{\"@type\":\"ImageObject\",\"@id\":\"https:\/\/www.nettali.com\/2021\/03\/22\/edf-deschamps-voit-zidane-lui-succeder\/#primaryimage\",\"inLanguage\":\"fr-FR\",\"url\":\"https:\/\/www.nettali.com\/wp-content\/uploads\/2021\/03\/KJFHMFQFPDHAQ6YXS4X5YLSEQE.jpg\",\"contentUrl\":\"https:\/\/www.nettali.com\/wp-content\/uploads\/2021\/03\/KJFHMFQFPDHAQ6YXS4X5YLSEQE.jpg\",\"width\":800,\"height\":533},{\"@type\":\"WebPage\",\"@id\":\"https:\/\/www.nettali.com\/2021\/03\/22\/edf-deschamps-voit-zidane-lui-succeder\/#webpage\",\"url\":\"https:\/\/www.nettali.com\/2021\/03\/22\/edf-deschamps-voit-zidane-lui-succeder\/\",\"name\":\"EDF - Deschamps voit Zidane lui succ\\u00e9der | Nettali.com\",\"isPartOf\":{\"@id\":\"https:\/\/www.nettali.com\/#website\"},\"primaryImageOfPage\":{\"@id\":\"https:\/\/www.nettali.com\/2021\/03\/22\/edf-deschamps-voit-zidane-lui-succeder\/#primaryimage\"},\"datePublished\":\"2021-03-22T11:28:46+00:00\",\"dateModified\":\"2021-03-22T11:28:46+00:00\",\"author\":{\"@id\":\"https:\/\/www.nettali.com\/#\/schema\/person\/d8ac7b7e27ddad43f1c0d2ef090d7f71\"},\"breadcrumb\":{\"@id\":\"https:\/\/www.nettali.com\/2021\/03\/22\/edf-deschamps-voit-zidane-lui-succeder\/#breadcrumb\"},\"inLanguage\":\"fr-FR\",\"potentialAction\":[{\"@type\":\"ReadAction\",\"target\":[\"https:\/\/www.nettali.com\/2021\/03\/22\/edf-deschamps-voit-zidane-lui-succeder\/\"]}]},{\"@type\":\"BreadcrumbList\",\"@id\":\"https:\/\/www.nettali.com\/2021\/03\/22\/edf-deschamps-voit-zidane-lui-succeder\/#breadcrumb\",\"itemListElement\":[{\"@type\":\"ListItem\",\"position\":1,\"name\":\"Accueil\",\"item\":\"https:\/\/www.nettali.com\/\"},{\"@type\":\"ListItem\",\"position\":2,\"name\":\"EDF &#8211; Deschamps voit Zidane lui succ\\u00e9der\"}]},{\"@type\":\"Person\",\"@id\":\"https:\/\/www.nettali.com\/#\/schema\/person\/d8ac7b7e27ddad43f1c0d2ef090d7f71\",\"name\":\"CK\",\"image\":{\"@type\":\"ImageObject\",\"@id\":\"https:\/\/www.nettali.com\/#personlogo\",\"inLanguage\":\"fr-FR\",\"url\":\"https:\/\/secure.gravatar.com\/avatar\/1d8d5118b9327d94da7cd4ce7f17fec2?s=96&d=mm&r=g\",\"contentUrl\":\"https:\/\/secure.gravatar.com\/avatar\/1d8d5118b9327d94da7cd4ce7f17fec2?s=96&d=mm&r=g\",\"caption\":\"CK\"},\"sameAs\":[\"https:\/\/www.nettali.com\"]}]}<\/script>\n<!-- \/ Yoast SEO Premium plugin. -->","yoast_head_json":{"title":"EDF - Deschamps voit Zidane lui succ\u00e9der | Nettali.com","robots":{"index":"index","follow":"follow","max-snippet":"max-snippet:-1","max-image-preview":"max-image-preview:large","max-video-preview":"max-video-preview:-1"},"canonical":"https:\/\/www.nettali.com\/2021\/03\/22\/edf-deschamps-voit-zidane-lui-succeder\/","og_locale":"fr_FR","og_type":"article","og_title":"EDF - Deschamps voit Zidane lui succ\u00e9der","og_description":"NETTALI.COM - Sous contrat avec l'\u00e9quipe de France jusqu'\u00e0 la Coupe du monde 2022, le s\u00e9lectionneur Didier Deschamps dispose de la confiance du pr\u00e9sident de la F\u00e9d\u00e9ration Fran\u00e7aise de Football No\u00ebl Le Gra\u00ebt. Mais pour lui succ\u00e9der \u00e0 l'avenir, un nom circule d\u00e9j\u00e0 : Zin\u00e9dine Zidane. Une piste valid\u00e9e par l'ancien coach de l'Olympique de [&hellip;]","og_url":"https:\/\/www.nettali.com\/2021\/03\/22\/edf-deschamps-voit-zidane-lui-succeder\/","og_site_name":"Nettali.com","article_publisher":"https:\/\/www.facebook.com\/nettalicom","article_published_time":"2021-03-22T11:28:46+00:00","og_image":[{"width":800,"height":533,"url":"https:\/\/www.nettali.com\/wp-content\/uploads\/2021\/03\/KJFHMFQFPDHAQ6YXS4X5YLSEQE.jpg","type":"image\/jpeg"}],"twitter_card":"summary_large_image","twitter_misc":{"\u00c9crit par":"CK","Dur\u00e9e de lecture estim\u00e9e":"1 minute"},"schema":{"@context":"https:\/\/schema.org","@graph":[{"@type":"WebSite","@id":"https:\/\/www.nettali.com\/#website","url":"https:\/\/www.nettali.com\/","name":"Nettali.com","description":"Le rendez-vous critique du Net","potentialAction":[{"@type":"SearchAction","target":{"@type":"EntryPoint","urlTemplate":"https:\/\/www.nettali.com\/?s={search_term_string}"},"query-input":"required name=search_term_string"}],"inLanguage":"fr-FR"},{"@type":"ImageObject","@id":"https:\/\/www.nettali.com\/2021\/03\/22\/edf-deschamps-voit-zidane-lui-succeder\/#primaryimage","inLanguage":"fr-FR","url":"https:\/\/www.nettali.com\/wp-content\/uploads\/2021\/03\/KJFHMFQFPDHAQ6YXS4X5YLSEQE.jpg","contentUrl":"https:\/\/www.nettali.com\/wp-content\/uploads\/2021\/03\/KJFHMFQFPDHAQ6YXS4X5YLSEQE.jpg","width":800,"height":533},{"@type":"WebPage","@id":"https:\/\/www.nettali.com\/2021\/03\/22\/edf-deschamps-voit-zidane-lui-succeder\/#webpage","url":"https:\/\/www.nettali.com\/2021\/03\/22\/edf-deschamps-voit-zidane-lui-succeder\/","name":"EDF - Deschamps voit Zidane lui succ\u00e9der | Nettali.com","isPartOf":{"@id":"https:\/\/www.nettali.com\/#website"},"primaryImageOfPage":{"@id":"https:\/\/www.nettali.com\/2021\/03\/22\/edf-deschamps-voit-zidane-lui-succeder\/#primaryimage"},"datePublished":"2021-03-22T11:28:46+00:00","dateModified":"2021-03-22T11:28:46+00:00","author":{"@id":"https:\/\/www.nettali.com\/#\/schema\/person\/d8ac7b7e27ddad43f1c0d2ef090d7f71"},"breadcrumb":{"@id":"https:\/\/www.nettali.com\/2021\/03\/22\/edf-deschamps-voit-zidane-lui-succeder\/#breadcrumb"},"inLanguage":"fr-FR","potentialAction":[{"@type":"ReadAction","target":["https:\/\/www.nettali.com\/2021\/03\/22\/edf-deschamps-voit-zidane-lui-succeder\/"]}]},{"@type":"BreadcrumbList","@id":"https:\/\/www.nettali.com\/2021\/03\/22\/edf-deschamps-voit-zidane-lui-succeder\/#breadcrumb","itemListElement":[{"@type":"ListItem","position":1,"name":"Accueil","item":"https:\/\/www.nettali.com\/"},{"@type":"ListItem","position":2,"name":"EDF &#8211; Deschamps voit Zidane lui succ\u00e9der"}]},{"@type":"Person","@id":"https:\/\/www.nettali.com\/#\/schema\/person\/d8ac7b7e27ddad43f1c0d2ef090d7f71","name":"CK","image":{"@type":"ImageObject","@id":"https:\/\/www.nettali.com\/#personlogo","inLanguage":"fr-FR","url":"https:\/\/secure.gravatar.com\/avatar\/1d8d5118b9327d94da7cd4ce7f17fec2?s=96&d=mm&r=g","contentUrl":"https:\/\/secure.gravatar.com\/avatar\/1d8d5118b9327d94da7cd4ce7f17fec2?s=96&d=mm&r=g","caption":"CK"},"sameAs":["https:\/\/www.nettali.com"]}]}},"_links":{"self":[{"href":"https:\/\/www.nettali.com\/rest\/wp\/v2\/posts\/60397"}],"collection":[{"href":"https:\/\/www.nettali.com\/rest\/wp\/v2\/posts"}],"about":[{"href":"https:\/\/www.nettali.com\/rest\/wp\/v2\/types\/post"}],"author":[{"embeddable":true,"href":"https:\/\/www.nettali.com\/rest\/wp\/v2\/users\/2"}],"replies":[{"embeddable":true,"href":"https:\/\/www.nettali.com\/rest\/wp\/v2\/comments?post=60397"}],"version-history":[{"count":1,"href":"https:\/\/www.nettali.com\/rest\/wp\/v2\/posts\/60397\/revisions"}],"predecessor-version":[{"id":60398,"href":"https:\/\/www.nettali.com\/rest\/wp\/v2\/posts\/60397\/revisions\/60398"}],"wp:featuredmedia":[{"embeddable":true,"href":"https:\/\/www.nettali.com\/rest\/wp\/v2\/media\/60407"}],"wp:attachment":[{"href":"https:\/\/www.nettali.com\/rest\/wp\/v2\/media?parent=60397"}],"wp:term":[{"taxonomy":"category","embeddable":true,"href":"https:\/\/www.nettali.com\/rest\/wp\/v2\/categories?post=60397"},{"taxonomy":"post_tag","embeddable":true,"href":"https:\/\/www.nettali.com\/rest\/wp\/v2\/tags?post=60397"}],"curies":[{"name":"wp","href":"https:\/\/api.w.org\/{rel}","templated":true}]}}