{"id":60324,"date":"2021-03-21T00:28:54","date_gmt":"2021-03-21T00:28:54","guid":{"rendered":"https:\/\/www.nettali.com\/?p=60324"},"modified":"2021-03-21T00:28:54","modified_gmt":"2021-03-21T00:28:54","slug":"eliminatoires-can-2022-deux-joueurs-du-jaraaf-en-renfort","status":"publish","type":"post","link":"https:\/\/www.nettali.com\/2021\/03\/21\/eliminatoires-can-2022-deux-joueurs-du-jaraaf-en-renfort\/","title":{"rendered":"\u00c9LIMINATOIRES CAN 2022 - Deux joueurs du Jaraaf en renfort"},"content":{"rendered":"<p><strong>NETTALI.COM - Pour la mise \u00e0 jour de sa liste pour les deux journ\u00e9es des \u00e9liminatoires de la Can Cameroun 2022, Aliou Ciss\u00e9 a encore appel\u00e9 en renfort deux nouveaux joueurs. Il s'agit de El Hadji Madick\u00e9 Kane et Pape Seydou Ndiaye, deux cadres du Jaraaf.<\/strong><\/p>\n<p>Absent de la Tani\u00e8re depuis les \u00e9liminatoires de la coupe du monde 2018, Pape Seydou Ndiaye signe son grand retour.<\/p>\n<p>Pour sa part, El Hadji Madick\u00e9 Kane va d\u00e9couvrir l'\u00e9quipe nationale A apr\u00e8s avoir fait ses preuves avec les U23.<\/p>\n<p>Rappelons que 12 joueurs \u00e9taient \u00e0 remplacer sur la liste de 26 joueurs publi\u00e9e mercredi dernier par Aliou Ciss\u00e9, apr\u00e8s que les internationaux \u00e9voluant en France sont oblig\u00e9s de rester \u00e0 quai, condamn\u00e9s par la LFP. Mais depuis quelques heures, le s\u00e9lectionneur national a rappel\u00e9 4 joueurs en plus de ces deux soci\u00e9taires du FC Jaraaf.<br \/>\nOn peut citer Mamadou Fall, Khadim Rassoul Joher, Assane Diouss\u00e9 et Mamadou Loum Ndiaye. Il lui reste encore 6 noms \u00e0 aller chercher, dans le championnat local ou \u00e0 l\u2019\u00e9tranger.<\/p>\n<div class='share-to-whatsapp-wrapper'><div class='share-on-whsp'>PARTAGER SUR : <\/div><a data-text='\u00c9LIMINATOIRES CAN 2022 - Deux joueurs du Jaraaf en renfort' data-link='https:\/\/www.nettali.com\/2021\/03\/21\/eliminatoires-can-2022-deux-joueurs-du-jaraaf-en-renfort\/' class='whatsapp-button whatsapp-share'>WhatsApp<\/a><div class='clear '><\/div><\/div>","protected":false},"excerpt":{"rendered":"<p>NETTALI.COM - Pour la mise \u00e0 jour de sa liste pour les deux journ\u00e9es des \u00e9liminatoires de la Can Cameroun 2022, Aliou Ciss\u00e9 a encore appel\u00e9 en renfort deux nouveaux joueurs. Il s'agit de El Hadji Madick\u00e9 Kane et Pape Seydou Ndiaye, deux cadres du Jaraaf. Absent de la Tani\u00e8re depuis les \u00e9liminatoires de la [&hellip;]<\/p>\n","protected":false},"author":5,"featured_media":60325,"comment_status":"open","ping_status":"open","sticky":false,"template":"","format":"standard","meta":{"_et_pb_use_builder":"","_et_pb_old_content":""},"categories":[6],"tags":[],"yoast_head":"<!-- This site is optimized with the Yoast SEO Premium plugin v17.8 (Yoast SEO v17.8) - https:\/\/yoast.com\/wordpress\/plugins\/seo\/ -->\n<title>\u00c9LIMINATOIRES CAN 2022 - Deux joueurs du Jaraaf en renfort | Nettali.com<\/title>\n<meta name=\"robots\" content=\"index, follow, max-snippet:-1, max-image-preview:large, max-video-preview:-1\" \/>\n<link rel=\"canonical\" href=\"https:\/\/www.nettali.com\/2021\/03\/21\/eliminatoires-can-2022-deux-joueurs-du-jaraaf-en-renfort\/\" \/>\n<meta property=\"og:locale\" content=\"fr_FR\" \/>\n<meta property=\"og:type\" content=\"article\" \/>\n<meta property=\"og:title\" content=\"\u00c9LIMINATOIRES CAN 2022 - Deux joueurs du Jaraaf en renfort\" \/>\n<meta property=\"og:description\" content=\"NETTALI.COM - Pour la mise \u00e0 jour de sa liste pour les deux journ\u00e9es des \u00e9liminatoires de la Can Cameroun 2022, Aliou Ciss\u00e9 a encore appel\u00e9 en renfort deux nouveaux joueurs. Il s&#039;agit de El Hadji Madick\u00e9 Kane et Pape Seydou Ndiaye, deux cadres du Jaraaf. Absent de la Tani\u00e8re depuis les \u00e9liminatoires de la [&hellip;]\" \/>\n<meta property=\"og:url\" content=\"https:\/\/www.nettali.com\/2021\/03\/21\/eliminatoires-can-2022-deux-joueurs-du-jaraaf-en-renfort\/\" \/>\n<meta property=\"og:site_name\" content=\"Nettali.com\" \/>\n<meta property=\"article:publisher\" content=\"https:\/\/www.facebook.com\/nettalicom\" \/>\n<meta property=\"article:published_time\" content=\"2021-03-21T00:28:54+00:00\" \/>\n<meta property=\"og:image\" content=\"https:\/\/www.nettali.com\/wp-content\/uploads\/2021\/03\/20210206_203448.jpg\" \/>\n\t<meta property=\"og:image:width\" content=\"1080\" \/>\n\t<meta property=\"og:image:height\" content=\"720\" \/>\n<meta name=\"twitter:card\" content=\"summary_large_image\" \/>\n<meta name=\"twitter:label1\" content=\"\u00c9crit par\" \/>\n\t<meta name=\"twitter:data1\" content=\"Ibrahima\" \/>\n\t<meta name=\"twitter:label2\" content=\"Dur\u00e9e de lecture estim\u00e9e\" \/>\n\t<meta name=\"twitter:data2\" content=\"1 minute\" \/>\n<script type=\"application\/ld+json\" class=\"yoast-schema-graph\">{\"@context\":\"https:\/\/schema.org\",\"@graph\":[{\"@type\":\"WebSite\",\"@id\":\"https:\/\/www.nettali.com\/#website\",\"url\":\"https:\/\/www.nettali.com\/\",\"name\":\"Nettali.com\",\"description\":\"Le rendez-vous critique du Net\",\"potentialAction\":[{\"@type\":\"SearchAction\",\"target\":{\"@type\":\"EntryPoint\",\"urlTemplate\":\"https:\/\/www.nettali.com\/?s={search_term_string}\"},\"query-input\":\"required name=search_term_string\"}],\"inLanguage\":\"fr-FR\"},{\"@type\":\"ImageObject\",\"@id\":\"https:\/\/www.nettali.com\/2021\/03\/21\/eliminatoires-can-2022-deux-joueurs-du-jaraaf-en-renfort\/#primaryimage\",\"inLanguage\":\"fr-FR\",\"url\":\"https:\/\/www.nettali.com\/wp-content\/uploads\/2021\/03\/20210206_203448.jpg\",\"contentUrl\":\"https:\/\/www.nettali.com\/wp-content\/uploads\/2021\/03\/20210206_203448.jpg\",\"width\":1080,\"height\":720},{\"@type\":\"WebPage\",\"@id\":\"https:\/\/www.nettali.com\/2021\/03\/21\/eliminatoires-can-2022-deux-joueurs-du-jaraaf-en-renfort\/#webpage\",\"url\":\"https:\/\/www.nettali.com\/2021\/03\/21\/eliminatoires-can-2022-deux-joueurs-du-jaraaf-en-renfort\/\",\"name\":\"\\u00c9LIMINATOIRES CAN 2022 - Deux joueurs du Jaraaf en renfort | Nettali.com\",\"isPartOf\":{\"@id\":\"https:\/\/www.nettali.com\/#website\"},\"primaryImageOfPage\":{\"@id\":\"https:\/\/www.nettali.com\/2021\/03\/21\/eliminatoires-can-2022-deux-joueurs-du-jaraaf-en-renfort\/#primaryimage\"},\"datePublished\":\"2021-03-21T00:28:54+00:00\",\"dateModified\":\"2021-03-21T00:28:54+00:00\",\"author\":{\"@id\":\"https:\/\/www.nettali.com\/#\/schema\/person\/bb147657c2986240405a608162b9bb23\"},\"breadcrumb\":{\"@id\":\"https:\/\/www.nettali.com\/2021\/03\/21\/eliminatoires-can-2022-deux-joueurs-du-jaraaf-en-renfort\/#breadcrumb\"},\"inLanguage\":\"fr-FR\",\"potentialAction\":[{\"@type\":\"ReadAction\",\"target\":[\"https:\/\/www.nettali.com\/2021\/03\/21\/eliminatoires-can-2022-deux-joueurs-du-jaraaf-en-renfort\/\"]}]},{\"@type\":\"BreadcrumbList\",\"@id\":\"https:\/\/www.nettali.com\/2021\/03\/21\/eliminatoires-can-2022-deux-joueurs-du-jaraaf-en-renfort\/#breadcrumb\",\"itemListElement\":[{\"@type\":\"ListItem\",\"position\":1,\"name\":\"Accueil\",\"item\":\"https:\/\/www.nettali.com\/\"},{\"@type\":\"ListItem\",\"position\":2,\"name\":\"\\u00c9LIMINATOIRES CAN 2022 &#8211; Deux joueurs du Jaraaf en renfort\"}]},{\"@type\":\"Person\",\"@id\":\"https:\/\/www.nettali.com\/#\/schema\/person\/bb147657c2986240405a608162b9bb23\",\"name\":\"Ibrahima\",\"image\":{\"@type\":\"ImageObject\",\"@id\":\"https:\/\/www.nettali.com\/#personlogo\",\"inLanguage\":\"fr-FR\",\"url\":\"https:\/\/secure.gravatar.com\/avatar\/26a8a81f09f0dd7624c9d5c36c9ba3a2?s=96&d=mm&r=g\",\"contentUrl\":\"https:\/\/secure.gravatar.com\/avatar\/26a8a81f09f0dd7624c9d5c36c9ba3a2?s=96&d=mm&r=g\",\"caption\":\"Ibrahima\"},\"sameAs\":[\"https:\/\/www.nettali.com\"]}]}<\/script>\n<!-- \/ Yoast SEO Premium plugin. -->","yoast_head_json":{"title":"\u00c9LIMINATOIRES CAN 2022 - Deux joueurs du Jaraaf en renfort | Nettali.com","robots":{"index":"index","follow":"follow","max-snippet":"max-snippet:-1","max-image-preview":"max-image-preview:large","max-video-preview":"max-video-preview:-1"},"canonical":"https:\/\/www.nettali.com\/2021\/03\/21\/eliminatoires-can-2022-deux-joueurs-du-jaraaf-en-renfort\/","og_locale":"fr_FR","og_type":"article","og_title":"\u00c9LIMINATOIRES CAN 2022 - Deux joueurs du Jaraaf en renfort","og_description":"NETTALI.COM - Pour la mise \u00e0 jour de sa liste pour les deux journ\u00e9es des \u00e9liminatoires de la Can Cameroun 2022, Aliou Ciss\u00e9 a encore appel\u00e9 en renfort deux nouveaux joueurs. Il s'agit de El Hadji Madick\u00e9 Kane et Pape Seydou Ndiaye, deux cadres du Jaraaf. Absent de la Tani\u00e8re depuis les \u00e9liminatoires de la [&hellip;]","og_url":"https:\/\/www.nettali.com\/2021\/03\/21\/eliminatoires-can-2022-deux-joueurs-du-jaraaf-en-renfort\/","og_site_name":"Nettali.com","article_publisher":"https:\/\/www.facebook.com\/nettalicom","article_published_time":"2021-03-21T00:28:54+00:00","og_image":[{"width":1080,"height":720,"url":"https:\/\/www.nettali.com\/wp-content\/uploads\/2021\/03\/20210206_203448.jpg","type":"image\/jpeg"}],"twitter_card":"summary_large_image","twitter_misc":{"\u00c9crit par":"Ibrahima","Dur\u00e9e de lecture estim\u00e9e":"1 minute"},"schema":{"@context":"https:\/\/schema.org","@graph":[{"@type":"WebSite","@id":"https:\/\/www.nettali.com\/#website","url":"https:\/\/www.nettali.com\/","name":"Nettali.com","description":"Le rendez-vous critique du Net","potentialAction":[{"@type":"SearchAction","target":{"@type":"EntryPoint","urlTemplate":"https:\/\/www.nettali.com\/?s={search_term_string}"},"query-input":"required name=search_term_string"}],"inLanguage":"fr-FR"},{"@type":"ImageObject","@id":"https:\/\/www.nettali.com\/2021\/03\/21\/eliminatoires-can-2022-deux-joueurs-du-jaraaf-en-renfort\/#primaryimage","inLanguage":"fr-FR","url":"https:\/\/www.nettali.com\/wp-content\/uploads\/2021\/03\/20210206_203448.jpg","contentUrl":"https:\/\/www.nettali.com\/wp-content\/uploads\/2021\/03\/20210206_203448.jpg","width":1080,"height":720},{"@type":"WebPage","@id":"https:\/\/www.nettali.com\/2021\/03\/21\/eliminatoires-can-2022-deux-joueurs-du-jaraaf-en-renfort\/#webpage","url":"https:\/\/www.nettali.com\/2021\/03\/21\/eliminatoires-can-2022-deux-joueurs-du-jaraaf-en-renfort\/","name":"\u00c9LIMINATOIRES CAN 2022 - Deux joueurs du Jaraaf en renfort | Nettali.com","isPartOf":{"@id":"https:\/\/www.nettali.com\/#website"},"primaryImageOfPage":{"@id":"https:\/\/www.nettali.com\/2021\/03\/21\/eliminatoires-can-2022-deux-joueurs-du-jaraaf-en-renfort\/#primaryimage"},"datePublished":"2021-03-21T00:28:54+00:00","dateModified":"2021-03-21T00:28:54+00:00","author":{"@id":"https:\/\/www.nettali.com\/#\/schema\/person\/bb147657c2986240405a608162b9bb23"},"breadcrumb":{"@id":"https:\/\/www.nettali.com\/2021\/03\/21\/eliminatoires-can-2022-deux-joueurs-du-jaraaf-en-renfort\/#breadcrumb"},"inLanguage":"fr-FR","potentialAction":[{"@type":"ReadAction","target":["https:\/\/www.nettali.com\/2021\/03\/21\/eliminatoires-can-2022-deux-joueurs-du-jaraaf-en-renfort\/"]}]},{"@type":"BreadcrumbList","@id":"https:\/\/www.nettali.com\/2021\/03\/21\/eliminatoires-can-2022-deux-joueurs-du-jaraaf-en-renfort\/#breadcrumb","itemListElement":[{"@type":"ListItem","position":1,"name":"Accueil","item":"https:\/\/www.nettali.com\/"},{"@type":"ListItem","position":2,"name":"\u00c9LIMINATOIRES CAN 2022 &#8211; Deux joueurs du Jaraaf en renfort"}]},{"@type":"Person","@id":"https:\/\/www.nettali.com\/#\/schema\/person\/bb147657c2986240405a608162b9bb23","name":"Ibrahima","image":{"@type":"ImageObject","@id":"https:\/\/www.nettali.com\/#personlogo","inLanguage":"fr-FR","url":"https:\/\/secure.gravatar.com\/avatar\/26a8a81f09f0dd7624c9d5c36c9ba3a2?s=96&d=mm&r=g","contentUrl":"https:\/\/secure.gravatar.com\/avatar\/26a8a81f09f0dd7624c9d5c36c9ba3a2?s=96&d=mm&r=g","caption":"Ibrahima"},"sameAs":["https:\/\/www.nettali.com"]}]}},"_links":{"self":[{"href":"https:\/\/www.nettali.com\/rest\/wp\/v2\/posts\/60324"}],"collection":[{"href":"https:\/\/www.nettali.com\/rest\/wp\/v2\/posts"}],"about":[{"href":"https:\/\/www.nettali.com\/rest\/wp\/v2\/types\/post"}],"author":[{"embeddable":true,"href":"https:\/\/www.nettali.com\/rest\/wp\/v2\/users\/5"}],"replies":[{"embeddable":true,"href":"https:\/\/www.nettali.com\/rest\/wp\/v2\/comments?post=60324"}],"version-history":[{"count":1,"href":"https:\/\/www.nettali.com\/rest\/wp\/v2\/posts\/60324\/revisions"}],"predecessor-version":[{"id":60326,"href":"https:\/\/www.nettali.com\/rest\/wp\/v2\/posts\/60324\/revisions\/60326"}],"wp:featuredmedia":[{"embeddable":true,"href":"https:\/\/www.nettali.com\/rest\/wp\/v2\/media\/60325"}],"wp:attachment":[{"href":"https:\/\/www.nettali.com\/rest\/wp\/v2\/media?parent=60324"}],"wp:term":[{"taxonomy":"category","embeddable":true,"href":"https:\/\/www.nettali.com\/rest\/wp\/v2\/categories?post=60324"},{"taxonomy":"post_tag","embeddable":true,"href":"https:\/\/www.nettali.com\/rest\/wp\/v2\/tags?post=60324"}],"curies":[{"name":"wp","href":"https:\/\/api.w.org\/{rel}","templated":true}]}}