{"id":60291,"date":"2021-03-20T20:58:28","date_gmt":"2021-03-20T20:58:28","guid":{"rendered":"https:\/\/www.nettali.com\/?p=60291"},"modified":"2021-03-21T23:34:07","modified_gmt":"2021-03-21T23:34:07","slug":"une-vie-de-combat","status":"publish","type":"post","link":"https:\/\/www.nettali.com\/2021\/03\/20\/une-vie-de-combat\/","title":{"rendered":"PROFIL D'AMADOU MAKHTAR MBOW - Une vie de combat !"},"content":{"rendered":"<p><strong>NETTALI.COM - Au service de son pays et de l\u2019humain, Amadou Mahtar Mbow a \u00e9t\u00e9 de presque tous les combats d\u00e9mocratiques. D\u2019abord contre le nazisme, ensuite pour l\u2019ind\u00e9pendance des pays d\u2019Afrique, plus tard contre la d\u00e9t\u00e9rioration des termes de l\u2019\u00e9change, la monopolisation des flux d\u2019information par le Nord...<\/strong><\/p>\n<p>\u201c<em>J\u2019ai v\u00e9cu en zone occup\u00e9e par les Allemands pendant deux mois. J\u2019ai \u00e9t\u00e9 aid\u00e9 par des familles, alors que les Allemands mena\u00e7aient d\u2019ex\u00e9cuter tous ceux qui aideraient des militaires...<\/em>\u2019\u2019. Ainsi s\u2019exprimait le pr\u00e9sident Amadou Mahtar Mbow, engag\u00e9 volontaire dans l\u2019arm\u00e9e fran\u00e7aise en 1940. C\u2019\u00e9tait sur Radio France internationale, il y a dix ans. Le S\u00e9n\u00e9gal c\u00e9l\u00e9brait les 90 ans d\u2019un citoyen du monde, profond\u00e9ment attach\u00e9 \u00e0 ses origines africaines et s\u00e9n\u00e9galaises. N\u00e9 le 20 mars 1921 \u00e0 Dakar, grandi \u00e0 Louga, l\u2019homme des Assises nationales du S\u00e9n\u00e9gal f\u00eate, aujourd\u2019hui, ses 100 ans. Occasion choisie pour rendre un vibrant hommage \u00e0 son \u00e9pouse ha\u00eftienne avec qui il a chemin\u00e9 71 bonnes ann\u00e9es avec qui il a aujourd\u2019hui trois enfants : deux filles et un gar\u00e7on.<\/p>\n<p>Dans une vid\u00e9o r\u00e9alis\u00e9e \u00e0 cet effet, il d\u00e9clare d\u2019un air ravi : \u2018\u2019... <em>Je dois vous dire que je n\u2019ai jamais rien fait sans \u00eatre d\u2019accord avec mon \u00e9pouse. Je l\u2019ai rencontr\u00e9e \u00e0 la Sorbonne. C\u2019\u00e9tait dans un amphith\u00e9\u00e2tre, pour la premi\u00e8re fois, dans un cours sur les civilisations carolingiennes. Et nous \u00e9tions les seuls Noirs dans l\u2019amphi. Apr\u00e8s le cours, nous sommes all\u00e9s l\u2019un vers l\u2019autre. Et je vis avec elle, depuis 71 ans, le bonheur parfait et complet.<\/em>..\u2019\u2019<\/p>\n<p>Ain\u00e9 d\u2019une fratrie de trois enfants, Mahtar a tr\u00e8s t\u00f4t compris le sens des responsabilit\u00e9s. Toute sa vie, il se sera battu pour sa communaut\u00e9, son pays et pour l\u2019Afrique. Mais chez le doyen, la famille est sacr\u00e9e. Retir\u00e9 au Maroc apr\u00e8s une carri\u00e8re bien remplie, alors m\u00eame qu\u2019il s\u2019\u00e9tait fix\u00e9 la r\u00e9solution de ne plus jamais se m\u00ealer de politique depuis son d\u00e9part de l\u2019Unesco, il est \u2018\u2019<em>victime<\/em>\u2019\u2019 de sa grande probit\u00e9 morale. Pour conduire les Assises nationales, les initiateurs voient en lui le profil parfait, compte tenu de son parcours sans tache. Ils ne lui laisseront aucune chance. \u2018\u2019<em>Vu mon \u00e2ge, t\u00e9moigne celui qui f\u00eate ses 100 ans, je pensais qu\u2019ils devaient prendre un autre. Mais ils ont insist\u00e9. J\u2019ai alors d\u00e9cid\u00e9 de consulter ma femme, mes enfants, parce que je me suis dit que tout ce que j\u2019engage dans ma vie a des r\u00e9percussions sur ma famille<\/em>\u2019\u2019. En homme de dialogue et de consensus, il aura tout fait pour que la majorit\u00e9 d\u2019alors puisse participer \u00e0 ces r\u00e9flexions, dont l\u2019objet proclam\u00e9 \u00e9tait la refondation de l\u2019Etat et la mise en place des bases du d\u00e9veloppement. Mais c\u2019\u00e9tait sans compter sur le pr\u00e9sident Abdoulaye Wade, qui y voyait plut\u00f4t une initiative de contestation et de remise en cause de la l\u00e9gitimit\u00e9 de son r\u00e9gime. Contre vents et mar\u00e9es, Mbow et Cie continueront leurs travaux jusqu\u2019\u00e0 leur terme. Une \u0153uvre titanesque qui dort malheureusement toujours dans les tiroirs. Malgr\u00e9 les engagement de l\u2019actuel pr\u00e9sident de la R\u00e9publique, avant son accession \u00e0 la magistrature supr\u00eame, d\u2019en appliquer les conclusions.<\/p>\n<p>T\u00e9moin privil\u00e9gi\u00e9 de l\u2019histoire politique du S\u00e9n\u00e9gal, l\u2019ancien coordonnateur de l\u2019Association des \u00e9lus locaux, Amadou Tidiane Wane d\u00e9clare : \u2018\u2019<em>Il faut absolument revisiter les Assises nationales, regarder les conclusions pertinentes pour le d\u00e9veloppement du S\u00e9n\u00e9gal et essayer de les mettre en \u0153uvre. C\u2019est le plus grand service qu\u2019on peut rendre \u00e0 ce grand Monsieur qui, toute sa vie durant, s\u2019est battu pour l\u2019ind\u00e9pendance et le d\u00e9veloppement de ce pays.<\/em>\u2019\u2019<\/p>\n<p><strong>L\u2019entr\u00e9e tardive \u00e0 l\u2019\u00e9cole fran\u00e7aise<\/strong><\/p>\n<p>Fils du notable Fara Ndiaye et de Ngon\u00e9 Kasset, Amadou Mahtar Mbow est un digne fils du Ndiambour. Issu d\u2019une famille musulmane, il a failli ne pas aller \u00e0 l\u2019\u00e9cole fran\u00e7aise. Son p\u00e8re pr\u00e9f\u00e9rant l\u2019inscrire \u00e0 l\u2019\u00e9cole coranique, entre 5 et 6 ans. Il a fallu l\u2019intervention du d\u00e9put\u00e9 Blaise Diagne pour que le pater change d\u2019avis. Il avait d\u00e9j\u00e0 entre 9 et 10 ans. Ce qui le handicapera un peu, quand, plus tard, apr\u00e8s le Certificat d\u2019\u00e9tudes, il voulut rejoindre le lyc\u00e9e Faidherbe de Saint-Louis qui \u00e9tait, avec Van Vollenhoven de Dakar, les seuls lyc\u00e9es du S\u00e9n\u00e9gal. \u2018\u2019<em>Blaise Diagne avait beaucoup insist\u00e9 pour que mon p\u00e8re puisse m\u2019emmener \u00e0 l\u2019\u00e9cole...<\/em>\u2019\u2019. Malgr\u00e9 le l\u00e9ger retard, le jeune Lougatois est d\u00e9termin\u00e9 \u00e0 aller de l\u2019avant. Il sera finalement admis au Cours commercial de Dakar organis\u00e9 par la Chambre de commerce, avant de passer un concours d\u2019admission pour devenir commis dans l\u2019Administration.<\/p>\n<p>En 1940, il d\u00e9pose ses baluchons en France, o\u00f9 il a \u00e9t\u00e9 re\u00e7u dans une \u00e9cole de l\u2019arm\u00e9e de l\u2019air...<\/p>\n<p>Titulaire d\u2019un Brevet sup\u00e9rieur de m\u00e9canicien \u00e9lectricien de l\u2019arm\u00e9e de l\u2019air, le soldat d\u00e9mobilis\u00e9 reste en France apr\u00e8s la guerre, pour poursuivre ses \u00e9tudes. Admis en classes pr\u00e9paratoires, il avait le choix entre un cursus d\u2019\u00e9l\u00e8ve ing\u00e9nieur ou \u00e9l\u00e8ve technicien sup\u00e9rieur. Apr\u00e8s un an en classe pr\u00e9paratoire, il d\u00e9cide de pr\u00e9parer le Baccalaur\u00e9at. Le Bac en poche, Mahtar prend la d\u00e9cision de changer compl\u00e8tement d\u2019orientation, en optant pour des \u00e9tudes en histoire et g\u00e9ographie. Il disait : \u2018\u2019<em>C\u2019\u00e9tait pour des raisons politiques. J\u2019ai pris conscience de ce qu\u2019est le syst\u00e8me colonial. Et je me suis dit, pourquoi ne pas se battre pour l\u2019ind\u00e9pendance de nos pays, l\u2019utilisation de nos ressources pour nous-m\u00eames. Apr\u00e8s le Bac, je me suis donc inscrit \u00e0 la Sorbonne.<\/em>\u2019\u2019<\/p>\n<p>Pour lui, c\u2019\u00e9tait une n\u00e9cessit\u00e9 vitale, pour permettre aux jeunes Africains de se situer par rapport au pass\u00e9, mais aussi par rapport au pr\u00e9sent. \u2018\u2019<em>Il fallait leur donner une conscience des r\u00e9alit\u00e9s africaines et de tout le processus d\u2019\u00e9volution de l\u2019Afrique depuis le XVe si\u00e8cle et m\u00eame avant. Parce que l\u2019Afrique a quand m\u00eame connu des p\u00e9riodes avec de grands Etats, de grands empires<\/em>\u2019\u2019, confiait-il \u00e0 RFI.<\/p>\n<p>Apr\u00e8s l\u2019obtention de la licence \u00e0 la Sorbonne, Amadou Mahtar Mbow est recrut\u00e9 en tant que professeur et affect\u00e9 \u00e0 Rosso, en Mauritanie. Deux ans plus tard, il sera r\u00e9affect\u00e9 au S\u00e9n\u00e9gal pour cr\u00e9er l\u2019\u00e9ducation de base. \u2018\u2019<em>Parce que, renseigne-t-il, j\u2019\u00e9tais le seul professeur africain qui parlait les langues du pays. Et l\u2019\u00e9ducation de base supposait de vivre dans les villages et d\u2019apprendre aux populations le fran\u00e7ais pour qu\u2019ils puissent am\u00e9liorer leurs conditions de travail. Cela m\u2019a permis d\u2019\u00eatre en contact direct avec le monde rural, pendant plusieurs mois. Je leur apprenais les techniques de l\u2019agriculture, de l\u2019\u00e9levage...<\/em>\u2019\u2019.<\/p>\n<p><strong>Le premier ministre de l\u2019Education du S\u00e9n\u00e9gal<\/strong><\/p>\n<p>A l\u2019adoption de la loi Deferre, le militant de l\u2019Union progressiste socialiste (UPS) devient le premier ministre de l\u2019Education du S\u00e9n\u00e9gal, encore sous domination coloniale. A la t\u00eate de ce d\u00e9partement strat\u00e9gique, il va entamer de grandes r\u00e9formes. Mais, tr\u00e8s vite, en 1958, il prend ses distances avec le camp de Senghor et de Dia. Comme S\u00e9kou Tour\u00e9 en Guin\u00e9e, lui et ses amis dont Abdoulaye Ly ayant estim\u00e9 que l\u2019ind\u00e9pendance c\u2019\u00e9tait maintenant, au r\u00e9f\u00e9rendum de 1958. En r\u00e9union \u00e0 Rufisque, le Conseil de l\u2019UPS se termine en queue de poisson. Senghor et Mamadou Dia optent pour la communaut\u00e9 avec la France. Mbow et Cie disent non et choisissent l\u2019ind\u00e9pendance. Le clash \u00e9tait ainsi in\u00e9vitable. \u2018\u2019<em>Nous avons quitt\u00e9 le Congr\u00e8s pour cr\u00e9er, dans la nuit m\u00eame, chez Gabin Gu\u00e8ye, \u00e0 Rufisque, le Parti du regroupement africain\/S\u00e9n\u00e9gal (Pra\/S\u00e9n\u00e9gal) en disant : \u2018Nous restons fid\u00e8les au mot d\u2019ordre de Cotonou<\/em>.\u2019\u2019\u2019<\/p>\n<p>Ce mot d\u2019ordre auquel avait souscrit l\u2019UPS pr\u00e9voyait : \u2018\u2019<em>Nous ne pouvons pas discuter avec la France tant que nous n\u2019avons pas, nous-m\u00eames, notre ind\u00e9pendance. Et notre ind\u00e9pendance, nous la voulions avec la F\u00e9d\u00e9ration africaine<\/em>\u2019\u2019, confiait-il dans \u2018\u2019<em>Sud<\/em>\u2019\u2019.<\/p>\n<p>Ainsi, Amadou Mahtar quitte le gouvernement o\u00f9 il \u00e9tait super ministre de l\u2019Education, de la Culture, de la Jeunesse et des Sports. Il a quitt\u00e9 avec ses compagnons de guerre Latyr Camara (ministre de la Fonction publique) ; Jaraf Diouf (ministre des Travaux publics). Ensemble, ils venaient de rejoindre Abdoulaye Ly, Ministre du Commerce qui avait d\u00e9missionn\u00e9 bien avant cet \u00e9pisode. Jusqu\u2019en 1966, malgr\u00e9 l\u2019accession \u00e0 l\u2019ind\u00e9pendance en 1960, ils s\u2019opposeront au r\u00e9gime de Senghor. En 1966, le pr\u00e9sident-po\u00e8te parvient \u00e0 nouveau \u00e0 r\u00e9unifier la grande famille UPS-Pra\/S\u00e9n\u00e9gal. Mbow est redevenu ministre de l\u2019Education pour ne changer de poste qu\u2019\u00e0 la suite des \u00e9v\u00e8nements de Mai 1968. Il passera d\u2019abord ministre de la Culture, avant de terminer sa brillante carri\u00e8re \u00e0 l\u2019Unesco, de 1974 \u00e0 1987.<\/p>\n<p><strong>\"En r\u00e9alit\u00e9, l\u2019ind\u00e9pendance n\u2019a jamais \u00e9t\u00e9 une ind\u00e9pendance\"<\/strong><\/p>\n<p>Au service de son pays et de l\u2019humain, Amadou Mahtar Mbow a \u00e9t\u00e9 de presque tous les combats d\u00e9mocratiques. D\u2019abord contre le nazisme, ensuite pour l\u2019ind\u00e9pendance des pays d\u2019Afrique, plus tard contre la d\u00e9t\u00e9rioration des termes de l\u2019\u00e9change, la monopolisation des flux d\u2019information parle Nord...Par rapport \u00e0 ce dernier point, il aura accompli des progr\u00e8s ind\u00e9niables, lorsqu\u2019il \u00e9tait \u00e0 la t\u00eate de l\u2019Unesco.<\/p>\n<p>Dans son interview avec \u2018\u2019<em>Sud<\/em>\u2019\u2019, il disait : \u2018\u2019<em>En r\u00e9alit\u00e9, il ya eu beaucoup de choses qui ont chang\u00e9 en ce qui concerne l\u2019information. N\u2019oubliez pas que quand on faisait le Nomic, le S\u00e9n\u00e9gal n\u2019avait pas un journal ind\u00e9pendant et libre. Et c\u2019est \u2018Sud\u2019 qui \u00e9tait le premier. Et nous vous avons quand m\u00eame aid\u00e9 dans le cadre du PIDC (Programme international de d\u00e9veloppement de la communication)<\/em>.\u2019\u2019<\/p>\n<p>A l\u2019\u00e9poque, confiait le visionnaire, il n\u2019y avait que quatre grandes agences de l\u2019information (AFP, Tass, Upi et AP). Un oligopole qu\u2019il a voulu briser, tout en normalisant davantage le secteur des m\u00e9dias. \u2018\u2019<em>En parlant du Nomic, j\u2019ai voulu juste normaliser. Il y a eu des r\u00e9unions avec des agences de presse, des journalistes et j\u2019ai propos\u00e9, \u00e9tant \u00e0 l\u2019Unesco, une r\u00e9union pour d\u00e9finir une d\u00e9ontologie de la presse, \u00e0 Paris. J\u2019ai dit qu\u2019on fixe les r\u00e8gles c\u2019est-\u00e0-dire qu\u2019un journaliste a la responsabilit\u00e9 de ce qu\u2019il \u00e9crit et que plus jamais, on ne change une d\u00e9p\u00eache qu\u2019envoie un reporter. Et que le journaliste doit assumer sa responsabilit\u00e9. C\u2019est tout !<\/em>\u2019\u2019.<\/p>\n<p>Panafricaniste convaincu, le professeur Amadou M. Mbow est aussi profond\u00e9ment attach\u00e9 \u00e0 ses racines, \u00e0 son terroir. Au retour de son premier s\u00e9jour en France, en 1940, une tante interpelle son amour propre. \u2018\u2019<em>Mahtar, lui lan\u00e7a-t-elle, tu es all\u00e9 jusqu\u2019en France, mais est-ce que tu es all\u00e9 une seule fois chez ton grand-p\u00e8re ?<\/em>\u2019\u2019. Le jeune combattant d\u00e9cide alors de retourner aux sources. \u2018\u2019<em>En 1941, disait-il dans \u2018Sud\u2019, je suis all\u00e9 au village natal de mon p\u00e8re, de mon arri\u00e8re-grand-p\u00e8re, du c\u00f4t\u00e9 de ma m\u00e8re, \u00e0 Ngaye. Et depuis ce temps, je suis li\u00e9 aux gens de Ngaye<\/em>\u2019\u2019.<\/p>\n<p>Apr\u00e8s pr\u00e8s de 60 ans de souverainet\u00e9, Mbow parlait de l\u2019ind\u00e9pendance en ces termes, en 2017 : \u2018\u2019<em>En r\u00e9alit\u00e9, l\u2019ind\u00e9pendance n\u2019a jamais \u00e9t\u00e9 une ind\u00e9pendance. Il faut \u00eatre honn\u00eate et dire les choses telles qu\u2019elles sont. On nous a donn\u00e9 l\u2019ind\u00e9pendance, mais il faut reconnaitre que toutes nos orientations allaient dans le sens des int\u00e9r\u00eats fran\u00e7ais ; et des int\u00e9r\u00eats fran\u00e7ais qui existaient ici au moment de la colonisation. M\u00eame \u00e0 l\u2019heure actuelle, nous en sommes encore l\u00e0<\/em>.\u2019\u2019<\/p>\n<div class='share-to-whatsapp-wrapper'><div class='share-on-whsp'>PARTAGER SUR : <\/div><a data-text='PROFIL D'AMADOU MAKHTAR MBOW - Une vie de combat !' data-link='https:\/\/www.nettali.com\/2021\/03\/20\/une-vie-de-combat\/' class='whatsapp-button whatsapp-share'>WhatsApp<\/a><div class='clear '><\/div><\/div>","protected":false},"excerpt":{"rendered":"<p>NETTALI.COM - Au service de son pays et de l\u2019humain, Amadou Mahtar Mbow a \u00e9t\u00e9 de presque tous les combats d\u00e9mocratiques. D\u2019abord contre le nazisme, ensuite pour l\u2019ind\u00e9pendance des pays d\u2019Afrique, plus tard contre la d\u00e9t\u00e9rioration des termes de l\u2019\u00e9change, la monopolisation des flux d\u2019information par le Nord... \u201cJ\u2019ai v\u00e9cu en zone occup\u00e9e par les [&hellip;]<\/p>\n","protected":false},"author":5,"featured_media":60317,"comment_status":"open","ping_status":"open","sticky":false,"template":"","format":"standard","meta":{"_et_pb_use_builder":"","_et_pb_old_content":""},"categories":[3878,3],"tags":[],"yoast_head":"<!-- This site is optimized with the Yoast SEO Premium plugin v17.8 (Yoast SEO v17.8) - https:\/\/yoast.com\/wordpress\/plugins\/seo\/ -->\n<title>PROFIL D&#039;AMADOU MAKHTAR MBOW - Une vie de combat ! | Nettali.com<\/title>\n<meta name=\"robots\" content=\"index, follow, max-snippet:-1, max-image-preview:large, max-video-preview:-1\" \/>\n<link rel=\"canonical\" href=\"https:\/\/www.nettali.com\/2021\/03\/20\/une-vie-de-combat\/\" \/>\n<meta property=\"og:locale\" content=\"fr_FR\" \/>\n<meta property=\"og:type\" content=\"article\" \/>\n<meta property=\"og:title\" content=\"PROFIL D&#039;AMADOU MAKHTAR MBOW - Une vie de combat !\" \/>\n<meta property=\"og:description\" content=\"NETTALI.COM - Au service de son pays et de l\u2019humain, Amadou Mahtar Mbow a \u00e9t\u00e9 de presque tous les combats d\u00e9mocratiques. D\u2019abord contre le nazisme, ensuite pour l\u2019ind\u00e9pendance des pays d\u2019Afrique, plus tard contre la d\u00e9t\u00e9rioration des termes de l\u2019\u00e9change, la monopolisation des flux d\u2019information par le Nord... \u201cJ\u2019ai v\u00e9cu en zone occup\u00e9e par les [&hellip;]\" \/>\n<meta property=\"og:url\" content=\"https:\/\/www.nettali.com\/2021\/03\/20\/une-vie-de-combat\/\" \/>\n<meta property=\"og:site_name\" content=\"Nettali.com\" \/>\n<meta property=\"article:publisher\" content=\"https:\/\/www.facebook.com\/nettalicom\" \/>\n<meta property=\"article:published_time\" content=\"2021-03-20T20:58:28+00:00\" \/>\n<meta property=\"article:modified_time\" content=\"2021-03-21T23:34:07+00:00\" \/>\n<meta property=\"og:image\" content=\"https:\/\/www.nettali.com\/wp-content\/uploads\/2021\/03\/Amadou-Mbahtar-Mbow.jpg\" \/>\n\t<meta property=\"og:image:width\" content=\"850\" \/>\n\t<meta property=\"og:image:height\" content=\"565\" \/>\n<meta name=\"twitter:card\" content=\"summary_large_image\" \/>\n<meta name=\"twitter:label1\" content=\"\u00c9crit par\" \/>\n\t<meta name=\"twitter:data1\" content=\"Ibrahima\" \/>\n\t<meta name=\"twitter:label2\" content=\"Dur\u00e9e de lecture estim\u00e9e\" \/>\n\t<meta name=\"twitter:data2\" content=\"10 minutes\" \/>\n<script type=\"application\/ld+json\" class=\"yoast-schema-graph\">{\"@context\":\"https:\/\/schema.org\",\"@graph\":[{\"@type\":\"WebSite\",\"@id\":\"https:\/\/www.nettali.com\/#website\",\"url\":\"https:\/\/www.nettali.com\/\",\"name\":\"Nettali.com\",\"description\":\"Le rendez-vous critique du Net\",\"potentialAction\":[{\"@type\":\"SearchAction\",\"target\":{\"@type\":\"EntryPoint\",\"urlTemplate\":\"https:\/\/www.nettali.com\/?s={search_term_string}\"},\"query-input\":\"required name=search_term_string\"}],\"inLanguage\":\"fr-FR\"},{\"@type\":\"ImageObject\",\"@id\":\"https:\/\/www.nettali.com\/2021\/03\/20\/une-vie-de-combat\/#primaryimage\",\"inLanguage\":\"fr-FR\",\"url\":\"https:\/\/www.nettali.com\/wp-content\/uploads\/2021\/03\/Amadou-Mbahtar-Mbow.jpg\",\"contentUrl\":\"https:\/\/www.nettali.com\/wp-content\/uploads\/2021\/03\/Amadou-Mbahtar-Mbow.jpg\",\"width\":850,\"height\":565},{\"@type\":\"WebPage\",\"@id\":\"https:\/\/www.nettali.com\/2021\/03\/20\/une-vie-de-combat\/#webpage\",\"url\":\"https:\/\/www.nettali.com\/2021\/03\/20\/une-vie-de-combat\/\",\"name\":\"PROFIL D'AMADOU MAKHTAR MBOW - Une vie de combat ! | Nettali.com\",\"isPartOf\":{\"@id\":\"https:\/\/www.nettali.com\/#website\"},\"primaryImageOfPage\":{\"@id\":\"https:\/\/www.nettali.com\/2021\/03\/20\/une-vie-de-combat\/#primaryimage\"},\"datePublished\":\"2021-03-20T20:58:28+00:00\",\"dateModified\":\"2021-03-21T23:34:07+00:00\",\"author\":{\"@id\":\"https:\/\/www.nettali.com\/#\/schema\/person\/bb147657c2986240405a608162b9bb23\"},\"breadcrumb\":{\"@id\":\"https:\/\/www.nettali.com\/2021\/03\/20\/une-vie-de-combat\/#breadcrumb\"},\"inLanguage\":\"fr-FR\",\"potentialAction\":[{\"@type\":\"ReadAction\",\"target\":[\"https:\/\/www.nettali.com\/2021\/03\/20\/une-vie-de-combat\/\"]}]},{\"@type\":\"BreadcrumbList\",\"@id\":\"https:\/\/www.nettali.com\/2021\/03\/20\/une-vie-de-combat\/#breadcrumb\",\"itemListElement\":[{\"@type\":\"ListItem\",\"position\":1,\"name\":\"Accueil\",\"item\":\"https:\/\/www.nettali.com\/\"},{\"@type\":\"ListItem\",\"position\":2,\"name\":\"PROFIL D&rsquo;AMADOU MAKHTAR MBOW &#8211; Une vie de combat !\"}]},{\"@type\":\"Person\",\"@id\":\"https:\/\/www.nettali.com\/#\/schema\/person\/bb147657c2986240405a608162b9bb23\",\"name\":\"Ibrahima\",\"image\":{\"@type\":\"ImageObject\",\"@id\":\"https:\/\/www.nettali.com\/#personlogo\",\"inLanguage\":\"fr-FR\",\"url\":\"https:\/\/secure.gravatar.com\/avatar\/26a8a81f09f0dd7624c9d5c36c9ba3a2?s=96&d=mm&r=g\",\"contentUrl\":\"https:\/\/secure.gravatar.com\/avatar\/26a8a81f09f0dd7624c9d5c36c9ba3a2?s=96&d=mm&r=g\",\"caption\":\"Ibrahima\"},\"sameAs\":[\"https:\/\/www.nettali.com\"]}]}<\/script>\n<!-- \/ Yoast SEO Premium plugin. -->","yoast_head_json":{"title":"PROFIL D'AMADOU MAKHTAR MBOW - Une vie de combat ! | Nettali.com","robots":{"index":"index","follow":"follow","max-snippet":"max-snippet:-1","max-image-preview":"max-image-preview:large","max-video-preview":"max-video-preview:-1"},"canonical":"https:\/\/www.nettali.com\/2021\/03\/20\/une-vie-de-combat\/","og_locale":"fr_FR","og_type":"article","og_title":"PROFIL D'AMADOU MAKHTAR MBOW - Une vie de combat !","og_description":"NETTALI.COM - Au service de son pays et de l\u2019humain, Amadou Mahtar Mbow a \u00e9t\u00e9 de presque tous les combats d\u00e9mocratiques. D\u2019abord contre le nazisme, ensuite pour l\u2019ind\u00e9pendance des pays d\u2019Afrique, plus tard contre la d\u00e9t\u00e9rioration des termes de l\u2019\u00e9change, la monopolisation des flux d\u2019information par le Nord... \u201cJ\u2019ai v\u00e9cu en zone occup\u00e9e par les [&hellip;]","og_url":"https:\/\/www.nettali.com\/2021\/03\/20\/une-vie-de-combat\/","og_site_name":"Nettali.com","article_publisher":"https:\/\/www.facebook.com\/nettalicom","article_published_time":"2021-03-20T20:58:28+00:00","article_modified_time":"2021-03-21T23:34:07+00:00","og_image":[{"width":850,"height":565,"url":"https:\/\/www.nettali.com\/wp-content\/uploads\/2021\/03\/Amadou-Mbahtar-Mbow.jpg","type":"image\/jpeg"}],"twitter_card":"summary_large_image","twitter_misc":{"\u00c9crit par":"Ibrahima","Dur\u00e9e de lecture estim\u00e9e":"10 minutes"},"schema":{"@context":"https:\/\/schema.org","@graph":[{"@type":"WebSite","@id":"https:\/\/www.nettali.com\/#website","url":"https:\/\/www.nettali.com\/","name":"Nettali.com","description":"Le rendez-vous critique du Net","potentialAction":[{"@type":"SearchAction","target":{"@type":"EntryPoint","urlTemplate":"https:\/\/www.nettali.com\/?s={search_term_string}"},"query-input":"required name=search_term_string"}],"inLanguage":"fr-FR"},{"@type":"ImageObject","@id":"https:\/\/www.nettali.com\/2021\/03\/20\/une-vie-de-combat\/#primaryimage","inLanguage":"fr-FR","url":"https:\/\/www.nettali.com\/wp-content\/uploads\/2021\/03\/Amadou-Mbahtar-Mbow.jpg","contentUrl":"https:\/\/www.nettali.com\/wp-content\/uploads\/2021\/03\/Amadou-Mbahtar-Mbow.jpg","width":850,"height":565},{"@type":"WebPage","@id":"https:\/\/www.nettali.com\/2021\/03\/20\/une-vie-de-combat\/#webpage","url":"https:\/\/www.nettali.com\/2021\/03\/20\/une-vie-de-combat\/","name":"PROFIL D'AMADOU MAKHTAR MBOW - Une vie de combat ! | Nettali.com","isPartOf":{"@id":"https:\/\/www.nettali.com\/#website"},"primaryImageOfPage":{"@id":"https:\/\/www.nettali.com\/2021\/03\/20\/une-vie-de-combat\/#primaryimage"},"datePublished":"2021-03-20T20:58:28+00:00","dateModified":"2021-03-21T23:34:07+00:00","author":{"@id":"https:\/\/www.nettali.com\/#\/schema\/person\/bb147657c2986240405a608162b9bb23"},"breadcrumb":{"@id":"https:\/\/www.nettali.com\/2021\/03\/20\/une-vie-de-combat\/#breadcrumb"},"inLanguage":"fr-FR","potentialAction":[{"@type":"ReadAction","target":["https:\/\/www.nettali.com\/2021\/03\/20\/une-vie-de-combat\/"]}]},{"@type":"BreadcrumbList","@id":"https:\/\/www.nettali.com\/2021\/03\/20\/une-vie-de-combat\/#breadcrumb","itemListElement":[{"@type":"ListItem","position":1,"name":"Accueil","item":"https:\/\/www.nettali.com\/"},{"@type":"ListItem","position":2,"name":"PROFIL D&rsquo;AMADOU MAKHTAR MBOW &#8211; Une vie de combat !"}]},{"@type":"Person","@id":"https:\/\/www.nettali.com\/#\/schema\/person\/bb147657c2986240405a608162b9bb23","name":"Ibrahima","image":{"@type":"ImageObject","@id":"https:\/\/www.nettali.com\/#personlogo","inLanguage":"fr-FR","url":"https:\/\/secure.gravatar.com\/avatar\/26a8a81f09f0dd7624c9d5c36c9ba3a2?s=96&d=mm&r=g","contentUrl":"https:\/\/secure.gravatar.com\/avatar\/26a8a81f09f0dd7624c9d5c36c9ba3a2?s=96&d=mm&r=g","caption":"Ibrahima"},"sameAs":["https:\/\/www.nettali.com"]}]}},"_links":{"self":[{"href":"https:\/\/www.nettali.com\/rest\/wp\/v2\/posts\/60291"}],"collection":[{"href":"https:\/\/www.nettali.com\/rest\/wp\/v2\/posts"}],"about":[{"href":"https:\/\/www.nettali.com\/rest\/wp\/v2\/types\/post"}],"author":[{"embeddable":true,"href":"https:\/\/www.nettali.com\/rest\/wp\/v2\/users\/5"}],"replies":[{"embeddable":true,"href":"https:\/\/www.nettali.com\/rest\/wp\/v2\/comments?post=60291"}],"version-history":[{"count":4,"href":"https:\/\/www.nettali.com\/rest\/wp\/v2\/posts\/60291\/revisions"}],"predecessor-version":[{"id":60371,"href":"https:\/\/www.nettali.com\/rest\/wp\/v2\/posts\/60291\/revisions\/60371"}],"wp:featuredmedia":[{"embeddable":true,"href":"https:\/\/www.nettali.com\/rest\/wp\/v2\/media\/60317"}],"wp:attachment":[{"href":"https:\/\/www.nettali.com\/rest\/wp\/v2\/media?parent=60291"}],"wp:term":[{"taxonomy":"category","embeddable":true,"href":"https:\/\/www.nettali.com\/rest\/wp\/v2\/categories?post=60291"},{"taxonomy":"post_tag","embeddable":true,"href":"https:\/\/www.nettali.com\/rest\/wp\/v2\/tags?post=60291"}],"curies":[{"name":"wp","href":"https:\/\/api.w.org\/{rel}","templated":true}]}}