{"id":60137,"date":"2021-03-18T10:51:27","date_gmt":"2021-03-18T10:51:27","guid":{"rendered":"https:\/\/www.nettali.com\/?p=60137"},"modified":"2021-03-18T10:51:27","modified_gmt":"2021-03-18T10:51:27","slug":"opposition-sonko-rencontre-gackou","status":"publish","type":"post","link":"https:\/\/www.nettali.com\/2021\/03\/18\/opposition-sonko-rencontre-gackou\/","title":{"rendered":"OPPOSITION \u2013 Sonko rencontre Gackou"},"content":{"rendered":"<p><strong>NETTALI.COM \u2013 Ousmane Sonko a rencontr\u00e9 hier, le leader du Grand parti Maliack Gackou. Les deux personnalit\u00e9s ont pris date pour harmoniser leurs strat\u00e9gies et travailleur \u00e0 la n\u00e9cessaire unit\u00e9 de l\u2019opposition s\u00e9n\u00e9galaise. <\/strong><\/p>\n<p>Le leader de Pastef d\u00e9roule sa tourn\u00e9e de remerciements, qui l\u2019a men\u00e9 hier au si\u00e8ge du Grand parti. Ousmane Sonko y \u00e9tait avec une forte d\u00e9l\u00e9gation. Comme ce qu\u2019il a dit \u00e0 ceux qui l\u2019ont re\u00e7u avant, il a demand\u00e9 \u00e0 Malick Gackou de le rejoindre afin qu\u2019ils m\u00e8nent le combat contre le pouvoir en place. \u201cPastef reste ouvert \u00e0 tous les partis et les forces vives de la nation pour changer les choses. Le peuple nous dit \u00eatre fatigu\u00e9, en a marre du gouvernement actuel et a espoir qu\u2019on change les choses. A nous de ne pas trahir leur confiance\u2019\u2019, a-t-il dit.<\/p>\n<p>A cet effet, Ousmane Sonko pense qu\u2019il est imp\u00e9ratif que l\u2019opposition fasse bloc pour faire face \u00e0 Macky Sall qui ne cesse d\u2019abuser de son pouvoir. Son appel a trouv\u00e9 \u00e9cho chez son h\u00f4te. Malick Gackou, qui dit avoir \u00e9t\u00e9 victime de ce syst\u00e8me, mart\u00e8le qu\u2019il faut que les choses changent. \u201cLes derni\u00e8res manifestations doivent apprendre \u00e0 la classe politique s\u00e9n\u00e9galaise qu\u2019elle doit plus de consid\u00e9ration au peuple s\u00e9n\u00e9galais\u2019\u2019, a dit M. Gackou.<\/p>\n<p>Pour lui, le peuple les a instruits de changer de m\u00e9canisme de fonctionnement, de m\u00e9thode d\u2019approche. Ainsi, \u201cil n\u2019est plus possible que le S\u00e9n\u00e9gal soit dirig\u00e9 par des hommes politiques qui n\u2019ont pas les mains propres\u2019\u2019, d\u00e9clare-t-il.<\/p>\n<div class='share-to-whatsapp-wrapper'><div class='share-on-whsp'>PARTAGER SUR : <\/div><a data-text='OPPOSITION \u2013 Sonko rencontre Gackou' data-link='https:\/\/www.nettali.com\/2021\/03\/18\/opposition-sonko-rencontre-gackou\/' class='whatsapp-button whatsapp-share'>WhatsApp<\/a><div class='clear '><\/div><\/div>","protected":false},"excerpt":{"rendered":"<p>NETTALI.COM \u2013 Ousmane Sonko a rencontr\u00e9 hier, le leader du Grand parti Maliack Gackou. Les deux personnalit\u00e9s ont pris date pour harmoniser leurs strat\u00e9gies et travailleur \u00e0 la n\u00e9cessaire unit\u00e9 de l\u2019opposition s\u00e9n\u00e9galaise. Le leader de Pastef d\u00e9roule sa tourn\u00e9e de remerciements, qui l\u2019a men\u00e9 hier au si\u00e8ge du Grand parti. Ousmane Sonko y \u00e9tait [&hellip;]<\/p>\n","protected":false},"author":11,"featured_media":60138,"comment_status":"open","ping_status":"open","sticky":false,"template":"","format":"standard","meta":{"_et_pb_use_builder":"","_et_pb_old_content":""},"categories":[2],"tags":[],"yoast_head":"<!-- This site is optimized with the Yoast SEO Premium plugin v17.8 (Yoast SEO v17.8) - https:\/\/yoast.com\/wordpress\/plugins\/seo\/ -->\n<title>OPPOSITION \u2013 Sonko rencontre Gackou | Nettali.com<\/title>\n<meta name=\"robots\" content=\"index, follow, max-snippet:-1, max-image-preview:large, max-video-preview:-1\" \/>\n<link rel=\"canonical\" href=\"https:\/\/www.nettali.com\/2021\/03\/18\/opposition-sonko-rencontre-gackou\/\" \/>\n<meta property=\"og:locale\" content=\"fr_FR\" \/>\n<meta property=\"og:type\" content=\"article\" \/>\n<meta property=\"og:title\" content=\"OPPOSITION \u2013 Sonko rencontre Gackou\" \/>\n<meta property=\"og:description\" content=\"NETTALI.COM \u2013 Ousmane Sonko a rencontr\u00e9 hier, le leader du Grand parti Maliack Gackou. Les deux personnalit\u00e9s ont pris date pour harmoniser leurs strat\u00e9gies et travailleur \u00e0 la n\u00e9cessaire unit\u00e9 de l\u2019opposition s\u00e9n\u00e9galaise. Le leader de Pastef d\u00e9roule sa tourn\u00e9e de remerciements, qui l\u2019a men\u00e9 hier au si\u00e8ge du Grand parti. Ousmane Sonko y \u00e9tait [&hellip;]\" \/>\n<meta property=\"og:url\" content=\"https:\/\/www.nettali.com\/2021\/03\/18\/opposition-sonko-rencontre-gackou\/\" \/>\n<meta property=\"og:site_name\" content=\"Nettali.com\" \/>\n<meta property=\"article:publisher\" content=\"https:\/\/www.facebook.com\/nettalicom\" \/>\n<meta property=\"article:published_time\" content=\"2021-03-18T10:51:27+00:00\" \/>\n<meta property=\"og:image\" content=\"https:\/\/www.nettali.com\/wp-content\/uploads\/2021\/03\/gv.png\" \/>\n\t<meta property=\"og:image:width\" content=\"640\" \/>\n\t<meta property=\"og:image:height\" content=\"386\" \/>\n<meta name=\"twitter:card\" content=\"summary_large_image\" \/>\n<meta name=\"twitter:label1\" content=\"\u00c9crit par\" \/>\n\t<meta name=\"twitter:data1\" content=\"Thierno Diop\" \/>\n\t<meta name=\"twitter:label2\" content=\"Dur\u00e9e de lecture estim\u00e9e\" \/>\n\t<meta name=\"twitter:data2\" content=\"1 minute\" \/>\n<script type=\"application\/ld+json\" class=\"yoast-schema-graph\">{\"@context\":\"https:\/\/schema.org\",\"@graph\":[{\"@type\":\"WebSite\",\"@id\":\"https:\/\/www.nettali.com\/#website\",\"url\":\"https:\/\/www.nettali.com\/\",\"name\":\"Nettali.com\",\"description\":\"Le rendez-vous critique du Net\",\"potentialAction\":[{\"@type\":\"SearchAction\",\"target\":{\"@type\":\"EntryPoint\",\"urlTemplate\":\"https:\/\/www.nettali.com\/?s={search_term_string}\"},\"query-input\":\"required name=search_term_string\"}],\"inLanguage\":\"fr-FR\"},{\"@type\":\"ImageObject\",\"@id\":\"https:\/\/www.nettali.com\/2021\/03\/18\/opposition-sonko-rencontre-gackou\/#primaryimage\",\"inLanguage\":\"fr-FR\",\"url\":\"https:\/\/www.nettali.com\/wp-content\/uploads\/2021\/03\/gv.png\",\"contentUrl\":\"https:\/\/www.nettali.com\/wp-content\/uploads\/2021\/03\/gv.png\",\"width\":640,\"height\":386},{\"@type\":\"WebPage\",\"@id\":\"https:\/\/www.nettali.com\/2021\/03\/18\/opposition-sonko-rencontre-gackou\/#webpage\",\"url\":\"https:\/\/www.nettali.com\/2021\/03\/18\/opposition-sonko-rencontre-gackou\/\",\"name\":\"OPPOSITION \\u2013 Sonko rencontre Gackou | Nettali.com\",\"isPartOf\":{\"@id\":\"https:\/\/www.nettali.com\/#website\"},\"primaryImageOfPage\":{\"@id\":\"https:\/\/www.nettali.com\/2021\/03\/18\/opposition-sonko-rencontre-gackou\/#primaryimage\"},\"datePublished\":\"2021-03-18T10:51:27+00:00\",\"dateModified\":\"2021-03-18T10:51:27+00:00\",\"author\":{\"@id\":\"https:\/\/www.nettali.com\/#\/schema\/person\/8a06c6bd7b19304cf4bf985862900b5b\"},\"breadcrumb\":{\"@id\":\"https:\/\/www.nettali.com\/2021\/03\/18\/opposition-sonko-rencontre-gackou\/#breadcrumb\"},\"inLanguage\":\"fr-FR\",\"potentialAction\":[{\"@type\":\"ReadAction\",\"target\":[\"https:\/\/www.nettali.com\/2021\/03\/18\/opposition-sonko-rencontre-gackou\/\"]}]},{\"@type\":\"BreadcrumbList\",\"@id\":\"https:\/\/www.nettali.com\/2021\/03\/18\/opposition-sonko-rencontre-gackou\/#breadcrumb\",\"itemListElement\":[{\"@type\":\"ListItem\",\"position\":1,\"name\":\"Accueil\",\"item\":\"https:\/\/www.nettali.com\/\"},{\"@type\":\"ListItem\",\"position\":2,\"name\":\"OPPOSITION \\u2013 Sonko rencontre Gackou\"}]},{\"@type\":\"Person\",\"@id\":\"https:\/\/www.nettali.com\/#\/schema\/person\/8a06c6bd7b19304cf4bf985862900b5b\",\"name\":\"Thierno Diop\",\"image\":{\"@type\":\"ImageObject\",\"@id\":\"https:\/\/www.nettali.com\/#personlogo\",\"inLanguage\":\"fr-FR\",\"url\":\"https:\/\/secure.gravatar.com\/avatar\/c8ca58550c94fd2ac856d27391a6c866?s=96&d=mm&r=g\",\"contentUrl\":\"https:\/\/secure.gravatar.com\/avatar\/c8ca58550c94fd2ac856d27391a6c866?s=96&d=mm&r=g\",\"caption\":\"Thierno Diop\"},\"sameAs\":[\"https:\/\/nettali.com\"]}]}<\/script>\n<!-- \/ Yoast SEO Premium plugin. -->","yoast_head_json":{"title":"OPPOSITION \u2013 Sonko rencontre Gackou | Nettali.com","robots":{"index":"index","follow":"follow","max-snippet":"max-snippet:-1","max-image-preview":"max-image-preview:large","max-video-preview":"max-video-preview:-1"},"canonical":"https:\/\/www.nettali.com\/2021\/03\/18\/opposition-sonko-rencontre-gackou\/","og_locale":"fr_FR","og_type":"article","og_title":"OPPOSITION \u2013 Sonko rencontre Gackou","og_description":"NETTALI.COM \u2013 Ousmane Sonko a rencontr\u00e9 hier, le leader du Grand parti Maliack Gackou. Les deux personnalit\u00e9s ont pris date pour harmoniser leurs strat\u00e9gies et travailleur \u00e0 la n\u00e9cessaire unit\u00e9 de l\u2019opposition s\u00e9n\u00e9galaise. Le leader de Pastef d\u00e9roule sa tourn\u00e9e de remerciements, qui l\u2019a men\u00e9 hier au si\u00e8ge du Grand parti. Ousmane Sonko y \u00e9tait [&hellip;]","og_url":"https:\/\/www.nettali.com\/2021\/03\/18\/opposition-sonko-rencontre-gackou\/","og_site_name":"Nettali.com","article_publisher":"https:\/\/www.facebook.com\/nettalicom","article_published_time":"2021-03-18T10:51:27+00:00","og_image":[{"width":640,"height":386,"url":"https:\/\/www.nettali.com\/wp-content\/uploads\/2021\/03\/gv.png","type":"image\/png"}],"twitter_card":"summary_large_image","twitter_misc":{"\u00c9crit par":"Thierno Diop","Dur\u00e9e de lecture estim\u00e9e":"1 minute"},"schema":{"@context":"https:\/\/schema.org","@graph":[{"@type":"WebSite","@id":"https:\/\/www.nettali.com\/#website","url":"https:\/\/www.nettali.com\/","name":"Nettali.com","description":"Le rendez-vous critique du Net","potentialAction":[{"@type":"SearchAction","target":{"@type":"EntryPoint","urlTemplate":"https:\/\/www.nettali.com\/?s={search_term_string}"},"query-input":"required name=search_term_string"}],"inLanguage":"fr-FR"},{"@type":"ImageObject","@id":"https:\/\/www.nettali.com\/2021\/03\/18\/opposition-sonko-rencontre-gackou\/#primaryimage","inLanguage":"fr-FR","url":"https:\/\/www.nettali.com\/wp-content\/uploads\/2021\/03\/gv.png","contentUrl":"https:\/\/www.nettali.com\/wp-content\/uploads\/2021\/03\/gv.png","width":640,"height":386},{"@type":"WebPage","@id":"https:\/\/www.nettali.com\/2021\/03\/18\/opposition-sonko-rencontre-gackou\/#webpage","url":"https:\/\/www.nettali.com\/2021\/03\/18\/opposition-sonko-rencontre-gackou\/","name":"OPPOSITION \u2013 Sonko rencontre Gackou | Nettali.com","isPartOf":{"@id":"https:\/\/www.nettali.com\/#website"},"primaryImageOfPage":{"@id":"https:\/\/www.nettali.com\/2021\/03\/18\/opposition-sonko-rencontre-gackou\/#primaryimage"},"datePublished":"2021-03-18T10:51:27+00:00","dateModified":"2021-03-18T10:51:27+00:00","author":{"@id":"https:\/\/www.nettali.com\/#\/schema\/person\/8a06c6bd7b19304cf4bf985862900b5b"},"breadcrumb":{"@id":"https:\/\/www.nettali.com\/2021\/03\/18\/opposition-sonko-rencontre-gackou\/#breadcrumb"},"inLanguage":"fr-FR","potentialAction":[{"@type":"ReadAction","target":["https:\/\/www.nettali.com\/2021\/03\/18\/opposition-sonko-rencontre-gackou\/"]}]},{"@type":"BreadcrumbList","@id":"https:\/\/www.nettali.com\/2021\/03\/18\/opposition-sonko-rencontre-gackou\/#breadcrumb","itemListElement":[{"@type":"ListItem","position":1,"name":"Accueil","item":"https:\/\/www.nettali.com\/"},{"@type":"ListItem","position":2,"name":"OPPOSITION \u2013 Sonko rencontre Gackou"}]},{"@type":"Person","@id":"https:\/\/www.nettali.com\/#\/schema\/person\/8a06c6bd7b19304cf4bf985862900b5b","name":"Thierno Diop","image":{"@type":"ImageObject","@id":"https:\/\/www.nettali.com\/#personlogo","inLanguage":"fr-FR","url":"https:\/\/secure.gravatar.com\/avatar\/c8ca58550c94fd2ac856d27391a6c866?s=96&d=mm&r=g","contentUrl":"https:\/\/secure.gravatar.com\/avatar\/c8ca58550c94fd2ac856d27391a6c866?s=96&d=mm&r=g","caption":"Thierno Diop"},"sameAs":["https:\/\/nettali.com"]}]}},"_links":{"self":[{"href":"https:\/\/www.nettali.com\/rest\/wp\/v2\/posts\/60137"}],"collection":[{"href":"https:\/\/www.nettali.com\/rest\/wp\/v2\/posts"}],"about":[{"href":"https:\/\/www.nettali.com\/rest\/wp\/v2\/types\/post"}],"author":[{"embeddable":true,"href":"https:\/\/www.nettali.com\/rest\/wp\/v2\/users\/11"}],"replies":[{"embeddable":true,"href":"https:\/\/www.nettali.com\/rest\/wp\/v2\/comments?post=60137"}],"version-history":[{"count":1,"href":"https:\/\/www.nettali.com\/rest\/wp\/v2\/posts\/60137\/revisions"}],"predecessor-version":[{"id":60139,"href":"https:\/\/www.nettali.com\/rest\/wp\/v2\/posts\/60137\/revisions\/60139"}],"wp:featuredmedia":[{"embeddable":true,"href":"https:\/\/www.nettali.com\/rest\/wp\/v2\/media\/60138"}],"wp:attachment":[{"href":"https:\/\/www.nettali.com\/rest\/wp\/v2\/media?parent=60137"}],"wp:term":[{"taxonomy":"category","embeddable":true,"href":"https:\/\/www.nettali.com\/rest\/wp\/v2\/categories?post=60137"},{"taxonomy":"post_tag","embeddable":true,"href":"https:\/\/www.nettali.com\/rest\/wp\/v2\/tags?post=60137"}],"curies":[{"name":"wp","href":"https:\/\/api.w.org\/{rel}","templated":true}]}}