{"id":60114,"date":"2021-03-17T23:36:38","date_gmt":"2021-03-17T23:36:38","guid":{"rendered":"https:\/\/www.nettali.com\/?p=60114"},"modified":"2021-03-17T23:36:38","modified_gmt":"2021-03-17T23:36:38","slug":"levee-de-de-letat-de-catastrophe-sanitaire-macky-previent","status":"publish","type":"post","link":"https:\/\/www.nettali.com\/2021\/03\/17\/levee-de-de-letat-de-catastrophe-sanitaire-macky-previent\/","title":{"rendered":"LEVEE DE DE L\u2019ETAT DE CATASTROPHE SANITAIRE \u2013 Macky pr\u00e9vient"},"content":{"rendered":"<p><strong>NETTALI.COM-<\/strong>\u00a0<strong>A 24 heures de la fin de la lev\u00e9e de\u00a0de l\u2019\u00e9tat de catastrophe sanitaire, le Pr\u00e9sident Macky Sall craint d\u00e9j\u00e0 un nouveau rel\u00e2chement qui pourrait cr\u00e9er une nouvelle vague de pand\u00e9mie de Covid-19.<\/strong><\/p>\n<p>Ce vendredi 19 mars 2021 \u00e0 minuit, marque la fin de l\u2019\u00e9tat de catastrophe sanitaire. Mais, pr\u00e9vient le Pr\u00e9sident Macky Sall, cela \u00ab\u00a0ne signifie pas la fin de la pand\u00e9mie\u00a0\u00bb.\u00a0C\u2019est pourquoi, il invite, d\u00e8s lors, le Gouvernement \u00ab\u00a0\u00e0 d\u00e9velopper aupr\u00e8s des populations, une strat\u00e9gie de communication persuasive et une mobilisation communautaire adapt\u00e9e afin d\u2019\u00e9viter tout rel\u00e2chement, pr\u00e9judiciable aux efforts collectifs jusque-l\u00e0 consentis pour faire face \u00e0 la pand\u00e9mie Covid-19\u00a0\u00bb.<\/p>\n<p>A ce titre, le Pr\u00e9sident s\u00e9n\u00e9galais demande au ministre de la Sant\u00e9 et de l\u2019Action sociale, \u00ab\u00a0d\u2019acc\u00e9l\u00e9rer le d\u00e9ploiement de la campagne nationale vaccination, en veillant \u00e0 l\u2019administration ad\u00e9quate aux concern\u00e9s, de la seconde dose\u00a0\u00bb.\u00a0 Il l\u2019invite surtout \u00ab\u00a0\u00e0 accentuer le plaidoyer pour l\u2019observation stricte des mesures barri\u00e8res et le respect permanent du port du masque dans les commerces, les transports et les lieux publics\u00a0\u00bb.<\/p>\n<p>Par ailleurs, le Chef de l\u2019Etat rappelle, \u00ab\u00a0aussi, l\u2019urgence de finaliser le processus de relance des activit\u00e9s de l\u2019usine pharmaceutique Medis \u00a0S\u00e9n\u00e9gal SA.<\/p>\n<p>Dans le m\u00eame ordre d\u2019id\u00e9es, il a instruit le ministre de la Sant\u00e9 et de l\u2019Action sociale, \u00ab\u00a0la n\u00e9cessit\u00e9 de finaliser le plan de r\u00e9formes devant soutenir les importants investissements dans le syst\u00e8me sanitaire, en impliquant fortement toutes les parties prenantes (partenaires sociaux, universitaires, collectivit\u00e9s territoriales, etc )\u00a0\u00bb. Pour finir, il lui a demand\u00e9 de \u00ab\u00a0veiller au fonctionnement optimal des quatre (4) nouveaux h\u00f4pitaux r\u00e9gionaux de Kaffrine, K\u00e9dougou, S\u00e9dhiou et Touba, dont il proc\u00e9dera \u00e0 l\u2019inauguration, tr\u00e8s prochainement\u00a0\u00bb.<\/p>\n<div class='share-to-whatsapp-wrapper'><div class='share-on-whsp'>PARTAGER SUR : <\/div><a data-text='LEVEE DE DE L\u2019ETAT DE CATASTROPHE SANITAIRE \u2013 Macky pr\u00e9vient' data-link='https:\/\/www.nettali.com\/2021\/03\/17\/levee-de-de-letat-de-catastrophe-sanitaire-macky-previent\/' class='whatsapp-button whatsapp-share'>WhatsApp<\/a><div class='clear '><\/div><\/div>","protected":false},"excerpt":{"rendered":"<p>NETTALI.COM-\u00a0A 24 heures de la fin de la lev\u00e9e de\u00a0de l\u2019\u00e9tat de catastrophe sanitaire, le Pr\u00e9sident Macky Sall craint d\u00e9j\u00e0 un nouveau rel\u00e2chement qui pourrait cr\u00e9er une nouvelle vague de pand\u00e9mie de Covid-19. Ce vendredi 19 mars 2021 \u00e0 minuit, marque la fin de l\u2019\u00e9tat de catastrophe sanitaire. Mais, pr\u00e9vient le Pr\u00e9sident Macky Sall, cela [&hellip;]<\/p>\n","protected":false},"author":11,"featured_media":38091,"comment_status":"open","ping_status":"open","sticky":false,"template":"","format":"standard","meta":{"_et_pb_use_builder":"","_et_pb_old_content":""},"categories":[22],"tags":[],"yoast_head":"<!-- This site is optimized with the Yoast SEO Premium plugin v17.8 (Yoast SEO v17.8) - https:\/\/yoast.com\/wordpress\/plugins\/seo\/ -->\n<title>LEVEE DE DE L\u2019ETAT DE CATASTROPHE SANITAIRE \u2013 Macky pr\u00e9vient | Nettali.com<\/title>\n<meta name=\"robots\" content=\"index, follow, max-snippet:-1, max-image-preview:large, max-video-preview:-1\" \/>\n<link rel=\"canonical\" href=\"https:\/\/www.nettali.com\/2021\/03\/17\/levee-de-de-letat-de-catastrophe-sanitaire-macky-previent\/\" \/>\n<meta property=\"og:locale\" content=\"fr_FR\" \/>\n<meta property=\"og:type\" content=\"article\" \/>\n<meta property=\"og:title\" content=\"LEVEE DE DE L\u2019ETAT DE CATASTROPHE SANITAIRE \u2013 Macky pr\u00e9vient\" \/>\n<meta property=\"og:description\" content=\"NETTALI.COM-\u00a0A 24 heures de la fin de la lev\u00e9e de\u00a0de l\u2019\u00e9tat de catastrophe sanitaire, le Pr\u00e9sident Macky Sall craint d\u00e9j\u00e0 un nouveau rel\u00e2chement qui pourrait cr\u00e9er une nouvelle vague de pand\u00e9mie de Covid-19. Ce vendredi 19 mars 2021 \u00e0 minuit, marque la fin de l\u2019\u00e9tat de catastrophe sanitaire. Mais, pr\u00e9vient le Pr\u00e9sident Macky Sall, cela [&hellip;]\" \/>\n<meta property=\"og:url\" content=\"https:\/\/www.nettali.com\/2021\/03\/17\/levee-de-de-letat-de-catastrophe-sanitaire-macky-previent\/\" \/>\n<meta property=\"og:site_name\" content=\"Nettali.com\" \/>\n<meta property=\"article:publisher\" content=\"https:\/\/www.facebook.com\/nettalicom\" \/>\n<meta property=\"article:published_time\" content=\"2021-03-17T23:36:38+00:00\" \/>\n<meta property=\"og:image\" content=\"https:\/\/www.nettali.com\/wp-content\/uploads\/2020\/06\/macky_sall_loi_dhabilitation.jpg\" \/>\n\t<meta property=\"og:image:width\" content=\"678\" \/>\n\t<meta property=\"og:image:height\" content=\"381\" \/>\n<meta name=\"twitter:card\" content=\"summary_large_image\" \/>\n<meta name=\"twitter:label1\" content=\"\u00c9crit par\" \/>\n\t<meta name=\"twitter:data1\" content=\"Thierno Diop\" \/>\n\t<meta name=\"twitter:label2\" content=\"Dur\u00e9e de lecture estim\u00e9e\" \/>\n\t<meta name=\"twitter:data2\" content=\"2 minutes\" \/>\n<script type=\"application\/ld+json\" class=\"yoast-schema-graph\">{\"@context\":\"https:\/\/schema.org\",\"@graph\":[{\"@type\":\"WebSite\",\"@id\":\"https:\/\/www.nettali.com\/#website\",\"url\":\"https:\/\/www.nettali.com\/\",\"name\":\"Nettali.com\",\"description\":\"Le rendez-vous critique du Net\",\"potentialAction\":[{\"@type\":\"SearchAction\",\"target\":{\"@type\":\"EntryPoint\",\"urlTemplate\":\"https:\/\/www.nettali.com\/?s={search_term_string}\"},\"query-input\":\"required name=search_term_string\"}],\"inLanguage\":\"fr-FR\"},{\"@type\":\"ImageObject\",\"@id\":\"https:\/\/www.nettali.com\/2021\/03\/17\/levee-de-de-letat-de-catastrophe-sanitaire-macky-previent\/#primaryimage\",\"inLanguage\":\"fr-FR\",\"url\":\"https:\/\/www.nettali.com\/wp-content\/uploads\/2020\/06\/macky_sall_loi_dhabilitation.jpg\",\"contentUrl\":\"https:\/\/www.nettali.com\/wp-content\/uploads\/2020\/06\/macky_sall_loi_dhabilitation.jpg\",\"width\":678,\"height\":381},{\"@type\":\"WebPage\",\"@id\":\"https:\/\/www.nettali.com\/2021\/03\/17\/levee-de-de-letat-de-catastrophe-sanitaire-macky-previent\/#webpage\",\"url\":\"https:\/\/www.nettali.com\/2021\/03\/17\/levee-de-de-letat-de-catastrophe-sanitaire-macky-previent\/\",\"name\":\"LEVEE DE DE L\\u2019ETAT DE CATASTROPHE SANITAIRE \\u2013 Macky pr\\u00e9vient | Nettali.com\",\"isPartOf\":{\"@id\":\"https:\/\/www.nettali.com\/#website\"},\"primaryImageOfPage\":{\"@id\":\"https:\/\/www.nettali.com\/2021\/03\/17\/levee-de-de-letat-de-catastrophe-sanitaire-macky-previent\/#primaryimage\"},\"datePublished\":\"2021-03-17T23:36:38+00:00\",\"dateModified\":\"2021-03-17T23:36:38+00:00\",\"author\":{\"@id\":\"https:\/\/www.nettali.com\/#\/schema\/person\/8a06c6bd7b19304cf4bf985862900b5b\"},\"breadcrumb\":{\"@id\":\"https:\/\/www.nettali.com\/2021\/03\/17\/levee-de-de-letat-de-catastrophe-sanitaire-macky-previent\/#breadcrumb\"},\"inLanguage\":\"fr-FR\",\"potentialAction\":[{\"@type\":\"ReadAction\",\"target\":[\"https:\/\/www.nettali.com\/2021\/03\/17\/levee-de-de-letat-de-catastrophe-sanitaire-macky-previent\/\"]}]},{\"@type\":\"BreadcrumbList\",\"@id\":\"https:\/\/www.nettali.com\/2021\/03\/17\/levee-de-de-letat-de-catastrophe-sanitaire-macky-previent\/#breadcrumb\",\"itemListElement\":[{\"@type\":\"ListItem\",\"position\":1,\"name\":\"Accueil\",\"item\":\"https:\/\/www.nettali.com\/\"},{\"@type\":\"ListItem\",\"position\":2,\"name\":\"LEVEE DE DE L\\u2019ETAT DE CATASTROPHE SANITAIRE \\u2013 Macky pr\\u00e9vient\"}]},{\"@type\":\"Person\",\"@id\":\"https:\/\/www.nettali.com\/#\/schema\/person\/8a06c6bd7b19304cf4bf985862900b5b\",\"name\":\"Thierno Diop\",\"image\":{\"@type\":\"ImageObject\",\"@id\":\"https:\/\/www.nettali.com\/#personlogo\",\"inLanguage\":\"fr-FR\",\"url\":\"https:\/\/secure.gravatar.com\/avatar\/c8ca58550c94fd2ac856d27391a6c866?s=96&d=mm&r=g\",\"contentUrl\":\"https:\/\/secure.gravatar.com\/avatar\/c8ca58550c94fd2ac856d27391a6c866?s=96&d=mm&r=g\",\"caption\":\"Thierno Diop\"},\"sameAs\":[\"https:\/\/nettali.com\"]}]}<\/script>\n<!-- \/ Yoast SEO Premium plugin. -->","yoast_head_json":{"title":"LEVEE DE DE L\u2019ETAT DE CATASTROPHE SANITAIRE \u2013 Macky pr\u00e9vient | Nettali.com","robots":{"index":"index","follow":"follow","max-snippet":"max-snippet:-1","max-image-preview":"max-image-preview:large","max-video-preview":"max-video-preview:-1"},"canonical":"https:\/\/www.nettali.com\/2021\/03\/17\/levee-de-de-letat-de-catastrophe-sanitaire-macky-previent\/","og_locale":"fr_FR","og_type":"article","og_title":"LEVEE DE DE L\u2019ETAT DE CATASTROPHE SANITAIRE \u2013 Macky pr\u00e9vient","og_description":"NETTALI.COM-\u00a0A 24 heures de la fin de la lev\u00e9e de\u00a0de l\u2019\u00e9tat de catastrophe sanitaire, le Pr\u00e9sident Macky Sall craint d\u00e9j\u00e0 un nouveau rel\u00e2chement qui pourrait cr\u00e9er une nouvelle vague de pand\u00e9mie de Covid-19. Ce vendredi 19 mars 2021 \u00e0 minuit, marque la fin de l\u2019\u00e9tat de catastrophe sanitaire. Mais, pr\u00e9vient le Pr\u00e9sident Macky Sall, cela [&hellip;]","og_url":"https:\/\/www.nettali.com\/2021\/03\/17\/levee-de-de-letat-de-catastrophe-sanitaire-macky-previent\/","og_site_name":"Nettali.com","article_publisher":"https:\/\/www.facebook.com\/nettalicom","article_published_time":"2021-03-17T23:36:38+00:00","og_image":[{"width":678,"height":381,"url":"https:\/\/www.nettali.com\/wp-content\/uploads\/2020\/06\/macky_sall_loi_dhabilitation.jpg","type":"image\/jpeg"}],"twitter_card":"summary_large_image","twitter_misc":{"\u00c9crit par":"Thierno Diop","Dur\u00e9e de lecture estim\u00e9e":"2 minutes"},"schema":{"@context":"https:\/\/schema.org","@graph":[{"@type":"WebSite","@id":"https:\/\/www.nettali.com\/#website","url":"https:\/\/www.nettali.com\/","name":"Nettali.com","description":"Le rendez-vous critique du Net","potentialAction":[{"@type":"SearchAction","target":{"@type":"EntryPoint","urlTemplate":"https:\/\/www.nettali.com\/?s={search_term_string}"},"query-input":"required name=search_term_string"}],"inLanguage":"fr-FR"},{"@type":"ImageObject","@id":"https:\/\/www.nettali.com\/2021\/03\/17\/levee-de-de-letat-de-catastrophe-sanitaire-macky-previent\/#primaryimage","inLanguage":"fr-FR","url":"https:\/\/www.nettali.com\/wp-content\/uploads\/2020\/06\/macky_sall_loi_dhabilitation.jpg","contentUrl":"https:\/\/www.nettali.com\/wp-content\/uploads\/2020\/06\/macky_sall_loi_dhabilitation.jpg","width":678,"height":381},{"@type":"WebPage","@id":"https:\/\/www.nettali.com\/2021\/03\/17\/levee-de-de-letat-de-catastrophe-sanitaire-macky-previent\/#webpage","url":"https:\/\/www.nettali.com\/2021\/03\/17\/levee-de-de-letat-de-catastrophe-sanitaire-macky-previent\/","name":"LEVEE DE DE L\u2019ETAT DE CATASTROPHE SANITAIRE \u2013 Macky pr\u00e9vient | Nettali.com","isPartOf":{"@id":"https:\/\/www.nettali.com\/#website"},"primaryImageOfPage":{"@id":"https:\/\/www.nettali.com\/2021\/03\/17\/levee-de-de-letat-de-catastrophe-sanitaire-macky-previent\/#primaryimage"},"datePublished":"2021-03-17T23:36:38+00:00","dateModified":"2021-03-17T23:36:38+00:00","author":{"@id":"https:\/\/www.nettali.com\/#\/schema\/person\/8a06c6bd7b19304cf4bf985862900b5b"},"breadcrumb":{"@id":"https:\/\/www.nettali.com\/2021\/03\/17\/levee-de-de-letat-de-catastrophe-sanitaire-macky-previent\/#breadcrumb"},"inLanguage":"fr-FR","potentialAction":[{"@type":"ReadAction","target":["https:\/\/www.nettali.com\/2021\/03\/17\/levee-de-de-letat-de-catastrophe-sanitaire-macky-previent\/"]}]},{"@type":"BreadcrumbList","@id":"https:\/\/www.nettali.com\/2021\/03\/17\/levee-de-de-letat-de-catastrophe-sanitaire-macky-previent\/#breadcrumb","itemListElement":[{"@type":"ListItem","position":1,"name":"Accueil","item":"https:\/\/www.nettali.com\/"},{"@type":"ListItem","position":2,"name":"LEVEE DE DE L\u2019ETAT DE CATASTROPHE SANITAIRE \u2013 Macky pr\u00e9vient"}]},{"@type":"Person","@id":"https:\/\/www.nettali.com\/#\/schema\/person\/8a06c6bd7b19304cf4bf985862900b5b","name":"Thierno Diop","image":{"@type":"ImageObject","@id":"https:\/\/www.nettali.com\/#personlogo","inLanguage":"fr-FR","url":"https:\/\/secure.gravatar.com\/avatar\/c8ca58550c94fd2ac856d27391a6c866?s=96&d=mm&r=g","contentUrl":"https:\/\/secure.gravatar.com\/avatar\/c8ca58550c94fd2ac856d27391a6c866?s=96&d=mm&r=g","caption":"Thierno Diop"},"sameAs":["https:\/\/nettali.com"]}]}},"_links":{"self":[{"href":"https:\/\/www.nettali.com\/rest\/wp\/v2\/posts\/60114"}],"collection":[{"href":"https:\/\/www.nettali.com\/rest\/wp\/v2\/posts"}],"about":[{"href":"https:\/\/www.nettali.com\/rest\/wp\/v2\/types\/post"}],"author":[{"embeddable":true,"href":"https:\/\/www.nettali.com\/rest\/wp\/v2\/users\/11"}],"replies":[{"embeddable":true,"href":"https:\/\/www.nettali.com\/rest\/wp\/v2\/comments?post=60114"}],"version-history":[{"count":1,"href":"https:\/\/www.nettali.com\/rest\/wp\/v2\/posts\/60114\/revisions"}],"predecessor-version":[{"id":60115,"href":"https:\/\/www.nettali.com\/rest\/wp\/v2\/posts\/60114\/revisions\/60115"}],"wp:featuredmedia":[{"embeddable":true,"href":"https:\/\/www.nettali.com\/rest\/wp\/v2\/media\/38091"}],"wp:attachment":[{"href":"https:\/\/www.nettali.com\/rest\/wp\/v2\/media?parent=60114"}],"wp:term":[{"taxonomy":"category","embeddable":true,"href":"https:\/\/www.nettali.com\/rest\/wp\/v2\/categories?post=60114"},{"taxonomy":"post_tag","embeddable":true,"href":"https:\/\/www.nettali.com\/rest\/wp\/v2\/tags?post=60114"}],"curies":[{"name":"wp","href":"https:\/\/api.w.org\/{rel}","templated":true}]}}