{"id":60110,"date":"2021-03-17T23:26:29","date_gmt":"2021-03-17T23:26:29","guid":{"rendered":"https:\/\/www.nettali.com\/?p=60110"},"modified":"2021-03-18T11:33:17","modified_gmt":"2021-03-18T11:33:17","slug":"rationalisation-vehicules-administratifs-les-mesures-de-macky","status":"publish","type":"post","link":"https:\/\/www.nettali.com\/2021\/03\/17\/rationalisation-vehicules-administratifs-les-mesures-de-macky\/","title":{"rendered":"RATIONALISATION V\u00c9HICULES ADMINISTRATIFS - Les mesures de Macky"},"content":{"rendered":"<p><strong>NETTALI.COM -\u00a0 En conseil des ministres ce mercredi, le chef de l\u2019Etat a donn\u00e9 des directives pour une r\u00e9forme de la gestion des v\u00e9hicules administratifs des soci\u00e9t\u00e9s nationales. Ainsi, \u00e0 compter du 1er mars 2021, une indemnit\u00e9 forfaitaire globale et une indemnit\u00e9 kilom\u00e9trique seront pay\u00e9es aux usagers des v\u00e9hicules administratifs.\u00a0<\/strong><\/p>\n<p>\u2018\u2019Le pr\u00e9sident de la R\u00e9publique a d\u00e9cid\u00e9 de la r\u00e9forme du syst\u00e8me de gestion des v\u00e9hicules administratifs, qui concerne toutes les structures publiques et soci\u00e9t\u00e9s nationales\u2019\u2019, rapporte le communiqu\u00e9 du Conseil des ministres.<\/p>\n<p>\u2018\u2019Cette r\u00e9forme en vigueur, selon le document, repose sur le principe de d\u00e9sengagement total de l\u2019Etat du processus d\u2019acquisition et de gestion des v\u00e9hicules administratifs en termes de carburant, d\u2019entretien, de r\u00e9paration, d\u2019amortissement et d\u2019assurance\u2019\u2019.<\/p>\n<p>La m\u00eame source de pr\u00e9ciser que \u2018\u2019d\u00e9sormais, l\u2019Etat va proc\u00e9der, \u00e0 compter du 1er mars 2021, \u00e0 l\u2019allocation d\u2019une indemnit\u00e9 forfaitaire globale et d\u2019une indemnit\u00e9 kilom\u00e9trique aux ayants droit\u2019\u2019.<\/p>\n<p>Cette allocation sera faite en verte d\u2019un d\u00e9cret du 6 janvier 2021 concernant la gestion des v\u00e9hicules administratifs.<\/p>\n<p>Cette mesure va g\u00e9n\u00e9rer, en vertu \u2018\u2019des \u00e9valuations engag\u00e9es et des \u00e9tudes de benchmark r\u00e9alis\u00e9es\u2019\u2019, un \u2018\u2019impact budg\u00e9taire mensuel (\u2026) de l\u2019ordre de 371 millions francs CFA au niveau de la solde centrale, soit une d\u00e9pense annuelle de 4,4 milliards\u2019\u2019, lit-on dans le communiqu\u00e9 du Conseil des ministres.<\/p>\n<p>\u2018\u2019Par cons\u00e9quent, ajoute le communiqu\u00e9 gouvernemental, il se d\u00e9gage une \u00e9conomie annuelle globale d\u2019environ 41,2 milliards de francs CFA (soit 22,7 milliards sur la gestion des v\u00e9hicules et 18,5 milliards sur le t\u00e9l\u00e9phone)\u2019\u2019.<\/p>\n<p>\u2018\u2019Ces ressources vont am\u00e9liorer les capacit\u00e9s d\u2019investissement de l\u2019Etat et seront ainsi affect\u00e9es au programme d\u2019urgence de formation, de financement, d\u2019emploi et d\u2019insertion socio\u00e9conomique des jeunes\u2019\u2019, ajoute le texte gouvernemental.<\/p>\n<p>Selon toujours le communiqu\u00e9, \u2018\u2019le pr\u00e9sident de la R\u00e9publique a rappel\u00e9, apr\u00e8s la r\u00e9forme des conditions de logement des agents de l\u2019Etat, la poursuite de la politique d\u2019optimisation des ressources publiques avec le d\u00e9cret n\u00b0 2019-1310 fixant une allocation forfaitaire mensuelle pour charges de t\u00e9l\u00e9phone mobile \u00e0 certains agents de l\u2019Etat\u2019\u2019.<\/p>\n<p>\u2018\u2019Cette mesure a permis la diminution de la facture t\u00e9l\u00e9phonique de l\u2019Etat, qui passe de 22 milliards de francs CFA (en 2019) \u00e0 3,5 milliards (en 2020), soit une \u00e9conomie annuelle de 18,5 milliards\u2019\u2019, \u00e9crit le porte-parole du gouvernement, Oumar Gu\u00e8ye.<\/p>\n<p>Citant le chef de l\u2019Etat, il affirme que \u2018\u2019cette dynamique de rationalisation s\u2019est poursuivie\u2019\u2019, concernant les \u2018\u2019v\u00e9hicules administratifs\u2019\u2019, par le biais d\u2019un d\u00e9cret du 19 f\u00e9vrier 2020 portant suspension de toute commande ou acquisition de v\u00e9hicules administratifs.<\/p>\n<p>\u2018\u2019Il convient de pr\u00e9ciser que de 2012 \u00e0 2020, l\u2019Etat, sans les structures parapubliques, les collectivit\u00e9s territoriales et les soci\u00e9t\u00e9s nationales, a d\u00e9pens\u00e9 246 milliards 851 millions 794 mille 189 francs CFA pour l\u2019acquisition, l\u2019entretien, la r\u00e9paration de v\u00e9hicules et l\u2019achat de carburant, soit une moyenne annuelle de 27,4 milliards\u2019\u2019.<\/p>\n<p>Ces mesures ont \u00e9t\u00e9 prises en vue de \u2018\u2019la rationalisation des d\u00e9penses publiques et [de] la r\u00e9duction des charges de fonctionnement de l\u2019Etat\u2019\u2019.<\/p>\n<p>&nbsp;<\/p>\n<div class='share-to-whatsapp-wrapper'><div class='share-on-whsp'>PARTAGER SUR : <\/div><a data-text='RATIONALISATION V\u00c9HICULES ADMINISTRATIFS - Les mesures de Macky' data-link='https:\/\/www.nettali.com\/2021\/03\/17\/rationalisation-vehicules-administratifs-les-mesures-de-macky\/' class='whatsapp-button whatsapp-share'>WhatsApp<\/a><div class='clear '><\/div><\/div>","protected":false},"excerpt":{"rendered":"<p>NETTALI.COM -\u00a0 En conseil des ministres ce mercredi, le chef de l\u2019Etat a donn\u00e9 des directives pour une r\u00e9forme de la gestion des v\u00e9hicules administratifs des soci\u00e9t\u00e9s nationales. Ainsi, \u00e0 compter du 1er mars 2021, une indemnit\u00e9 forfaitaire globale et une indemnit\u00e9 kilom\u00e9trique seront pay\u00e9es aux usagers des v\u00e9hicules administratifs.\u00a0 \u2018\u2019Le pr\u00e9sident de la R\u00e9publique [&hellip;]<\/p>\n","protected":false},"author":11,"featured_media":15812,"comment_status":"open","ping_status":"open","sticky":false,"template":"","format":"standard","meta":{"_et_pb_use_builder":"","_et_pb_old_content":""},"categories":[3],"tags":[],"yoast_head":"<!-- This site is optimized with the Yoast SEO Premium plugin v17.8 (Yoast SEO v17.8) - https:\/\/yoast.com\/wordpress\/plugins\/seo\/ -->\n<title>RATIONALISATION V\u00c9HICULES ADMINISTRATIFS - Les mesures de Macky | Nettali.com<\/title>\n<meta name=\"robots\" content=\"index, follow, max-snippet:-1, max-image-preview:large, max-video-preview:-1\" \/>\n<link rel=\"canonical\" href=\"https:\/\/www.nettali.com\/2021\/03\/17\/rationalisation-vehicules-administratifs-les-mesures-de-macky\/\" \/>\n<meta property=\"og:locale\" content=\"fr_FR\" \/>\n<meta property=\"og:type\" content=\"article\" \/>\n<meta property=\"og:title\" content=\"RATIONALISATION V\u00c9HICULES ADMINISTRATIFS - Les mesures de Macky\" \/>\n<meta property=\"og:description\" content=\"NETTALI.COM -\u00a0 En conseil des ministres ce mercredi, le chef de l\u2019Etat a donn\u00e9 des directives pour une r\u00e9forme de la gestion des v\u00e9hicules administratifs des soci\u00e9t\u00e9s nationales. Ainsi, \u00e0 compter du 1er mars 2021, une indemnit\u00e9 forfaitaire globale et une indemnit\u00e9 kilom\u00e9trique seront pay\u00e9es aux usagers des v\u00e9hicules administratifs.\u00a0 \u2018\u2019Le pr\u00e9sident de la R\u00e9publique [&hellip;]\" \/>\n<meta property=\"og:url\" content=\"https:\/\/www.nettali.com\/2021\/03\/17\/rationalisation-vehicules-administratifs-les-mesures-de-macky\/\" \/>\n<meta property=\"og:site_name\" content=\"Nettali.com\" \/>\n<meta property=\"article:publisher\" content=\"https:\/\/www.facebook.com\/nettalicom\" \/>\n<meta property=\"article:published_time\" content=\"2021-03-17T23:26:29+00:00\" \/>\n<meta property=\"article:modified_time\" content=\"2021-03-18T11:33:17+00:00\" \/>\n<meta property=\"og:image\" content=\"https:\/\/www.nettali.com\/wp-content\/uploads\/2019\/08\/Macky-Sall-calme.jpg\" \/>\n\t<meta property=\"og:image:width\" content=\"613\" \/>\n\t<meta property=\"og:image:height\" content=\"485\" \/>\n<meta name=\"twitter:card\" content=\"summary_large_image\" \/>\n<meta name=\"twitter:label1\" content=\"\u00c9crit par\" \/>\n\t<meta name=\"twitter:data1\" content=\"Thierno Diop\" \/>\n\t<meta name=\"twitter:label2\" content=\"Dur\u00e9e de lecture estim\u00e9e\" \/>\n\t<meta name=\"twitter:data2\" content=\"3 minutes\" \/>\n<script type=\"application\/ld+json\" class=\"yoast-schema-graph\">{\"@context\":\"https:\/\/schema.org\",\"@graph\":[{\"@type\":\"WebSite\",\"@id\":\"https:\/\/www.nettali.com\/#website\",\"url\":\"https:\/\/www.nettali.com\/\",\"name\":\"Nettali.com\",\"description\":\"Le rendez-vous critique du Net\",\"potentialAction\":[{\"@type\":\"SearchAction\",\"target\":{\"@type\":\"EntryPoint\",\"urlTemplate\":\"https:\/\/www.nettali.com\/?s={search_term_string}\"},\"query-input\":\"required name=search_term_string\"}],\"inLanguage\":\"fr-FR\"},{\"@type\":\"ImageObject\",\"@id\":\"https:\/\/www.nettali.com\/2021\/03\/17\/rationalisation-vehicules-administratifs-les-mesures-de-macky\/#primaryimage\",\"inLanguage\":\"fr-FR\",\"url\":\"https:\/\/www.nettali.com\/wp-content\/uploads\/2019\/08\/Macky-Sall-calme.jpg\",\"contentUrl\":\"https:\/\/www.nettali.com\/wp-content\/uploads\/2019\/08\/Macky-Sall-calme.jpg\",\"width\":613,\"height\":485},{\"@type\":\"WebPage\",\"@id\":\"https:\/\/www.nettali.com\/2021\/03\/17\/rationalisation-vehicules-administratifs-les-mesures-de-macky\/#webpage\",\"url\":\"https:\/\/www.nettali.com\/2021\/03\/17\/rationalisation-vehicules-administratifs-les-mesures-de-macky\/\",\"name\":\"RATIONALISATION V\\u00c9HICULES ADMINISTRATIFS - Les mesures de Macky | Nettali.com\",\"isPartOf\":{\"@id\":\"https:\/\/www.nettali.com\/#website\"},\"primaryImageOfPage\":{\"@id\":\"https:\/\/www.nettali.com\/2021\/03\/17\/rationalisation-vehicules-administratifs-les-mesures-de-macky\/#primaryimage\"},\"datePublished\":\"2021-03-17T23:26:29+00:00\",\"dateModified\":\"2021-03-18T11:33:17+00:00\",\"author\":{\"@id\":\"https:\/\/www.nettali.com\/#\/schema\/person\/8a06c6bd7b19304cf4bf985862900b5b\"},\"breadcrumb\":{\"@id\":\"https:\/\/www.nettali.com\/2021\/03\/17\/rationalisation-vehicules-administratifs-les-mesures-de-macky\/#breadcrumb\"},\"inLanguage\":\"fr-FR\",\"potentialAction\":[{\"@type\":\"ReadAction\",\"target\":[\"https:\/\/www.nettali.com\/2021\/03\/17\/rationalisation-vehicules-administratifs-les-mesures-de-macky\/\"]}]},{\"@type\":\"BreadcrumbList\",\"@id\":\"https:\/\/www.nettali.com\/2021\/03\/17\/rationalisation-vehicules-administratifs-les-mesures-de-macky\/#breadcrumb\",\"itemListElement\":[{\"@type\":\"ListItem\",\"position\":1,\"name\":\"Accueil\",\"item\":\"https:\/\/www.nettali.com\/\"},{\"@type\":\"ListItem\",\"position\":2,\"name\":\"RATIONALISATION V\\u00c9HICULES ADMINISTRATIFS &#8211; Les mesures de Macky\"}]},{\"@type\":\"Person\",\"@id\":\"https:\/\/www.nettali.com\/#\/schema\/person\/8a06c6bd7b19304cf4bf985862900b5b\",\"name\":\"Thierno Diop\",\"image\":{\"@type\":\"ImageObject\",\"@id\":\"https:\/\/www.nettali.com\/#personlogo\",\"inLanguage\":\"fr-FR\",\"url\":\"https:\/\/secure.gravatar.com\/avatar\/c8ca58550c94fd2ac856d27391a6c866?s=96&d=mm&r=g\",\"contentUrl\":\"https:\/\/secure.gravatar.com\/avatar\/c8ca58550c94fd2ac856d27391a6c866?s=96&d=mm&r=g\",\"caption\":\"Thierno Diop\"},\"sameAs\":[\"https:\/\/nettali.com\"]}]}<\/script>\n<!-- \/ Yoast SEO Premium plugin. -->","yoast_head_json":{"title":"RATIONALISATION V\u00c9HICULES ADMINISTRATIFS - Les mesures de Macky | Nettali.com","robots":{"index":"index","follow":"follow","max-snippet":"max-snippet:-1","max-image-preview":"max-image-preview:large","max-video-preview":"max-video-preview:-1"},"canonical":"https:\/\/www.nettali.com\/2021\/03\/17\/rationalisation-vehicules-administratifs-les-mesures-de-macky\/","og_locale":"fr_FR","og_type":"article","og_title":"RATIONALISATION V\u00c9HICULES ADMINISTRATIFS - Les mesures de Macky","og_description":"NETTALI.COM -\u00a0 En conseil des ministres ce mercredi, le chef de l\u2019Etat a donn\u00e9 des directives pour une r\u00e9forme de la gestion des v\u00e9hicules administratifs des soci\u00e9t\u00e9s nationales. Ainsi, \u00e0 compter du 1er mars 2021, une indemnit\u00e9 forfaitaire globale et une indemnit\u00e9 kilom\u00e9trique seront pay\u00e9es aux usagers des v\u00e9hicules administratifs.\u00a0 \u2018\u2019Le pr\u00e9sident de la R\u00e9publique [&hellip;]","og_url":"https:\/\/www.nettali.com\/2021\/03\/17\/rationalisation-vehicules-administratifs-les-mesures-de-macky\/","og_site_name":"Nettali.com","article_publisher":"https:\/\/www.facebook.com\/nettalicom","article_published_time":"2021-03-17T23:26:29+00:00","article_modified_time":"2021-03-18T11:33:17+00:00","og_image":[{"width":613,"height":485,"url":"https:\/\/www.nettali.com\/wp-content\/uploads\/2019\/08\/Macky-Sall-calme.jpg","type":"image\/jpeg"}],"twitter_card":"summary_large_image","twitter_misc":{"\u00c9crit par":"Thierno Diop","Dur\u00e9e de lecture estim\u00e9e":"3 minutes"},"schema":{"@context":"https:\/\/schema.org","@graph":[{"@type":"WebSite","@id":"https:\/\/www.nettali.com\/#website","url":"https:\/\/www.nettali.com\/","name":"Nettali.com","description":"Le rendez-vous critique du Net","potentialAction":[{"@type":"SearchAction","target":{"@type":"EntryPoint","urlTemplate":"https:\/\/www.nettali.com\/?s={search_term_string}"},"query-input":"required name=search_term_string"}],"inLanguage":"fr-FR"},{"@type":"ImageObject","@id":"https:\/\/www.nettali.com\/2021\/03\/17\/rationalisation-vehicules-administratifs-les-mesures-de-macky\/#primaryimage","inLanguage":"fr-FR","url":"https:\/\/www.nettali.com\/wp-content\/uploads\/2019\/08\/Macky-Sall-calme.jpg","contentUrl":"https:\/\/www.nettali.com\/wp-content\/uploads\/2019\/08\/Macky-Sall-calme.jpg","width":613,"height":485},{"@type":"WebPage","@id":"https:\/\/www.nettali.com\/2021\/03\/17\/rationalisation-vehicules-administratifs-les-mesures-de-macky\/#webpage","url":"https:\/\/www.nettali.com\/2021\/03\/17\/rationalisation-vehicules-administratifs-les-mesures-de-macky\/","name":"RATIONALISATION V\u00c9HICULES ADMINISTRATIFS - Les mesures de Macky | Nettali.com","isPartOf":{"@id":"https:\/\/www.nettali.com\/#website"},"primaryImageOfPage":{"@id":"https:\/\/www.nettali.com\/2021\/03\/17\/rationalisation-vehicules-administratifs-les-mesures-de-macky\/#primaryimage"},"datePublished":"2021-03-17T23:26:29+00:00","dateModified":"2021-03-18T11:33:17+00:00","author":{"@id":"https:\/\/www.nettali.com\/#\/schema\/person\/8a06c6bd7b19304cf4bf985862900b5b"},"breadcrumb":{"@id":"https:\/\/www.nettali.com\/2021\/03\/17\/rationalisation-vehicules-administratifs-les-mesures-de-macky\/#breadcrumb"},"inLanguage":"fr-FR","potentialAction":[{"@type":"ReadAction","target":["https:\/\/www.nettali.com\/2021\/03\/17\/rationalisation-vehicules-administratifs-les-mesures-de-macky\/"]}]},{"@type":"BreadcrumbList","@id":"https:\/\/www.nettali.com\/2021\/03\/17\/rationalisation-vehicules-administratifs-les-mesures-de-macky\/#breadcrumb","itemListElement":[{"@type":"ListItem","position":1,"name":"Accueil","item":"https:\/\/www.nettali.com\/"},{"@type":"ListItem","position":2,"name":"RATIONALISATION V\u00c9HICULES ADMINISTRATIFS &#8211; Les mesures de Macky"}]},{"@type":"Person","@id":"https:\/\/www.nettali.com\/#\/schema\/person\/8a06c6bd7b19304cf4bf985862900b5b","name":"Thierno Diop","image":{"@type":"ImageObject","@id":"https:\/\/www.nettali.com\/#personlogo","inLanguage":"fr-FR","url":"https:\/\/secure.gravatar.com\/avatar\/c8ca58550c94fd2ac856d27391a6c866?s=96&d=mm&r=g","contentUrl":"https:\/\/secure.gravatar.com\/avatar\/c8ca58550c94fd2ac856d27391a6c866?s=96&d=mm&r=g","caption":"Thierno Diop"},"sameAs":["https:\/\/nettali.com"]}]}},"_links":{"self":[{"href":"https:\/\/www.nettali.com\/rest\/wp\/v2\/posts\/60110"}],"collection":[{"href":"https:\/\/www.nettali.com\/rest\/wp\/v2\/posts"}],"about":[{"href":"https:\/\/www.nettali.com\/rest\/wp\/v2\/types\/post"}],"author":[{"embeddable":true,"href":"https:\/\/www.nettali.com\/rest\/wp\/v2\/users\/11"}],"replies":[{"embeddable":true,"href":"https:\/\/www.nettali.com\/rest\/wp\/v2\/comments?post=60110"}],"version-history":[{"count":1,"href":"https:\/\/www.nettali.com\/rest\/wp\/v2\/posts\/60110\/revisions"}],"predecessor-version":[{"id":60112,"href":"https:\/\/www.nettali.com\/rest\/wp\/v2\/posts\/60110\/revisions\/60112"}],"wp:featuredmedia":[{"embeddable":true,"href":"https:\/\/www.nettali.com\/rest\/wp\/v2\/media\/15812"}],"wp:attachment":[{"href":"https:\/\/www.nettali.com\/rest\/wp\/v2\/media?parent=60110"}],"wp:term":[{"taxonomy":"category","embeddable":true,"href":"https:\/\/www.nettali.com\/rest\/wp\/v2\/categories?post=60110"},{"taxonomy":"post_tag","embeddable":true,"href":"https:\/\/www.nettali.com\/rest\/wp\/v2\/tags?post=60110"}],"curies":[{"name":"wp","href":"https:\/\/api.w.org\/{rel}","templated":true}]}}