{"id":60104,"date":"2021-03-17T23:01:57","date_gmt":"2021-03-17T23:01:57","guid":{"rendered":"https:\/\/www.nettali.com\/?p=60104"},"modified":"2021-03-17T23:29:59","modified_gmt":"2021-03-17T23:29:59","slug":"jeunesse-et-emploi-macky-presse-le-gouvernement","status":"publish","type":"post","link":"https:\/\/www.nettali.com\/2021\/03\/17\/jeunesse-et-emploi-macky-presse-le-gouvernement\/","title":{"rendered":"EMPLOI DES JEUNES \u2013 Macky presse le gouvernement"},"content":{"rendered":"<p><strong>NETTALI.COM \u2013 Le pr\u00e9sident de la R\u00e9publique d\u00e9roule toujours son op\u00e9ration de charme en direction de la jeunesse, t\u00eate de pont des manifestations qui ont conduit \u00e0 la lib\u00e9ration de Ousmane Sonko, accus\u00e9 de viol par la masseuse Adji Sarr. \u00a0<\/strong><\/p>\n<p>Ce mercredi, en conseil des ministres, le Chef de l\u2019Etat a rappel\u00e9 au Gouvernement, la n\u00e9cessit\u00e9 de proc\u00e9der \u00e0 une \u00e9valuation prospective des politiques de jeunesse, de renforcer la vie associative et de promouvoir une nouvelle doctrine inclusive et participative de promotion de l\u2019emploi des jeunes.<\/p>\n<p>Il a, \u00e0 ce propos, insist\u00e9 sur la n\u00e9cessaire prise en charge des pr\u00e9occupations des jeunes, par un changement de paradigme, en d\u00e9veloppant davantage une d\u00e9marche d\u2019\u00e9coute et de proximit\u00e9 dans la formation, l\u2019encadrement, l\u2019entreprenariat, l\u2019insertion et l\u2019emploi des jeunes.<\/p>\n<p>Le pr\u00e9sident de la R\u00e9publique souligne l\u2019imp\u00e9ratif de territorialiser, au niveau des communes et d\u00e9partements, les plateformes de gestion des offres et demandes d\u2019emplois des jeunes et de d\u00e9ployer les dispositifs innovants de l\u2019Economie sociale et solidaire.<\/p>\n<p>A cet \u00e9gard, le chef de l\u2019Etat a requis la tenue, dans le courant de la semaine prochaine, des Comit\u00e9s r\u00e9gionaux et d\u00e9partementaux de d\u00e9veloppement (CRD et CDD) sur l\u2019Emploi des jeunes associant tous les acteurs concern\u00e9s.<\/p>\n<p>Le chef de l\u2019Etat demande, en outre, au Ministre de l'Economie, du Plan et de la Coop\u00e9ration d\u2019engager en relation avec la Ministre de la Jeunesse, et la Commission d\u2019Evaluation des Politiques et programmes publics, une \u00e9valuation des politiques de jeunesse et d\u2019encadrement des jeunes, dont le rapport exhaustif devra lui \u00eatre soumis avant fin avril 2021.<\/p>\n<p>Le pr\u00e9sident de la R\u00e9publique invite, dans le m\u00eame \u00e9lan, les ministres en charge de l\u2019Education, de la formation professionnelle et de la Jeunesse \u00e0 consolider les actions d\u2019instruction civique et de formation citoyenne des Jeunes.<\/p>\n<p>Le chef de l\u2019Etat demande, \u00e0 ce sujet, au Ministre de la Jeunesse, avec le concours du Ministre des Forces arm\u00e9es et du Ministre des Finances et du Budget, l\u2019urgence de renforcer le Service Civique National (SCN), structure qui doit \u00eatre dot\u00e9e d\u2019un plan strat\u00e9gique, ainsi que de ressources humaines et financi\u00e8res exceptionnelles \u00e0 partir de 2021.<\/p>\n<p>Le Chef de l\u2019Etat invite, enfin, le Ministre de la Jeunesse \u00e0 pr\u00e9senter en Conseil des Ministres, avant la fin du mois de mars 2021, le projet de loi d\u2019orientation sur le volontariat.<\/p>\n<p>&nbsp;<\/p>\n<div class='share-to-whatsapp-wrapper'><div class='share-on-whsp'>PARTAGER SUR : <\/div><a data-text='EMPLOI DES JEUNES \u2013 Macky presse le gouvernement' data-link='https:\/\/www.nettali.com\/2021\/03\/17\/jeunesse-et-emploi-macky-presse-le-gouvernement\/' class='whatsapp-button whatsapp-share'>WhatsApp<\/a><div class='clear '><\/div><\/div>","protected":false},"excerpt":{"rendered":"<p>NETTALI.COM \u2013 Le pr\u00e9sident de la R\u00e9publique d\u00e9roule toujours son op\u00e9ration de charme en direction de la jeunesse, t\u00eate de pont des manifestations qui ont conduit \u00e0 la lib\u00e9ration de Ousmane Sonko, accus\u00e9 de viol par la masseuse Adji Sarr. \u00a0 Ce mercredi, en conseil des ministres, le Chef de l\u2019Etat a rappel\u00e9 au Gouvernement, [&hellip;]<\/p>\n","protected":false},"author":11,"featured_media":53328,"comment_status":"open","ping_status":"open","sticky":false,"template":"","format":"standard","meta":{"_et_pb_use_builder":"","_et_pb_old_content":""},"categories":[3],"tags":[],"yoast_head":"<!-- This site is optimized with the Yoast SEO Premium plugin v17.8 (Yoast SEO v17.8) - https:\/\/yoast.com\/wordpress\/plugins\/seo\/ -->\n<title>EMPLOI DES JEUNES \u2013 Macky presse le gouvernement | Nettali.com<\/title>\n<meta name=\"robots\" content=\"index, follow, max-snippet:-1, max-image-preview:large, max-video-preview:-1\" \/>\n<link rel=\"canonical\" href=\"https:\/\/www.nettali.com\/2021\/03\/17\/jeunesse-et-emploi-macky-presse-le-gouvernement\/\" \/>\n<meta property=\"og:locale\" content=\"fr_FR\" \/>\n<meta property=\"og:type\" content=\"article\" \/>\n<meta property=\"og:title\" content=\"EMPLOI DES JEUNES \u2013 Macky presse le gouvernement\" \/>\n<meta property=\"og:description\" content=\"NETTALI.COM \u2013 Le pr\u00e9sident de la R\u00e9publique d\u00e9roule toujours son op\u00e9ration de charme en direction de la jeunesse, t\u00eate de pont des manifestations qui ont conduit \u00e0 la lib\u00e9ration de Ousmane Sonko, accus\u00e9 de viol par la masseuse Adji Sarr. \u00a0 Ce mercredi, en conseil des ministres, le Chef de l\u2019Etat a rappel\u00e9 au Gouvernement, [&hellip;]\" \/>\n<meta property=\"og:url\" content=\"https:\/\/www.nettali.com\/2021\/03\/17\/jeunesse-et-emploi-macky-presse-le-gouvernement\/\" \/>\n<meta property=\"og:site_name\" content=\"Nettali.com\" \/>\n<meta property=\"article:publisher\" content=\"https:\/\/www.facebook.com\/nettalicom\" \/>\n<meta property=\"article:published_time\" content=\"2021-03-17T23:01:57+00:00\" \/>\n<meta property=\"article:modified_time\" content=\"2021-03-17T23:29:59+00:00\" \/>\n<meta property=\"og:image\" content=\"https:\/\/www.nettali.com\/wp-content\/uploads\/2020\/12\/mackysall-covid.jpg\" \/>\n\t<meta property=\"og:image:width\" content=\"699\" \/>\n\t<meta property=\"og:image:height\" content=\"466\" \/>\n<meta name=\"twitter:card\" content=\"summary_large_image\" \/>\n<meta name=\"twitter:label1\" content=\"\u00c9crit par\" \/>\n\t<meta name=\"twitter:data1\" content=\"Thierno Diop\" \/>\n\t<meta name=\"twitter:label2\" content=\"Dur\u00e9e de lecture estim\u00e9e\" \/>\n\t<meta name=\"twitter:data2\" content=\"2 minutes\" \/>\n<script type=\"application\/ld+json\" class=\"yoast-schema-graph\">{\"@context\":\"https:\/\/schema.org\",\"@graph\":[{\"@type\":\"WebSite\",\"@id\":\"https:\/\/www.nettali.com\/#website\",\"url\":\"https:\/\/www.nettali.com\/\",\"name\":\"Nettali.com\",\"description\":\"Le rendez-vous critique du Net\",\"potentialAction\":[{\"@type\":\"SearchAction\",\"target\":{\"@type\":\"EntryPoint\",\"urlTemplate\":\"https:\/\/www.nettali.com\/?s={search_term_string}\"},\"query-input\":\"required name=search_term_string\"}],\"inLanguage\":\"fr-FR\"},{\"@type\":\"ImageObject\",\"@id\":\"https:\/\/www.nettali.com\/2021\/03\/17\/jeunesse-et-emploi-macky-presse-le-gouvernement\/#primaryimage\",\"inLanguage\":\"fr-FR\",\"url\":\"https:\/\/www.nettali.com\/wp-content\/uploads\/2020\/12\/mackysall-covid.jpg\",\"contentUrl\":\"https:\/\/www.nettali.com\/wp-content\/uploads\/2020\/12\/mackysall-covid.jpg\",\"width\":699,\"height\":466},{\"@type\":\"WebPage\",\"@id\":\"https:\/\/www.nettali.com\/2021\/03\/17\/jeunesse-et-emploi-macky-presse-le-gouvernement\/#webpage\",\"url\":\"https:\/\/www.nettali.com\/2021\/03\/17\/jeunesse-et-emploi-macky-presse-le-gouvernement\/\",\"name\":\"EMPLOI DES JEUNES \\u2013 Macky presse le gouvernement | Nettali.com\",\"isPartOf\":{\"@id\":\"https:\/\/www.nettali.com\/#website\"},\"primaryImageOfPage\":{\"@id\":\"https:\/\/www.nettali.com\/2021\/03\/17\/jeunesse-et-emploi-macky-presse-le-gouvernement\/#primaryimage\"},\"datePublished\":\"2021-03-17T23:01:57+00:00\",\"dateModified\":\"2021-03-17T23:29:59+00:00\",\"author\":{\"@id\":\"https:\/\/www.nettali.com\/#\/schema\/person\/8a06c6bd7b19304cf4bf985862900b5b\"},\"breadcrumb\":{\"@id\":\"https:\/\/www.nettali.com\/2021\/03\/17\/jeunesse-et-emploi-macky-presse-le-gouvernement\/#breadcrumb\"},\"inLanguage\":\"fr-FR\",\"potentialAction\":[{\"@type\":\"ReadAction\",\"target\":[\"https:\/\/www.nettali.com\/2021\/03\/17\/jeunesse-et-emploi-macky-presse-le-gouvernement\/\"]}]},{\"@type\":\"BreadcrumbList\",\"@id\":\"https:\/\/www.nettali.com\/2021\/03\/17\/jeunesse-et-emploi-macky-presse-le-gouvernement\/#breadcrumb\",\"itemListElement\":[{\"@type\":\"ListItem\",\"position\":1,\"name\":\"Accueil\",\"item\":\"https:\/\/www.nettali.com\/\"},{\"@type\":\"ListItem\",\"position\":2,\"name\":\"EMPLOI DES JEUNES \\u2013 Macky presse le gouvernement\"}]},{\"@type\":\"Person\",\"@id\":\"https:\/\/www.nettali.com\/#\/schema\/person\/8a06c6bd7b19304cf4bf985862900b5b\",\"name\":\"Thierno Diop\",\"image\":{\"@type\":\"ImageObject\",\"@id\":\"https:\/\/www.nettali.com\/#personlogo\",\"inLanguage\":\"fr-FR\",\"url\":\"https:\/\/secure.gravatar.com\/avatar\/c8ca58550c94fd2ac856d27391a6c866?s=96&d=mm&r=g\",\"contentUrl\":\"https:\/\/secure.gravatar.com\/avatar\/c8ca58550c94fd2ac856d27391a6c866?s=96&d=mm&r=g\",\"caption\":\"Thierno Diop\"},\"sameAs\":[\"https:\/\/nettali.com\"]}]}<\/script>\n<!-- \/ Yoast SEO Premium plugin. -->","yoast_head_json":{"title":"EMPLOI DES JEUNES \u2013 Macky presse le gouvernement | Nettali.com","robots":{"index":"index","follow":"follow","max-snippet":"max-snippet:-1","max-image-preview":"max-image-preview:large","max-video-preview":"max-video-preview:-1"},"canonical":"https:\/\/www.nettali.com\/2021\/03\/17\/jeunesse-et-emploi-macky-presse-le-gouvernement\/","og_locale":"fr_FR","og_type":"article","og_title":"EMPLOI DES JEUNES \u2013 Macky presse le gouvernement","og_description":"NETTALI.COM \u2013 Le pr\u00e9sident de la R\u00e9publique d\u00e9roule toujours son op\u00e9ration de charme en direction de la jeunesse, t\u00eate de pont des manifestations qui ont conduit \u00e0 la lib\u00e9ration de Ousmane Sonko, accus\u00e9 de viol par la masseuse Adji Sarr. \u00a0 Ce mercredi, en conseil des ministres, le Chef de l\u2019Etat a rappel\u00e9 au Gouvernement, [&hellip;]","og_url":"https:\/\/www.nettali.com\/2021\/03\/17\/jeunesse-et-emploi-macky-presse-le-gouvernement\/","og_site_name":"Nettali.com","article_publisher":"https:\/\/www.facebook.com\/nettalicom","article_published_time":"2021-03-17T23:01:57+00:00","article_modified_time":"2021-03-17T23:29:59+00:00","og_image":[{"width":699,"height":466,"url":"https:\/\/www.nettali.com\/wp-content\/uploads\/2020\/12\/mackysall-covid.jpg","type":"image\/jpeg"}],"twitter_card":"summary_large_image","twitter_misc":{"\u00c9crit par":"Thierno Diop","Dur\u00e9e de lecture estim\u00e9e":"2 minutes"},"schema":{"@context":"https:\/\/schema.org","@graph":[{"@type":"WebSite","@id":"https:\/\/www.nettali.com\/#website","url":"https:\/\/www.nettali.com\/","name":"Nettali.com","description":"Le rendez-vous critique du Net","potentialAction":[{"@type":"SearchAction","target":{"@type":"EntryPoint","urlTemplate":"https:\/\/www.nettali.com\/?s={search_term_string}"},"query-input":"required name=search_term_string"}],"inLanguage":"fr-FR"},{"@type":"ImageObject","@id":"https:\/\/www.nettali.com\/2021\/03\/17\/jeunesse-et-emploi-macky-presse-le-gouvernement\/#primaryimage","inLanguage":"fr-FR","url":"https:\/\/www.nettali.com\/wp-content\/uploads\/2020\/12\/mackysall-covid.jpg","contentUrl":"https:\/\/www.nettali.com\/wp-content\/uploads\/2020\/12\/mackysall-covid.jpg","width":699,"height":466},{"@type":"WebPage","@id":"https:\/\/www.nettali.com\/2021\/03\/17\/jeunesse-et-emploi-macky-presse-le-gouvernement\/#webpage","url":"https:\/\/www.nettali.com\/2021\/03\/17\/jeunesse-et-emploi-macky-presse-le-gouvernement\/","name":"EMPLOI DES JEUNES \u2013 Macky presse le gouvernement | Nettali.com","isPartOf":{"@id":"https:\/\/www.nettali.com\/#website"},"primaryImageOfPage":{"@id":"https:\/\/www.nettali.com\/2021\/03\/17\/jeunesse-et-emploi-macky-presse-le-gouvernement\/#primaryimage"},"datePublished":"2021-03-17T23:01:57+00:00","dateModified":"2021-03-17T23:29:59+00:00","author":{"@id":"https:\/\/www.nettali.com\/#\/schema\/person\/8a06c6bd7b19304cf4bf985862900b5b"},"breadcrumb":{"@id":"https:\/\/www.nettali.com\/2021\/03\/17\/jeunesse-et-emploi-macky-presse-le-gouvernement\/#breadcrumb"},"inLanguage":"fr-FR","potentialAction":[{"@type":"ReadAction","target":["https:\/\/www.nettali.com\/2021\/03\/17\/jeunesse-et-emploi-macky-presse-le-gouvernement\/"]}]},{"@type":"BreadcrumbList","@id":"https:\/\/www.nettali.com\/2021\/03\/17\/jeunesse-et-emploi-macky-presse-le-gouvernement\/#breadcrumb","itemListElement":[{"@type":"ListItem","position":1,"name":"Accueil","item":"https:\/\/www.nettali.com\/"},{"@type":"ListItem","position":2,"name":"EMPLOI DES JEUNES \u2013 Macky presse le gouvernement"}]},{"@type":"Person","@id":"https:\/\/www.nettali.com\/#\/schema\/person\/8a06c6bd7b19304cf4bf985862900b5b","name":"Thierno Diop","image":{"@type":"ImageObject","@id":"https:\/\/www.nettali.com\/#personlogo","inLanguage":"fr-FR","url":"https:\/\/secure.gravatar.com\/avatar\/c8ca58550c94fd2ac856d27391a6c866?s=96&d=mm&r=g","contentUrl":"https:\/\/secure.gravatar.com\/avatar\/c8ca58550c94fd2ac856d27391a6c866?s=96&d=mm&r=g","caption":"Thierno Diop"},"sameAs":["https:\/\/nettali.com"]}]}},"_links":{"self":[{"href":"https:\/\/www.nettali.com\/rest\/wp\/v2\/posts\/60104"}],"collection":[{"href":"https:\/\/www.nettali.com\/rest\/wp\/v2\/posts"}],"about":[{"href":"https:\/\/www.nettali.com\/rest\/wp\/v2\/types\/post"}],"author":[{"embeddable":true,"href":"https:\/\/www.nettali.com\/rest\/wp\/v2\/users\/11"}],"replies":[{"embeddable":true,"href":"https:\/\/www.nettali.com\/rest\/wp\/v2\/comments?post=60104"}],"version-history":[{"count":2,"href":"https:\/\/www.nettali.com\/rest\/wp\/v2\/posts\/60104\/revisions"}],"predecessor-version":[{"id":60107,"href":"https:\/\/www.nettali.com\/rest\/wp\/v2\/posts\/60104\/revisions\/60107"}],"wp:featuredmedia":[{"embeddable":true,"href":"https:\/\/www.nettali.com\/rest\/wp\/v2\/media\/53328"}],"wp:attachment":[{"href":"https:\/\/www.nettali.com\/rest\/wp\/v2\/media?parent=60104"}],"wp:term":[{"taxonomy":"category","embeddable":true,"href":"https:\/\/www.nettali.com\/rest\/wp\/v2\/categories?post=60104"},{"taxonomy":"post_tag","embeddable":true,"href":"https:\/\/www.nettali.com\/rest\/wp\/v2\/tags?post=60104"}],"curies":[{"name":"wp","href":"https:\/\/api.w.org\/{rel}","templated":true}]}}