{"id":60100,"date":"2021-03-18T11:03:47","date_gmt":"2021-03-18T11:03:47","guid":{"rendered":"https:\/\/www.nettali.com\/?p=60100"},"modified":"2021-03-18T22:38:44","modified_gmt":"2021-03-18T22:38:44","slug":"enquete-caf-senghor-et-motsepe-des-choix-polemiques","status":"publish","type":"post","link":"https:\/\/www.nettali.com\/2021\/03\/18\/enquete-caf-senghor-et-motsepe-des-choix-polemiques\/","title":{"rendered":"ENQUETE CAF - Senghor et Motsepe, des choix pol\u00e9miques!"},"content":{"rendered":"<p><strong>NETTALI.COM - \u00c9lus respectivement pr\u00e9sident et premier vice-pr\u00e9sident de la Caf, le Sud-Africain Patrice Motsepe et le S\u00e9n\u00e9galais Augustin Senghor sont loin de faire l'unanimit\u00e9. Leur nomination a soulev\u00e9 une vague d'indignations. En effet, un cocktail de d\u00e9ception et de frustration a \u00e9clat\u00e9 sur cette 43\u00e8me assembl\u00e9e g\u00e9n\u00e9rale de la Caf.<\/strong><\/p>\n<p>La Fifa a-t-elle t\u00e9l\u00e9guid\u00e9 et impos\u00e9 son diktat lors de la 43\u00e8me assembl\u00e9e g\u00e9n\u00e9rale qui s'est tenue \u00e0 Rabat au courant de ce mois de mars?<br \/>\nDifficile de r\u00e9pondre par la n\u00e9gative.<\/p>\n<p>En r\u00e9alit\u00e9, le choix de ce milliardaire tr\u00e8s occup\u00e9, m\u00e9connu et parrain\u00e9 par le patron de la Fifa, fait grincer des dents sur le continent. De nombreux observateurs y d\u00e9c\u00e8lent une ing\u00e9rence et une Caf soumise.<\/p>\n<p>M\u00eame si aucune voix dissonante ne s\u2019est exprim\u00e9e durant cette 43e assembl\u00e9e g\u00e9n\u00e9rale de la Caf, la nomination de Patrice Motsepe par acclamation car \u00e9tant le seul candidat d\u00e9clar\u00e9 suite au protocole de Rabat, sent le diktat de la Fifa en plein nez.<\/p>\n<p>\" <em>Pour cette \u00e9lection-l\u00e0 quand m\u00eame, personne n\u2019ose dire qu\u2019il n\u2019a pas vu l\u2019implication, l\u2019ing\u00e9rence m\u00eame du pr\u00e9sident de la Fifa, Gianni Infantino\u00a0: il a sillonn\u00e9 beaucoup de pays africains, il a battu campagne pour Patrice Motsepe<\/em>\", a d\u00e9plor\u00e9 le pr\u00e9sident de l'Association nationale de la presse sportive s\u00e9n\u00e9galaise (Anps), Abdoulaye Thiam.<\/p>\n<p>A la question de savoir si Motsepe avait le meilleur profil, Bacary Ciss\u00e9 ne m\u00e2che pas ses mots.<br \/>\n\" <em>Il n'a m\u00eame pas le temps pour son club (Mamelodi Sundowns). Il a le meilleur profil pour \u00eatre la marionnette de la Caf<\/em>\", a l\u00e2ch\u00e9 le directeur de publication du quotidien sportif Record.<\/p>\n<p><strong>La Fifa se lave \u00e0 grande eau<\/strong><\/p>\n<p>S\u00fbrement mis au courant de la vague d\u00e9ferlante de critiques, le pr\u00e9sident de la Fifa a tent\u00e9 de se d\u00e9douaner. Dans son allocution liminaire tout juste apr\u00e8s l'\u00e9lection de Patrice Motsepe, Gianni Infantino a d\u00e9fendu la version de la Fifa au sujet de cette dr\u00f4le d\u2019\u00e9lection : elle ne veut pas contr\u00f4ler la CAF mais favoriser \" <em>l\u2019unit\u00e9<\/em>\".<\/p>\n<p>\" <em>C\u2019est important de mettre ensemble ces deux mots: unit\u00e9 et \u00e9quipe. En \u00e9quipe on gagne, seul on perd, le football est un sport d\u2019\u00e9quipe<\/em>\", a-t-il plaid\u00e9.<\/p>\n<p>H\u00f4te de cette 43\u00e8me assembl\u00e9e g\u00e9n\u00e9rale de la Caf, le pr\u00e9sident de la F\u00e9d\u00e9ration marocaine, Fouzi Lekjaa a vol\u00e9 au secours de Infantino.<br \/>\nA l'en croire, il faut \" <em>clarifier une bonne fois pour toute que le sort de notre football est entre nos mains, nous les pr\u00e9sidents de f\u00e9d\u00e9rations et donc pas celles de la Fifa<\/em>\", dit-il.<br \/>\n\" <em>Toutes les pol\u00e9miques autour de la relation avec la Fifa sont st\u00e9riles<\/em>\", a-t-il ajout\u00e9.<\/p>\n<p>Pr\u00e9sident de la commission des finances, Fouzi Lekjaa a par ailleurs rappel\u00e9 les difficult\u00e9s financi\u00e8res de l\u2019institution, qui \"<em>s\u2019installe dans un d\u00e9ficit autour de 10 millions de dollars<\/em>\".<\/p>\n<p>Selon lui, la CAF \"<em>est en train de bouffer son capital, ses fonds propres<\/em>\", a-t-il alert\u00e9, parlant de \"<em>d\u00e9ficit structure<\/em>\".<\/p>\n<p>En effet, la CAF dispose de 70 millions de dollars US de fonds propres.<br \/>\n\" <em>Si on continue dans cette logique, on aura de quoi fonctionner pendant ce mandat, mais ce sera l\u2019impasse pour le prochain<\/em>\", a pr\u00e9venu le N.1 des finances de la CAF.<\/p>\n<p>Donc peut-on en d\u00e9duire que le choix port\u00e9 sur Motsepe est purement motiv\u00e9 par l'argent?<\/p>\n<p>\" <em>C\u2019est forc\u00e9ment \u00e0 cause de l\u2019argent. Je crois qu\u2019il est tr\u00e8s bien entour\u00e9. On peut esp\u00e9rer effectivement que, d\u2019ici quatre ans, la Conf\u00e9d\u00e9ration africaine de football puisse retrouver son lustre d\u2019antan et qu\u2019on ne puisse pas\u00a0vivre sous la tutelle tout simplement de la Fifa comme ce fut le cas ces quatre derni\u00e8res ann\u00e9es avec Ahmad<\/em>\", a s\u00e8chement r\u00e9pondu le pr\u00e9sident de l'Anps.<\/p>\n<p>Alors cette mainmise flagrante et scandaleuse \u00e0 la limite de la Fifa peut-on la sentir dans les autres conf\u00e9d\u00e9rations du monde?<\/p>\n<p>\" <em>Au XXIe si\u00e8cle, l\u00e0 o\u00f9 on pensait qu\u2019on allait effectivement vivre totalement de notre ind\u00e9pendance, surtout sur le plan\u00a0footballistique, mais l\u00e0 c\u2019est un Suisse qui vient en Afrique pour tout simplement \u00eatre re\u00e7u avec les honneurs et qui dicte qui doit diriger effectivement notre conf\u00e9d\u00e9ration. C\u2019est triste parce qu\u2019on ne verra jamais les gens comme Gianni Infantino au niveau de l\u2019UEFA, qui est la conf\u00e9d\u00e9ration europ\u00e9enne. On ne le verra pas au niveau de la Concacaf, qui est la conf\u00e9d\u00e9ration sud-am\u00e9ricaine. Ce n\u2019est pas possible<\/em>\", a fait savoir Abdoulaye Thiam.<\/p>\n<p><strong>Augustin Senghor lynch\u00e9 sur les r\u00e9seaux sociaux<\/strong><\/p>\n<p>Tout comme Patrice Motsepe, le nouveau poste de Me Augustin Senghor a provoqu\u00e9 ire et indignation.<br \/>\nLe pr\u00e9sident de la F\u00e9d\u00e9ration s\u00e9n\u00e9galaise de football a-t-il rat\u00e9 la train de l'histoire? Devrait-il refuser le \"<em>deal<\/em>\" ou protocole de Rabat? A-t-il bien fait de se plier \u00e0 la demande de la Fifa ?<br \/>\nVoil\u00e0 autant de questions qui se sont pos\u00e9es les f\u00e9rus du ballon rond. Autant dire que ce poste de premier vice-pr\u00e9sident de la Caf n'est pas du go\u00fbt de bon nombres S\u00e9n\u00e9galais et...d'Africains.<\/p>\n<p>A vrai dire, l'annonce de la candidature de Me Augustin Senghor \u00e0 la CAF a suscit\u00e9 un vent d'espoir dans le landerneau du football local. D'aucuns s'imaginaient enfin de voir un S\u00e9n\u00e9galais \u00e0 la t\u00eate de la plus haute instance du football africain et avoir enfin l'influence et le respect qui sied. H\u00e9las ce r\u00eave ne sera pas r\u00e9alis\u00e9. Pas pour le moment devrait-on dire.<br \/>\nCar, celui qui a mobilis\u00e9 toute la nation s\u00e9n\u00e9galaise pour battre campagne a malheureusement accept\u00e9 de poser les armes avant m\u00eame le d\u00e9but des hostilit\u00e9s.<br \/>\nCet \u00e9norme revirement \u00e0 360 degr\u00e9s permet ais\u00e9ment de comprendre la d\u00e9ception indescriptible des...S\u00e9n\u00e9galais.<\/p>\n<p>\" <em>Vous avez port\u00e9 campagne aupr\u00e8s du Pr\u00e9sident de la R\u00e9publique pour qu'il utilise son influence. Vous avez battu le macadam aupr\u00e8s des journalistes sportifs de ce pays. Nous avons port\u00e9 votre candidature sur les r\u00e9seaux sociaux malgr\u00e9 les moqueries des uns et des autres. Vous avez voyag\u00e9 avec l'argent du contribuable pour aller battre campagne au Cameroun et vous aviez eu la b\u00e9n\u00e9diction du grand Roger Milla (m\u00eame s'il ne vote pas). Je n'oublie pas votre d\u00e9monstration de force \u00e0 Praia, au Cap Vert o\u00f9 vous avez s\u00e9duit plus d'un. Au finish, qu'avez vous fait? Vous avez pr\u00e9f\u00e9r\u00e9 nous envoyer un communiqu\u00e9 pour expliquer votre retrait de la course ! Devrai-je dire que c'est une attitude l\u00e2che? Non parce que je vous dois du respect, mais c'est un manque de respect notoire \u00e0 l'endroit des sportifs<\/em>\", a d\u00e9plor\u00e9 sur sa page Facebook l'un des observateurs les plus avertis du football local, Laye Terry.<\/p>\n<p>Sa d\u00e9ception a \u00e9t\u00e9 partag\u00e9e par beaucoup d'internautes qui se sont exprim\u00e9s en ces termes :<br \/>\n\" <em>Il doit \u00eatre traduit en justice pour haute trahison<\/em>\"...<br \/>\n\" <em>C'est un \u00e9ternel looser. J'ai jamais cru en lui \u00e0 l'image de notre \u00e9quipe nationale<\/em>\"...<br \/>\n\" <em>C'est du m'importe quoi<\/em>\".<\/p>\n<p>Ces derniers ont-ils raison sur le maire de l'Ile de Gor\u00e9e qui a pr\u00e9f\u00e9r\u00e9 se ranger comme le Mauritanien Ahmed Yahya et l'Ivorien Jacques Anouma?<br \/>\nMatar Ba, pour sa part se f\u00e9licite de cette \"<em>nomination historique<\/em>\".<\/p>\n<p>\"\u00a0<em>L\u2019\u00e9lection de Me Augustin Senghor\u00a0en qualit\u00e9\u00a0de premier vice-pr\u00e9sident de la CAF,\u00a0constitue, assur\u00e9ment,\u00a0un niveau de responsabilit\u00e9 jamais atteint par notre pays dans les instances faiti\u00e8res du Football africain.\u00a0Et cela est \u00e0 magnifier et \u00e0 soutenir<\/em> \", a laiss\u00e9 entendre le ministre des Sports s\u00e9n\u00e9galais.<\/p>\n<p>Rappelons que le protocole de Rabat a distribu\u00e9 les r\u00f4les comme suit :<br \/>\nPr\u00e9sident : Patrice Motsepe (Afrique du Sud)<br \/>\n1er vice-pr\u00e9sident : Augustin Senghor (S\u00e9n\u00e9gal)<br \/>\n2\u00e8me vice-pr\u00e9sident : Ahmed Yahya (Mauritanie)<br \/>\nConseiller : Jacques Anouma (C\u00f4te d\u2019Ivoire).<\/p>\n<div class='share-to-whatsapp-wrapper'><div class='share-on-whsp'>PARTAGER SUR : <\/div><a data-text='ENQUETE CAF - Senghor et Motsepe, des choix pol\u00e9miques!' data-link='https:\/\/www.nettali.com\/2021\/03\/18\/enquete-caf-senghor-et-motsepe-des-choix-polemiques\/' class='whatsapp-button whatsapp-share'>WhatsApp<\/a><div class='clear '><\/div><\/div>","protected":false},"excerpt":{"rendered":"<p>NETTALI.COM - \u00c9lus respectivement pr\u00e9sident et premier vice-pr\u00e9sident de la Caf, le Sud-Africain Patrice Motsepe et le S\u00e9n\u00e9galais Augustin Senghor sont loin de faire l'unanimit\u00e9. Leur nomination a soulev\u00e9 une vague d'indignations. En effet, un cocktail de d\u00e9ception et de frustration a \u00e9clat\u00e9 sur cette 43\u00e8me assembl\u00e9e g\u00e9n\u00e9rale de la Caf. La Fifa a-t-elle t\u00e9l\u00e9guid\u00e9 [&hellip;]<\/p>\n","protected":false},"author":5,"featured_media":60102,"comment_status":"open","ping_status":"open","sticky":false,"template":"","format":"standard","meta":{"_et_pb_use_builder":"","_et_pb_old_content":""},"categories":[3878,6],"tags":[],"yoast_head":"<!-- This site is optimized with the Yoast SEO Premium plugin v17.8 (Yoast SEO v17.8) - https:\/\/yoast.com\/wordpress\/plugins\/seo\/ -->\n<title>ENQUETE CAF - Senghor et Motsepe, des choix pol\u00e9miques! | Nettali.com<\/title>\n<meta name=\"robots\" content=\"index, follow, max-snippet:-1, max-image-preview:large, max-video-preview:-1\" \/>\n<link rel=\"canonical\" href=\"https:\/\/www.nettali.com\/2021\/03\/18\/enquete-caf-senghor-et-motsepe-des-choix-polemiques\/\" \/>\n<meta property=\"og:locale\" content=\"fr_FR\" \/>\n<meta property=\"og:type\" content=\"article\" \/>\n<meta property=\"og:title\" content=\"ENQUETE CAF - Senghor et Motsepe, des choix pol\u00e9miques!\" \/>\n<meta property=\"og:description\" content=\"NETTALI.COM - \u00c9lus respectivement pr\u00e9sident et premier vice-pr\u00e9sident de la Caf, le Sud-Africain Patrice Motsepe et le S\u00e9n\u00e9galais Augustin Senghor sont loin de faire l&#039;unanimit\u00e9. Leur nomination a soulev\u00e9 une vague d&#039;indignations. En effet, un cocktail de d\u00e9ception et de frustration a \u00e9clat\u00e9 sur cette 43\u00e8me assembl\u00e9e g\u00e9n\u00e9rale de la Caf. La Fifa a-t-elle t\u00e9l\u00e9guid\u00e9 [&hellip;]\" \/>\n<meta property=\"og:url\" content=\"https:\/\/www.nettali.com\/2021\/03\/18\/enquete-caf-senghor-et-motsepe-des-choix-polemiques\/\" \/>\n<meta property=\"og:site_name\" content=\"Nettali.com\" \/>\n<meta property=\"article:publisher\" content=\"https:\/\/www.facebook.com\/nettalicom\" \/>\n<meta property=\"article:published_time\" content=\"2021-03-18T11:03:47+00:00\" \/>\n<meta property=\"article:modified_time\" content=\"2021-03-18T22:38:44+00:00\" \/>\n<meta property=\"og:image\" content=\"https:\/\/www.nettali.com\/wp-content\/uploads\/2021\/03\/PhotoCollage_1616019831279-1.jpg\" \/>\n\t<meta property=\"og:image:width\" content=\"1080\" \/>\n\t<meta property=\"og:image:height\" content=\"753\" \/>\n<meta name=\"twitter:card\" content=\"summary_large_image\" \/>\n<meta name=\"twitter:label1\" content=\"\u00c9crit par\" \/>\n\t<meta name=\"twitter:data1\" content=\"Ibrahima\" \/>\n\t<meta name=\"twitter:label2\" content=\"Dur\u00e9e de lecture estim\u00e9e\" \/>\n\t<meta name=\"twitter:data2\" content=\"7 minutes\" \/>\n<script type=\"application\/ld+json\" class=\"yoast-schema-graph\">{\"@context\":\"https:\/\/schema.org\",\"@graph\":[{\"@type\":\"WebSite\",\"@id\":\"https:\/\/www.nettali.com\/#website\",\"url\":\"https:\/\/www.nettali.com\/\",\"name\":\"Nettali.com\",\"description\":\"Le rendez-vous critique du Net\",\"potentialAction\":[{\"@type\":\"SearchAction\",\"target\":{\"@type\":\"EntryPoint\",\"urlTemplate\":\"https:\/\/www.nettali.com\/?s={search_term_string}\"},\"query-input\":\"required name=search_term_string\"}],\"inLanguage\":\"fr-FR\"},{\"@type\":\"ImageObject\",\"@id\":\"https:\/\/www.nettali.com\/2021\/03\/18\/enquete-caf-senghor-et-motsepe-des-choix-polemiques\/#primaryimage\",\"inLanguage\":\"fr-FR\",\"url\":\"https:\/\/www.nettali.com\/wp-content\/uploads\/2021\/03\/PhotoCollage_1616019831279-1.jpg\",\"contentUrl\":\"https:\/\/www.nettali.com\/wp-content\/uploads\/2021\/03\/PhotoCollage_1616019831279-1.jpg\",\"width\":1080,\"height\":753},{\"@type\":\"WebPage\",\"@id\":\"https:\/\/www.nettali.com\/2021\/03\/18\/enquete-caf-senghor-et-motsepe-des-choix-polemiques\/#webpage\",\"url\":\"https:\/\/www.nettali.com\/2021\/03\/18\/enquete-caf-senghor-et-motsepe-des-choix-polemiques\/\",\"name\":\"ENQUETE CAF - Senghor et Motsepe, des choix pol\\u00e9miques! | Nettali.com\",\"isPartOf\":{\"@id\":\"https:\/\/www.nettali.com\/#website\"},\"primaryImageOfPage\":{\"@id\":\"https:\/\/www.nettali.com\/2021\/03\/18\/enquete-caf-senghor-et-motsepe-des-choix-polemiques\/#primaryimage\"},\"datePublished\":\"2021-03-18T11:03:47+00:00\",\"dateModified\":\"2021-03-18T22:38:44+00:00\",\"author\":{\"@id\":\"https:\/\/www.nettali.com\/#\/schema\/person\/bb147657c2986240405a608162b9bb23\"},\"breadcrumb\":{\"@id\":\"https:\/\/www.nettali.com\/2021\/03\/18\/enquete-caf-senghor-et-motsepe-des-choix-polemiques\/#breadcrumb\"},\"inLanguage\":\"fr-FR\",\"potentialAction\":[{\"@type\":\"ReadAction\",\"target\":[\"https:\/\/www.nettali.com\/2021\/03\/18\/enquete-caf-senghor-et-motsepe-des-choix-polemiques\/\"]}]},{\"@type\":\"BreadcrumbList\",\"@id\":\"https:\/\/www.nettali.com\/2021\/03\/18\/enquete-caf-senghor-et-motsepe-des-choix-polemiques\/#breadcrumb\",\"itemListElement\":[{\"@type\":\"ListItem\",\"position\":1,\"name\":\"Accueil\",\"item\":\"https:\/\/www.nettali.com\/\"},{\"@type\":\"ListItem\",\"position\":2,\"name\":\"ENQUETE CAF &#8211; Senghor et Motsepe, des choix pol\\u00e9miques!\"}]},{\"@type\":\"Person\",\"@id\":\"https:\/\/www.nettali.com\/#\/schema\/person\/bb147657c2986240405a608162b9bb23\",\"name\":\"Ibrahima\",\"image\":{\"@type\":\"ImageObject\",\"@id\":\"https:\/\/www.nettali.com\/#personlogo\",\"inLanguage\":\"fr-FR\",\"url\":\"https:\/\/secure.gravatar.com\/avatar\/26a8a81f09f0dd7624c9d5c36c9ba3a2?s=96&d=mm&r=g\",\"contentUrl\":\"https:\/\/secure.gravatar.com\/avatar\/26a8a81f09f0dd7624c9d5c36c9ba3a2?s=96&d=mm&r=g\",\"caption\":\"Ibrahima\"},\"sameAs\":[\"https:\/\/www.nettali.com\"]}]}<\/script>\n<!-- \/ Yoast SEO Premium plugin. -->","yoast_head_json":{"title":"ENQUETE CAF - Senghor et Motsepe, des choix pol\u00e9miques! | Nettali.com","robots":{"index":"index","follow":"follow","max-snippet":"max-snippet:-1","max-image-preview":"max-image-preview:large","max-video-preview":"max-video-preview:-1"},"canonical":"https:\/\/www.nettali.com\/2021\/03\/18\/enquete-caf-senghor-et-motsepe-des-choix-polemiques\/","og_locale":"fr_FR","og_type":"article","og_title":"ENQUETE CAF - Senghor et Motsepe, des choix pol\u00e9miques!","og_description":"NETTALI.COM - \u00c9lus respectivement pr\u00e9sident et premier vice-pr\u00e9sident de la Caf, le Sud-Africain Patrice Motsepe et le S\u00e9n\u00e9galais Augustin Senghor sont loin de faire l'unanimit\u00e9. Leur nomination a soulev\u00e9 une vague d'indignations. En effet, un cocktail de d\u00e9ception et de frustration a \u00e9clat\u00e9 sur cette 43\u00e8me assembl\u00e9e g\u00e9n\u00e9rale de la Caf. La Fifa a-t-elle t\u00e9l\u00e9guid\u00e9 [&hellip;]","og_url":"https:\/\/www.nettali.com\/2021\/03\/18\/enquete-caf-senghor-et-motsepe-des-choix-polemiques\/","og_site_name":"Nettali.com","article_publisher":"https:\/\/www.facebook.com\/nettalicom","article_published_time":"2021-03-18T11:03:47+00:00","article_modified_time":"2021-03-18T22:38:44+00:00","og_image":[{"width":1080,"height":753,"url":"https:\/\/www.nettali.com\/wp-content\/uploads\/2021\/03\/PhotoCollage_1616019831279-1.jpg","type":"image\/jpeg"}],"twitter_card":"summary_large_image","twitter_misc":{"\u00c9crit par":"Ibrahima","Dur\u00e9e de lecture estim\u00e9e":"7 minutes"},"schema":{"@context":"https:\/\/schema.org","@graph":[{"@type":"WebSite","@id":"https:\/\/www.nettali.com\/#website","url":"https:\/\/www.nettali.com\/","name":"Nettali.com","description":"Le rendez-vous critique du Net","potentialAction":[{"@type":"SearchAction","target":{"@type":"EntryPoint","urlTemplate":"https:\/\/www.nettali.com\/?s={search_term_string}"},"query-input":"required name=search_term_string"}],"inLanguage":"fr-FR"},{"@type":"ImageObject","@id":"https:\/\/www.nettali.com\/2021\/03\/18\/enquete-caf-senghor-et-motsepe-des-choix-polemiques\/#primaryimage","inLanguage":"fr-FR","url":"https:\/\/www.nettali.com\/wp-content\/uploads\/2021\/03\/PhotoCollage_1616019831279-1.jpg","contentUrl":"https:\/\/www.nettali.com\/wp-content\/uploads\/2021\/03\/PhotoCollage_1616019831279-1.jpg","width":1080,"height":753},{"@type":"WebPage","@id":"https:\/\/www.nettali.com\/2021\/03\/18\/enquete-caf-senghor-et-motsepe-des-choix-polemiques\/#webpage","url":"https:\/\/www.nettali.com\/2021\/03\/18\/enquete-caf-senghor-et-motsepe-des-choix-polemiques\/","name":"ENQUETE CAF - Senghor et Motsepe, des choix pol\u00e9miques! | Nettali.com","isPartOf":{"@id":"https:\/\/www.nettali.com\/#website"},"primaryImageOfPage":{"@id":"https:\/\/www.nettali.com\/2021\/03\/18\/enquete-caf-senghor-et-motsepe-des-choix-polemiques\/#primaryimage"},"datePublished":"2021-03-18T11:03:47+00:00","dateModified":"2021-03-18T22:38:44+00:00","author":{"@id":"https:\/\/www.nettali.com\/#\/schema\/person\/bb147657c2986240405a608162b9bb23"},"breadcrumb":{"@id":"https:\/\/www.nettali.com\/2021\/03\/18\/enquete-caf-senghor-et-motsepe-des-choix-polemiques\/#breadcrumb"},"inLanguage":"fr-FR","potentialAction":[{"@type":"ReadAction","target":["https:\/\/www.nettali.com\/2021\/03\/18\/enquete-caf-senghor-et-motsepe-des-choix-polemiques\/"]}]},{"@type":"BreadcrumbList","@id":"https:\/\/www.nettali.com\/2021\/03\/18\/enquete-caf-senghor-et-motsepe-des-choix-polemiques\/#breadcrumb","itemListElement":[{"@type":"ListItem","position":1,"name":"Accueil","item":"https:\/\/www.nettali.com\/"},{"@type":"ListItem","position":2,"name":"ENQUETE CAF &#8211; Senghor et Motsepe, des choix pol\u00e9miques!"}]},{"@type":"Person","@id":"https:\/\/www.nettali.com\/#\/schema\/person\/bb147657c2986240405a608162b9bb23","name":"Ibrahima","image":{"@type":"ImageObject","@id":"https:\/\/www.nettali.com\/#personlogo","inLanguage":"fr-FR","url":"https:\/\/secure.gravatar.com\/avatar\/26a8a81f09f0dd7624c9d5c36c9ba3a2?s=96&d=mm&r=g","contentUrl":"https:\/\/secure.gravatar.com\/avatar\/26a8a81f09f0dd7624c9d5c36c9ba3a2?s=96&d=mm&r=g","caption":"Ibrahima"},"sameAs":["https:\/\/www.nettali.com"]}]}},"_links":{"self":[{"href":"https:\/\/www.nettali.com\/rest\/wp\/v2\/posts\/60100"}],"collection":[{"href":"https:\/\/www.nettali.com\/rest\/wp\/v2\/posts"}],"about":[{"href":"https:\/\/www.nettali.com\/rest\/wp\/v2\/types\/post"}],"author":[{"embeddable":true,"href":"https:\/\/www.nettali.com\/rest\/wp\/v2\/users\/5"}],"replies":[{"embeddable":true,"href":"https:\/\/www.nettali.com\/rest\/wp\/v2\/comments?post=60100"}],"version-history":[{"count":3,"href":"https:\/\/www.nettali.com\/rest\/wp\/v2\/posts\/60100\/revisions"}],"predecessor-version":[{"id":60141,"href":"https:\/\/www.nettali.com\/rest\/wp\/v2\/posts\/60100\/revisions\/60141"}],"wp:featuredmedia":[{"embeddable":true,"href":"https:\/\/www.nettali.com\/rest\/wp\/v2\/media\/60102"}],"wp:attachment":[{"href":"https:\/\/www.nettali.com\/rest\/wp\/v2\/media?parent=60100"}],"wp:term":[{"taxonomy":"category","embeddable":true,"href":"https:\/\/www.nettali.com\/rest\/wp\/v2\/categories?post=60100"},{"taxonomy":"post_tag","embeddable":true,"href":"https:\/\/www.nettali.com\/rest\/wp\/v2\/tags?post=60100"}],"curies":[{"name":"wp","href":"https:\/\/api.w.org\/{rel}","templated":true}]}}