{"id":60052,"date":"2021-03-17T11:41:05","date_gmt":"2021-03-17T11:41:05","guid":{"rendered":"https:\/\/www.nettali.com\/?p=60052"},"modified":"2021-03-17T11:41:05","modified_gmt":"2021-03-17T11:41:05","slug":"les-lgbt-chretiens-deplorent-que-rien-ne-semble-avoir-change-dans-leglise-catholique","status":"publish","type":"post","link":"https:\/\/www.nettali.com\/2021\/03\/17\/les-lgbt-chretiens-deplorent-que-rien-ne-semble-avoir-change-dans-leglise-catholique\/","title":{"rendered":"Les LGBT chr\u00e9tiens d\u00e9plorent que \"rien ne semble avoir chang\u00e9\" dans l'Eglise catholique"},"content":{"rendered":"<p>NETTALI.COM - L'institution du Vatican charg\u00e9e de dire et pr\u00e9server le dogme catholique, la Congr\u00e9gation pour la doctrine de la foi, a r\u00e9affirm\u00e9 lundi, dans un document, la doctrine consid\u00e9rant l'homosexualit\u00e9 comme un \"p\u00e9ch\u00e9\". Elle a confirm\u00e9 qu'il n'\u00e9tait \"pas licite\" pour l'Eglise catholique de \"donner une b\u00e9n\u00e9diction\" aux unions de couples de m\u00eame sexe.<\/p>\n<p>Dans un communiqu\u00e9, David &amp; Jonathan juge \"bien \u00e9cul\u00e9\" l'argumentaire de th\u00e9ologie morale appuyant cette position. \"Rien ne semble avoir chang\u00e9, depuis le temps o\u00f9 Joseph Ratzinger (devenu ensuite Beno\u00eet XVI, ndlr), pr\u00e9fet de ladite Congr\u00e9gation, refusait toute possibilit\u00e9 de reconnaissance morale de l\u2019homosexualit\u00e9, dans une lettre aux \u00e9v\u00eaques de 1986\".<\/p>\n<p>\"On ne peut que voir aujourd\u2019hui les d\u00e9g\u00e2ts de ce discours, emp\u00eatr\u00e9 dans ses certitudes, et qui a renvoy\u00e9 d\u00e9sirs, sentiments et vies de couple du c\u00f4t\u00e9 de la honte, du silence, de la violence, pour peu qu\u2019ils ne puissent correspondre \u00e0 une norme h\u00e9t\u00e9rosexuelle et procr\u00e9ative\", ajoute l'association.<\/p>\n<p>Et celle-ci d'interroger: \"Que penser d\u2019une Eglise qui, loin d\u2019accueillir sans jugement, \u00e9carte une partie de ceux et celles qui viennent vers elle ?\"<\/p>\n<p>L'association regrette qu\"'aujourd\u2019hui en France, il (ne soit) pas possible pour une personne LGBT+ catholique de se tourner simplement vers sa paroisse, vers un pr\u00eatre rencontr\u00e9 au hasard, sans s\u2019assurer au pr\u00e9alable de sa bienveillance, sans risquer de se voir renvoyer du c\u00f4t\u00e9 du p\u00e9ch\u00e9 et de l\u2019immoralit\u00e9\".<\/p>\n<p>(avec AFP)<\/p>\n<div class='share-to-whatsapp-wrapper'><div class='share-on-whsp'>PARTAGER SUR : <\/div><a data-text='Les LGBT chr\u00e9tiens d\u00e9plorent que \"rien ne semble avoir chang\u00e9\" dans l'Eglise catholique' data-link='https:\/\/www.nettali.com\/2021\/03\/17\/les-lgbt-chretiens-deplorent-que-rien-ne-semble-avoir-change-dans-leglise-catholique\/' class='whatsapp-button whatsapp-share'>WhatsApp<\/a><div class='clear '><\/div><\/div>","protected":false},"excerpt":{"rendered":"<p>NETTALI.COM - L'institution du Vatican charg\u00e9e de dire et pr\u00e9server le dogme catholique, la Congr\u00e9gation pour la doctrine de la foi, a r\u00e9affirm\u00e9 lundi, dans un document, la doctrine consid\u00e9rant l'homosexualit\u00e9 comme un \"p\u00e9ch\u00e9\". Elle a confirm\u00e9 qu'il n'\u00e9tait \"pas licite\" pour l'Eglise catholique de \"donner une b\u00e9n\u00e9diction\" aux unions de couples de m\u00eame sexe. [&hellip;]<\/p>\n","protected":false},"author":11,"featured_media":60053,"comment_status":"open","ping_status":"open","sticky":false,"template":"","format":"standard","meta":{"_et_pb_use_builder":"","_et_pb_old_content":""},"categories":[8],"tags":[],"yoast_head":"<!-- This site is optimized with the Yoast SEO Premium plugin v17.8 (Yoast SEO v17.8) - https:\/\/yoast.com\/wordpress\/plugins\/seo\/ -->\n<title>Les LGBT chr\u00e9tiens d\u00e9plorent que &quot;rien ne semble avoir chang\u00e9&quot; dans l&#039;Eglise catholique | Nettali.com<\/title>\n<meta name=\"robots\" content=\"index, follow, max-snippet:-1, max-image-preview:large, max-video-preview:-1\" \/>\n<link rel=\"canonical\" href=\"https:\/\/www.nettali.com\/2021\/03\/17\/les-lgbt-chretiens-deplorent-que-rien-ne-semble-avoir-change-dans-leglise-catholique\/\" \/>\n<meta property=\"og:locale\" content=\"fr_FR\" \/>\n<meta property=\"og:type\" content=\"article\" \/>\n<meta property=\"og:title\" content=\"Les LGBT chr\u00e9tiens d\u00e9plorent que &quot;rien ne semble avoir chang\u00e9&quot; dans l&#039;Eglise catholique\" \/>\n<meta property=\"og:description\" content=\"NETTALI.COM - L&#039;institution du Vatican charg\u00e9e de dire et pr\u00e9server le dogme catholique, la Congr\u00e9gation pour la doctrine de la foi, a r\u00e9affirm\u00e9 lundi, dans un document, la doctrine consid\u00e9rant l&#039;homosexualit\u00e9 comme un &quot;p\u00e9ch\u00e9&quot;. Elle a confirm\u00e9 qu&#039;il n&#039;\u00e9tait &quot;pas licite&quot; pour l&#039;Eglise catholique de &quot;donner une b\u00e9n\u00e9diction&quot; aux unions de couples de m\u00eame sexe. [&hellip;]\" \/>\n<meta property=\"og:url\" content=\"https:\/\/www.nettali.com\/2021\/03\/17\/les-lgbt-chretiens-deplorent-que-rien-ne-semble-avoir-change-dans-leglise-catholique\/\" \/>\n<meta property=\"og:site_name\" content=\"Nettali.com\" \/>\n<meta property=\"article:publisher\" content=\"https:\/\/www.facebook.com\/nettalicom\" \/>\n<meta property=\"article:published_time\" content=\"2021-03-17T11:41:05+00:00\" \/>\n<meta property=\"og:image\" content=\"https:\/\/www.nettali.com\/wp-content\/uploads\/2021\/03\/lgbt.jpg\" \/>\n\t<meta property=\"og:image:width\" content=\"1000\" \/>\n\t<meta property=\"og:image:height\" content=\"750\" \/>\n<meta name=\"twitter:card\" content=\"summary_large_image\" \/>\n<meta name=\"twitter:label1\" content=\"\u00c9crit par\" \/>\n\t<meta name=\"twitter:data1\" content=\"Thierno Diop\" \/>\n\t<meta name=\"twitter:label2\" content=\"Dur\u00e9e de lecture estim\u00e9e\" \/>\n\t<meta name=\"twitter:data2\" content=\"1 minute\" \/>\n<script type=\"application\/ld+json\" class=\"yoast-schema-graph\">{\"@context\":\"https:\/\/schema.org\",\"@graph\":[{\"@type\":\"WebSite\",\"@id\":\"https:\/\/www.nettali.com\/#website\",\"url\":\"https:\/\/www.nettali.com\/\",\"name\":\"Nettali.com\",\"description\":\"Le rendez-vous critique du Net\",\"potentialAction\":[{\"@type\":\"SearchAction\",\"target\":{\"@type\":\"EntryPoint\",\"urlTemplate\":\"https:\/\/www.nettali.com\/?s={search_term_string}\"},\"query-input\":\"required name=search_term_string\"}],\"inLanguage\":\"fr-FR\"},{\"@type\":\"ImageObject\",\"@id\":\"https:\/\/www.nettali.com\/2021\/03\/17\/les-lgbt-chretiens-deplorent-que-rien-ne-semble-avoir-change-dans-leglise-catholique\/#primaryimage\",\"inLanguage\":\"fr-FR\",\"url\":\"https:\/\/www.nettali.com\/wp-content\/uploads\/2021\/03\/lgbt.jpg\",\"contentUrl\":\"https:\/\/www.nettali.com\/wp-content\/uploads\/2021\/03\/lgbt.jpg\",\"width\":1000,\"height\":750},{\"@type\":\"WebPage\",\"@id\":\"https:\/\/www.nettali.com\/2021\/03\/17\/les-lgbt-chretiens-deplorent-que-rien-ne-semble-avoir-change-dans-leglise-catholique\/#webpage\",\"url\":\"https:\/\/www.nettali.com\/2021\/03\/17\/les-lgbt-chretiens-deplorent-que-rien-ne-semble-avoir-change-dans-leglise-catholique\/\",\"name\":\"Les LGBT chr\\u00e9tiens d\\u00e9plorent que \\\"rien ne semble avoir chang\\u00e9\\\" dans l'Eglise catholique | Nettali.com\",\"isPartOf\":{\"@id\":\"https:\/\/www.nettali.com\/#website\"},\"primaryImageOfPage\":{\"@id\":\"https:\/\/www.nettali.com\/2021\/03\/17\/les-lgbt-chretiens-deplorent-que-rien-ne-semble-avoir-change-dans-leglise-catholique\/#primaryimage\"},\"datePublished\":\"2021-03-17T11:41:05+00:00\",\"dateModified\":\"2021-03-17T11:41:05+00:00\",\"author\":{\"@id\":\"https:\/\/www.nettali.com\/#\/schema\/person\/8a06c6bd7b19304cf4bf985862900b5b\"},\"breadcrumb\":{\"@id\":\"https:\/\/www.nettali.com\/2021\/03\/17\/les-lgbt-chretiens-deplorent-que-rien-ne-semble-avoir-change-dans-leglise-catholique\/#breadcrumb\"},\"inLanguage\":\"fr-FR\",\"potentialAction\":[{\"@type\":\"ReadAction\",\"target\":[\"https:\/\/www.nettali.com\/2021\/03\/17\/les-lgbt-chretiens-deplorent-que-rien-ne-semble-avoir-change-dans-leglise-catholique\/\"]}]},{\"@type\":\"BreadcrumbList\",\"@id\":\"https:\/\/www.nettali.com\/2021\/03\/17\/les-lgbt-chretiens-deplorent-que-rien-ne-semble-avoir-change-dans-leglise-catholique\/#breadcrumb\",\"itemListElement\":[{\"@type\":\"ListItem\",\"position\":1,\"name\":\"Accueil\",\"item\":\"https:\/\/www.nettali.com\/\"},{\"@type\":\"ListItem\",\"position\":2,\"name\":\"Les LGBT chr\\u00e9tiens d\\u00e9plorent que \\u00ab\\u00a0rien ne semble avoir chang\\u00e9\\u00a0\\u00bb dans l&rsquo;Eglise catholique\"}]},{\"@type\":\"Person\",\"@id\":\"https:\/\/www.nettali.com\/#\/schema\/person\/8a06c6bd7b19304cf4bf985862900b5b\",\"name\":\"Thierno Diop\",\"image\":{\"@type\":\"ImageObject\",\"@id\":\"https:\/\/www.nettali.com\/#personlogo\",\"inLanguage\":\"fr-FR\",\"url\":\"https:\/\/secure.gravatar.com\/avatar\/c8ca58550c94fd2ac856d27391a6c866?s=96&d=mm&r=g\",\"contentUrl\":\"https:\/\/secure.gravatar.com\/avatar\/c8ca58550c94fd2ac856d27391a6c866?s=96&d=mm&r=g\",\"caption\":\"Thierno Diop\"},\"sameAs\":[\"https:\/\/nettali.com\"]}]}<\/script>\n<!-- \/ Yoast SEO Premium plugin. -->","yoast_head_json":{"title":"Les LGBT chr\u00e9tiens d\u00e9plorent que \"rien ne semble avoir chang\u00e9\" dans l'Eglise catholique | Nettali.com","robots":{"index":"index","follow":"follow","max-snippet":"max-snippet:-1","max-image-preview":"max-image-preview:large","max-video-preview":"max-video-preview:-1"},"canonical":"https:\/\/www.nettali.com\/2021\/03\/17\/les-lgbt-chretiens-deplorent-que-rien-ne-semble-avoir-change-dans-leglise-catholique\/","og_locale":"fr_FR","og_type":"article","og_title":"Les LGBT chr\u00e9tiens d\u00e9plorent que \"rien ne semble avoir chang\u00e9\" dans l'Eglise catholique","og_description":"NETTALI.COM - L'institution du Vatican charg\u00e9e de dire et pr\u00e9server le dogme catholique, la Congr\u00e9gation pour la doctrine de la foi, a r\u00e9affirm\u00e9 lundi, dans un document, la doctrine consid\u00e9rant l'homosexualit\u00e9 comme un \"p\u00e9ch\u00e9\". Elle a confirm\u00e9 qu'il n'\u00e9tait \"pas licite\" pour l'Eglise catholique de \"donner une b\u00e9n\u00e9diction\" aux unions de couples de m\u00eame sexe. [&hellip;]","og_url":"https:\/\/www.nettali.com\/2021\/03\/17\/les-lgbt-chretiens-deplorent-que-rien-ne-semble-avoir-change-dans-leglise-catholique\/","og_site_name":"Nettali.com","article_publisher":"https:\/\/www.facebook.com\/nettalicom","article_published_time":"2021-03-17T11:41:05+00:00","og_image":[{"width":1000,"height":750,"url":"https:\/\/www.nettali.com\/wp-content\/uploads\/2021\/03\/lgbt.jpg","type":"image\/jpeg"}],"twitter_card":"summary_large_image","twitter_misc":{"\u00c9crit par":"Thierno Diop","Dur\u00e9e de lecture estim\u00e9e":"1 minute"},"schema":{"@context":"https:\/\/schema.org","@graph":[{"@type":"WebSite","@id":"https:\/\/www.nettali.com\/#website","url":"https:\/\/www.nettali.com\/","name":"Nettali.com","description":"Le rendez-vous critique du Net","potentialAction":[{"@type":"SearchAction","target":{"@type":"EntryPoint","urlTemplate":"https:\/\/www.nettali.com\/?s={search_term_string}"},"query-input":"required name=search_term_string"}],"inLanguage":"fr-FR"},{"@type":"ImageObject","@id":"https:\/\/www.nettali.com\/2021\/03\/17\/les-lgbt-chretiens-deplorent-que-rien-ne-semble-avoir-change-dans-leglise-catholique\/#primaryimage","inLanguage":"fr-FR","url":"https:\/\/www.nettali.com\/wp-content\/uploads\/2021\/03\/lgbt.jpg","contentUrl":"https:\/\/www.nettali.com\/wp-content\/uploads\/2021\/03\/lgbt.jpg","width":1000,"height":750},{"@type":"WebPage","@id":"https:\/\/www.nettali.com\/2021\/03\/17\/les-lgbt-chretiens-deplorent-que-rien-ne-semble-avoir-change-dans-leglise-catholique\/#webpage","url":"https:\/\/www.nettali.com\/2021\/03\/17\/les-lgbt-chretiens-deplorent-que-rien-ne-semble-avoir-change-dans-leglise-catholique\/","name":"Les LGBT chr\u00e9tiens d\u00e9plorent que \"rien ne semble avoir chang\u00e9\" dans l'Eglise catholique | Nettali.com","isPartOf":{"@id":"https:\/\/www.nettali.com\/#website"},"primaryImageOfPage":{"@id":"https:\/\/www.nettali.com\/2021\/03\/17\/les-lgbt-chretiens-deplorent-que-rien-ne-semble-avoir-change-dans-leglise-catholique\/#primaryimage"},"datePublished":"2021-03-17T11:41:05+00:00","dateModified":"2021-03-17T11:41:05+00:00","author":{"@id":"https:\/\/www.nettali.com\/#\/schema\/person\/8a06c6bd7b19304cf4bf985862900b5b"},"breadcrumb":{"@id":"https:\/\/www.nettali.com\/2021\/03\/17\/les-lgbt-chretiens-deplorent-que-rien-ne-semble-avoir-change-dans-leglise-catholique\/#breadcrumb"},"inLanguage":"fr-FR","potentialAction":[{"@type":"ReadAction","target":["https:\/\/www.nettali.com\/2021\/03\/17\/les-lgbt-chretiens-deplorent-que-rien-ne-semble-avoir-change-dans-leglise-catholique\/"]}]},{"@type":"BreadcrumbList","@id":"https:\/\/www.nettali.com\/2021\/03\/17\/les-lgbt-chretiens-deplorent-que-rien-ne-semble-avoir-change-dans-leglise-catholique\/#breadcrumb","itemListElement":[{"@type":"ListItem","position":1,"name":"Accueil","item":"https:\/\/www.nettali.com\/"},{"@type":"ListItem","position":2,"name":"Les LGBT chr\u00e9tiens d\u00e9plorent que \u00ab\u00a0rien ne semble avoir chang\u00e9\u00a0\u00bb dans l&rsquo;Eglise catholique"}]},{"@type":"Person","@id":"https:\/\/www.nettali.com\/#\/schema\/person\/8a06c6bd7b19304cf4bf985862900b5b","name":"Thierno Diop","image":{"@type":"ImageObject","@id":"https:\/\/www.nettali.com\/#personlogo","inLanguage":"fr-FR","url":"https:\/\/secure.gravatar.com\/avatar\/c8ca58550c94fd2ac856d27391a6c866?s=96&d=mm&r=g","contentUrl":"https:\/\/secure.gravatar.com\/avatar\/c8ca58550c94fd2ac856d27391a6c866?s=96&d=mm&r=g","caption":"Thierno Diop"},"sameAs":["https:\/\/nettali.com"]}]}},"_links":{"self":[{"href":"https:\/\/www.nettali.com\/rest\/wp\/v2\/posts\/60052"}],"collection":[{"href":"https:\/\/www.nettali.com\/rest\/wp\/v2\/posts"}],"about":[{"href":"https:\/\/www.nettali.com\/rest\/wp\/v2\/types\/post"}],"author":[{"embeddable":true,"href":"https:\/\/www.nettali.com\/rest\/wp\/v2\/users\/11"}],"replies":[{"embeddable":true,"href":"https:\/\/www.nettali.com\/rest\/wp\/v2\/comments?post=60052"}],"version-history":[{"count":1,"href":"https:\/\/www.nettali.com\/rest\/wp\/v2\/posts\/60052\/revisions"}],"predecessor-version":[{"id":60054,"href":"https:\/\/www.nettali.com\/rest\/wp\/v2\/posts\/60052\/revisions\/60054"}],"wp:featuredmedia":[{"embeddable":true,"href":"https:\/\/www.nettali.com\/rest\/wp\/v2\/media\/60053"}],"wp:attachment":[{"href":"https:\/\/www.nettali.com\/rest\/wp\/v2\/media?parent=60052"}],"wp:term":[{"taxonomy":"category","embeddable":true,"href":"https:\/\/www.nettali.com\/rest\/wp\/v2\/categories?post=60052"},{"taxonomy":"post_tag","embeddable":true,"href":"https:\/\/www.nettali.com\/rest\/wp\/v2\/tags?post=60052"}],"curies":[{"name":"wp","href":"https:\/\/api.w.org\/{rel}","templated":true}]}}