{"id":59986,"date":"2021-03-16T12:02:21","date_gmt":"2021-03-16T12:02:21","guid":{"rendered":"https:\/\/www.nettali.com\/?p=59986"},"modified":"2021-03-16T20:01:33","modified_gmt":"2021-03-16T20:01:33","slug":"video-voici-le-jeune-senegalais-accuse-davoir-poignarde-a-mort-un-jeune-gambien","status":"publish","type":"post","link":"https:\/\/www.nettali.com\/2021\/03\/16\/video-voici-le-jeune-senegalais-accuse-davoir-poignarde-a-mort-un-jeune-gambien\/","title":{"rendered":"VIDEO - Voici le jeune S\u00e9n\u00e9galais accus\u00e9 d'avoir poignard\u00e9 \u00e0 mort un jeune gambien"},"content":{"rendered":"<p><strong>NETTALI.COM - Ce jeune homme est un S\u00e9n\u00e9galais vivant en Gambie. Il est accus\u00e9 d\u2019avoir tu\u00e9 un jeune Gambien qui l\u2019aurait surpris en train de voler dans la maison d\u2019un expatri\u00e9. Arr\u00eat\u00e9 par les forces de s\u00e9curit\u00e9, les populations de la localit\u00e9, noires de col\u00e8re, se sont attaqu\u00e9es au commissariat o\u00f9 il \u00e9tait gard\u00e9, n\u00e9cessitant ainsi son transf\u00e8rement vers un autre poste de police plus s\u00e9curis\u00e9. Des heurts s\u2019en sont suivis. Des commerce et autres biens de S\u00e9n\u00e9galais ont \u00e9t\u00e9 incendi\u00e9s en guise de repr\u00e9sailles.<\/strong><\/p>\n<p><iframe loading=\"lazy\" src=\"https:\/\/www.youtube.com\/embed\/sYhChvkgr7s\" width=\"560\" height=\"315\" frameborder=\"0\" allowfullscreen=\"allowfullscreen\"><\/iframe><\/p>\n<div class='share-to-whatsapp-wrapper'><div class='share-on-whsp'>PARTAGER SUR : <\/div><a data-text='VIDEO - Voici le jeune S\u00e9n\u00e9galais accus\u00e9 d'avoir poignard\u00e9 \u00e0 mort un jeune gambien' data-link='https:\/\/www.nettali.com\/2021\/03\/16\/video-voici-le-jeune-senegalais-accuse-davoir-poignarde-a-mort-un-jeune-gambien\/' class='whatsapp-button whatsapp-share'>WhatsApp<\/a><div class='clear '><\/div><\/div>","protected":false},"excerpt":{"rendered":"<p>NETTALI.COM - Ce jeune homme est un S\u00e9n\u00e9galais vivant en Gambie. Il est accus\u00e9 d\u2019avoir tu\u00e9 un jeune Gambien qui l\u2019aurait surpris en train de voler dans la maison d\u2019un expatri\u00e9. Arr\u00eat\u00e9 par les forces de s\u00e9curit\u00e9, les populations de la localit\u00e9, noires de col\u00e8re, se sont attaqu\u00e9es au commissariat o\u00f9 il \u00e9tait gard\u00e9, n\u00e9cessitant [&hellip;]<\/p>\n","protected":false},"author":1,"featured_media":59988,"comment_status":"open","ping_status":"open","sticky":false,"template":"","format":"standard","meta":{"_et_pb_use_builder":"","_et_pb_old_content":""},"categories":[3878,3],"tags":[],"yoast_head":"<!-- This site is optimized with the Yoast SEO Premium plugin v17.8 (Yoast SEO v17.8) - https:\/\/yoast.com\/wordpress\/plugins\/seo\/ -->\n<title>VIDEO - Voici le jeune S\u00e9n\u00e9galais accus\u00e9 d&#039;avoir poignard\u00e9 \u00e0 mort un jeune gambien | Nettali.com<\/title>\n<meta name=\"robots\" content=\"index, follow, max-snippet:-1, max-image-preview:large, max-video-preview:-1\" \/>\n<link rel=\"canonical\" href=\"https:\/\/www.nettali.com\/2021\/03\/16\/video-voici-le-jeune-senegalais-accuse-davoir-poignarde-a-mort-un-jeune-gambien\/\" \/>\n<meta property=\"og:locale\" content=\"fr_FR\" \/>\n<meta property=\"og:type\" content=\"article\" \/>\n<meta property=\"og:title\" content=\"VIDEO - Voici le jeune S\u00e9n\u00e9galais accus\u00e9 d&#039;avoir poignard\u00e9 \u00e0 mort un jeune gambien\" \/>\n<meta property=\"og:description\" content=\"NETTALI.COM - Ce jeune homme est un S\u00e9n\u00e9galais vivant en Gambie. Il est accus\u00e9 d\u2019avoir tu\u00e9 un jeune Gambien qui l\u2019aurait surpris en train de voler dans la maison d\u2019un expatri\u00e9. Arr\u00eat\u00e9 par les forces de s\u00e9curit\u00e9, les populations de la localit\u00e9, noires de col\u00e8re, se sont attaqu\u00e9es au commissariat o\u00f9 il \u00e9tait gard\u00e9, n\u00e9cessitant [&hellip;]\" \/>\n<meta property=\"og:url\" content=\"https:\/\/www.nettali.com\/2021\/03\/16\/video-voici-le-jeune-senegalais-accuse-davoir-poignarde-a-mort-un-jeune-gambien\/\" \/>\n<meta property=\"og:site_name\" content=\"Nettali.com\" \/>\n<meta property=\"article:publisher\" content=\"https:\/\/www.facebook.com\/nettalicom\" \/>\n<meta property=\"article:published_time\" content=\"2021-03-16T12:02:21+00:00\" \/>\n<meta property=\"article:modified_time\" content=\"2021-03-16T20:01:33+00:00\" \/>\n<meta property=\"og:image\" content=\"https:\/\/www.nettali.com\/wp-content\/uploads\/2021\/03\/Capture-d\u2019e\u0301cran-2021-03-16-a\u0300-13.00.37.jpg\" \/>\n\t<meta property=\"og:image:width\" content=\"1232\" \/>\n\t<meta property=\"og:image:height\" content=\"700\" \/>\n<meta name=\"twitter:card\" content=\"summary_large_image\" \/>\n<meta name=\"twitter:label1\" content=\"\u00c9crit par\" \/>\n\t<meta name=\"twitter:data1\" content=\"admin\" \/>\n\t<meta name=\"twitter:label2\" content=\"Dur\u00e9e de lecture estim\u00e9e\" \/>\n\t<meta name=\"twitter:data2\" content=\"1 minute\" \/>\n<script type=\"application\/ld+json\" class=\"yoast-schema-graph\">{\"@context\":\"https:\/\/schema.org\",\"@graph\":[{\"@type\":\"WebSite\",\"@id\":\"https:\/\/www.nettali.com\/#website\",\"url\":\"https:\/\/www.nettali.com\/\",\"name\":\"Nettali.com\",\"description\":\"Le rendez-vous critique du Net\",\"potentialAction\":[{\"@type\":\"SearchAction\",\"target\":{\"@type\":\"EntryPoint\",\"urlTemplate\":\"https:\/\/www.nettali.com\/?s={search_term_string}\"},\"query-input\":\"required name=search_term_string\"}],\"inLanguage\":\"fr-FR\"},{\"@type\":\"ImageObject\",\"@id\":\"https:\/\/www.nettali.com\/2021\/03\/16\/video-voici-le-jeune-senegalais-accuse-davoir-poignarde-a-mort-un-jeune-gambien\/#primaryimage\",\"inLanguage\":\"fr-FR\",\"url\":\"https:\/\/www.nettali.com\/wp-content\/uploads\/2021\/03\/Capture-d\\u2019e\\u0301cran-2021-03-16-a\\u0300-13.00.37.jpg\",\"contentUrl\":\"https:\/\/www.nettali.com\/wp-content\/uploads\/2021\/03\/Capture-d\\u2019e\\u0301cran-2021-03-16-a\\u0300-13.00.37.jpg\",\"width\":1232,\"height\":700},{\"@type\":\"WebPage\",\"@id\":\"https:\/\/www.nettali.com\/2021\/03\/16\/video-voici-le-jeune-senegalais-accuse-davoir-poignarde-a-mort-un-jeune-gambien\/#webpage\",\"url\":\"https:\/\/www.nettali.com\/2021\/03\/16\/video-voici-le-jeune-senegalais-accuse-davoir-poignarde-a-mort-un-jeune-gambien\/\",\"name\":\"VIDEO - Voici le jeune S\\u00e9n\\u00e9galais accus\\u00e9 d'avoir poignard\\u00e9 \\u00e0 mort un jeune gambien | Nettali.com\",\"isPartOf\":{\"@id\":\"https:\/\/www.nettali.com\/#website\"},\"primaryImageOfPage\":{\"@id\":\"https:\/\/www.nettali.com\/2021\/03\/16\/video-voici-le-jeune-senegalais-accuse-davoir-poignarde-a-mort-un-jeune-gambien\/#primaryimage\"},\"datePublished\":\"2021-03-16T12:02:21+00:00\",\"dateModified\":\"2021-03-16T20:01:33+00:00\",\"author\":{\"@id\":\"https:\/\/www.nettali.com\/#\/schema\/person\/b55afd6240f41be6e738915574d89224\"},\"breadcrumb\":{\"@id\":\"https:\/\/www.nettali.com\/2021\/03\/16\/video-voici-le-jeune-senegalais-accuse-davoir-poignarde-a-mort-un-jeune-gambien\/#breadcrumb\"},\"inLanguage\":\"fr-FR\",\"potentialAction\":[{\"@type\":\"ReadAction\",\"target\":[\"https:\/\/www.nettali.com\/2021\/03\/16\/video-voici-le-jeune-senegalais-accuse-davoir-poignarde-a-mort-un-jeune-gambien\/\"]}]},{\"@type\":\"BreadcrumbList\",\"@id\":\"https:\/\/www.nettali.com\/2021\/03\/16\/video-voici-le-jeune-senegalais-accuse-davoir-poignarde-a-mort-un-jeune-gambien\/#breadcrumb\",\"itemListElement\":[{\"@type\":\"ListItem\",\"position\":1,\"name\":\"Accueil\",\"item\":\"https:\/\/www.nettali.com\/\"},{\"@type\":\"ListItem\",\"position\":2,\"name\":\"VIDEO &#8211; Voici le jeune S\\u00e9n\\u00e9galais accus\\u00e9 d&rsquo;avoir poignard\\u00e9 \\u00e0 mort un jeune gambien\"}]},{\"@type\":\"Person\",\"@id\":\"https:\/\/www.nettali.com\/#\/schema\/person\/b55afd6240f41be6e738915574d89224\",\"name\":\"admin\",\"image\":{\"@type\":\"ImageObject\",\"@id\":\"https:\/\/www.nettali.com\/#personlogo\",\"inLanguage\":\"fr-FR\",\"url\":\"https:\/\/secure.gravatar.com\/avatar\/b5621150edb4e4deb0c6a17df4f9eefe?s=96&d=mm&r=g\",\"contentUrl\":\"https:\/\/secure.gravatar.com\/avatar\/b5621150edb4e4deb0c6a17df4f9eefe?s=96&d=mm&r=g\",\"caption\":\"admin\"}}]}<\/script>\n<!-- \/ Yoast SEO Premium plugin. -->","yoast_head_json":{"title":"VIDEO - Voici le jeune S\u00e9n\u00e9galais accus\u00e9 d'avoir poignard\u00e9 \u00e0 mort un jeune gambien | Nettali.com","robots":{"index":"index","follow":"follow","max-snippet":"max-snippet:-1","max-image-preview":"max-image-preview:large","max-video-preview":"max-video-preview:-1"},"canonical":"https:\/\/www.nettali.com\/2021\/03\/16\/video-voici-le-jeune-senegalais-accuse-davoir-poignarde-a-mort-un-jeune-gambien\/","og_locale":"fr_FR","og_type":"article","og_title":"VIDEO - Voici le jeune S\u00e9n\u00e9galais accus\u00e9 d'avoir poignard\u00e9 \u00e0 mort un jeune gambien","og_description":"NETTALI.COM - Ce jeune homme est un S\u00e9n\u00e9galais vivant en Gambie. Il est accus\u00e9 d\u2019avoir tu\u00e9 un jeune Gambien qui l\u2019aurait surpris en train de voler dans la maison d\u2019un expatri\u00e9. Arr\u00eat\u00e9 par les forces de s\u00e9curit\u00e9, les populations de la localit\u00e9, noires de col\u00e8re, se sont attaqu\u00e9es au commissariat o\u00f9 il \u00e9tait gard\u00e9, n\u00e9cessitant [&hellip;]","og_url":"https:\/\/www.nettali.com\/2021\/03\/16\/video-voici-le-jeune-senegalais-accuse-davoir-poignarde-a-mort-un-jeune-gambien\/","og_site_name":"Nettali.com","article_publisher":"https:\/\/www.facebook.com\/nettalicom","article_published_time":"2021-03-16T12:02:21+00:00","article_modified_time":"2021-03-16T20:01:33+00:00","og_image":[{"width":1232,"height":700,"url":"https:\/\/www.nettali.com\/wp-content\/uploads\/2021\/03\/Capture-d\u2019e\u0301cran-2021-03-16-a\u0300-13.00.37.jpg","type":"image\/jpeg"}],"twitter_card":"summary_large_image","twitter_misc":{"\u00c9crit par":"admin","Dur\u00e9e de lecture estim\u00e9e":"1 minute"},"schema":{"@context":"https:\/\/schema.org","@graph":[{"@type":"WebSite","@id":"https:\/\/www.nettali.com\/#website","url":"https:\/\/www.nettali.com\/","name":"Nettali.com","description":"Le rendez-vous critique du Net","potentialAction":[{"@type":"SearchAction","target":{"@type":"EntryPoint","urlTemplate":"https:\/\/www.nettali.com\/?s={search_term_string}"},"query-input":"required name=search_term_string"}],"inLanguage":"fr-FR"},{"@type":"ImageObject","@id":"https:\/\/www.nettali.com\/2021\/03\/16\/video-voici-le-jeune-senegalais-accuse-davoir-poignarde-a-mort-un-jeune-gambien\/#primaryimage","inLanguage":"fr-FR","url":"https:\/\/www.nettali.com\/wp-content\/uploads\/2021\/03\/Capture-d\u2019e\u0301cran-2021-03-16-a\u0300-13.00.37.jpg","contentUrl":"https:\/\/www.nettali.com\/wp-content\/uploads\/2021\/03\/Capture-d\u2019e\u0301cran-2021-03-16-a\u0300-13.00.37.jpg","width":1232,"height":700},{"@type":"WebPage","@id":"https:\/\/www.nettali.com\/2021\/03\/16\/video-voici-le-jeune-senegalais-accuse-davoir-poignarde-a-mort-un-jeune-gambien\/#webpage","url":"https:\/\/www.nettali.com\/2021\/03\/16\/video-voici-le-jeune-senegalais-accuse-davoir-poignarde-a-mort-un-jeune-gambien\/","name":"VIDEO - Voici le jeune S\u00e9n\u00e9galais accus\u00e9 d'avoir poignard\u00e9 \u00e0 mort un jeune gambien | Nettali.com","isPartOf":{"@id":"https:\/\/www.nettali.com\/#website"},"primaryImageOfPage":{"@id":"https:\/\/www.nettali.com\/2021\/03\/16\/video-voici-le-jeune-senegalais-accuse-davoir-poignarde-a-mort-un-jeune-gambien\/#primaryimage"},"datePublished":"2021-03-16T12:02:21+00:00","dateModified":"2021-03-16T20:01:33+00:00","author":{"@id":"https:\/\/www.nettali.com\/#\/schema\/person\/b55afd6240f41be6e738915574d89224"},"breadcrumb":{"@id":"https:\/\/www.nettali.com\/2021\/03\/16\/video-voici-le-jeune-senegalais-accuse-davoir-poignarde-a-mort-un-jeune-gambien\/#breadcrumb"},"inLanguage":"fr-FR","potentialAction":[{"@type":"ReadAction","target":["https:\/\/www.nettali.com\/2021\/03\/16\/video-voici-le-jeune-senegalais-accuse-davoir-poignarde-a-mort-un-jeune-gambien\/"]}]},{"@type":"BreadcrumbList","@id":"https:\/\/www.nettali.com\/2021\/03\/16\/video-voici-le-jeune-senegalais-accuse-davoir-poignarde-a-mort-un-jeune-gambien\/#breadcrumb","itemListElement":[{"@type":"ListItem","position":1,"name":"Accueil","item":"https:\/\/www.nettali.com\/"},{"@type":"ListItem","position":2,"name":"VIDEO &#8211; Voici le jeune S\u00e9n\u00e9galais accus\u00e9 d&rsquo;avoir poignard\u00e9 \u00e0 mort un jeune gambien"}]},{"@type":"Person","@id":"https:\/\/www.nettali.com\/#\/schema\/person\/b55afd6240f41be6e738915574d89224","name":"admin","image":{"@type":"ImageObject","@id":"https:\/\/www.nettali.com\/#personlogo","inLanguage":"fr-FR","url":"https:\/\/secure.gravatar.com\/avatar\/b5621150edb4e4deb0c6a17df4f9eefe?s=96&d=mm&r=g","contentUrl":"https:\/\/secure.gravatar.com\/avatar\/b5621150edb4e4deb0c6a17df4f9eefe?s=96&d=mm&r=g","caption":"admin"}}]}},"_links":{"self":[{"href":"https:\/\/www.nettali.com\/rest\/wp\/v2\/posts\/59986"}],"collection":[{"href":"https:\/\/www.nettali.com\/rest\/wp\/v2\/posts"}],"about":[{"href":"https:\/\/www.nettali.com\/rest\/wp\/v2\/types\/post"}],"author":[{"embeddable":true,"href":"https:\/\/www.nettali.com\/rest\/wp\/v2\/users\/1"}],"replies":[{"embeddable":true,"href":"https:\/\/www.nettali.com\/rest\/wp\/v2\/comments?post=59986"}],"version-history":[{"count":2,"href":"https:\/\/www.nettali.com\/rest\/wp\/v2\/posts\/59986\/revisions"}],"predecessor-version":[{"id":59999,"href":"https:\/\/www.nettali.com\/rest\/wp\/v2\/posts\/59986\/revisions\/59999"}],"wp:featuredmedia":[{"embeddable":true,"href":"https:\/\/www.nettali.com\/rest\/wp\/v2\/media\/59988"}],"wp:attachment":[{"href":"https:\/\/www.nettali.com\/rest\/wp\/v2\/media?parent=59986"}],"wp:term":[{"taxonomy":"category","embeddable":true,"href":"https:\/\/www.nettali.com\/rest\/wp\/v2\/categories?post=59986"},{"taxonomy":"post_tag","embeddable":true,"href":"https:\/\/www.nettali.com\/rest\/wp\/v2\/tags?post=59986"}],"curies":[{"name":"wp","href":"https:\/\/api.w.org\/{rel}","templated":true}]}}