{"id":59946,"date":"2021-03-15T16:35:23","date_gmt":"2021-03-15T16:35:23","guid":{"rendered":"https:\/\/www.nettali.com\/?p=59946"},"modified":"2021-03-15T18:18:13","modified_gmt":"2021-03-15T18:18:13","slug":"serigne-mountakha-fait-suspendre-la-greve-de-la-faim-de-guy-marius-sagna","status":"publish","type":"post","link":"https:\/\/www.nettali.com\/2021\/03\/15\/serigne-mountakha-fait-suspendre-la-greve-de-la-faim-de-guy-marius-sagna\/","title":{"rendered":"Serigne Mountakha fait suspendre la gr\u00e8ve de la faim de Guy Marius Sagna"},"content":{"rendered":"<p class=\"summary_label\"><strong>NETTALI.COM - Guy Marius Sagna a d\u00e9cid\u00e9 de sursoir \u00e0 la gr\u00e8ve de la faim qu\u2019il avait pr\u00e9vue d\u2019entamer ce lundi. Son avocat, Me Moussa Sarr, explique que c'est suite \u00e0 un \"ndigu\u00ebl\" du khalife g\u00e9n\u00e9ral des mourides, Serigne Mountakha Mback\u00e9.<\/strong><\/p>\n<div id=\"printable\" class=\"text_body\">\n<p><em>\u00abGuy Marius Sagna avait annonc\u00e9 une gr\u00e8ve de la faim pour la lib\u00e9ration de toutes les personnes qui ont \u00e9t\u00e9 arr\u00eat\u00e9es durant ces \u00e9v\u00e8nements. Mais, entretemps, \u00a0Serigne Mountakha a envoy\u00e9 une d\u00e9l\u00e9gation qui a discut\u00e9 avec les diff\u00e9rentes parties pour surseoir \u00e0 toutes manifestations. Guy Marius aussi s\u2019est appropri\u00e9 ce Ndigueul du Khalife g\u00e9n\u00e9ral des mourides\u00bb<\/em>, a expliqu\u00e9 Me moussa Sarr.<\/p>\n<p>Pour le transf\u00e8rement de l\u2019activiste du Cap Manuel \u00e0 la prison de S\u00e9bikotane, l\u2019avocat explique que c\u2019est une chose normale. Car, depuis le d\u00e9but de la pand\u00e9mie, les d\u00e9tenus, \u00e0 leur arriv\u00e9e, sont log\u00e9s au Cap manuel pour 15 jours avant d\u2019\u00eatre transf\u00e9r\u00e9s dans d\u2019autres prisons. \u00ab<em>C\u2019est pourquoi il est \u00e0 S\u00e9bikotane. Ce n'est pas une sanction\u00bb<\/em>, pr\u00e9cise-t-il.<\/p>\n<\/div>\n<div class='share-to-whatsapp-wrapper'><div class='share-on-whsp'>PARTAGER SUR : <\/div><a data-text='Serigne Mountakha fait suspendre la gr\u00e8ve de la faim de Guy Marius Sagna' data-link='https:\/\/www.nettali.com\/2021\/03\/15\/serigne-mountakha-fait-suspendre-la-greve-de-la-faim-de-guy-marius-sagna\/' class='whatsapp-button whatsapp-share'>WhatsApp<\/a><div class='clear '><\/div><\/div>","protected":false},"excerpt":{"rendered":"<p>NETTALI.COM - Guy Marius Sagna a d\u00e9cid\u00e9 de sursoir \u00e0 la gr\u00e8ve de la faim qu\u2019il avait pr\u00e9vue d\u2019entamer ce lundi. Son avocat, Me Moussa Sarr, explique que c'est suite \u00e0 un \"ndigu\u00ebl\" du khalife g\u00e9n\u00e9ral des mourides, Serigne Mountakha Mback\u00e9. \u00abGuy Marius Sagna avait annonc\u00e9 une gr\u00e8ve de la faim pour la lib\u00e9ration de [&hellip;]<\/p>\n","protected":false},"author":4,"featured_media":23568,"comment_status":"open","ping_status":"open","sticky":false,"template":"","format":"standard","meta":{"_et_pb_use_builder":"","_et_pb_old_content":""},"categories":[3],"tags":[],"yoast_head":"<!-- This site is optimized with the Yoast SEO Premium plugin v17.8 (Yoast SEO v17.8) - https:\/\/yoast.com\/wordpress\/plugins\/seo\/ -->\n<title>Serigne Mountakha fait suspendre la gr\u00e8ve de la faim de Guy Marius Sagna | Nettali.com<\/title>\n<meta name=\"robots\" content=\"index, follow, max-snippet:-1, max-image-preview:large, max-video-preview:-1\" \/>\n<link rel=\"canonical\" href=\"https:\/\/www.nettali.com\/2021\/03\/15\/serigne-mountakha-fait-suspendre-la-greve-de-la-faim-de-guy-marius-sagna\/\" \/>\n<meta property=\"og:locale\" content=\"fr_FR\" \/>\n<meta property=\"og:type\" content=\"article\" \/>\n<meta property=\"og:title\" content=\"Serigne Mountakha fait suspendre la gr\u00e8ve de la faim de Guy Marius Sagna\" \/>\n<meta property=\"og:description\" content=\"NETTALI.COM - Guy Marius Sagna a d\u00e9cid\u00e9 de sursoir \u00e0 la gr\u00e8ve de la faim qu\u2019il avait pr\u00e9vue d\u2019entamer ce lundi. Son avocat, Me Moussa Sarr, explique que c&#039;est suite \u00e0 un &quot;ndigu\u00ebl&quot; du khalife g\u00e9n\u00e9ral des mourides, Serigne Mountakha Mback\u00e9. \u00abGuy Marius Sagna avait annonc\u00e9 une gr\u00e8ve de la faim pour la lib\u00e9ration de [&hellip;]\" \/>\n<meta property=\"og:url\" content=\"https:\/\/www.nettali.com\/2021\/03\/15\/serigne-mountakha-fait-suspendre-la-greve-de-la-faim-de-guy-marius-sagna\/\" \/>\n<meta property=\"og:site_name\" content=\"Nettali.com\" \/>\n<meta property=\"article:publisher\" content=\"https:\/\/www.facebook.com\/nettalicom\" \/>\n<meta property=\"article:published_time\" content=\"2021-03-15T16:35:23+00:00\" \/>\n<meta property=\"article:modified_time\" content=\"2021-03-15T18:18:13+00:00\" \/>\n<meta property=\"og:image\" content=\"https:\/\/www.nettali.com\/wp-content\/uploads\/2019\/11\/Guy-Marius.jpeg\" \/>\n\t<meta property=\"og:image:width\" content=\"960\" \/>\n\t<meta property=\"og:image:height\" content=\"720\" \/>\n<meta name=\"twitter:card\" content=\"summary_large_image\" \/>\n<meta name=\"twitter:label1\" content=\"\u00c9crit par\" \/>\n\t<meta name=\"twitter:data1\" content=\"Daouda\" \/>\n\t<meta name=\"twitter:label2\" content=\"Dur\u00e9e de lecture estim\u00e9e\" \/>\n\t<meta name=\"twitter:data2\" content=\"1 minute\" \/>\n<script type=\"application\/ld+json\" class=\"yoast-schema-graph\">{\"@context\":\"https:\/\/schema.org\",\"@graph\":[{\"@type\":\"WebSite\",\"@id\":\"https:\/\/www.nettali.com\/#website\",\"url\":\"https:\/\/www.nettali.com\/\",\"name\":\"Nettali.com\",\"description\":\"Le rendez-vous critique du Net\",\"potentialAction\":[{\"@type\":\"SearchAction\",\"target\":{\"@type\":\"EntryPoint\",\"urlTemplate\":\"https:\/\/www.nettali.com\/?s={search_term_string}\"},\"query-input\":\"required name=search_term_string\"}],\"inLanguage\":\"fr-FR\"},{\"@type\":\"ImageObject\",\"@id\":\"https:\/\/www.nettali.com\/2021\/03\/15\/serigne-mountakha-fait-suspendre-la-greve-de-la-faim-de-guy-marius-sagna\/#primaryimage\",\"inLanguage\":\"fr-FR\",\"url\":\"https:\/\/www.nettali.com\/wp-content\/uploads\/2019\/11\/Guy-Marius.jpeg\",\"contentUrl\":\"https:\/\/www.nettali.com\/wp-content\/uploads\/2019\/11\/Guy-Marius.jpeg\",\"width\":960,\"height\":720},{\"@type\":\"WebPage\",\"@id\":\"https:\/\/www.nettali.com\/2021\/03\/15\/serigne-mountakha-fait-suspendre-la-greve-de-la-faim-de-guy-marius-sagna\/#webpage\",\"url\":\"https:\/\/www.nettali.com\/2021\/03\/15\/serigne-mountakha-fait-suspendre-la-greve-de-la-faim-de-guy-marius-sagna\/\",\"name\":\"Serigne Mountakha fait suspendre la gr\\u00e8ve de la faim de Guy Marius Sagna | Nettali.com\",\"isPartOf\":{\"@id\":\"https:\/\/www.nettali.com\/#website\"},\"primaryImageOfPage\":{\"@id\":\"https:\/\/www.nettali.com\/2021\/03\/15\/serigne-mountakha-fait-suspendre-la-greve-de-la-faim-de-guy-marius-sagna\/#primaryimage\"},\"datePublished\":\"2021-03-15T16:35:23+00:00\",\"dateModified\":\"2021-03-15T18:18:13+00:00\",\"author\":{\"@id\":\"https:\/\/www.nettali.com\/#\/schema\/person\/3317e0bb3aa1da309fbf7b2780901bf4\"},\"breadcrumb\":{\"@id\":\"https:\/\/www.nettali.com\/2021\/03\/15\/serigne-mountakha-fait-suspendre-la-greve-de-la-faim-de-guy-marius-sagna\/#breadcrumb\"},\"inLanguage\":\"fr-FR\",\"potentialAction\":[{\"@type\":\"ReadAction\",\"target\":[\"https:\/\/www.nettali.com\/2021\/03\/15\/serigne-mountakha-fait-suspendre-la-greve-de-la-faim-de-guy-marius-sagna\/\"]}]},{\"@type\":\"BreadcrumbList\",\"@id\":\"https:\/\/www.nettali.com\/2021\/03\/15\/serigne-mountakha-fait-suspendre-la-greve-de-la-faim-de-guy-marius-sagna\/#breadcrumb\",\"itemListElement\":[{\"@type\":\"ListItem\",\"position\":1,\"name\":\"Accueil\",\"item\":\"https:\/\/www.nettali.com\/\"},{\"@type\":\"ListItem\",\"position\":2,\"name\":\"Serigne Mountakha fait suspendre la gr\\u00e8ve de la faim de Guy Marius Sagna\"}]},{\"@type\":\"Person\",\"@id\":\"https:\/\/www.nettali.com\/#\/schema\/person\/3317e0bb3aa1da309fbf7b2780901bf4\",\"name\":\"Daouda\",\"image\":{\"@type\":\"ImageObject\",\"@id\":\"https:\/\/www.nettali.com\/#personlogo\",\"inLanguage\":\"fr-FR\",\"url\":\"https:\/\/secure.gravatar.com\/avatar\/8d143b5a49345098ddcfee1c49c2f47c?s=96&d=mm&r=g\",\"contentUrl\":\"https:\/\/secure.gravatar.com\/avatar\/8d143b5a49345098ddcfee1c49c2f47c?s=96&d=mm&r=g\",\"caption\":\"Daouda\"},\"sameAs\":[\"https:\/\/www.nettali.com\"]}]}<\/script>\n<!-- \/ Yoast SEO Premium plugin. -->","yoast_head_json":{"title":"Serigne Mountakha fait suspendre la gr\u00e8ve de la faim de Guy Marius Sagna | Nettali.com","robots":{"index":"index","follow":"follow","max-snippet":"max-snippet:-1","max-image-preview":"max-image-preview:large","max-video-preview":"max-video-preview:-1"},"canonical":"https:\/\/www.nettali.com\/2021\/03\/15\/serigne-mountakha-fait-suspendre-la-greve-de-la-faim-de-guy-marius-sagna\/","og_locale":"fr_FR","og_type":"article","og_title":"Serigne Mountakha fait suspendre la gr\u00e8ve de la faim de Guy Marius Sagna","og_description":"NETTALI.COM - Guy Marius Sagna a d\u00e9cid\u00e9 de sursoir \u00e0 la gr\u00e8ve de la faim qu\u2019il avait pr\u00e9vue d\u2019entamer ce lundi. Son avocat, Me Moussa Sarr, explique que c'est suite \u00e0 un \"ndigu\u00ebl\" du khalife g\u00e9n\u00e9ral des mourides, Serigne Mountakha Mback\u00e9. \u00abGuy Marius Sagna avait annonc\u00e9 une gr\u00e8ve de la faim pour la lib\u00e9ration de [&hellip;]","og_url":"https:\/\/www.nettali.com\/2021\/03\/15\/serigne-mountakha-fait-suspendre-la-greve-de-la-faim-de-guy-marius-sagna\/","og_site_name":"Nettali.com","article_publisher":"https:\/\/www.facebook.com\/nettalicom","article_published_time":"2021-03-15T16:35:23+00:00","article_modified_time":"2021-03-15T18:18:13+00:00","og_image":[{"width":960,"height":720,"url":"https:\/\/www.nettali.com\/wp-content\/uploads\/2019\/11\/Guy-Marius.jpeg","type":"image\/jpeg"}],"twitter_card":"summary_large_image","twitter_misc":{"\u00c9crit par":"Daouda","Dur\u00e9e de lecture estim\u00e9e":"1 minute"},"schema":{"@context":"https:\/\/schema.org","@graph":[{"@type":"WebSite","@id":"https:\/\/www.nettali.com\/#website","url":"https:\/\/www.nettali.com\/","name":"Nettali.com","description":"Le rendez-vous critique du Net","potentialAction":[{"@type":"SearchAction","target":{"@type":"EntryPoint","urlTemplate":"https:\/\/www.nettali.com\/?s={search_term_string}"},"query-input":"required name=search_term_string"}],"inLanguage":"fr-FR"},{"@type":"ImageObject","@id":"https:\/\/www.nettali.com\/2021\/03\/15\/serigne-mountakha-fait-suspendre-la-greve-de-la-faim-de-guy-marius-sagna\/#primaryimage","inLanguage":"fr-FR","url":"https:\/\/www.nettali.com\/wp-content\/uploads\/2019\/11\/Guy-Marius.jpeg","contentUrl":"https:\/\/www.nettali.com\/wp-content\/uploads\/2019\/11\/Guy-Marius.jpeg","width":960,"height":720},{"@type":"WebPage","@id":"https:\/\/www.nettali.com\/2021\/03\/15\/serigne-mountakha-fait-suspendre-la-greve-de-la-faim-de-guy-marius-sagna\/#webpage","url":"https:\/\/www.nettali.com\/2021\/03\/15\/serigne-mountakha-fait-suspendre-la-greve-de-la-faim-de-guy-marius-sagna\/","name":"Serigne Mountakha fait suspendre la gr\u00e8ve de la faim de Guy Marius Sagna | Nettali.com","isPartOf":{"@id":"https:\/\/www.nettali.com\/#website"},"primaryImageOfPage":{"@id":"https:\/\/www.nettali.com\/2021\/03\/15\/serigne-mountakha-fait-suspendre-la-greve-de-la-faim-de-guy-marius-sagna\/#primaryimage"},"datePublished":"2021-03-15T16:35:23+00:00","dateModified":"2021-03-15T18:18:13+00:00","author":{"@id":"https:\/\/www.nettali.com\/#\/schema\/person\/3317e0bb3aa1da309fbf7b2780901bf4"},"breadcrumb":{"@id":"https:\/\/www.nettali.com\/2021\/03\/15\/serigne-mountakha-fait-suspendre-la-greve-de-la-faim-de-guy-marius-sagna\/#breadcrumb"},"inLanguage":"fr-FR","potentialAction":[{"@type":"ReadAction","target":["https:\/\/www.nettali.com\/2021\/03\/15\/serigne-mountakha-fait-suspendre-la-greve-de-la-faim-de-guy-marius-sagna\/"]}]},{"@type":"BreadcrumbList","@id":"https:\/\/www.nettali.com\/2021\/03\/15\/serigne-mountakha-fait-suspendre-la-greve-de-la-faim-de-guy-marius-sagna\/#breadcrumb","itemListElement":[{"@type":"ListItem","position":1,"name":"Accueil","item":"https:\/\/www.nettali.com\/"},{"@type":"ListItem","position":2,"name":"Serigne Mountakha fait suspendre la gr\u00e8ve de la faim de Guy Marius Sagna"}]},{"@type":"Person","@id":"https:\/\/www.nettali.com\/#\/schema\/person\/3317e0bb3aa1da309fbf7b2780901bf4","name":"Daouda","image":{"@type":"ImageObject","@id":"https:\/\/www.nettali.com\/#personlogo","inLanguage":"fr-FR","url":"https:\/\/secure.gravatar.com\/avatar\/8d143b5a49345098ddcfee1c49c2f47c?s=96&d=mm&r=g","contentUrl":"https:\/\/secure.gravatar.com\/avatar\/8d143b5a49345098ddcfee1c49c2f47c?s=96&d=mm&r=g","caption":"Daouda"},"sameAs":["https:\/\/www.nettali.com"]}]}},"_links":{"self":[{"href":"https:\/\/www.nettali.com\/rest\/wp\/v2\/posts\/59946"}],"collection":[{"href":"https:\/\/www.nettali.com\/rest\/wp\/v2\/posts"}],"about":[{"href":"https:\/\/www.nettali.com\/rest\/wp\/v2\/types\/post"}],"author":[{"embeddable":true,"href":"https:\/\/www.nettali.com\/rest\/wp\/v2\/users\/4"}],"replies":[{"embeddable":true,"href":"https:\/\/www.nettali.com\/rest\/wp\/v2\/comments?post=59946"}],"version-history":[{"count":1,"href":"https:\/\/www.nettali.com\/rest\/wp\/v2\/posts\/59946\/revisions"}],"predecessor-version":[{"id":59947,"href":"https:\/\/www.nettali.com\/rest\/wp\/v2\/posts\/59946\/revisions\/59947"}],"wp:featuredmedia":[{"embeddable":true,"href":"https:\/\/www.nettali.com\/rest\/wp\/v2\/media\/23568"}],"wp:attachment":[{"href":"https:\/\/www.nettali.com\/rest\/wp\/v2\/media?parent=59946"}],"wp:term":[{"taxonomy":"category","embeddable":true,"href":"https:\/\/www.nettali.com\/rest\/wp\/v2\/categories?post=59946"},{"taxonomy":"post_tag","embeddable":true,"href":"https:\/\/www.nettali.com\/rest\/wp\/v2\/tags?post=59946"}],"curies":[{"name":"wp","href":"https:\/\/api.w.org\/{rel}","templated":true}]}}