{"id":59937,"date":"2021-03-15T13:27:50","date_gmt":"2021-03-15T13:27:50","guid":{"rendered":"https:\/\/www.nettali.com\/?p=59937"},"modified":"2021-03-15T13:27:50","modified_gmt":"2021-03-15T13:27:50","slug":"rdc-au-moins-douze-personnes-tuees-par-des-islamistes-presumes","status":"publish","type":"post","link":"https:\/\/www.nettali.com\/2021\/03\/15\/rdc-au-moins-douze-personnes-tuees-par-des-islamistes-presumes\/","title":{"rendered":"RDC - Au moins douze personnes tu\u00e9es par des islamistes pr\u00e9sum\u00e9s"},"content":{"rendered":"<p>NETTALI.COM - \u00a0Des assaillants ont tu\u00e9 au moins une douzaine de villageois lors d'un raid nocturne dans un village de l'est de la R\u00e9publique d\u00e9mocratique du Congo (RDC), ont d\u00e9clar\u00e9 lundi un t\u00e9moin et deux groupes de d\u00e9fense des droits civiques, accusant les Forces d\u00e9mocratiques alli\u00e9es (FDA).<\/p>\n<p>La milice islamiste ougandaise, pr\u00e9sente dans l'est de la RDC depuis les ann\u00e9es 1990, est jug\u00e9e responsable de dizaines d'attaques brutales contre des civils en repr\u00e9sailles des op\u00e9rations men\u00e9es par l'arm\u00e9e depuis la fin de l'ann\u00e9e 2019.<\/p>\n<p>Des hommes arm\u00e9s, entre autres, de couteaux ont attaqu\u00e9 dimanche soir le village de Bulongo, \u00e0 environ 30 kilom\u00e8tres \u00e0 l'est de Beni, ont indiqu\u00e9 les sources.<\/p>\n<p>\"Il y a 12 corps gisant sur le sol\", a affirm\u00e9 Mambo Kitambal, chef d'un groupe repr\u00e9sentatif de la soci\u00e9t\u00e9 civile de la commune.<\/p>\n<p>\"Nous craignons que ce bilan augmente, d'autant plus que l'ennemi a op\u00e9r\u00e9 pendant plusieurs heures. Les victimes ont \u00e9t\u00e9 ex\u00e9cut\u00e9es avec des pioches et des machettes\", a-t-il ajout\u00e9.<\/p>\n<p>Mercredi, les \u00c9tats-Unis ont qualifi\u00e9 la FDA d'organisation terroriste \u00e9trang\u00e8re, l'accusant d'entretenir des relations avec l'\u00c9tat islamique (EI), m\u00eame si les experts des Nations Unies (ONU) n'ont pu apport\u00e9 aucune preuve d'un lien direct entre les deux organisations.<\/p>\n<p>D'apr\u00e8s les chiffres fournis par l'ONU, la milice ougandaise a tu\u00e9 environ 850 personnes l'an dernier.<\/p>\n<p>\"Ici, sous la pluie, ils ont sauvagement tu\u00e9 nos fr\u00e8res et nos soeurs avec des couteaux et des pioches\", a d\u00e9clar\u00e9 Paul Sakata, un r\u00e9sident de Bulongo.<\/p>\n<p>\"Nous regrettons que l'arm\u00e9e n'ait pas r\u00e9pondu (\u00e0 l'attaque) hier soir\", a-t-il soulign\u00e9, ajoutant que cela renfor\u00e7ait les craintes des habitants de cette partie du pays qui commen\u00e7aient \u00e0 esp\u00e9rer la paix.<\/p>\n<p>Les fronti\u00e8res orientales de la R\u00e9publique d\u00e9mocratique du Congo avec l'Ouganda, le Rwanda et le Burundi abritent environ 120 milices diff\u00e9rentes, dont beaucoup sont les vestiges des diff\u00e9rentes guerres civiles qui ont agit\u00e9 le pays et qui ont officiellement pris fin en 2003.<\/p>\n<p>(avec Reuters)<\/p>\n<div class='share-to-whatsapp-wrapper'><div class='share-on-whsp'>PARTAGER SUR : <\/div><a data-text='RDC - Au moins douze personnes tu\u00e9es par des islamistes pr\u00e9sum\u00e9s' data-link='https:\/\/www.nettali.com\/2021\/03\/15\/rdc-au-moins-douze-personnes-tuees-par-des-islamistes-presumes\/' class='whatsapp-button whatsapp-share'>WhatsApp<\/a><div class='clear '><\/div><\/div>","protected":false},"excerpt":{"rendered":"<p>NETTALI.COM - \u00a0Des assaillants ont tu\u00e9 au moins une douzaine de villageois lors d'un raid nocturne dans un village de l'est de la R\u00e9publique d\u00e9mocratique du Congo (RDC), ont d\u00e9clar\u00e9 lundi un t\u00e9moin et deux groupes de d\u00e9fense des droits civiques, accusant les Forces d\u00e9mocratiques alli\u00e9es (FDA). La milice islamiste ougandaise, pr\u00e9sente dans l'est de [&hellip;]<\/p>\n","protected":false},"author":11,"featured_media":59938,"comment_status":"open","ping_status":"open","sticky":false,"template":"","format":"standard","meta":{"_et_pb_use_builder":"","_et_pb_old_content":""},"categories":[8],"tags":[],"yoast_head":"<!-- This site is optimized with the Yoast SEO Premium plugin v17.8 (Yoast SEO v17.8) - https:\/\/yoast.com\/wordpress\/plugins\/seo\/ -->\n<title>RDC - Au moins douze personnes tu\u00e9es par des islamistes pr\u00e9sum\u00e9s | Nettali.com<\/title>\n<meta name=\"robots\" content=\"index, follow, max-snippet:-1, max-image-preview:large, max-video-preview:-1\" \/>\n<link rel=\"canonical\" href=\"https:\/\/www.nettali.com\/2021\/03\/15\/rdc-au-moins-douze-personnes-tuees-par-des-islamistes-presumes\/\" \/>\n<meta property=\"og:locale\" content=\"fr_FR\" \/>\n<meta property=\"og:type\" content=\"article\" \/>\n<meta property=\"og:title\" content=\"RDC - Au moins douze personnes tu\u00e9es par des islamistes pr\u00e9sum\u00e9s\" \/>\n<meta property=\"og:description\" content=\"NETTALI.COM - \u00a0Des assaillants ont tu\u00e9 au moins une douzaine de villageois lors d&#039;un raid nocturne dans un village de l&#039;est de la R\u00e9publique d\u00e9mocratique du Congo (RDC), ont d\u00e9clar\u00e9 lundi un t\u00e9moin et deux groupes de d\u00e9fense des droits civiques, accusant les Forces d\u00e9mocratiques alli\u00e9es (FDA). La milice islamiste ougandaise, pr\u00e9sente dans l&#039;est de [&hellip;]\" \/>\n<meta property=\"og:url\" content=\"https:\/\/www.nettali.com\/2021\/03\/15\/rdc-au-moins-douze-personnes-tuees-par-des-islamistes-presumes\/\" \/>\n<meta property=\"og:site_name\" content=\"Nettali.com\" \/>\n<meta property=\"article:publisher\" content=\"https:\/\/www.facebook.com\/nettalicom\" \/>\n<meta property=\"article:published_time\" content=\"2021-03-15T13:27:50+00:00\" \/>\n<meta property=\"og:image\" content=\"https:\/\/www.nettali.com\/wp-content\/uploads\/2021\/03\/deq.jpg\" \/>\n\t<meta property=\"og:image:width\" content=\"299\" \/>\n\t<meta property=\"og:image:height\" content=\"168\" \/>\n<meta name=\"twitter:card\" content=\"summary_large_image\" \/>\n<meta name=\"twitter:label1\" content=\"\u00c9crit par\" \/>\n\t<meta name=\"twitter:data1\" content=\"Thierno Diop\" \/>\n\t<meta name=\"twitter:label2\" content=\"Dur\u00e9e de lecture estim\u00e9e\" \/>\n\t<meta name=\"twitter:data2\" content=\"2 minutes\" \/>\n<script type=\"application\/ld+json\" class=\"yoast-schema-graph\">{\"@context\":\"https:\/\/schema.org\",\"@graph\":[{\"@type\":\"WebSite\",\"@id\":\"https:\/\/www.nettali.com\/#website\",\"url\":\"https:\/\/www.nettali.com\/\",\"name\":\"Nettali.com\",\"description\":\"Le rendez-vous critique du Net\",\"potentialAction\":[{\"@type\":\"SearchAction\",\"target\":{\"@type\":\"EntryPoint\",\"urlTemplate\":\"https:\/\/www.nettali.com\/?s={search_term_string}\"},\"query-input\":\"required name=search_term_string\"}],\"inLanguage\":\"fr-FR\"},{\"@type\":\"ImageObject\",\"@id\":\"https:\/\/www.nettali.com\/2021\/03\/15\/rdc-au-moins-douze-personnes-tuees-par-des-islamistes-presumes\/#primaryimage\",\"inLanguage\":\"fr-FR\",\"url\":\"https:\/\/www.nettali.com\/wp-content\/uploads\/2021\/03\/deq.jpg\",\"contentUrl\":\"https:\/\/www.nettali.com\/wp-content\/uploads\/2021\/03\/deq.jpg\",\"width\":299,\"height\":168},{\"@type\":\"WebPage\",\"@id\":\"https:\/\/www.nettali.com\/2021\/03\/15\/rdc-au-moins-douze-personnes-tuees-par-des-islamistes-presumes\/#webpage\",\"url\":\"https:\/\/www.nettali.com\/2021\/03\/15\/rdc-au-moins-douze-personnes-tuees-par-des-islamistes-presumes\/\",\"name\":\"RDC - Au moins douze personnes tu\\u00e9es par des islamistes pr\\u00e9sum\\u00e9s | Nettali.com\",\"isPartOf\":{\"@id\":\"https:\/\/www.nettali.com\/#website\"},\"primaryImageOfPage\":{\"@id\":\"https:\/\/www.nettali.com\/2021\/03\/15\/rdc-au-moins-douze-personnes-tuees-par-des-islamistes-presumes\/#primaryimage\"},\"datePublished\":\"2021-03-15T13:27:50+00:00\",\"dateModified\":\"2021-03-15T13:27:50+00:00\",\"author\":{\"@id\":\"https:\/\/www.nettali.com\/#\/schema\/person\/8a06c6bd7b19304cf4bf985862900b5b\"},\"breadcrumb\":{\"@id\":\"https:\/\/www.nettali.com\/2021\/03\/15\/rdc-au-moins-douze-personnes-tuees-par-des-islamistes-presumes\/#breadcrumb\"},\"inLanguage\":\"fr-FR\",\"potentialAction\":[{\"@type\":\"ReadAction\",\"target\":[\"https:\/\/www.nettali.com\/2021\/03\/15\/rdc-au-moins-douze-personnes-tuees-par-des-islamistes-presumes\/\"]}]},{\"@type\":\"BreadcrumbList\",\"@id\":\"https:\/\/www.nettali.com\/2021\/03\/15\/rdc-au-moins-douze-personnes-tuees-par-des-islamistes-presumes\/#breadcrumb\",\"itemListElement\":[{\"@type\":\"ListItem\",\"position\":1,\"name\":\"Accueil\",\"item\":\"https:\/\/www.nettali.com\/\"},{\"@type\":\"ListItem\",\"position\":2,\"name\":\"RDC &#8211; Au moins douze personnes tu\\u00e9es par des islamistes pr\\u00e9sum\\u00e9s\"}]},{\"@type\":\"Person\",\"@id\":\"https:\/\/www.nettali.com\/#\/schema\/person\/8a06c6bd7b19304cf4bf985862900b5b\",\"name\":\"Thierno Diop\",\"image\":{\"@type\":\"ImageObject\",\"@id\":\"https:\/\/www.nettali.com\/#personlogo\",\"inLanguage\":\"fr-FR\",\"url\":\"https:\/\/secure.gravatar.com\/avatar\/c8ca58550c94fd2ac856d27391a6c866?s=96&d=mm&r=g\",\"contentUrl\":\"https:\/\/secure.gravatar.com\/avatar\/c8ca58550c94fd2ac856d27391a6c866?s=96&d=mm&r=g\",\"caption\":\"Thierno Diop\"},\"sameAs\":[\"https:\/\/nettali.com\"]}]}<\/script>\n<!-- \/ Yoast SEO Premium plugin. -->","yoast_head_json":{"title":"RDC - Au moins douze personnes tu\u00e9es par des islamistes pr\u00e9sum\u00e9s | Nettali.com","robots":{"index":"index","follow":"follow","max-snippet":"max-snippet:-1","max-image-preview":"max-image-preview:large","max-video-preview":"max-video-preview:-1"},"canonical":"https:\/\/www.nettali.com\/2021\/03\/15\/rdc-au-moins-douze-personnes-tuees-par-des-islamistes-presumes\/","og_locale":"fr_FR","og_type":"article","og_title":"RDC - Au moins douze personnes tu\u00e9es par des islamistes pr\u00e9sum\u00e9s","og_description":"NETTALI.COM - \u00a0Des assaillants ont tu\u00e9 au moins une douzaine de villageois lors d'un raid nocturne dans un village de l'est de la R\u00e9publique d\u00e9mocratique du Congo (RDC), ont d\u00e9clar\u00e9 lundi un t\u00e9moin et deux groupes de d\u00e9fense des droits civiques, accusant les Forces d\u00e9mocratiques alli\u00e9es (FDA). La milice islamiste ougandaise, pr\u00e9sente dans l'est de [&hellip;]","og_url":"https:\/\/www.nettali.com\/2021\/03\/15\/rdc-au-moins-douze-personnes-tuees-par-des-islamistes-presumes\/","og_site_name":"Nettali.com","article_publisher":"https:\/\/www.facebook.com\/nettalicom","article_published_time":"2021-03-15T13:27:50+00:00","og_image":[{"width":299,"height":168,"url":"https:\/\/www.nettali.com\/wp-content\/uploads\/2021\/03\/deq.jpg","type":"image\/jpeg"}],"twitter_card":"summary_large_image","twitter_misc":{"\u00c9crit par":"Thierno Diop","Dur\u00e9e de lecture estim\u00e9e":"2 minutes"},"schema":{"@context":"https:\/\/schema.org","@graph":[{"@type":"WebSite","@id":"https:\/\/www.nettali.com\/#website","url":"https:\/\/www.nettali.com\/","name":"Nettali.com","description":"Le rendez-vous critique du Net","potentialAction":[{"@type":"SearchAction","target":{"@type":"EntryPoint","urlTemplate":"https:\/\/www.nettali.com\/?s={search_term_string}"},"query-input":"required name=search_term_string"}],"inLanguage":"fr-FR"},{"@type":"ImageObject","@id":"https:\/\/www.nettali.com\/2021\/03\/15\/rdc-au-moins-douze-personnes-tuees-par-des-islamistes-presumes\/#primaryimage","inLanguage":"fr-FR","url":"https:\/\/www.nettali.com\/wp-content\/uploads\/2021\/03\/deq.jpg","contentUrl":"https:\/\/www.nettali.com\/wp-content\/uploads\/2021\/03\/deq.jpg","width":299,"height":168},{"@type":"WebPage","@id":"https:\/\/www.nettali.com\/2021\/03\/15\/rdc-au-moins-douze-personnes-tuees-par-des-islamistes-presumes\/#webpage","url":"https:\/\/www.nettali.com\/2021\/03\/15\/rdc-au-moins-douze-personnes-tuees-par-des-islamistes-presumes\/","name":"RDC - Au moins douze personnes tu\u00e9es par des islamistes pr\u00e9sum\u00e9s | Nettali.com","isPartOf":{"@id":"https:\/\/www.nettali.com\/#website"},"primaryImageOfPage":{"@id":"https:\/\/www.nettali.com\/2021\/03\/15\/rdc-au-moins-douze-personnes-tuees-par-des-islamistes-presumes\/#primaryimage"},"datePublished":"2021-03-15T13:27:50+00:00","dateModified":"2021-03-15T13:27:50+00:00","author":{"@id":"https:\/\/www.nettali.com\/#\/schema\/person\/8a06c6bd7b19304cf4bf985862900b5b"},"breadcrumb":{"@id":"https:\/\/www.nettali.com\/2021\/03\/15\/rdc-au-moins-douze-personnes-tuees-par-des-islamistes-presumes\/#breadcrumb"},"inLanguage":"fr-FR","potentialAction":[{"@type":"ReadAction","target":["https:\/\/www.nettali.com\/2021\/03\/15\/rdc-au-moins-douze-personnes-tuees-par-des-islamistes-presumes\/"]}]},{"@type":"BreadcrumbList","@id":"https:\/\/www.nettali.com\/2021\/03\/15\/rdc-au-moins-douze-personnes-tuees-par-des-islamistes-presumes\/#breadcrumb","itemListElement":[{"@type":"ListItem","position":1,"name":"Accueil","item":"https:\/\/www.nettali.com\/"},{"@type":"ListItem","position":2,"name":"RDC &#8211; Au moins douze personnes tu\u00e9es par des islamistes pr\u00e9sum\u00e9s"}]},{"@type":"Person","@id":"https:\/\/www.nettali.com\/#\/schema\/person\/8a06c6bd7b19304cf4bf985862900b5b","name":"Thierno Diop","image":{"@type":"ImageObject","@id":"https:\/\/www.nettali.com\/#personlogo","inLanguage":"fr-FR","url":"https:\/\/secure.gravatar.com\/avatar\/c8ca58550c94fd2ac856d27391a6c866?s=96&d=mm&r=g","contentUrl":"https:\/\/secure.gravatar.com\/avatar\/c8ca58550c94fd2ac856d27391a6c866?s=96&d=mm&r=g","caption":"Thierno Diop"},"sameAs":["https:\/\/nettali.com"]}]}},"_links":{"self":[{"href":"https:\/\/www.nettali.com\/rest\/wp\/v2\/posts\/59937"}],"collection":[{"href":"https:\/\/www.nettali.com\/rest\/wp\/v2\/posts"}],"about":[{"href":"https:\/\/www.nettali.com\/rest\/wp\/v2\/types\/post"}],"author":[{"embeddable":true,"href":"https:\/\/www.nettali.com\/rest\/wp\/v2\/users\/11"}],"replies":[{"embeddable":true,"href":"https:\/\/www.nettali.com\/rest\/wp\/v2\/comments?post=59937"}],"version-history":[{"count":1,"href":"https:\/\/www.nettali.com\/rest\/wp\/v2\/posts\/59937\/revisions"}],"predecessor-version":[{"id":59939,"href":"https:\/\/www.nettali.com\/rest\/wp\/v2\/posts\/59937\/revisions\/59939"}],"wp:featuredmedia":[{"embeddable":true,"href":"https:\/\/www.nettali.com\/rest\/wp\/v2\/media\/59938"}],"wp:attachment":[{"href":"https:\/\/www.nettali.com\/rest\/wp\/v2\/media?parent=59937"}],"wp:term":[{"taxonomy":"category","embeddable":true,"href":"https:\/\/www.nettali.com\/rest\/wp\/v2\/categories?post=59937"},{"taxonomy":"post_tag","embeddable":true,"href":"https:\/\/www.nettali.com\/rest\/wp\/v2\/tags?post=59937"}],"curies":[{"name":"wp","href":"https:\/\/api.w.org\/{rel}","templated":true}]}}