{"id":59746,"date":"2021-03-12T09:29:14","date_gmt":"2021-03-12T09:29:14","guid":{"rendered":"https:\/\/www.nettali.com\/?p=59746"},"modified":"2021-03-12T13:38:24","modified_gmt":"2021-03-12T13:38:24","slug":"gambie-yahya-jammeh-cite-dans-le-meurtre-de-59-migrants-dont-3-senegalais","status":"publish","type":"post","link":"https:\/\/www.nettali.com\/2021\/03\/12\/gambie-yahya-jammeh-cite-dans-le-meurtre-de-59-migrants-dont-3-senegalais\/","title":{"rendered":"GAMBIE - Yahya Jammeh cit\u00e9 dans le meurtre de 59 migrants dont 3 S\u00e9n\u00e9galais"},"content":{"rendered":"<p class=\"x_MsoNormal\"><b><span lang=\"FR\">NETTALI.COM - Trois\u00a0 S\u00e9n\u00e9galais tu\u00e9s, les corps de 40 \u00e0 45 migrants <\/span><\/b><b><span lang=\"FR-CH\">jet\u00e9s dans un puits en Casamance. <\/span><\/b><b><span lang=\"FR\">Les t\u00e9moignages mettent en cause l\u2019ancien pr\u00e9sident<\/span><\/b><b><span lang=\"FR\">\u00a0dans des meurtres de 2005. <span lang=\"FR-CH\">Human Rights Watch et TRIAL International<\/span> exigent que justice soit rendue.<\/span><\/b><\/p>\n<p class=\"x_MsoNormal\"><span lang=\"FR-CH\">\u00a0Les t\u00e9moignages devant la <\/span><span lang=\"FR-CH\">commission de v\u00e9rit\u00e9\u00a0<\/span><span lang=\"FR-CH\">gambienne<\/span><span lang=\"FR-CH\">\u00a0mettant en cause l'ancien pr\u00e9sident\u00a0<\/span><span lang=\"FR-CH\">Yahya Jammeh<\/span><span lang=\"FR-CH\">\u00a0dans l'ex\u00e9cution sommaire en 2005 de quelque 59 migrants ouest-africains devraient\u00a0<\/span><span lang=\"FR\">conduire \u00e0 l\u2019\u00e9tablissement des responsabilit\u00e9s p\u00e9nales,\u00a0<\/span><span lang=\"FR-CH\">ont d\u00e9clar\u00e9 Human Rights Watch et TRIAL International aujourd'hui.<\/span><\/p>\n<p class=\"x_MsoNormal\"><span lang=\"FR\">\u00a0<\/span><span lang=\"FR\">Du 24 f\u00e9vrier au 11 mars, les t\u00e9moins se sont succ\u00e9d\u00e9s devant la Commission V\u00e9rit\u00e9, R\u00e9conciliation et R\u00e9parations (TRRC) gambienne.\u00a0<a name=\"x__Hlk66359087\"><\/a>Selon eux, les migrants qui voulaient se rendre\u00a0en Europe,\u00a0en provenance du Congo, de la C\u00f4te d'Ivoire, du Ghana, du Liberia, du Nigeria, du S\u00e9n\u00e9gal, de la Sierra Leone et du Togo, ainsi que leur interm\u00e9diaire\u00a0gambien, ont \u00e9t\u00e9 d\u00e9tenus par des\u00a0hauts responsables des services de s\u00e9curit\u00e9 de Jammeh avant d\u2019\u00eatre pour la plupart assassin\u00e9s par les \u00ab\u00a0Junglers\u00a0\u00bb, une unit\u00e9\u00a0<\/span><span lang=\"FR-CH\">militaire\u00a0<\/span><span lang=\"FR\">tristement c\u00e9l\u00e8bre,\u00a0<\/span><span lang=\"FR-CH\">qui recevait ses ordres directement\u00a0de l\u2019ex-pr\u00e9sident<\/span><span lang=\"FR\">.<\/span><\/p>\n<p class=\"x_MsoNormal\"><i><span lang=\"FR\">\"Des sources bien renseign\u00e9es ont impliqu\u00e9 Yahya Jammeh dans le meurtre de citoyens de neuf pays d'Afrique de l'Ouest \u00bb, <\/span><\/i><span lang=\"FR\">a d\u00e9clar\u00e9\u00a0<\/span><span lang=\"FR\">Reed Brody<\/span><span lang=\"FR\">, conseiller juridique\u00a0 \u00e0 Human Rights Watch<i>. \u00ab Tous ces pays, le S\u00e9n\u00e9gal comme la Gambie, le Ghana, le Nigeria et les autres \u00c9tats concern\u00e9s, devraient soutenir une enqu\u00eate p\u00e9nale et, le cas \u00e9ch\u00e9ant, la poursuite de Jammeh et d'autres individus responsables du massacre des migrants et d'autres crimes graves commis par son gouvernement.<\/i><\/span><i><span lang=\"FR\">\u00a0\u00bb<\/span><\/i><\/p>\n<p class=\"x_MsoNormal\"><span lang=\"FR\">\u00a0<\/span><span lang=\"FR\">Au cours de leur\u00a0<\/span><span lang=\"FR\">enqu\u00eate<\/span><span lang=\"FR\">\u00a0de 2018, Human Rights Watch et TRIAL International ont rassembl\u00e9 un grand nombre d'informations sur le massacre. Ces informations n'avaient jusqu'alors jamais \u00e9t\u00e9 expos\u00e9es publiquement ou racont\u00e9es en une seule fois. Voici ce que les deux organisations ont relev\u00e9 comme \u00e9tant particuli\u00e8rement important.<\/span><\/p>\n<p class=\"x_MsoNormal\"><span lang=\"FR\">\u00a0<\/span><span lang=\"FR\">Le nombre exact de migrants tu\u00e9s n'est toujours pas connu. Gibril Ngorr Secka, ancien directeur des op\u00e9rations de l'Agence nationale de renseignement (<i>National Intelligence Agency<\/i>, NIA), a pr\u00e9sent\u00e9 \u00e0 la TRRC une liste de 51 personnes \u00e9tablie dans un poste de police, parmi lesquelles des citoyens du Ghana (39), de la Sierra Leone (3), du Togo (2), de C\u00f4te d'Ivoire (2), du S\u00e9n\u00e9gal (2), du Liberia (1), du Nigeria (1) et du Congo (1). Outre ces noms qui forment la premi\u00e8re liste officielle de disparus, le groupe comprenait \u00e9galement d'autres migrants, dont huit Nig\u00e9rians qui auraient \u00e9t\u00e9 arr\u00eat\u00e9s et tu\u00e9s.\u00a0 Lors des audiences, les\u00a0noms des trois migrants s\u00e9n\u00e9galais ont \u00e9t\u00e9 identifi\u00e9s.\u00a0 Il s\u2019agit de\u00a0<b>Mamadou Korka Diallo,\u00a0 Isma\u00efla\u00a0 Lakhoune\u00a0<\/b><\/span><b><span lang=\"FR-CH\">et Pape Diouf.<\/span><\/b><\/p>\n<p class=\"x_MsoNormal\"><span lang=\"FR\">\u00a0<\/span><span lang=\"FR\">Des t\u00e9moins, dont l'ancien chef d'\u00e9tat-major de l\u2019arm\u00e9e gambienne et d'anciens officiers sup\u00e9rieurs de la NIA ont d\u00e9clar\u00e9 que le chef de la police de l'\u00e9poque,\u00a0<\/span><span lang=\"FR\">Ousman Sonko<\/span><span lang=\"FR\">\u00a0\u2013\u00a0actuellement d\u00e9tenu en Suisse et sous enqu\u00eate pour crimes contre l'humanit\u00e9\u00a0\u2013 aurait inform\u00e9 Jammeh que des personnes avaient \u00e9t\u00e9 appr\u00e9hend\u00e9es sur une plage pr\u00e8s du port\u00a0de Barra, situ\u00e9 en face de la capitale Banjul. Apr\u00e8s avoir parl\u00e9 avec Jammeh pendant plusieurs minutes, Sonko aurait donn\u00e9 l'ordre \u00e0 des officiers de transporter les migrants, soup\u00e7onn\u00e9s d'\u00eatre des mercenaires, au quartier g\u00e9n\u00e9ral de la marine \u00e0 Banjul. Plusieurs t\u00e9moins ont d\u00e9clar\u00e9 qu'il \u00e9tait clair que les hommes et les deux femmes \u00e9taient des migrants et non des mercenaires, car ils n'avaient ni armes ni rien de suspect. Selon ces t\u00e9moins, tous les chefs des services de s\u00e9curit\u00e9 gambiens \u2013\u00a0de la police, de l'arm\u00e9e, de la marine, de la NIA et de la Garde Nationale\u00a0\u2013 se seraient alors retrouv\u00e9s au quartier g\u00e9n\u00e9ral de la marine, ainsi que plusieurs \u00ab\u00a0Junglers\u00a0\u00bb. Ils auraient alors battu les migrants, les traitant \u00ab<i>\u00a0comme des animaux\u00a0<\/i>\u00bb, \u00e0 en croire le t\u00e9moignage d'un officier. Les migrants auraient ensuite \u00e9t\u00e9 r\u00e9partis dans divers centres de d\u00e9tention autour de Banjul.\u00a0<\/span><\/p>\n<p class=\"x_MsoNormal\"><span lang=\"FR\">\u00a0<\/span><span lang=\"FR-CH\">Les corps expos\u00e9s de huit migrants ont \u00e9t\u00e9 retrouv\u00e9s le lendemain matin, le 23 juillet 2005, pr\u00e8s de Ghanatown, juste \u00e0 l'ext\u00e9rieur de Banjul. Selon Pa Amady Jallow, alors coordinateur de la cellule anti-criminalit\u00e9, les corps pr\u00e9sentaient des signes de mauvais traitements\u00a0; leurs cr\u00e2nes avaient \u00e9t\u00e9 fractur\u00e9s, le sang et la cervelle suintaient des plaies ouvertes. Jallow a d\u00e9clar\u00e9 que lorsqu'il a rapport\u00e9 cette information au chef de la police Ousman Sonko, ce dernier semblait ne pas \u00eatre int\u00e9ress\u00e9 et a raccroch\u00e9 le t\u00e9l\u00e9phone \u00e0 trois reprises, avant que son adjoint n'informe Jallow qu'il \u00e9tait transf\u00e9r\u00e9 \u00e0 la circulation avec effet imm\u00e9diat. Jallow a \u00e9galement d\u00e9clar\u00e9 avoir \u00e9t\u00e9 inform\u00e9 des ann\u00e9es plus tard par un autre officier de police que neuf autres Nig\u00e9rians avaient \u00e9t\u00e9 enterr\u00e9s dans une fosse commune pr\u00e8s de l'endroit o\u00f9 Jallow avait vu les corps expos\u00e9s. La TRRC a d\u00e9clar\u00e9 qu'elle avait l'intention d'effectuer des recherches sur ce site.<\/span><\/p>\n<p class=\"x_MsoNormal\"><span lang=\"FR-CH\">\u00a0<\/span><span lang=\"FR\">En juillet 2019, trois anciens Junglers ont t\u00e9moign\u00e9 devant la TRRC qu'ils avaient, avec 12\u00a0autres Junglers, ex\u00e9cut\u00e9 les migrants restants sur ordre de Jammeh. Ce sont ainsi\u00a0entre 40 et 45\u00a0personnes qui ont \u00e9t\u00e9 ex\u00e9cut\u00e9es et jet\u00e9es dans un puits dans la r\u00e9gion s\u00e9n\u00e9galaise de Casamance, pr\u00e8s de Kanilai, le\u00a0<\/span><span lang=\"FR-CH\">village natal de Jammeh<\/span><span lang=\"FR\">. Selon l'un des officiers, Omar Jallow, Solo Bojang, le Jungler qui dirigeait l\u2019op\u00e9ration, a dit \u00e0 ses hommes que\u00a0<\/span><span lang=\"FR\">\u00ab\u00a0<i>ces personnes sont des mercenaires,<\/i>\u00a0<i>l'ordre de ... Jammeh est de tous les ex\u00e9cuter<\/i>\u00a0\u00bb.\u00a0<\/span><span lang=\"FR\">\u00a0Plusieurs autres t\u00e9moignages confirment que les Junglers \u00e9taient sous le contr\u00f4le direct de l'ancien pr\u00e9sident. Comme le r\u00e9sume Alieu Jeng, un ancien Jungler, \u00ab\u00a0<i>Je ne pense pas qu'il y ait eu quoi que ce soit que l'\u00e9quipe ait fait qui n'ait pas \u00e9t\u00e9 l'ordre de Yahya Jammeh.<\/i>\u00a0\u00bb<\/span><\/p>\n<p class=\"x_MsoNormal\"><span lang=\"FR\">\u00a0<\/span><span lang=\"FR\">L'ancien ministre de l'Int\u00e9rieur, Baboucarr Jatta, a confirm\u00e9 cette version des faits en acceptant l'affirmation du conseiller juridique principal de la TRRC<\/span><span lang=\"FR\">, Essa Faal, selon laquelle les meurtres \u00e9taient une \u00ab <i>ex\u00e9cution d'\u00c9tat, conduite par des soldats du palais pr\u00e9sidentiel<\/i>\u00a0\u00bb. Jatta a d\u00e9clar\u00e9 qu'il pensait que les soldats avaient agi sous les ordres de Jammeh.<\/span><\/p>\n<p class=\"x_MsoNormal\"><span lang=\"FR\">\u00a0<\/span><span lang=\"FR\">Les t\u00e9moignages recueillis par la TRRC d\u00e9crivent \u00e9galement les efforts persistants d\u00e9ploy\u00e9s pour dissimuler le crime, en particulier en amont de la mission d'enqu\u00eate men\u00e9e en 2008 par les Nations Unies et la Communaut\u00e9 \u00e9conomique des \u00c9tats de l'Afrique de l'Ouest (CEDEAO), lorsque le gouvernement gambien\u00a0a nomm\u00e9 une\u00a0<i>task force<\/i>\u00a0minist\u00e9rielle pour traiter avec les enqu\u00eateurs.<\/span><\/p>\n<p class=\"x_MsoNormal\"><span lang=\"FR\">\u00a0<\/span><span lang=\"FR\">L'ancien chef d'\u00e9tat-major de l\u2019arm\u00e9e gambienne Assan Sarr a d\u00e9clar\u00e9 qu\u2019\u00e0 l\u2019arriv\u00e9e de l'\u00e9quipe d'enqu\u00eate de l'ONU\/CEDEAO en 2008, il a re\u00e7u l\u2019ordre de ne pas \u00ab\u00a0<i>compromettre ou ternir l'image du pays<\/i>\u00a0\u00bb. Un officier de police de Barra a aussi d\u00e9clar\u00e9 que vers d\u00e9cembre 2005, Ousman Sonko lui aurait demand\u00e9 de falsifier les \u00e9critures du poste de police de Barra du 22 juillet 2005, lorsque les migrants avaient \u00e9t\u00e9 initialement arr\u00eat\u00e9s. Des copies du registre o\u00f9 l'entr\u00e9e du 22 juillet a \u00e9t\u00e9 supprim\u00e9e ont \u00e9t\u00e9 pr\u00e9sent\u00e9es \u00e0 la TRRC.<\/span><\/p>\n<p class=\"x_MsoNormal\"><span lang=\"FR-CH\">\u00a0<\/span><span lang=\"FR\">Les t\u00e9moignages devant la TRRC corroborent les conclusions d'un\u00a0<\/span><span lang=\"FR\">rapport publi\u00e9<\/span><span lang=\"FR\">\u00a0en 2018 par Human Rights Watch et TRIAL International, bas\u00e9 sur des entretiens avec 30\u00a0anciens responsables gambiens.\u00a0<i>\u00ab Maintenant que les informations que nous avions recueillies ont \u00e9t\u00e9 confirm\u00e9es, il est d'autant plus important que Jammeh soit appel\u00e9 \u00e0 faire face \u00e0 ses responsabilit\u00e9s \u00bb,<\/i>\u00a0a d\u00e9clar\u00e9\u00a0<\/span><span lang=\"FR\">Emeline Escafit,<\/span><span lang=\"FR\">\u00a0conseill\u00e8re juridique pour TRIAL International.\u00a0<i>\u00ab\u00a0Le temps est maintenant venu de rendre justice aux victimes et \u00e0 leurs familles. \u00bb<\/i><\/span><i><\/i><\/p>\n<p class=\"x_MsoNormal\"><span lang=\"FR\">\u00a0<\/span><span lang=\"FR\">Les r\u00e9cents t\u00e9moignages jettent un doute suppl\u00e9mentaire sur le rapport de l'ONU et de la CEDEAO, qui\u00a0<\/span><span lang=\"FR\">aurait conclu<\/span><span lang=\"FR\">\u00a0que le gouvernement gambien\u00a0<\/span><span lang=\"FR-CH\">n'\u00e9tait pas \u00ab\u00a0<i>impliqu\u00e9 directement ou indirectement<\/i>\u00a0\u00bb dans les assassinats et les disparitions, et que des \u00ab\u00a0<i>\u00e9l\u00e9ments incontr\u00f4l\u00e9s<\/i>\u00a0\u00bb au sein des services de s\u00e9curit\u00e9 gambiens,\u00a0\u00ab\u00a0<i>agissant pour leur propre compte<\/i>\u00a0\u00bb,\u00a0en \u00e9taient responsables<\/span><span lang=\"FR\">. Le rapport des Nations Unies et de la CEDEAO n'a cependant jamais \u00e9t\u00e9 rendu public, malgr\u00e9 les demandes r\u00e9p\u00e9t\u00e9es des victimes et de\u00a0<\/span><span lang=\"FR\">cinq experts des Nations Unies<\/span><span lang=\"FR\">.\u00a0<\/span><\/p>\n<p class=\"x_MsoNormal\"><span lang=\"FR\">\u00a0<\/span><span lang=\"FR\">Parmi les victimes qui ont t\u00e9moign\u00e9 devant la TRRC lors de la session qui s\u2019ach\u00e8ve, figurent le Ghan\u00e9en\u00a0<\/span><span lang=\"FR\">Martin Kyere<\/span><span lang=\"FR\">, seul survivant connu des meurtres perp\u00e9tr\u00e9s le long de la fronti\u00e8re entre la Gambie et le S\u00e9n\u00e9gal, ainsi qu\u2019Adama Conteh, veuve de la victime gambienne Lamin Tunkara, et le Nig\u00e9rian\u00a0<\/span><span lang=\"FR\">Kehinde Enagameh<\/span><span lang=\"FR\">, dont le fr\u00e8re, Paul Omozemoje Enagameh, figurait parmi les personnes tu\u00e9es selon une enqu\u00eate men\u00e9e par le Nigeria.<\/span><\/p>\n<p class=\"x_MsoNormal\"><span lang=\"FR\">Depuis le d\u00e9but des audiences en janvier 2019, la commission v\u00e9rit\u00e9 gambienne a \u00e9galement\u00a0<\/span><span lang=\"FR\">entendu des t\u00e9moignages<\/span><span lang=\"FR\">\u00a0selon lesquels Jammeh s<\/span><span lang=\"FR\">erait impliqu\u00e9 dans des viols et agressions sexuelles<\/span><span lang=\"FR\">\u00a0, aurait\u00a0<\/span><span lang=\"FR\">forc\u00e9<\/span><span lang=\"FR\">\u00a0des Gambiens s\u00e9ropositifs \u00e0 abandonner leurs traitement en faveur de celui qu\u2019il proposait, \u00e9tait responsable d'avoir ordonn\u00e9\u00a0<\/span><span lang=\"FR\">l'assassinat<\/span><span lang=\"FR\">\u00a0et la torture d'opposants politiques, ainsi que des \u00ab\u00a0<\/span><span lang=\"FR\">chasses aux sorci\u00e8res<\/span><span class=\"x_MsoHyperlink\"><span lang=\"FR-CH\">\u00a0<\/span><\/span><span lang=\"FR\">\u00bb au cours desquelles des centaines de personnes \u00e9taient arbitrairement d\u00e9tenues. Jammeh vit en exil en Guin\u00e9e \u00e9quatoriale depuis son d\u00e9part de Gambie en janvier 2017.<\/span><\/p>\n<p class=\"x_MsoNormal\"><span lang=\"FR\">La TRRC, qui rendra son rapport en juillet 2021, est charg\u00e9e\u00a0\u00ab\u00a0<i>d'identifier les pr\u00e9sum\u00e9s responsables et de recommander des poursuites \u00e0 l'encontre des personnes qui portent la plus haute responsabilit\u00e9 dans les violations et abus des droits humains\u00a0<\/i>\u00bb. Le gouvernement gambien devra ensuite d\u00e9cider de la suite \u00e0 donner \u00e0 ces recommandations.<\/span><\/p>\n<div class='share-to-whatsapp-wrapper'><div class='share-on-whsp'>PARTAGER SUR : <\/div><a data-text='GAMBIE - Yahya Jammeh cit\u00e9 dans le meurtre de 59 migrants dont 3 S\u00e9n\u00e9galais' data-link='https:\/\/www.nettali.com\/2021\/03\/12\/gambie-yahya-jammeh-cite-dans-le-meurtre-de-59-migrants-dont-3-senegalais\/' class='whatsapp-button whatsapp-share'>WhatsApp<\/a><div class='clear '><\/div><\/div>","protected":false},"excerpt":{"rendered":"<p>NETTALI.COM - Trois\u00a0 S\u00e9n\u00e9galais tu\u00e9s, les corps de 40 \u00e0 45 migrants jet\u00e9s dans un puits en Casamance. Les t\u00e9moignages mettent en cause l\u2019ancien pr\u00e9sident\u00a0dans des meurtres de 2005. Human Rights Watch et TRIAL International exigent que justice soit rendue. \u00a0Les t\u00e9moignages devant la commission de v\u00e9rit\u00e9\u00a0gambienne\u00a0mettant en cause l'ancien pr\u00e9sident\u00a0Yahya Jammeh\u00a0dans l'ex\u00e9cution sommaire en [&hellip;]<\/p>\n","protected":false},"author":4,"featured_media":14282,"comment_status":"open","ping_status":"open","sticky":false,"template":"","format":"standard","meta":{"_et_pb_use_builder":"","_et_pb_old_content":""},"categories":[8],"tags":[],"yoast_head":"<!-- This site is optimized with the Yoast SEO Premium plugin v17.8 (Yoast SEO v17.8) - https:\/\/yoast.com\/wordpress\/plugins\/seo\/ -->\n<title>GAMBIE - Yahya Jammeh cit\u00e9 dans le meurtre de 59 migrants dont 3 S\u00e9n\u00e9galais | Nettali.com<\/title>\n<meta name=\"robots\" content=\"index, follow, max-snippet:-1, max-image-preview:large, max-video-preview:-1\" \/>\n<link rel=\"canonical\" href=\"https:\/\/www.nettali.com\/2021\/03\/12\/gambie-yahya-jammeh-cite-dans-le-meurtre-de-59-migrants-dont-3-senegalais\/\" \/>\n<meta property=\"og:locale\" content=\"fr_FR\" \/>\n<meta property=\"og:type\" content=\"article\" \/>\n<meta property=\"og:title\" content=\"GAMBIE - Yahya Jammeh cit\u00e9 dans le meurtre de 59 migrants dont 3 S\u00e9n\u00e9galais\" \/>\n<meta property=\"og:description\" content=\"NETTALI.COM - Trois\u00a0 S\u00e9n\u00e9galais tu\u00e9s, les corps de 40 \u00e0 45 migrants jet\u00e9s dans un puits en Casamance. Les t\u00e9moignages mettent en cause l\u2019ancien pr\u00e9sident\u00a0dans des meurtres de 2005. Human Rights Watch et TRIAL International exigent que justice soit rendue. \u00a0Les t\u00e9moignages devant la commission de v\u00e9rit\u00e9\u00a0gambienne\u00a0mettant en cause l&#039;ancien pr\u00e9sident\u00a0Yahya Jammeh\u00a0dans l&#039;ex\u00e9cution sommaire en [&hellip;]\" \/>\n<meta property=\"og:url\" content=\"https:\/\/www.nettali.com\/2021\/03\/12\/gambie-yahya-jammeh-cite-dans-le-meurtre-de-59-migrants-dont-3-senegalais\/\" \/>\n<meta property=\"og:site_name\" content=\"Nettali.com\" \/>\n<meta property=\"article:publisher\" content=\"https:\/\/www.facebook.com\/nettalicom\" \/>\n<meta property=\"article:published_time\" content=\"2021-03-12T09:29:14+00:00\" \/>\n<meta property=\"article:modified_time\" content=\"2021-03-12T13:38:24+00:00\" \/>\n<meta property=\"og:image\" content=\"https:\/\/www.nettali.com\/wp-content\/uploads\/2019\/07\/jammeh.jpg\" \/>\n\t<meta property=\"og:image:width\" content=\"1484\" \/>\n\t<meta property=\"og:image:height\" content=\"987\" \/>\n<meta name=\"twitter:card\" content=\"summary_large_image\" \/>\n<meta name=\"twitter:label1\" content=\"\u00c9crit par\" \/>\n\t<meta name=\"twitter:data1\" content=\"Daouda\" \/>\n\t<meta name=\"twitter:label2\" content=\"Dur\u00e9e de lecture estim\u00e9e\" \/>\n\t<meta name=\"twitter:data2\" content=\"8 minutes\" \/>\n<script type=\"application\/ld+json\" class=\"yoast-schema-graph\">{\"@context\":\"https:\/\/schema.org\",\"@graph\":[{\"@type\":\"WebSite\",\"@id\":\"https:\/\/www.nettali.com\/#website\",\"url\":\"https:\/\/www.nettali.com\/\",\"name\":\"Nettali.com\",\"description\":\"Le rendez-vous critique du Net\",\"potentialAction\":[{\"@type\":\"SearchAction\",\"target\":{\"@type\":\"EntryPoint\",\"urlTemplate\":\"https:\/\/www.nettali.com\/?s={search_term_string}\"},\"query-input\":\"required name=search_term_string\"}],\"inLanguage\":\"fr-FR\"},{\"@type\":\"ImageObject\",\"@id\":\"https:\/\/www.nettali.com\/2021\/03\/12\/gambie-yahya-jammeh-cite-dans-le-meurtre-de-59-migrants-dont-3-senegalais\/#primaryimage\",\"inLanguage\":\"fr-FR\",\"url\":\"https:\/\/www.nettali.com\/wp-content\/uploads\/2019\/07\/jammeh.jpg\",\"contentUrl\":\"https:\/\/www.nettali.com\/wp-content\/uploads\/2019\/07\/jammeh.jpg\",\"width\":1484,\"height\":987},{\"@type\":\"WebPage\",\"@id\":\"https:\/\/www.nettali.com\/2021\/03\/12\/gambie-yahya-jammeh-cite-dans-le-meurtre-de-59-migrants-dont-3-senegalais\/#webpage\",\"url\":\"https:\/\/www.nettali.com\/2021\/03\/12\/gambie-yahya-jammeh-cite-dans-le-meurtre-de-59-migrants-dont-3-senegalais\/\",\"name\":\"GAMBIE - Yahya Jammeh cit\\u00e9 dans le meurtre de 59 migrants dont 3 S\\u00e9n\\u00e9galais | Nettali.com\",\"isPartOf\":{\"@id\":\"https:\/\/www.nettali.com\/#website\"},\"primaryImageOfPage\":{\"@id\":\"https:\/\/www.nettali.com\/2021\/03\/12\/gambie-yahya-jammeh-cite-dans-le-meurtre-de-59-migrants-dont-3-senegalais\/#primaryimage\"},\"datePublished\":\"2021-03-12T09:29:14+00:00\",\"dateModified\":\"2021-03-12T13:38:24+00:00\",\"author\":{\"@id\":\"https:\/\/www.nettali.com\/#\/schema\/person\/3317e0bb3aa1da309fbf7b2780901bf4\"},\"breadcrumb\":{\"@id\":\"https:\/\/www.nettali.com\/2021\/03\/12\/gambie-yahya-jammeh-cite-dans-le-meurtre-de-59-migrants-dont-3-senegalais\/#breadcrumb\"},\"inLanguage\":\"fr-FR\",\"potentialAction\":[{\"@type\":\"ReadAction\",\"target\":[\"https:\/\/www.nettali.com\/2021\/03\/12\/gambie-yahya-jammeh-cite-dans-le-meurtre-de-59-migrants-dont-3-senegalais\/\"]}]},{\"@type\":\"BreadcrumbList\",\"@id\":\"https:\/\/www.nettali.com\/2021\/03\/12\/gambie-yahya-jammeh-cite-dans-le-meurtre-de-59-migrants-dont-3-senegalais\/#breadcrumb\",\"itemListElement\":[{\"@type\":\"ListItem\",\"position\":1,\"name\":\"Accueil\",\"item\":\"https:\/\/www.nettali.com\/\"},{\"@type\":\"ListItem\",\"position\":2,\"name\":\"GAMBIE &#8211; Yahya Jammeh cit\\u00e9 dans le meurtre de 59 migrants dont 3 S\\u00e9n\\u00e9galais\"}]},{\"@type\":\"Person\",\"@id\":\"https:\/\/www.nettali.com\/#\/schema\/person\/3317e0bb3aa1da309fbf7b2780901bf4\",\"name\":\"Daouda\",\"image\":{\"@type\":\"ImageObject\",\"@id\":\"https:\/\/www.nettali.com\/#personlogo\",\"inLanguage\":\"fr-FR\",\"url\":\"https:\/\/secure.gravatar.com\/avatar\/8d143b5a49345098ddcfee1c49c2f47c?s=96&d=mm&r=g\",\"contentUrl\":\"https:\/\/secure.gravatar.com\/avatar\/8d143b5a49345098ddcfee1c49c2f47c?s=96&d=mm&r=g\",\"caption\":\"Daouda\"},\"sameAs\":[\"https:\/\/www.nettali.com\"]}]}<\/script>\n<!-- \/ Yoast SEO Premium plugin. -->","yoast_head_json":{"title":"GAMBIE - Yahya Jammeh cit\u00e9 dans le meurtre de 59 migrants dont 3 S\u00e9n\u00e9galais | Nettali.com","robots":{"index":"index","follow":"follow","max-snippet":"max-snippet:-1","max-image-preview":"max-image-preview:large","max-video-preview":"max-video-preview:-1"},"canonical":"https:\/\/www.nettali.com\/2021\/03\/12\/gambie-yahya-jammeh-cite-dans-le-meurtre-de-59-migrants-dont-3-senegalais\/","og_locale":"fr_FR","og_type":"article","og_title":"GAMBIE - Yahya Jammeh cit\u00e9 dans le meurtre de 59 migrants dont 3 S\u00e9n\u00e9galais","og_description":"NETTALI.COM - Trois\u00a0 S\u00e9n\u00e9galais tu\u00e9s, les corps de 40 \u00e0 45 migrants jet\u00e9s dans un puits en Casamance. Les t\u00e9moignages mettent en cause l\u2019ancien pr\u00e9sident\u00a0dans des meurtres de 2005. Human Rights Watch et TRIAL International exigent que justice soit rendue. \u00a0Les t\u00e9moignages devant la commission de v\u00e9rit\u00e9\u00a0gambienne\u00a0mettant en cause l'ancien pr\u00e9sident\u00a0Yahya Jammeh\u00a0dans l'ex\u00e9cution sommaire en [&hellip;]","og_url":"https:\/\/www.nettali.com\/2021\/03\/12\/gambie-yahya-jammeh-cite-dans-le-meurtre-de-59-migrants-dont-3-senegalais\/","og_site_name":"Nettali.com","article_publisher":"https:\/\/www.facebook.com\/nettalicom","article_published_time":"2021-03-12T09:29:14+00:00","article_modified_time":"2021-03-12T13:38:24+00:00","og_image":[{"width":1484,"height":987,"url":"https:\/\/www.nettali.com\/wp-content\/uploads\/2019\/07\/jammeh.jpg","type":"image\/jpeg"}],"twitter_card":"summary_large_image","twitter_misc":{"\u00c9crit par":"Daouda","Dur\u00e9e de lecture estim\u00e9e":"8 minutes"},"schema":{"@context":"https:\/\/schema.org","@graph":[{"@type":"WebSite","@id":"https:\/\/www.nettali.com\/#website","url":"https:\/\/www.nettali.com\/","name":"Nettali.com","description":"Le rendez-vous critique du Net","potentialAction":[{"@type":"SearchAction","target":{"@type":"EntryPoint","urlTemplate":"https:\/\/www.nettali.com\/?s={search_term_string}"},"query-input":"required name=search_term_string"}],"inLanguage":"fr-FR"},{"@type":"ImageObject","@id":"https:\/\/www.nettali.com\/2021\/03\/12\/gambie-yahya-jammeh-cite-dans-le-meurtre-de-59-migrants-dont-3-senegalais\/#primaryimage","inLanguage":"fr-FR","url":"https:\/\/www.nettali.com\/wp-content\/uploads\/2019\/07\/jammeh.jpg","contentUrl":"https:\/\/www.nettali.com\/wp-content\/uploads\/2019\/07\/jammeh.jpg","width":1484,"height":987},{"@type":"WebPage","@id":"https:\/\/www.nettali.com\/2021\/03\/12\/gambie-yahya-jammeh-cite-dans-le-meurtre-de-59-migrants-dont-3-senegalais\/#webpage","url":"https:\/\/www.nettali.com\/2021\/03\/12\/gambie-yahya-jammeh-cite-dans-le-meurtre-de-59-migrants-dont-3-senegalais\/","name":"GAMBIE - Yahya Jammeh cit\u00e9 dans le meurtre de 59 migrants dont 3 S\u00e9n\u00e9galais | Nettali.com","isPartOf":{"@id":"https:\/\/www.nettali.com\/#website"},"primaryImageOfPage":{"@id":"https:\/\/www.nettali.com\/2021\/03\/12\/gambie-yahya-jammeh-cite-dans-le-meurtre-de-59-migrants-dont-3-senegalais\/#primaryimage"},"datePublished":"2021-03-12T09:29:14+00:00","dateModified":"2021-03-12T13:38:24+00:00","author":{"@id":"https:\/\/www.nettali.com\/#\/schema\/person\/3317e0bb3aa1da309fbf7b2780901bf4"},"breadcrumb":{"@id":"https:\/\/www.nettali.com\/2021\/03\/12\/gambie-yahya-jammeh-cite-dans-le-meurtre-de-59-migrants-dont-3-senegalais\/#breadcrumb"},"inLanguage":"fr-FR","potentialAction":[{"@type":"ReadAction","target":["https:\/\/www.nettali.com\/2021\/03\/12\/gambie-yahya-jammeh-cite-dans-le-meurtre-de-59-migrants-dont-3-senegalais\/"]}]},{"@type":"BreadcrumbList","@id":"https:\/\/www.nettali.com\/2021\/03\/12\/gambie-yahya-jammeh-cite-dans-le-meurtre-de-59-migrants-dont-3-senegalais\/#breadcrumb","itemListElement":[{"@type":"ListItem","position":1,"name":"Accueil","item":"https:\/\/www.nettali.com\/"},{"@type":"ListItem","position":2,"name":"GAMBIE &#8211; Yahya Jammeh cit\u00e9 dans le meurtre de 59 migrants dont 3 S\u00e9n\u00e9galais"}]},{"@type":"Person","@id":"https:\/\/www.nettali.com\/#\/schema\/person\/3317e0bb3aa1da309fbf7b2780901bf4","name":"Daouda","image":{"@type":"ImageObject","@id":"https:\/\/www.nettali.com\/#personlogo","inLanguage":"fr-FR","url":"https:\/\/secure.gravatar.com\/avatar\/8d143b5a49345098ddcfee1c49c2f47c?s=96&d=mm&r=g","contentUrl":"https:\/\/secure.gravatar.com\/avatar\/8d143b5a49345098ddcfee1c49c2f47c?s=96&d=mm&r=g","caption":"Daouda"},"sameAs":["https:\/\/www.nettali.com"]}]}},"_links":{"self":[{"href":"https:\/\/www.nettali.com\/rest\/wp\/v2\/posts\/59746"}],"collection":[{"href":"https:\/\/www.nettali.com\/rest\/wp\/v2\/posts"}],"about":[{"href":"https:\/\/www.nettali.com\/rest\/wp\/v2\/types\/post"}],"author":[{"embeddable":true,"href":"https:\/\/www.nettali.com\/rest\/wp\/v2\/users\/4"}],"replies":[{"embeddable":true,"href":"https:\/\/www.nettali.com\/rest\/wp\/v2\/comments?post=59746"}],"version-history":[{"count":2,"href":"https:\/\/www.nettali.com\/rest\/wp\/v2\/posts\/59746\/revisions"}],"predecessor-version":[{"id":59752,"href":"https:\/\/www.nettali.com\/rest\/wp\/v2\/posts\/59746\/revisions\/59752"}],"wp:featuredmedia":[{"embeddable":true,"href":"https:\/\/www.nettali.com\/rest\/wp\/v2\/media\/14282"}],"wp:attachment":[{"href":"https:\/\/www.nettali.com\/rest\/wp\/v2\/media?parent=59746"}],"wp:term":[{"taxonomy":"category","embeddable":true,"href":"https:\/\/www.nettali.com\/rest\/wp\/v2\/categories?post=59746"},{"taxonomy":"post_tag","embeddable":true,"href":"https:\/\/www.nettali.com\/rest\/wp\/v2\/tags?post=59746"}],"curies":[{"name":"wp","href":"https:\/\/api.w.org\/{rel}","templated":true}]}}