{"id":59518,"date":"2021-03-09T21:12:55","date_gmt":"2021-03-09T21:12:55","guid":{"rendered":"https:\/\/www.nettali.com\/?p=59518"},"modified":"2021-03-09T21:12:55","modified_gmt":"2021-03-09T21:12:55","slug":"c1-neymar-forfait-contre-barca","status":"publish","type":"post","link":"https:\/\/www.nettali.com\/2021\/03\/09\/c1-neymar-forfait-contre-barca\/","title":{"rendered":"C1 - Neymar forfait contre Bar\u00e7a!"},"content":{"rendered":"<p><strong>NETTALI.COM - Le Paris Saint-Germain va affronter le Bar\u00e7a mercredi en huiti\u00e8me de finale retour de C1 sans Neymar. En effet, le PSG a annonc\u00e9 ce mardi que le meneur br\u00e9silien est \"non disponible\" et ne pourra donc pas participer \u00e0 la rencontre au Parc des princes.<\/strong><\/p>\n<p>Alors qu'un certain optimiste r\u00e9gnait ces derniers jours au Parc des Princes et chez l'entourage du joueur, Neymar ne participera finalement pas au huiti\u00e8me de finale retour de C1 face \u00e0 ses ex-co\u00e9quipiers.<\/p>\n<p>Le Paris Saint-Germain a annonc\u00e9 ce mardi dans un communiqu\u00e9 m\u00e9dical que le Br\u00e9silien, bless\u00e9 \u00e0 la cuisse, va poursuivre son travail de reprise individuel et ne sera donc pas disponible pour le match face au FC Barcelone.<\/p>\n<p>Bless\u00e9 le 10 f\u00e9vrier dernier lors de la victoire \u00e0 Caen en Coupe de France (1-0), l'ailier de 29 ans avait d\u00e9j\u00e0 manqu\u00e9 le match aller au Camp Nou, le 16 f\u00e9vrier dernier (1-4).<\/p>\n<p>Rappelons que Neymar Junior a repris l'entra\u00eenement partiel avec le groupe la semaine derni\u00e8re et continuera son travail de reprise individuel.<br \/>\nJuan Bernat pour sa part poursuit sa r\u00e9\u00e9ducation et sa reprise personnelle alors que Moise Kean est encore \u00e0 l\u2019isolement d\u00fb \u00e0 la Covid-19.<\/p>\n<div class='share-to-whatsapp-wrapper'><div class='share-on-whsp'>PARTAGER SUR : <\/div><a data-text='C1 - Neymar forfait contre Bar\u00e7a!' data-link='https:\/\/www.nettali.com\/2021\/03\/09\/c1-neymar-forfait-contre-barca\/' class='whatsapp-button whatsapp-share'>WhatsApp<\/a><div class='clear '><\/div><\/div>","protected":false},"excerpt":{"rendered":"<p>NETTALI.COM - Le Paris Saint-Germain va affronter le Bar\u00e7a mercredi en huiti\u00e8me de finale retour de C1 sans Neymar. En effet, le PSG a annonc\u00e9 ce mardi que le meneur br\u00e9silien est \"non disponible\" et ne pourra donc pas participer \u00e0 la rencontre au Parc des princes. Alors qu'un certain optimiste r\u00e9gnait ces derniers jours [&hellip;]<\/p>\n","protected":false},"author":5,"featured_media":59521,"comment_status":"open","ping_status":"open","sticky":false,"template":"","format":"standard","meta":{"_et_pb_use_builder":"","_et_pb_old_content":""},"categories":[6],"tags":[],"yoast_head":"<!-- This site is optimized with the Yoast SEO Premium plugin v17.8 (Yoast SEO v17.8) - https:\/\/yoast.com\/wordpress\/plugins\/seo\/ -->\n<title>C1 - Neymar forfait contre Bar\u00e7a! | Nettali.com<\/title>\n<meta name=\"robots\" content=\"index, follow, max-snippet:-1, max-image-preview:large, max-video-preview:-1\" \/>\n<link rel=\"canonical\" href=\"https:\/\/www.nettali.com\/2021\/03\/09\/c1-neymar-forfait-contre-barca\/\" \/>\n<meta property=\"og:locale\" content=\"fr_FR\" \/>\n<meta property=\"og:type\" content=\"article\" \/>\n<meta property=\"og:title\" content=\"C1 - Neymar forfait contre Bar\u00e7a!\" \/>\n<meta property=\"og:description\" content=\"NETTALI.COM - Le Paris Saint-Germain va affronter le Bar\u00e7a mercredi en huiti\u00e8me de finale retour de C1 sans Neymar. En effet, le PSG a annonc\u00e9 ce mardi que le meneur br\u00e9silien est &quot;non disponible&quot; et ne pourra donc pas participer \u00e0 la rencontre au Parc des princes. Alors qu&#039;un certain optimiste r\u00e9gnait ces derniers jours [&hellip;]\" \/>\n<meta property=\"og:url\" content=\"https:\/\/www.nettali.com\/2021\/03\/09\/c1-neymar-forfait-contre-barca\/\" \/>\n<meta property=\"og:site_name\" content=\"Nettali.com\" \/>\n<meta property=\"article:publisher\" content=\"https:\/\/www.facebook.com\/nettalicom\" \/>\n<meta property=\"article:published_time\" content=\"2021-03-09T21:12:55+00:00\" \/>\n<meta property=\"og:image\" content=\"https:\/\/www.nettali.com\/wp-content\/uploads\/2021\/03\/2992441-61404548-2560-1440.jpg\" \/>\n\t<meta property=\"og:image:width\" content=\"1200\" \/>\n\t<meta property=\"og:image:height\" content=\"675\" \/>\n<meta name=\"twitter:card\" content=\"summary_large_image\" \/>\n<meta name=\"twitter:label1\" content=\"\u00c9crit par\" \/>\n\t<meta name=\"twitter:data1\" content=\"Ibrahima\" \/>\n\t<meta name=\"twitter:label2\" content=\"Dur\u00e9e de lecture estim\u00e9e\" \/>\n\t<meta name=\"twitter:data2\" content=\"1 minute\" \/>\n<script type=\"application\/ld+json\" class=\"yoast-schema-graph\">{\"@context\":\"https:\/\/schema.org\",\"@graph\":[{\"@type\":\"WebSite\",\"@id\":\"https:\/\/www.nettali.com\/#website\",\"url\":\"https:\/\/www.nettali.com\/\",\"name\":\"Nettali.com\",\"description\":\"Le rendez-vous critique du Net\",\"potentialAction\":[{\"@type\":\"SearchAction\",\"target\":{\"@type\":\"EntryPoint\",\"urlTemplate\":\"https:\/\/www.nettali.com\/?s={search_term_string}\"},\"query-input\":\"required name=search_term_string\"}],\"inLanguage\":\"fr-FR\"},{\"@type\":\"ImageObject\",\"@id\":\"https:\/\/www.nettali.com\/2021\/03\/09\/c1-neymar-forfait-contre-barca\/#primaryimage\",\"inLanguage\":\"fr-FR\",\"url\":\"https:\/\/www.nettali.com\/wp-content\/uploads\/2021\/03\/2992441-61404548-2560-1440.jpg\",\"contentUrl\":\"https:\/\/www.nettali.com\/wp-content\/uploads\/2021\/03\/2992441-61404548-2560-1440.jpg\",\"width\":1200,\"height\":675},{\"@type\":\"WebPage\",\"@id\":\"https:\/\/www.nettali.com\/2021\/03\/09\/c1-neymar-forfait-contre-barca\/#webpage\",\"url\":\"https:\/\/www.nettali.com\/2021\/03\/09\/c1-neymar-forfait-contre-barca\/\",\"name\":\"C1 - Neymar forfait contre Bar\\u00e7a! | Nettali.com\",\"isPartOf\":{\"@id\":\"https:\/\/www.nettali.com\/#website\"},\"primaryImageOfPage\":{\"@id\":\"https:\/\/www.nettali.com\/2021\/03\/09\/c1-neymar-forfait-contre-barca\/#primaryimage\"},\"datePublished\":\"2021-03-09T21:12:55+00:00\",\"dateModified\":\"2021-03-09T21:12:55+00:00\",\"author\":{\"@id\":\"https:\/\/www.nettali.com\/#\/schema\/person\/bb147657c2986240405a608162b9bb23\"},\"breadcrumb\":{\"@id\":\"https:\/\/www.nettali.com\/2021\/03\/09\/c1-neymar-forfait-contre-barca\/#breadcrumb\"},\"inLanguage\":\"fr-FR\",\"potentialAction\":[{\"@type\":\"ReadAction\",\"target\":[\"https:\/\/www.nettali.com\/2021\/03\/09\/c1-neymar-forfait-contre-barca\/\"]}]},{\"@type\":\"BreadcrumbList\",\"@id\":\"https:\/\/www.nettali.com\/2021\/03\/09\/c1-neymar-forfait-contre-barca\/#breadcrumb\",\"itemListElement\":[{\"@type\":\"ListItem\",\"position\":1,\"name\":\"Accueil\",\"item\":\"https:\/\/www.nettali.com\/\"},{\"@type\":\"ListItem\",\"position\":2,\"name\":\"C1 &#8211; Neymar forfait contre Bar\\u00e7a!\"}]},{\"@type\":\"Person\",\"@id\":\"https:\/\/www.nettali.com\/#\/schema\/person\/bb147657c2986240405a608162b9bb23\",\"name\":\"Ibrahima\",\"image\":{\"@type\":\"ImageObject\",\"@id\":\"https:\/\/www.nettali.com\/#personlogo\",\"inLanguage\":\"fr-FR\",\"url\":\"https:\/\/secure.gravatar.com\/avatar\/26a8a81f09f0dd7624c9d5c36c9ba3a2?s=96&d=mm&r=g\",\"contentUrl\":\"https:\/\/secure.gravatar.com\/avatar\/26a8a81f09f0dd7624c9d5c36c9ba3a2?s=96&d=mm&r=g\",\"caption\":\"Ibrahima\"},\"sameAs\":[\"https:\/\/www.nettali.com\"]}]}<\/script>\n<!-- \/ Yoast SEO Premium plugin. -->","yoast_head_json":{"title":"C1 - Neymar forfait contre Bar\u00e7a! | Nettali.com","robots":{"index":"index","follow":"follow","max-snippet":"max-snippet:-1","max-image-preview":"max-image-preview:large","max-video-preview":"max-video-preview:-1"},"canonical":"https:\/\/www.nettali.com\/2021\/03\/09\/c1-neymar-forfait-contre-barca\/","og_locale":"fr_FR","og_type":"article","og_title":"C1 - Neymar forfait contre Bar\u00e7a!","og_description":"NETTALI.COM - Le Paris Saint-Germain va affronter le Bar\u00e7a mercredi en huiti\u00e8me de finale retour de C1 sans Neymar. En effet, le PSG a annonc\u00e9 ce mardi que le meneur br\u00e9silien est \"non disponible\" et ne pourra donc pas participer \u00e0 la rencontre au Parc des princes. Alors qu'un certain optimiste r\u00e9gnait ces derniers jours [&hellip;]","og_url":"https:\/\/www.nettali.com\/2021\/03\/09\/c1-neymar-forfait-contre-barca\/","og_site_name":"Nettali.com","article_publisher":"https:\/\/www.facebook.com\/nettalicom","article_published_time":"2021-03-09T21:12:55+00:00","og_image":[{"width":1200,"height":675,"url":"https:\/\/www.nettali.com\/wp-content\/uploads\/2021\/03\/2992441-61404548-2560-1440.jpg","type":"image\/jpeg"}],"twitter_card":"summary_large_image","twitter_misc":{"\u00c9crit par":"Ibrahima","Dur\u00e9e de lecture estim\u00e9e":"1 minute"},"schema":{"@context":"https:\/\/schema.org","@graph":[{"@type":"WebSite","@id":"https:\/\/www.nettali.com\/#website","url":"https:\/\/www.nettali.com\/","name":"Nettali.com","description":"Le rendez-vous critique du Net","potentialAction":[{"@type":"SearchAction","target":{"@type":"EntryPoint","urlTemplate":"https:\/\/www.nettali.com\/?s={search_term_string}"},"query-input":"required name=search_term_string"}],"inLanguage":"fr-FR"},{"@type":"ImageObject","@id":"https:\/\/www.nettali.com\/2021\/03\/09\/c1-neymar-forfait-contre-barca\/#primaryimage","inLanguage":"fr-FR","url":"https:\/\/www.nettali.com\/wp-content\/uploads\/2021\/03\/2992441-61404548-2560-1440.jpg","contentUrl":"https:\/\/www.nettali.com\/wp-content\/uploads\/2021\/03\/2992441-61404548-2560-1440.jpg","width":1200,"height":675},{"@type":"WebPage","@id":"https:\/\/www.nettali.com\/2021\/03\/09\/c1-neymar-forfait-contre-barca\/#webpage","url":"https:\/\/www.nettali.com\/2021\/03\/09\/c1-neymar-forfait-contre-barca\/","name":"C1 - Neymar forfait contre Bar\u00e7a! | Nettali.com","isPartOf":{"@id":"https:\/\/www.nettali.com\/#website"},"primaryImageOfPage":{"@id":"https:\/\/www.nettali.com\/2021\/03\/09\/c1-neymar-forfait-contre-barca\/#primaryimage"},"datePublished":"2021-03-09T21:12:55+00:00","dateModified":"2021-03-09T21:12:55+00:00","author":{"@id":"https:\/\/www.nettali.com\/#\/schema\/person\/bb147657c2986240405a608162b9bb23"},"breadcrumb":{"@id":"https:\/\/www.nettali.com\/2021\/03\/09\/c1-neymar-forfait-contre-barca\/#breadcrumb"},"inLanguage":"fr-FR","potentialAction":[{"@type":"ReadAction","target":["https:\/\/www.nettali.com\/2021\/03\/09\/c1-neymar-forfait-contre-barca\/"]}]},{"@type":"BreadcrumbList","@id":"https:\/\/www.nettali.com\/2021\/03\/09\/c1-neymar-forfait-contre-barca\/#breadcrumb","itemListElement":[{"@type":"ListItem","position":1,"name":"Accueil","item":"https:\/\/www.nettali.com\/"},{"@type":"ListItem","position":2,"name":"C1 &#8211; Neymar forfait contre Bar\u00e7a!"}]},{"@type":"Person","@id":"https:\/\/www.nettali.com\/#\/schema\/person\/bb147657c2986240405a608162b9bb23","name":"Ibrahima","image":{"@type":"ImageObject","@id":"https:\/\/www.nettali.com\/#personlogo","inLanguage":"fr-FR","url":"https:\/\/secure.gravatar.com\/avatar\/26a8a81f09f0dd7624c9d5c36c9ba3a2?s=96&d=mm&r=g","contentUrl":"https:\/\/secure.gravatar.com\/avatar\/26a8a81f09f0dd7624c9d5c36c9ba3a2?s=96&d=mm&r=g","caption":"Ibrahima"},"sameAs":["https:\/\/www.nettali.com"]}]}},"_links":{"self":[{"href":"https:\/\/www.nettali.com\/rest\/wp\/v2\/posts\/59518"}],"collection":[{"href":"https:\/\/www.nettali.com\/rest\/wp\/v2\/posts"}],"about":[{"href":"https:\/\/www.nettali.com\/rest\/wp\/v2\/types\/post"}],"author":[{"embeddable":true,"href":"https:\/\/www.nettali.com\/rest\/wp\/v2\/users\/5"}],"replies":[{"embeddable":true,"href":"https:\/\/www.nettali.com\/rest\/wp\/v2\/comments?post=59518"}],"version-history":[{"count":3,"href":"https:\/\/www.nettali.com\/rest\/wp\/v2\/posts\/59518\/revisions"}],"predecessor-version":[{"id":59527,"href":"https:\/\/www.nettali.com\/rest\/wp\/v2\/posts\/59518\/revisions\/59527"}],"wp:featuredmedia":[{"embeddable":true,"href":"https:\/\/www.nettali.com\/rest\/wp\/v2\/media\/59521"}],"wp:attachment":[{"href":"https:\/\/www.nettali.com\/rest\/wp\/v2\/media?parent=59518"}],"wp:term":[{"taxonomy":"category","embeddable":true,"href":"https:\/\/www.nettali.com\/rest\/wp\/v2\/categories?post=59518"},{"taxonomy":"post_tag","embeddable":true,"href":"https:\/\/www.nettali.com\/rest\/wp\/v2\/tags?post=59518"}],"curies":[{"name":"wp","href":"https:\/\/api.w.org\/{rel}","templated":true}]}}