{"id":59508,"date":"2021-03-09T21:20:44","date_gmt":"2021-03-09T21:20:44","guid":{"rendered":"https:\/\/www.nettali.com\/?p=59508"},"modified":"2021-03-09T21:20:44","modified_gmt":"2021-03-09T21:20:44","slug":"manifestations-au-senegal-les-femmes-appellent-au-calme-et-a-la-serenite","status":"publish","type":"post","link":"https:\/\/www.nettali.com\/2021\/03\/09\/manifestations-au-senegal-les-femmes-appellent-au-calme-et-a-la-serenite\/","title":{"rendered":"MANIFESTATIONS AU SENEGAL - Les femmes appellent au calme et \u00e0 la s\u00e9r\u00e9nit\u00e9"},"content":{"rendered":"<p><strong>NETTALI.COM - Au lendemain des sc\u00e8nes de violence, qui ont failli menacer la stabilit\u00e9 du S\u00e9n\u00e9gal, cons\u00e9cutivement \u00e0 l'arrestation de Ousmane Sonko,\u00a0 les Femmes, unies pour la paix et la stabilit\u00e9 de la nation montent au cr\u00e9neau et appellent au calme.\u00a0<\/strong><\/p>\n<p>M\u00eame si le calme est revenu, c\u2019est un secret de Polichinelle de dire que le S\u00e9n\u00e9gal \u00e9tait secou\u00e9, ces derniers jours, par une crise sans pr\u00e9c\u00e9dent qui a fini de menacer notre stabilit\u00e9. De nombreuses manifestations orchestr\u00e9es dans la capitale et dans plusieurs localit\u00e9s du pays ont occasionn\u00e9 des morts d\u2019hommes, des sc\u00e8nes de pillage et de saccage de biens publics et priv\u00e9s. Les Femmes, unies pour la paix et la stabilit\u00e9 de la nation, marquent leur d\u00e9sapprobation face \u00e0 cette situation.<\/p>\n<p>Cela, apr\u00e8s qu\u2019elles ont pri\u00e9 pour la m\u00e9moire des d\u00e9funts. Elles demandent aux manifestants de savoir raison garder afin d\u2019aider \u00e0 pr\u00e9server le vivre ensemble.<\/p>\n<p>Aux organisations de la soci\u00e9t\u00e9 civile, elles demandent de rester vigilantes et de demeurer \u00e0 \u00e9gale distance de toutes les parties pour mieux jouer leur r\u00f4le de sentinelles.<\/p>\n<p>Quant aux acteurs politiques, ils sont appel\u00e9s \u00e0 freiner les ardeurs guerri\u00e8res des militants en mettant en avant l\u2019int\u00e9r\u00eat supr\u00eame de la nation et notre devoir de perp\u00e9tuer le legs de nos anc\u00eatres.<\/p>\n<p>En outre, les femmes invitent toutes les forces vives de la nation \u00e0 s\u2019\u00e9riger en remparts de la d\u00e9mocratie et de la coh\u00e9sion nationale en promouvant la paix et le dialogue.<\/p>\n<p>De m\u00eame, elles exhortent le chef de l\u2019Etat, d\u00e9tenteur de la l\u00e9galit\u00e9 constitutionnelle et garant de l\u2019Etat de droit, \u00e0 encadrer le droit des populations \u00e0 manifester et \u00e0 faire une adresse \u00e0 la nation en ces moments de doute et d\u2019incertitude pour apaiser les c\u0153urs.<\/p>\n<div class='share-to-whatsapp-wrapper'><div class='share-on-whsp'>PARTAGER SUR : <\/div><a data-text='MANIFESTATIONS AU SENEGAL - Les femmes appellent au calme et \u00e0 la s\u00e9r\u00e9nit\u00e9' data-link='https:\/\/www.nettali.com\/2021\/03\/09\/manifestations-au-senegal-les-femmes-appellent-au-calme-et-a-la-serenite\/' class='whatsapp-button whatsapp-share'>WhatsApp<\/a><div class='clear '><\/div><\/div>","protected":false},"excerpt":{"rendered":"<p>NETTALI.COM - Au lendemain des sc\u00e8nes de violence, qui ont failli menacer la stabilit\u00e9 du S\u00e9n\u00e9gal, cons\u00e9cutivement \u00e0 l'arrestation de Ousmane Sonko,\u00a0 les Femmes, unies pour la paix et la stabilit\u00e9 de la nation montent au cr\u00e9neau et appellent au calme.\u00a0 M\u00eame si le calme est revenu, c\u2019est un secret de Polichinelle de dire que [&hellip;]<\/p>\n","protected":false},"author":6,"featured_media":59121,"comment_status":"open","ping_status":"open","sticky":false,"template":"","format":"standard","meta":{"_et_pb_use_builder":"","_et_pb_old_content":""},"categories":[2],"tags":[],"yoast_head":"<!-- This site is optimized with the Yoast SEO Premium plugin v17.8 (Yoast SEO v17.8) - https:\/\/yoast.com\/wordpress\/plugins\/seo\/ -->\n<title>MANIFESTATIONS AU SENEGAL - Les femmes appellent au calme et \u00e0 la s\u00e9r\u00e9nit\u00e9 | Nettali.com<\/title>\n<meta name=\"robots\" content=\"index, follow, max-snippet:-1, max-image-preview:large, max-video-preview:-1\" \/>\n<link rel=\"canonical\" href=\"https:\/\/www.nettali.com\/2021\/03\/09\/manifestations-au-senegal-les-femmes-appellent-au-calme-et-a-la-serenite\/\" \/>\n<meta property=\"og:locale\" content=\"fr_FR\" \/>\n<meta property=\"og:type\" content=\"article\" \/>\n<meta property=\"og:title\" content=\"MANIFESTATIONS AU SENEGAL - Les femmes appellent au calme et \u00e0 la s\u00e9r\u00e9nit\u00e9\" \/>\n<meta property=\"og:description\" content=\"NETTALI.COM - Au lendemain des sc\u00e8nes de violence, qui ont failli menacer la stabilit\u00e9 du S\u00e9n\u00e9gal, cons\u00e9cutivement \u00e0 l&#039;arrestation de Ousmane Sonko,\u00a0 les Femmes, unies pour la paix et la stabilit\u00e9 de la nation montent au cr\u00e9neau et appellent au calme.\u00a0 M\u00eame si le calme est revenu, c\u2019est un secret de Polichinelle de dire que [&hellip;]\" \/>\n<meta property=\"og:url\" content=\"https:\/\/www.nettali.com\/2021\/03\/09\/manifestations-au-senegal-les-femmes-appellent-au-calme-et-a-la-serenite\/\" \/>\n<meta property=\"og:site_name\" content=\"Nettali.com\" \/>\n<meta property=\"article:publisher\" content=\"https:\/\/www.facebook.com\/nettalicom\" \/>\n<meta property=\"article:published_time\" content=\"2021-03-09T21:20:44+00:00\" \/>\n<meta property=\"og:image\" content=\"https:\/\/www.nettali.com\/wp-content\/uploads\/2021\/03\/Screenshot_20210305-213119-1.jpg\" \/>\n\t<meta property=\"og:image:width\" content=\"720\" \/>\n\t<meta property=\"og:image:height\" content=\"522\" \/>\n<meta name=\"twitter:card\" content=\"summary_large_image\" \/>\n<meta name=\"twitter:label1\" content=\"\u00c9crit par\" \/>\n\t<meta name=\"twitter:data1\" content=\"Fatou\" \/>\n\t<meta name=\"twitter:label2\" content=\"Dur\u00e9e de lecture estim\u00e9e\" \/>\n\t<meta name=\"twitter:data2\" content=\"2 minutes\" \/>\n<script type=\"application\/ld+json\" class=\"yoast-schema-graph\">{\"@context\":\"https:\/\/schema.org\",\"@graph\":[{\"@type\":\"WebSite\",\"@id\":\"https:\/\/www.nettali.com\/#website\",\"url\":\"https:\/\/www.nettali.com\/\",\"name\":\"Nettali.com\",\"description\":\"Le rendez-vous critique du Net\",\"potentialAction\":[{\"@type\":\"SearchAction\",\"target\":{\"@type\":\"EntryPoint\",\"urlTemplate\":\"https:\/\/www.nettali.com\/?s={search_term_string}\"},\"query-input\":\"required name=search_term_string\"}],\"inLanguage\":\"fr-FR\"},{\"@type\":\"ImageObject\",\"@id\":\"https:\/\/www.nettali.com\/2021\/03\/09\/manifestations-au-senegal-les-femmes-appellent-au-calme-et-a-la-serenite\/#primaryimage\",\"inLanguage\":\"fr-FR\",\"url\":\"https:\/\/www.nettali.com\/wp-content\/uploads\/2021\/03\/Screenshot_20210305-213119-1.jpg\",\"contentUrl\":\"https:\/\/www.nettali.com\/wp-content\/uploads\/2021\/03\/Screenshot_20210305-213119-1.jpg\",\"width\":720,\"height\":522},{\"@type\":\"WebPage\",\"@id\":\"https:\/\/www.nettali.com\/2021\/03\/09\/manifestations-au-senegal-les-femmes-appellent-au-calme-et-a-la-serenite\/#webpage\",\"url\":\"https:\/\/www.nettali.com\/2021\/03\/09\/manifestations-au-senegal-les-femmes-appellent-au-calme-et-a-la-serenite\/\",\"name\":\"MANIFESTATIONS AU SENEGAL - Les femmes appellent au calme et \\u00e0 la s\\u00e9r\\u00e9nit\\u00e9 | Nettali.com\",\"isPartOf\":{\"@id\":\"https:\/\/www.nettali.com\/#website\"},\"primaryImageOfPage\":{\"@id\":\"https:\/\/www.nettali.com\/2021\/03\/09\/manifestations-au-senegal-les-femmes-appellent-au-calme-et-a-la-serenite\/#primaryimage\"},\"datePublished\":\"2021-03-09T21:20:44+00:00\",\"dateModified\":\"2021-03-09T21:20:44+00:00\",\"author\":{\"@id\":\"https:\/\/www.nettali.com\/#\/schema\/person\/418274a86bdf87caff7a3ef476bd0bbf\"},\"breadcrumb\":{\"@id\":\"https:\/\/www.nettali.com\/2021\/03\/09\/manifestations-au-senegal-les-femmes-appellent-au-calme-et-a-la-serenite\/#breadcrumb\"},\"inLanguage\":\"fr-FR\",\"potentialAction\":[{\"@type\":\"ReadAction\",\"target\":[\"https:\/\/www.nettali.com\/2021\/03\/09\/manifestations-au-senegal-les-femmes-appellent-au-calme-et-a-la-serenite\/\"]}]},{\"@type\":\"BreadcrumbList\",\"@id\":\"https:\/\/www.nettali.com\/2021\/03\/09\/manifestations-au-senegal-les-femmes-appellent-au-calme-et-a-la-serenite\/#breadcrumb\",\"itemListElement\":[{\"@type\":\"ListItem\",\"position\":1,\"name\":\"Accueil\",\"item\":\"https:\/\/www.nettali.com\/\"},{\"@type\":\"ListItem\",\"position\":2,\"name\":\"MANIFESTATIONS AU SENEGAL &#8211; Les femmes appellent au calme et \\u00e0 la s\\u00e9r\\u00e9nit\\u00e9\"}]},{\"@type\":\"Person\",\"@id\":\"https:\/\/www.nettali.com\/#\/schema\/person\/418274a86bdf87caff7a3ef476bd0bbf\",\"name\":\"Fatou\",\"image\":{\"@type\":\"ImageObject\",\"@id\":\"https:\/\/www.nettali.com\/#personlogo\",\"inLanguage\":\"fr-FR\",\"url\":\"https:\/\/secure.gravatar.com\/avatar\/5a9442a2bee7b4dcf167cab035858e9a?s=96&d=mm&r=g\",\"contentUrl\":\"https:\/\/secure.gravatar.com\/avatar\/5a9442a2bee7b4dcf167cab035858e9a?s=96&d=mm&r=g\",\"caption\":\"Fatou\"},\"sameAs\":[\"https:\/\/www.nettali.com\"]}]}<\/script>\n<!-- \/ Yoast SEO Premium plugin. -->","yoast_head_json":{"title":"MANIFESTATIONS AU SENEGAL - Les femmes appellent au calme et \u00e0 la s\u00e9r\u00e9nit\u00e9 | Nettali.com","robots":{"index":"index","follow":"follow","max-snippet":"max-snippet:-1","max-image-preview":"max-image-preview:large","max-video-preview":"max-video-preview:-1"},"canonical":"https:\/\/www.nettali.com\/2021\/03\/09\/manifestations-au-senegal-les-femmes-appellent-au-calme-et-a-la-serenite\/","og_locale":"fr_FR","og_type":"article","og_title":"MANIFESTATIONS AU SENEGAL - Les femmes appellent au calme et \u00e0 la s\u00e9r\u00e9nit\u00e9","og_description":"NETTALI.COM - Au lendemain des sc\u00e8nes de violence, qui ont failli menacer la stabilit\u00e9 du S\u00e9n\u00e9gal, cons\u00e9cutivement \u00e0 l'arrestation de Ousmane Sonko,\u00a0 les Femmes, unies pour la paix et la stabilit\u00e9 de la nation montent au cr\u00e9neau et appellent au calme.\u00a0 M\u00eame si le calme est revenu, c\u2019est un secret de Polichinelle de dire que [&hellip;]","og_url":"https:\/\/www.nettali.com\/2021\/03\/09\/manifestations-au-senegal-les-femmes-appellent-au-calme-et-a-la-serenite\/","og_site_name":"Nettali.com","article_publisher":"https:\/\/www.facebook.com\/nettalicom","article_published_time":"2021-03-09T21:20:44+00:00","og_image":[{"width":720,"height":522,"url":"https:\/\/www.nettali.com\/wp-content\/uploads\/2021\/03\/Screenshot_20210305-213119-1.jpg","type":"image\/jpeg"}],"twitter_card":"summary_large_image","twitter_misc":{"\u00c9crit par":"Fatou","Dur\u00e9e de lecture estim\u00e9e":"2 minutes"},"schema":{"@context":"https:\/\/schema.org","@graph":[{"@type":"WebSite","@id":"https:\/\/www.nettali.com\/#website","url":"https:\/\/www.nettali.com\/","name":"Nettali.com","description":"Le rendez-vous critique du Net","potentialAction":[{"@type":"SearchAction","target":{"@type":"EntryPoint","urlTemplate":"https:\/\/www.nettali.com\/?s={search_term_string}"},"query-input":"required name=search_term_string"}],"inLanguage":"fr-FR"},{"@type":"ImageObject","@id":"https:\/\/www.nettali.com\/2021\/03\/09\/manifestations-au-senegal-les-femmes-appellent-au-calme-et-a-la-serenite\/#primaryimage","inLanguage":"fr-FR","url":"https:\/\/www.nettali.com\/wp-content\/uploads\/2021\/03\/Screenshot_20210305-213119-1.jpg","contentUrl":"https:\/\/www.nettali.com\/wp-content\/uploads\/2021\/03\/Screenshot_20210305-213119-1.jpg","width":720,"height":522},{"@type":"WebPage","@id":"https:\/\/www.nettali.com\/2021\/03\/09\/manifestations-au-senegal-les-femmes-appellent-au-calme-et-a-la-serenite\/#webpage","url":"https:\/\/www.nettali.com\/2021\/03\/09\/manifestations-au-senegal-les-femmes-appellent-au-calme-et-a-la-serenite\/","name":"MANIFESTATIONS AU SENEGAL - Les femmes appellent au calme et \u00e0 la s\u00e9r\u00e9nit\u00e9 | Nettali.com","isPartOf":{"@id":"https:\/\/www.nettali.com\/#website"},"primaryImageOfPage":{"@id":"https:\/\/www.nettali.com\/2021\/03\/09\/manifestations-au-senegal-les-femmes-appellent-au-calme-et-a-la-serenite\/#primaryimage"},"datePublished":"2021-03-09T21:20:44+00:00","dateModified":"2021-03-09T21:20:44+00:00","author":{"@id":"https:\/\/www.nettali.com\/#\/schema\/person\/418274a86bdf87caff7a3ef476bd0bbf"},"breadcrumb":{"@id":"https:\/\/www.nettali.com\/2021\/03\/09\/manifestations-au-senegal-les-femmes-appellent-au-calme-et-a-la-serenite\/#breadcrumb"},"inLanguage":"fr-FR","potentialAction":[{"@type":"ReadAction","target":["https:\/\/www.nettali.com\/2021\/03\/09\/manifestations-au-senegal-les-femmes-appellent-au-calme-et-a-la-serenite\/"]}]},{"@type":"BreadcrumbList","@id":"https:\/\/www.nettali.com\/2021\/03\/09\/manifestations-au-senegal-les-femmes-appellent-au-calme-et-a-la-serenite\/#breadcrumb","itemListElement":[{"@type":"ListItem","position":1,"name":"Accueil","item":"https:\/\/www.nettali.com\/"},{"@type":"ListItem","position":2,"name":"MANIFESTATIONS AU SENEGAL &#8211; Les femmes appellent au calme et \u00e0 la s\u00e9r\u00e9nit\u00e9"}]},{"@type":"Person","@id":"https:\/\/www.nettali.com\/#\/schema\/person\/418274a86bdf87caff7a3ef476bd0bbf","name":"Fatou","image":{"@type":"ImageObject","@id":"https:\/\/www.nettali.com\/#personlogo","inLanguage":"fr-FR","url":"https:\/\/secure.gravatar.com\/avatar\/5a9442a2bee7b4dcf167cab035858e9a?s=96&d=mm&r=g","contentUrl":"https:\/\/secure.gravatar.com\/avatar\/5a9442a2bee7b4dcf167cab035858e9a?s=96&d=mm&r=g","caption":"Fatou"},"sameAs":["https:\/\/www.nettali.com"]}]}},"_links":{"self":[{"href":"https:\/\/www.nettali.com\/rest\/wp\/v2\/posts\/59508"}],"collection":[{"href":"https:\/\/www.nettali.com\/rest\/wp\/v2\/posts"}],"about":[{"href":"https:\/\/www.nettali.com\/rest\/wp\/v2\/types\/post"}],"author":[{"embeddable":true,"href":"https:\/\/www.nettali.com\/rest\/wp\/v2\/users\/6"}],"replies":[{"embeddable":true,"href":"https:\/\/www.nettali.com\/rest\/wp\/v2\/comments?post=59508"}],"version-history":[{"count":3,"href":"https:\/\/www.nettali.com\/rest\/wp\/v2\/posts\/59508\/revisions"}],"predecessor-version":[{"id":59529,"href":"https:\/\/www.nettali.com\/rest\/wp\/v2\/posts\/59508\/revisions\/59529"}],"wp:featuredmedia":[{"embeddable":true,"href":"https:\/\/www.nettali.com\/rest\/wp\/v2\/media\/59121"}],"wp:attachment":[{"href":"https:\/\/www.nettali.com\/rest\/wp\/v2\/media?parent=59508"}],"wp:term":[{"taxonomy":"category","embeddable":true,"href":"https:\/\/www.nettali.com\/rest\/wp\/v2\/categories?post=59508"},{"taxonomy":"post_tag","embeddable":true,"href":"https:\/\/www.nettali.com\/rest\/wp\/v2\/tags?post=59508"}],"curies":[{"name":"wp","href":"https:\/\/api.w.org\/{rel}","templated":true}]}}