{"id":59506,"date":"2021-03-09T13:39:52","date_gmt":"2021-03-09T13:39:52","guid":{"rendered":"https:\/\/www.nettali.com\/?p=59506"},"modified":"2021-03-09T13:39:52","modified_gmt":"2021-03-09T13:39:52","slug":"tensions-sociales-le-m2d-suspend-ses-manifestations","status":"publish","type":"post","link":"https:\/\/www.nettali.com\/2021\/03\/09\/tensions-sociales-le-m2d-suspend-ses-manifestations\/","title":{"rendered":"TENSIONS SOCIALES - Le M2D suspend ses manifestations !"},"content":{"rendered":"<p><b>NETTALI.COM - Le Mouvement pour la D\u00e9fense de la D\u00e9mocratie (M2D) met un terme \u00e0 ses trois jours de manifestations<\/b>.<\/p>\n<p>\"Le Mouvement pour la D\u00e9fense de la D\u00e9mocratie (M2D) informe le peuple s\u00e9n\u00e9galais que<em> les manifestations pr\u00e9vues les 9 et 10 mars sont suspendues. Tenant compte des d\u00e9veloppements r\u00e9cents, le mouvement tiendra une conf\u00e9rence de presse ce mardi \u00e0 17h au Si\u00e8ge du Pastef et se prononcera sur la suite de la lutte<\/em>\", informe le communiqu\u00e9 dont nous avons copie.<\/p>\n<p>\"Lors de ce point de presse, le M2D \" <em>r\u00e9affirmera en particulier ses exigences fortes dont la lib\u00e9ration imm\u00e9diate et sans condition de tous les prisonniers politiques. Le <\/em><em>Mouvement annoncera aussi son plan d\u2019action et un nouveau mot d\u2019ordre concernant la date, le lieu et la forme des prochaines manifestations<\/em>\", ajoute le document.<\/p>\n<div class='share-to-whatsapp-wrapper'><div class='share-on-whsp'>PARTAGER SUR : <\/div><a data-text='TENSIONS SOCIALES - Le M2D suspend ses manifestations !' data-link='https:\/\/www.nettali.com\/2021\/03\/09\/tensions-sociales-le-m2d-suspend-ses-manifestations\/' class='whatsapp-button whatsapp-share'>WhatsApp<\/a><div class='clear '><\/div><\/div>","protected":false},"excerpt":{"rendered":"<p>NETTALI.COM - Le Mouvement pour la D\u00e9fense de la D\u00e9mocratie (M2D) met un terme \u00e0 ses trois jours de manifestations. \"Le Mouvement pour la D\u00e9fense de la D\u00e9mocratie (M2D) informe le peuple s\u00e9n\u00e9galais que les manifestations pr\u00e9vues les 9 et 10 mars sont suspendues. Tenant compte des d\u00e9veloppements r\u00e9cents, le mouvement tiendra une conf\u00e9rence de [&hellip;]<\/p>\n","protected":false},"author":5,"featured_media":58837,"comment_status":"open","ping_status":"open","sticky":false,"template":"","format":"standard","meta":{"_et_pb_use_builder":"","_et_pb_old_content":""},"categories":[3],"tags":[],"yoast_head":"<!-- This site is optimized with the Yoast SEO Premium plugin v17.8 (Yoast SEO v17.8) - https:\/\/yoast.com\/wordpress\/plugins\/seo\/ -->\n<title>TENSIONS SOCIALES - Le M2D suspend ses manifestations ! | Nettali.com<\/title>\n<meta name=\"robots\" content=\"index, follow, max-snippet:-1, max-image-preview:large, max-video-preview:-1\" \/>\n<link rel=\"canonical\" href=\"https:\/\/www.nettali.com\/2021\/03\/09\/tensions-sociales-le-m2d-suspend-ses-manifestations\/\" \/>\n<meta property=\"og:locale\" content=\"fr_FR\" \/>\n<meta property=\"og:type\" content=\"article\" \/>\n<meta property=\"og:title\" content=\"TENSIONS SOCIALES - Le M2D suspend ses manifestations !\" \/>\n<meta property=\"og:description\" content=\"NETTALI.COM - Le Mouvement pour la D\u00e9fense de la D\u00e9mocratie (M2D) met un terme \u00e0 ses trois jours de manifestations. &quot;Le Mouvement pour la D\u00e9fense de la D\u00e9mocratie (M2D) informe le peuple s\u00e9n\u00e9galais que les manifestations pr\u00e9vues les 9 et 10 mars sont suspendues. Tenant compte des d\u00e9veloppements r\u00e9cents, le mouvement tiendra une conf\u00e9rence de [&hellip;]\" \/>\n<meta property=\"og:url\" content=\"https:\/\/www.nettali.com\/2021\/03\/09\/tensions-sociales-le-m2d-suspend-ses-manifestations\/\" \/>\n<meta property=\"og:site_name\" content=\"Nettali.com\" \/>\n<meta property=\"article:publisher\" content=\"https:\/\/www.facebook.com\/nettalicom\" \/>\n<meta property=\"article:published_time\" content=\"2021-03-09T13:39:52+00:00\" \/>\n<meta property=\"og:image\" content=\"https:\/\/www.nettali.com\/wp-content\/uploads\/2021\/03\/54386321-40960129.jpg\" \/>\n\t<meta property=\"og:image:width\" content=\"698\" \/>\n\t<meta property=\"og:image:height\" content=\"429\" \/>\n<meta name=\"twitter:card\" content=\"summary_large_image\" \/>\n<meta name=\"twitter:label1\" content=\"\u00c9crit par\" \/>\n\t<meta name=\"twitter:data1\" content=\"Ibrahima\" \/>\n\t<meta name=\"twitter:label2\" content=\"Dur\u00e9e de lecture estim\u00e9e\" \/>\n\t<meta name=\"twitter:data2\" content=\"1 minute\" \/>\n<script type=\"application\/ld+json\" class=\"yoast-schema-graph\">{\"@context\":\"https:\/\/schema.org\",\"@graph\":[{\"@type\":\"WebSite\",\"@id\":\"https:\/\/www.nettali.com\/#website\",\"url\":\"https:\/\/www.nettali.com\/\",\"name\":\"Nettali.com\",\"description\":\"Le rendez-vous critique du Net\",\"potentialAction\":[{\"@type\":\"SearchAction\",\"target\":{\"@type\":\"EntryPoint\",\"urlTemplate\":\"https:\/\/www.nettali.com\/?s={search_term_string}\"},\"query-input\":\"required name=search_term_string\"}],\"inLanguage\":\"fr-FR\"},{\"@type\":\"ImageObject\",\"@id\":\"https:\/\/www.nettali.com\/2021\/03\/09\/tensions-sociales-le-m2d-suspend-ses-manifestations\/#primaryimage\",\"inLanguage\":\"fr-FR\",\"url\":\"https:\/\/www.nettali.com\/wp-content\/uploads\/2021\/03\/54386321-40960129.jpg\",\"contentUrl\":\"https:\/\/www.nettali.com\/wp-content\/uploads\/2021\/03\/54386321-40960129.jpg\",\"width\":698,\"height\":429},{\"@type\":\"WebPage\",\"@id\":\"https:\/\/www.nettali.com\/2021\/03\/09\/tensions-sociales-le-m2d-suspend-ses-manifestations\/#webpage\",\"url\":\"https:\/\/www.nettali.com\/2021\/03\/09\/tensions-sociales-le-m2d-suspend-ses-manifestations\/\",\"name\":\"TENSIONS SOCIALES - Le M2D suspend ses manifestations ! | Nettali.com\",\"isPartOf\":{\"@id\":\"https:\/\/www.nettali.com\/#website\"},\"primaryImageOfPage\":{\"@id\":\"https:\/\/www.nettali.com\/2021\/03\/09\/tensions-sociales-le-m2d-suspend-ses-manifestations\/#primaryimage\"},\"datePublished\":\"2021-03-09T13:39:52+00:00\",\"dateModified\":\"2021-03-09T13:39:52+00:00\",\"author\":{\"@id\":\"https:\/\/www.nettali.com\/#\/schema\/person\/bb147657c2986240405a608162b9bb23\"},\"breadcrumb\":{\"@id\":\"https:\/\/www.nettali.com\/2021\/03\/09\/tensions-sociales-le-m2d-suspend-ses-manifestations\/#breadcrumb\"},\"inLanguage\":\"fr-FR\",\"potentialAction\":[{\"@type\":\"ReadAction\",\"target\":[\"https:\/\/www.nettali.com\/2021\/03\/09\/tensions-sociales-le-m2d-suspend-ses-manifestations\/\"]}]},{\"@type\":\"BreadcrumbList\",\"@id\":\"https:\/\/www.nettali.com\/2021\/03\/09\/tensions-sociales-le-m2d-suspend-ses-manifestations\/#breadcrumb\",\"itemListElement\":[{\"@type\":\"ListItem\",\"position\":1,\"name\":\"Accueil\",\"item\":\"https:\/\/www.nettali.com\/\"},{\"@type\":\"ListItem\",\"position\":2,\"name\":\"TENSIONS SOCIALES &#8211; Le M2D suspend ses manifestations !\"}]},{\"@type\":\"Person\",\"@id\":\"https:\/\/www.nettali.com\/#\/schema\/person\/bb147657c2986240405a608162b9bb23\",\"name\":\"Ibrahima\",\"image\":{\"@type\":\"ImageObject\",\"@id\":\"https:\/\/www.nettali.com\/#personlogo\",\"inLanguage\":\"fr-FR\",\"url\":\"https:\/\/secure.gravatar.com\/avatar\/26a8a81f09f0dd7624c9d5c36c9ba3a2?s=96&d=mm&r=g\",\"contentUrl\":\"https:\/\/secure.gravatar.com\/avatar\/26a8a81f09f0dd7624c9d5c36c9ba3a2?s=96&d=mm&r=g\",\"caption\":\"Ibrahima\"},\"sameAs\":[\"https:\/\/www.nettali.com\"]}]}<\/script>\n<!-- \/ Yoast SEO Premium plugin. -->","yoast_head_json":{"title":"TENSIONS SOCIALES - Le M2D suspend ses manifestations ! | Nettali.com","robots":{"index":"index","follow":"follow","max-snippet":"max-snippet:-1","max-image-preview":"max-image-preview:large","max-video-preview":"max-video-preview:-1"},"canonical":"https:\/\/www.nettali.com\/2021\/03\/09\/tensions-sociales-le-m2d-suspend-ses-manifestations\/","og_locale":"fr_FR","og_type":"article","og_title":"TENSIONS SOCIALES - Le M2D suspend ses manifestations !","og_description":"NETTALI.COM - Le Mouvement pour la D\u00e9fense de la D\u00e9mocratie (M2D) met un terme \u00e0 ses trois jours de manifestations. \"Le Mouvement pour la D\u00e9fense de la D\u00e9mocratie (M2D) informe le peuple s\u00e9n\u00e9galais que les manifestations pr\u00e9vues les 9 et 10 mars sont suspendues. Tenant compte des d\u00e9veloppements r\u00e9cents, le mouvement tiendra une conf\u00e9rence de [&hellip;]","og_url":"https:\/\/www.nettali.com\/2021\/03\/09\/tensions-sociales-le-m2d-suspend-ses-manifestations\/","og_site_name":"Nettali.com","article_publisher":"https:\/\/www.facebook.com\/nettalicom","article_published_time":"2021-03-09T13:39:52+00:00","og_image":[{"width":698,"height":429,"url":"https:\/\/www.nettali.com\/wp-content\/uploads\/2021\/03\/54386321-40960129.jpg","type":"image\/jpeg"}],"twitter_card":"summary_large_image","twitter_misc":{"\u00c9crit par":"Ibrahima","Dur\u00e9e de lecture estim\u00e9e":"1 minute"},"schema":{"@context":"https:\/\/schema.org","@graph":[{"@type":"WebSite","@id":"https:\/\/www.nettali.com\/#website","url":"https:\/\/www.nettali.com\/","name":"Nettali.com","description":"Le rendez-vous critique du Net","potentialAction":[{"@type":"SearchAction","target":{"@type":"EntryPoint","urlTemplate":"https:\/\/www.nettali.com\/?s={search_term_string}"},"query-input":"required name=search_term_string"}],"inLanguage":"fr-FR"},{"@type":"ImageObject","@id":"https:\/\/www.nettali.com\/2021\/03\/09\/tensions-sociales-le-m2d-suspend-ses-manifestations\/#primaryimage","inLanguage":"fr-FR","url":"https:\/\/www.nettali.com\/wp-content\/uploads\/2021\/03\/54386321-40960129.jpg","contentUrl":"https:\/\/www.nettali.com\/wp-content\/uploads\/2021\/03\/54386321-40960129.jpg","width":698,"height":429},{"@type":"WebPage","@id":"https:\/\/www.nettali.com\/2021\/03\/09\/tensions-sociales-le-m2d-suspend-ses-manifestations\/#webpage","url":"https:\/\/www.nettali.com\/2021\/03\/09\/tensions-sociales-le-m2d-suspend-ses-manifestations\/","name":"TENSIONS SOCIALES - Le M2D suspend ses manifestations ! | Nettali.com","isPartOf":{"@id":"https:\/\/www.nettali.com\/#website"},"primaryImageOfPage":{"@id":"https:\/\/www.nettali.com\/2021\/03\/09\/tensions-sociales-le-m2d-suspend-ses-manifestations\/#primaryimage"},"datePublished":"2021-03-09T13:39:52+00:00","dateModified":"2021-03-09T13:39:52+00:00","author":{"@id":"https:\/\/www.nettali.com\/#\/schema\/person\/bb147657c2986240405a608162b9bb23"},"breadcrumb":{"@id":"https:\/\/www.nettali.com\/2021\/03\/09\/tensions-sociales-le-m2d-suspend-ses-manifestations\/#breadcrumb"},"inLanguage":"fr-FR","potentialAction":[{"@type":"ReadAction","target":["https:\/\/www.nettali.com\/2021\/03\/09\/tensions-sociales-le-m2d-suspend-ses-manifestations\/"]}]},{"@type":"BreadcrumbList","@id":"https:\/\/www.nettali.com\/2021\/03\/09\/tensions-sociales-le-m2d-suspend-ses-manifestations\/#breadcrumb","itemListElement":[{"@type":"ListItem","position":1,"name":"Accueil","item":"https:\/\/www.nettali.com\/"},{"@type":"ListItem","position":2,"name":"TENSIONS SOCIALES &#8211; Le M2D suspend ses manifestations !"}]},{"@type":"Person","@id":"https:\/\/www.nettali.com\/#\/schema\/person\/bb147657c2986240405a608162b9bb23","name":"Ibrahima","image":{"@type":"ImageObject","@id":"https:\/\/www.nettali.com\/#personlogo","inLanguage":"fr-FR","url":"https:\/\/secure.gravatar.com\/avatar\/26a8a81f09f0dd7624c9d5c36c9ba3a2?s=96&d=mm&r=g","contentUrl":"https:\/\/secure.gravatar.com\/avatar\/26a8a81f09f0dd7624c9d5c36c9ba3a2?s=96&d=mm&r=g","caption":"Ibrahima"},"sameAs":["https:\/\/www.nettali.com"]}]}},"_links":{"self":[{"href":"https:\/\/www.nettali.com\/rest\/wp\/v2\/posts\/59506"}],"collection":[{"href":"https:\/\/www.nettali.com\/rest\/wp\/v2\/posts"}],"about":[{"href":"https:\/\/www.nettali.com\/rest\/wp\/v2\/types\/post"}],"author":[{"embeddable":true,"href":"https:\/\/www.nettali.com\/rest\/wp\/v2\/users\/5"}],"replies":[{"embeddable":true,"href":"https:\/\/www.nettali.com\/rest\/wp\/v2\/comments?post=59506"}],"version-history":[{"count":3,"href":"https:\/\/www.nettali.com\/rest\/wp\/v2\/posts\/59506\/revisions"}],"predecessor-version":[{"id":59512,"href":"https:\/\/www.nettali.com\/rest\/wp\/v2\/posts\/59506\/revisions\/59512"}],"wp:featuredmedia":[{"embeddable":true,"href":"https:\/\/www.nettali.com\/rest\/wp\/v2\/media\/58837"}],"wp:attachment":[{"href":"https:\/\/www.nettali.com\/rest\/wp\/v2\/media?parent=59506"}],"wp:term":[{"taxonomy":"category","embeddable":true,"href":"https:\/\/www.nettali.com\/rest\/wp\/v2\/categories?post=59506"},{"taxonomy":"post_tag","embeddable":true,"href":"https:\/\/www.nettali.com\/rest\/wp\/v2\/tags?post=59506"}],"curies":[{"name":"wp","href":"https:\/\/api.w.org\/{rel}","templated":true}]}}