{"id":59500,"date":"2021-03-09T13:49:11","date_gmt":"2021-03-09T13:49:11","guid":{"rendered":"https:\/\/www.nettali.com\/?p=59500"},"modified":"2021-03-09T13:49:11","modified_gmt":"2021-03-09T13:49:11","slug":"crise-casamance-kamou-gueye-diatta-reagit-a-lappel-de-sonko","status":"publish","type":"post","link":"https:\/\/www.nettali.com\/2021\/03\/09\/crise-casamance-kamou-gueye-diatta-reagit-a-lappel-de-sonko\/","title":{"rendered":"CRISE CASAMANCE- Kamou Gu\u00e8ye Diatta r\u00e9agit \u00e0 l'appel de Sonko"},"content":{"rendered":"<p><strong>NETTALI. COM - Apr\u00e8s l'appel d'Ousmane Sonko au d\u00e9sarmement des rebelles de Casamance, la r\u00e9action de Kamou Gu\u00e8ye Diatta ne s'est pas fait\u00a0 attendre. L'ancien responsable du Mouvement des forces d\u00e9mocratiques de la Casamance (MFDC) est sceptique.<\/strong><\/p>\n<p>Le leader du Parti Pastef les Patriotes a, ce lundi 8 mars, lors de son adresse \u00e0 la Nation, demand\u00e9 aux rebelles de d\u00e9poser les armes d\u2019ici les 6 prochains mois. Ancien responsable du Mouvement des forces d\u00e9mocratiques de la Casamance, Kamou Gu\u00e8ye Diatta laisse entendre que cet appel de Ousmane Sonko risque de tomber dans l\u2019oreille d\u2019un sourd. Autrement dit, les rebelles ne sont pas dans les dispositions de le suivre.<\/p>\n<p>Interrog\u00e9 par la RFM, celui-ci a indiqu\u00e9 que les conditions ne sont pas encore r\u00e9unies en plus, la p\u00e9riode dont le leader du Pastef a \u00e9voqu\u00e9, est tr\u00e8s courte.<\/p>\n<p>Selon lui, les n\u00e9gociations avec les membres du MFDC \u00e9taient tr\u00e8s avanc\u00e9es mais, r\u00e9v\u00e8le-t-il, depuis que l\u2019arm\u00e9e a fait une descente l\u00e0-bas, tout a \u00e9t\u00e9 compromis. \u00ab <em>Personne ne peut contr\u00f4ler personne. Je ne peux pas dire que la situation est propice pour le retour de la paix<\/em> \u00bb.<\/p>\n<div class='share-to-whatsapp-wrapper'><div class='share-on-whsp'>PARTAGER SUR : <\/div><a data-text='CRISE CASAMANCE- Kamou Gu\u00e8ye Diatta r\u00e9agit \u00e0 l'appel de Sonko' data-link='https:\/\/www.nettali.com\/2021\/03\/09\/crise-casamance-kamou-gueye-diatta-reagit-a-lappel-de-sonko\/' class='whatsapp-button whatsapp-share'>WhatsApp<\/a><div class='clear '><\/div><\/div>","protected":false},"excerpt":{"rendered":"<p>NETTALI. COM - Apr\u00e8s l'appel d'Ousmane Sonko au d\u00e9sarmement des rebelles de Casamance, la r\u00e9action de Kamou Gu\u00e8ye Diatta ne s'est pas fait\u00a0 attendre. L'ancien responsable du Mouvement des forces d\u00e9mocratiques de la Casamance (MFDC) est sceptique. Le leader du Parti Pastef les Patriotes a, ce lundi 8 mars, lors de son adresse \u00e0 la [&hellip;]<\/p>\n","protected":false},"author":6,"featured_media":59514,"comment_status":"open","ping_status":"open","sticky":false,"template":"","format":"standard","meta":{"_et_pb_use_builder":"","_et_pb_old_content":""},"categories":[3],"tags":[],"yoast_head":"<!-- This site is optimized with the Yoast SEO Premium plugin v17.8 (Yoast SEO v17.8) - https:\/\/yoast.com\/wordpress\/plugins\/seo\/ -->\n<title>CRISE CASAMANCE- Kamou Gu\u00e8ye Diatta r\u00e9agit \u00e0 l&#039;appel de Sonko | Nettali.com<\/title>\n<meta name=\"robots\" content=\"index, follow, max-snippet:-1, max-image-preview:large, max-video-preview:-1\" \/>\n<link rel=\"canonical\" href=\"https:\/\/www.nettali.com\/2021\/03\/09\/crise-casamance-kamou-gueye-diatta-reagit-a-lappel-de-sonko\/\" \/>\n<meta property=\"og:locale\" content=\"fr_FR\" \/>\n<meta property=\"og:type\" content=\"article\" \/>\n<meta property=\"og:title\" content=\"CRISE CASAMANCE- Kamou Gu\u00e8ye Diatta r\u00e9agit \u00e0 l&#039;appel de Sonko\" \/>\n<meta property=\"og:description\" content=\"NETTALI. COM - Apr\u00e8s l&#039;appel d&#039;Ousmane Sonko au d\u00e9sarmement des rebelles de Casamance, la r\u00e9action de Kamou Gu\u00e8ye Diatta ne s&#039;est pas fait\u00a0 attendre. L&#039;ancien responsable du Mouvement des forces d\u00e9mocratiques de la Casamance (MFDC) est sceptique. Le leader du Parti Pastef les Patriotes a, ce lundi 8 mars, lors de son adresse \u00e0 la [&hellip;]\" \/>\n<meta property=\"og:url\" content=\"https:\/\/www.nettali.com\/2021\/03\/09\/crise-casamance-kamou-gueye-diatta-reagit-a-lappel-de-sonko\/\" \/>\n<meta property=\"og:site_name\" content=\"Nettali.com\" \/>\n<meta property=\"article:publisher\" content=\"https:\/\/www.facebook.com\/nettalicom\" \/>\n<meta property=\"article:published_time\" content=\"2021-03-09T13:49:11+00:00\" \/>\n<meta property=\"og:image\" content=\"https:\/\/www.nettali.com\/wp-content\/uploads\/2021\/03\/combattants_du_mouvement_des_forces_democratiques_de_casamance_mfdc_rebellion-696x391-696x421-1.jpg\" \/>\n\t<meta property=\"og:image:width\" content=\"696\" \/>\n\t<meta property=\"og:image:height\" content=\"421\" \/>\n<meta name=\"twitter:card\" content=\"summary_large_image\" \/>\n<meta name=\"twitter:label1\" content=\"\u00c9crit par\" \/>\n\t<meta name=\"twitter:data1\" content=\"Fatou\" \/>\n\t<meta name=\"twitter:label2\" content=\"Dur\u00e9e de lecture estim\u00e9e\" \/>\n\t<meta name=\"twitter:data2\" content=\"1 minute\" \/>\n<script type=\"application\/ld+json\" class=\"yoast-schema-graph\">{\"@context\":\"https:\/\/schema.org\",\"@graph\":[{\"@type\":\"WebSite\",\"@id\":\"https:\/\/www.nettali.com\/#website\",\"url\":\"https:\/\/www.nettali.com\/\",\"name\":\"Nettali.com\",\"description\":\"Le rendez-vous critique du Net\",\"potentialAction\":[{\"@type\":\"SearchAction\",\"target\":{\"@type\":\"EntryPoint\",\"urlTemplate\":\"https:\/\/www.nettali.com\/?s={search_term_string}\"},\"query-input\":\"required name=search_term_string\"}],\"inLanguage\":\"fr-FR\"},{\"@type\":\"ImageObject\",\"@id\":\"https:\/\/www.nettali.com\/2021\/03\/09\/crise-casamance-kamou-gueye-diatta-reagit-a-lappel-de-sonko\/#primaryimage\",\"inLanguage\":\"fr-FR\",\"url\":\"https:\/\/www.nettali.com\/wp-content\/uploads\/2021\/03\/combattants_du_mouvement_des_forces_democratiques_de_casamance_mfdc_rebellion-696x391-696x421-1.jpg\",\"contentUrl\":\"https:\/\/www.nettali.com\/wp-content\/uploads\/2021\/03\/combattants_du_mouvement_des_forces_democratiques_de_casamance_mfdc_rebellion-696x391-696x421-1.jpg\",\"width\":696,\"height\":421},{\"@type\":\"WebPage\",\"@id\":\"https:\/\/www.nettali.com\/2021\/03\/09\/crise-casamance-kamou-gueye-diatta-reagit-a-lappel-de-sonko\/#webpage\",\"url\":\"https:\/\/www.nettali.com\/2021\/03\/09\/crise-casamance-kamou-gueye-diatta-reagit-a-lappel-de-sonko\/\",\"name\":\"CRISE CASAMANCE- Kamou Gu\\u00e8ye Diatta r\\u00e9agit \\u00e0 l'appel de Sonko | Nettali.com\",\"isPartOf\":{\"@id\":\"https:\/\/www.nettali.com\/#website\"},\"primaryImageOfPage\":{\"@id\":\"https:\/\/www.nettali.com\/2021\/03\/09\/crise-casamance-kamou-gueye-diatta-reagit-a-lappel-de-sonko\/#primaryimage\"},\"datePublished\":\"2021-03-09T13:49:11+00:00\",\"dateModified\":\"2021-03-09T13:49:11+00:00\",\"author\":{\"@id\":\"https:\/\/www.nettali.com\/#\/schema\/person\/418274a86bdf87caff7a3ef476bd0bbf\"},\"breadcrumb\":{\"@id\":\"https:\/\/www.nettali.com\/2021\/03\/09\/crise-casamance-kamou-gueye-diatta-reagit-a-lappel-de-sonko\/#breadcrumb\"},\"inLanguage\":\"fr-FR\",\"potentialAction\":[{\"@type\":\"ReadAction\",\"target\":[\"https:\/\/www.nettali.com\/2021\/03\/09\/crise-casamance-kamou-gueye-diatta-reagit-a-lappel-de-sonko\/\"]}]},{\"@type\":\"BreadcrumbList\",\"@id\":\"https:\/\/www.nettali.com\/2021\/03\/09\/crise-casamance-kamou-gueye-diatta-reagit-a-lappel-de-sonko\/#breadcrumb\",\"itemListElement\":[{\"@type\":\"ListItem\",\"position\":1,\"name\":\"Accueil\",\"item\":\"https:\/\/www.nettali.com\/\"},{\"@type\":\"ListItem\",\"position\":2,\"name\":\"CRISE CASAMANCE- Kamou Gu\\u00e8ye Diatta r\\u00e9agit \\u00e0 l&rsquo;appel de Sonko\"}]},{\"@type\":\"Person\",\"@id\":\"https:\/\/www.nettali.com\/#\/schema\/person\/418274a86bdf87caff7a3ef476bd0bbf\",\"name\":\"Fatou\",\"image\":{\"@type\":\"ImageObject\",\"@id\":\"https:\/\/www.nettali.com\/#personlogo\",\"inLanguage\":\"fr-FR\",\"url\":\"https:\/\/secure.gravatar.com\/avatar\/5a9442a2bee7b4dcf167cab035858e9a?s=96&d=mm&r=g\",\"contentUrl\":\"https:\/\/secure.gravatar.com\/avatar\/5a9442a2bee7b4dcf167cab035858e9a?s=96&d=mm&r=g\",\"caption\":\"Fatou\"},\"sameAs\":[\"https:\/\/www.nettali.com\"]}]}<\/script>\n<!-- \/ Yoast SEO Premium plugin. -->","yoast_head_json":{"title":"CRISE CASAMANCE- Kamou Gu\u00e8ye Diatta r\u00e9agit \u00e0 l'appel de Sonko | Nettali.com","robots":{"index":"index","follow":"follow","max-snippet":"max-snippet:-1","max-image-preview":"max-image-preview:large","max-video-preview":"max-video-preview:-1"},"canonical":"https:\/\/www.nettali.com\/2021\/03\/09\/crise-casamance-kamou-gueye-diatta-reagit-a-lappel-de-sonko\/","og_locale":"fr_FR","og_type":"article","og_title":"CRISE CASAMANCE- Kamou Gu\u00e8ye Diatta r\u00e9agit \u00e0 l'appel de Sonko","og_description":"NETTALI. COM - Apr\u00e8s l'appel d'Ousmane Sonko au d\u00e9sarmement des rebelles de Casamance, la r\u00e9action de Kamou Gu\u00e8ye Diatta ne s'est pas fait\u00a0 attendre. L'ancien responsable du Mouvement des forces d\u00e9mocratiques de la Casamance (MFDC) est sceptique. Le leader du Parti Pastef les Patriotes a, ce lundi 8 mars, lors de son adresse \u00e0 la [&hellip;]","og_url":"https:\/\/www.nettali.com\/2021\/03\/09\/crise-casamance-kamou-gueye-diatta-reagit-a-lappel-de-sonko\/","og_site_name":"Nettali.com","article_publisher":"https:\/\/www.facebook.com\/nettalicom","article_published_time":"2021-03-09T13:49:11+00:00","og_image":[{"width":696,"height":421,"url":"https:\/\/www.nettali.com\/wp-content\/uploads\/2021\/03\/combattants_du_mouvement_des_forces_democratiques_de_casamance_mfdc_rebellion-696x391-696x421-1.jpg","type":"image\/jpeg"}],"twitter_card":"summary_large_image","twitter_misc":{"\u00c9crit par":"Fatou","Dur\u00e9e de lecture estim\u00e9e":"1 minute"},"schema":{"@context":"https:\/\/schema.org","@graph":[{"@type":"WebSite","@id":"https:\/\/www.nettali.com\/#website","url":"https:\/\/www.nettali.com\/","name":"Nettali.com","description":"Le rendez-vous critique du Net","potentialAction":[{"@type":"SearchAction","target":{"@type":"EntryPoint","urlTemplate":"https:\/\/www.nettali.com\/?s={search_term_string}"},"query-input":"required name=search_term_string"}],"inLanguage":"fr-FR"},{"@type":"ImageObject","@id":"https:\/\/www.nettali.com\/2021\/03\/09\/crise-casamance-kamou-gueye-diatta-reagit-a-lappel-de-sonko\/#primaryimage","inLanguage":"fr-FR","url":"https:\/\/www.nettali.com\/wp-content\/uploads\/2021\/03\/combattants_du_mouvement_des_forces_democratiques_de_casamance_mfdc_rebellion-696x391-696x421-1.jpg","contentUrl":"https:\/\/www.nettali.com\/wp-content\/uploads\/2021\/03\/combattants_du_mouvement_des_forces_democratiques_de_casamance_mfdc_rebellion-696x391-696x421-1.jpg","width":696,"height":421},{"@type":"WebPage","@id":"https:\/\/www.nettali.com\/2021\/03\/09\/crise-casamance-kamou-gueye-diatta-reagit-a-lappel-de-sonko\/#webpage","url":"https:\/\/www.nettali.com\/2021\/03\/09\/crise-casamance-kamou-gueye-diatta-reagit-a-lappel-de-sonko\/","name":"CRISE CASAMANCE- Kamou Gu\u00e8ye Diatta r\u00e9agit \u00e0 l'appel de Sonko | Nettali.com","isPartOf":{"@id":"https:\/\/www.nettali.com\/#website"},"primaryImageOfPage":{"@id":"https:\/\/www.nettali.com\/2021\/03\/09\/crise-casamance-kamou-gueye-diatta-reagit-a-lappel-de-sonko\/#primaryimage"},"datePublished":"2021-03-09T13:49:11+00:00","dateModified":"2021-03-09T13:49:11+00:00","author":{"@id":"https:\/\/www.nettali.com\/#\/schema\/person\/418274a86bdf87caff7a3ef476bd0bbf"},"breadcrumb":{"@id":"https:\/\/www.nettali.com\/2021\/03\/09\/crise-casamance-kamou-gueye-diatta-reagit-a-lappel-de-sonko\/#breadcrumb"},"inLanguage":"fr-FR","potentialAction":[{"@type":"ReadAction","target":["https:\/\/www.nettali.com\/2021\/03\/09\/crise-casamance-kamou-gueye-diatta-reagit-a-lappel-de-sonko\/"]}]},{"@type":"BreadcrumbList","@id":"https:\/\/www.nettali.com\/2021\/03\/09\/crise-casamance-kamou-gueye-diatta-reagit-a-lappel-de-sonko\/#breadcrumb","itemListElement":[{"@type":"ListItem","position":1,"name":"Accueil","item":"https:\/\/www.nettali.com\/"},{"@type":"ListItem","position":2,"name":"CRISE CASAMANCE- Kamou Gu\u00e8ye Diatta r\u00e9agit \u00e0 l&rsquo;appel de Sonko"}]},{"@type":"Person","@id":"https:\/\/www.nettali.com\/#\/schema\/person\/418274a86bdf87caff7a3ef476bd0bbf","name":"Fatou","image":{"@type":"ImageObject","@id":"https:\/\/www.nettali.com\/#personlogo","inLanguage":"fr-FR","url":"https:\/\/secure.gravatar.com\/avatar\/5a9442a2bee7b4dcf167cab035858e9a?s=96&d=mm&r=g","contentUrl":"https:\/\/secure.gravatar.com\/avatar\/5a9442a2bee7b4dcf167cab035858e9a?s=96&d=mm&r=g","caption":"Fatou"},"sameAs":["https:\/\/www.nettali.com"]}]}},"_links":{"self":[{"href":"https:\/\/www.nettali.com\/rest\/wp\/v2\/posts\/59500"}],"collection":[{"href":"https:\/\/www.nettali.com\/rest\/wp\/v2\/posts"}],"about":[{"href":"https:\/\/www.nettali.com\/rest\/wp\/v2\/types\/post"}],"author":[{"embeddable":true,"href":"https:\/\/www.nettali.com\/rest\/wp\/v2\/users\/6"}],"replies":[{"embeddable":true,"href":"https:\/\/www.nettali.com\/rest\/wp\/v2\/comments?post=59500"}],"version-history":[{"count":3,"href":"https:\/\/www.nettali.com\/rest\/wp\/v2\/posts\/59500\/revisions"}],"predecessor-version":[{"id":59515,"href":"https:\/\/www.nettali.com\/rest\/wp\/v2\/posts\/59500\/revisions\/59515"}],"wp:featuredmedia":[{"embeddable":true,"href":"https:\/\/www.nettali.com\/rest\/wp\/v2\/media\/59514"}],"wp:attachment":[{"href":"https:\/\/www.nettali.com\/rest\/wp\/v2\/media?parent=59500"}],"wp:term":[{"taxonomy":"category","embeddable":true,"href":"https:\/\/www.nettali.com\/rest\/wp\/v2\/categories?post=59500"},{"taxonomy":"post_tag","embeddable":true,"href":"https:\/\/www.nettali.com\/rest\/wp\/v2\/tags?post=59500"}],"curies":[{"name":"wp","href":"https:\/\/api.w.org\/{rel}","templated":true}]}}