{"id":59461,"date":"2021-03-08T22:15:54","date_gmt":"2021-03-08T22:15:54","guid":{"rendered":"https:\/\/www.nettali.com\/?p=59461"},"modified":"2021-03-08T22:16:13","modified_gmt":"2021-03-08T22:16:13","slug":"message-a-la-nation-le-couvre-feu-fixe-de-00h-locales-a-05h-du-matin","status":"publish","type":"post","link":"https:\/\/www.nettali.com\/2021\/03\/08\/message-a-la-nation-le-couvre-feu-fixe-de-00h-locales-a-05h-du-matin\/","title":{"rendered":"MESSAGE A LA NATION - Le couvre-feu fix\u00e9 de 00h \u00e0 05h du matin"},"content":{"rendered":"<p>NETTALI.COM - Le couvre-feu est d\u00e9sormais fix\u00e9 de 00h locales \u00e0 05h du matin. Cette d\u00e9cision a \u00e9t\u00e9 annonc\u00e9e par le pr\u00e9sident Macky Sall, lors de son adresse \u00e0 la nation, ce lundi.<br \/>\n\u00ab A la faveur de la campagne de vaccination en cours et de l\u2019am\u00e9lioration de la situation, j\u2019ai d\u00e9cid\u00e9 d\u2019all\u00e9ger le couvre-feu li\u00e9 \u00e0 l\u2019\u00e9tat de catastrophe sanitaire dans les r\u00e9gions de Dakar et de Thi\u00e8s qui sera d\u00e9sormais fix\u00e9 de 00h locales \u00e0 05h du matin \u00bb, a dit \u00a0pr\u00e9sident Sall.<\/p>\n<p>Pour rappel, le chef de l\u2019Etat a prononc\u00e9 un message \u00e0 la nation, ce lundi. Cela, dans la foul\u00e9e de la lib\u00e9ration de Ousmane Sonko.<\/p>\n<div class='share-to-whatsapp-wrapper'><div class='share-on-whsp'>PARTAGER SUR : <\/div><a data-text='MESSAGE A LA NATION - Le couvre-feu fix\u00e9 de 00h \u00e0 05h du matin' data-link='https:\/\/www.nettali.com\/2021\/03\/08\/message-a-la-nation-le-couvre-feu-fixe-de-00h-locales-a-05h-du-matin\/' class='whatsapp-button whatsapp-share'>WhatsApp<\/a><div class='clear '><\/div><\/div>","protected":false},"excerpt":{"rendered":"<p>NETTALI.COM - Le couvre-feu est d\u00e9sormais fix\u00e9 de 00h locales \u00e0 05h du matin. Cette d\u00e9cision a \u00e9t\u00e9 annonc\u00e9e par le pr\u00e9sident Macky Sall, lors de son adresse \u00e0 la nation, ce lundi. \u00ab A la faveur de la campagne de vaccination en cours et de l\u2019am\u00e9lioration de la situation, j\u2019ai d\u00e9cid\u00e9 d\u2019all\u00e9ger le couvre-feu [&hellip;]<\/p>\n","protected":false},"author":11,"featured_media":49774,"comment_status":"open","ping_status":"open","sticky":false,"template":"","format":"standard","meta":{"_et_pb_use_builder":"","_et_pb_old_content":""},"categories":[2],"tags":[],"yoast_head":"<!-- This site is optimized with the Yoast SEO Premium plugin v17.8 (Yoast SEO v17.8) - https:\/\/yoast.com\/wordpress\/plugins\/seo\/ -->\n<title>MESSAGE A LA NATION - Le couvre-feu fix\u00e9 de 00h \u00e0 05h du matin | Nettali.com<\/title>\n<meta name=\"robots\" content=\"index, follow, max-snippet:-1, max-image-preview:large, max-video-preview:-1\" \/>\n<link rel=\"canonical\" href=\"https:\/\/www.nettali.com\/2021\/03\/08\/message-a-la-nation-le-couvre-feu-fixe-de-00h-locales-a-05h-du-matin\/\" \/>\n<meta property=\"og:locale\" content=\"fr_FR\" \/>\n<meta property=\"og:type\" content=\"article\" \/>\n<meta property=\"og:title\" content=\"MESSAGE A LA NATION - Le couvre-feu fix\u00e9 de 00h \u00e0 05h du matin\" \/>\n<meta property=\"og:description\" content=\"NETTALI.COM - Le couvre-feu est d\u00e9sormais fix\u00e9 de 00h locales \u00e0 05h du matin. Cette d\u00e9cision a \u00e9t\u00e9 annonc\u00e9e par le pr\u00e9sident Macky Sall, lors de son adresse \u00e0 la nation, ce lundi. \u00ab A la faveur de la campagne de vaccination en cours et de l\u2019am\u00e9lioration de la situation, j\u2019ai d\u00e9cid\u00e9 d\u2019all\u00e9ger le couvre-feu [&hellip;]\" \/>\n<meta property=\"og:url\" content=\"https:\/\/www.nettali.com\/2021\/03\/08\/message-a-la-nation-le-couvre-feu-fixe-de-00h-locales-a-05h-du-matin\/\" \/>\n<meta property=\"og:site_name\" content=\"Nettali.com\" \/>\n<meta property=\"article:publisher\" content=\"https:\/\/www.facebook.com\/nettalicom\" \/>\n<meta property=\"article:published_time\" content=\"2021-03-08T22:15:54+00:00\" \/>\n<meta property=\"article:modified_time\" content=\"2021-03-08T22:16:13+00:00\" \/>\n<meta property=\"og:image\" content=\"https:\/\/www.nettali.com\/wp-content\/uploads\/2020\/11\/Macky-Sall-prisonnier-signe.jpg\" \/>\n\t<meta property=\"og:image:width\" content=\"644\" \/>\n\t<meta property=\"og:image:height\" content=\"362\" \/>\n<meta name=\"twitter:card\" content=\"summary_large_image\" \/>\n<meta name=\"twitter:label1\" content=\"\u00c9crit par\" \/>\n\t<meta name=\"twitter:data1\" content=\"Thierno Diop\" \/>\n\t<meta name=\"twitter:label2\" content=\"Dur\u00e9e de lecture estim\u00e9e\" \/>\n\t<meta name=\"twitter:data2\" content=\"1 minute\" \/>\n<script type=\"application\/ld+json\" class=\"yoast-schema-graph\">{\"@context\":\"https:\/\/schema.org\",\"@graph\":[{\"@type\":\"WebSite\",\"@id\":\"https:\/\/www.nettali.com\/#website\",\"url\":\"https:\/\/www.nettali.com\/\",\"name\":\"Nettali.com\",\"description\":\"Le rendez-vous critique du Net\",\"potentialAction\":[{\"@type\":\"SearchAction\",\"target\":{\"@type\":\"EntryPoint\",\"urlTemplate\":\"https:\/\/www.nettali.com\/?s={search_term_string}\"},\"query-input\":\"required name=search_term_string\"}],\"inLanguage\":\"fr-FR\"},{\"@type\":\"ImageObject\",\"@id\":\"https:\/\/www.nettali.com\/2021\/03\/08\/message-a-la-nation-le-couvre-feu-fixe-de-00h-locales-a-05h-du-matin\/#primaryimage\",\"inLanguage\":\"fr-FR\",\"url\":\"https:\/\/www.nettali.com\/wp-content\/uploads\/2020\/11\/Macky-Sall-prisonnier-signe.jpg\",\"contentUrl\":\"https:\/\/www.nettali.com\/wp-content\/uploads\/2020\/11\/Macky-Sall-prisonnier-signe.jpg\",\"width\":644,\"height\":362},{\"@type\":\"WebPage\",\"@id\":\"https:\/\/www.nettali.com\/2021\/03\/08\/message-a-la-nation-le-couvre-feu-fixe-de-00h-locales-a-05h-du-matin\/#webpage\",\"url\":\"https:\/\/www.nettali.com\/2021\/03\/08\/message-a-la-nation-le-couvre-feu-fixe-de-00h-locales-a-05h-du-matin\/\",\"name\":\"MESSAGE A LA NATION - Le couvre-feu fix\\u00e9 de 00h \\u00e0 05h du matin | Nettali.com\",\"isPartOf\":{\"@id\":\"https:\/\/www.nettali.com\/#website\"},\"primaryImageOfPage\":{\"@id\":\"https:\/\/www.nettali.com\/2021\/03\/08\/message-a-la-nation-le-couvre-feu-fixe-de-00h-locales-a-05h-du-matin\/#primaryimage\"},\"datePublished\":\"2021-03-08T22:15:54+00:00\",\"dateModified\":\"2021-03-08T22:16:13+00:00\",\"author\":{\"@id\":\"https:\/\/www.nettali.com\/#\/schema\/person\/8a06c6bd7b19304cf4bf985862900b5b\"},\"breadcrumb\":{\"@id\":\"https:\/\/www.nettali.com\/2021\/03\/08\/message-a-la-nation-le-couvre-feu-fixe-de-00h-locales-a-05h-du-matin\/#breadcrumb\"},\"inLanguage\":\"fr-FR\",\"potentialAction\":[{\"@type\":\"ReadAction\",\"target\":[\"https:\/\/www.nettali.com\/2021\/03\/08\/message-a-la-nation-le-couvre-feu-fixe-de-00h-locales-a-05h-du-matin\/\"]}]},{\"@type\":\"BreadcrumbList\",\"@id\":\"https:\/\/www.nettali.com\/2021\/03\/08\/message-a-la-nation-le-couvre-feu-fixe-de-00h-locales-a-05h-du-matin\/#breadcrumb\",\"itemListElement\":[{\"@type\":\"ListItem\",\"position\":1,\"name\":\"Accueil\",\"item\":\"https:\/\/www.nettali.com\/\"},{\"@type\":\"ListItem\",\"position\":2,\"name\":\"MESSAGE A LA NATION &#8211; Le couvre-feu fix\\u00e9 de 00h \\u00e0 05h du matin\"}]},{\"@type\":\"Person\",\"@id\":\"https:\/\/www.nettali.com\/#\/schema\/person\/8a06c6bd7b19304cf4bf985862900b5b\",\"name\":\"Thierno Diop\",\"image\":{\"@type\":\"ImageObject\",\"@id\":\"https:\/\/www.nettali.com\/#personlogo\",\"inLanguage\":\"fr-FR\",\"url\":\"https:\/\/secure.gravatar.com\/avatar\/c8ca58550c94fd2ac856d27391a6c866?s=96&d=mm&r=g\",\"contentUrl\":\"https:\/\/secure.gravatar.com\/avatar\/c8ca58550c94fd2ac856d27391a6c866?s=96&d=mm&r=g\",\"caption\":\"Thierno Diop\"},\"sameAs\":[\"https:\/\/nettali.com\"]}]}<\/script>\n<!-- \/ Yoast SEO Premium plugin. -->","yoast_head_json":{"title":"MESSAGE A LA NATION - Le couvre-feu fix\u00e9 de 00h \u00e0 05h du matin | Nettali.com","robots":{"index":"index","follow":"follow","max-snippet":"max-snippet:-1","max-image-preview":"max-image-preview:large","max-video-preview":"max-video-preview:-1"},"canonical":"https:\/\/www.nettali.com\/2021\/03\/08\/message-a-la-nation-le-couvre-feu-fixe-de-00h-locales-a-05h-du-matin\/","og_locale":"fr_FR","og_type":"article","og_title":"MESSAGE A LA NATION - Le couvre-feu fix\u00e9 de 00h \u00e0 05h du matin","og_description":"NETTALI.COM - Le couvre-feu est d\u00e9sormais fix\u00e9 de 00h locales \u00e0 05h du matin. Cette d\u00e9cision a \u00e9t\u00e9 annonc\u00e9e par le pr\u00e9sident Macky Sall, lors de son adresse \u00e0 la nation, ce lundi. \u00ab A la faveur de la campagne de vaccination en cours et de l\u2019am\u00e9lioration de la situation, j\u2019ai d\u00e9cid\u00e9 d\u2019all\u00e9ger le couvre-feu [&hellip;]","og_url":"https:\/\/www.nettali.com\/2021\/03\/08\/message-a-la-nation-le-couvre-feu-fixe-de-00h-locales-a-05h-du-matin\/","og_site_name":"Nettali.com","article_publisher":"https:\/\/www.facebook.com\/nettalicom","article_published_time":"2021-03-08T22:15:54+00:00","article_modified_time":"2021-03-08T22:16:13+00:00","og_image":[{"width":644,"height":362,"url":"https:\/\/www.nettali.com\/wp-content\/uploads\/2020\/11\/Macky-Sall-prisonnier-signe.jpg","type":"image\/jpeg"}],"twitter_card":"summary_large_image","twitter_misc":{"\u00c9crit par":"Thierno Diop","Dur\u00e9e de lecture estim\u00e9e":"1 minute"},"schema":{"@context":"https:\/\/schema.org","@graph":[{"@type":"WebSite","@id":"https:\/\/www.nettali.com\/#website","url":"https:\/\/www.nettali.com\/","name":"Nettali.com","description":"Le rendez-vous critique du Net","potentialAction":[{"@type":"SearchAction","target":{"@type":"EntryPoint","urlTemplate":"https:\/\/www.nettali.com\/?s={search_term_string}"},"query-input":"required name=search_term_string"}],"inLanguage":"fr-FR"},{"@type":"ImageObject","@id":"https:\/\/www.nettali.com\/2021\/03\/08\/message-a-la-nation-le-couvre-feu-fixe-de-00h-locales-a-05h-du-matin\/#primaryimage","inLanguage":"fr-FR","url":"https:\/\/www.nettali.com\/wp-content\/uploads\/2020\/11\/Macky-Sall-prisonnier-signe.jpg","contentUrl":"https:\/\/www.nettali.com\/wp-content\/uploads\/2020\/11\/Macky-Sall-prisonnier-signe.jpg","width":644,"height":362},{"@type":"WebPage","@id":"https:\/\/www.nettali.com\/2021\/03\/08\/message-a-la-nation-le-couvre-feu-fixe-de-00h-locales-a-05h-du-matin\/#webpage","url":"https:\/\/www.nettali.com\/2021\/03\/08\/message-a-la-nation-le-couvre-feu-fixe-de-00h-locales-a-05h-du-matin\/","name":"MESSAGE A LA NATION - Le couvre-feu fix\u00e9 de 00h \u00e0 05h du matin | Nettali.com","isPartOf":{"@id":"https:\/\/www.nettali.com\/#website"},"primaryImageOfPage":{"@id":"https:\/\/www.nettali.com\/2021\/03\/08\/message-a-la-nation-le-couvre-feu-fixe-de-00h-locales-a-05h-du-matin\/#primaryimage"},"datePublished":"2021-03-08T22:15:54+00:00","dateModified":"2021-03-08T22:16:13+00:00","author":{"@id":"https:\/\/www.nettali.com\/#\/schema\/person\/8a06c6bd7b19304cf4bf985862900b5b"},"breadcrumb":{"@id":"https:\/\/www.nettali.com\/2021\/03\/08\/message-a-la-nation-le-couvre-feu-fixe-de-00h-locales-a-05h-du-matin\/#breadcrumb"},"inLanguage":"fr-FR","potentialAction":[{"@type":"ReadAction","target":["https:\/\/www.nettali.com\/2021\/03\/08\/message-a-la-nation-le-couvre-feu-fixe-de-00h-locales-a-05h-du-matin\/"]}]},{"@type":"BreadcrumbList","@id":"https:\/\/www.nettali.com\/2021\/03\/08\/message-a-la-nation-le-couvre-feu-fixe-de-00h-locales-a-05h-du-matin\/#breadcrumb","itemListElement":[{"@type":"ListItem","position":1,"name":"Accueil","item":"https:\/\/www.nettali.com\/"},{"@type":"ListItem","position":2,"name":"MESSAGE A LA NATION &#8211; Le couvre-feu fix\u00e9 de 00h \u00e0 05h du matin"}]},{"@type":"Person","@id":"https:\/\/www.nettali.com\/#\/schema\/person\/8a06c6bd7b19304cf4bf985862900b5b","name":"Thierno Diop","image":{"@type":"ImageObject","@id":"https:\/\/www.nettali.com\/#personlogo","inLanguage":"fr-FR","url":"https:\/\/secure.gravatar.com\/avatar\/c8ca58550c94fd2ac856d27391a6c866?s=96&d=mm&r=g","contentUrl":"https:\/\/secure.gravatar.com\/avatar\/c8ca58550c94fd2ac856d27391a6c866?s=96&d=mm&r=g","caption":"Thierno Diop"},"sameAs":["https:\/\/nettali.com"]}]}},"_links":{"self":[{"href":"https:\/\/www.nettali.com\/rest\/wp\/v2\/posts\/59461"}],"collection":[{"href":"https:\/\/www.nettali.com\/rest\/wp\/v2\/posts"}],"about":[{"href":"https:\/\/www.nettali.com\/rest\/wp\/v2\/types\/post"}],"author":[{"embeddable":true,"href":"https:\/\/www.nettali.com\/rest\/wp\/v2\/users\/11"}],"replies":[{"embeddable":true,"href":"https:\/\/www.nettali.com\/rest\/wp\/v2\/comments?post=59461"}],"version-history":[{"count":2,"href":"https:\/\/www.nettali.com\/rest\/wp\/v2\/posts\/59461\/revisions"}],"predecessor-version":[{"id":59463,"href":"https:\/\/www.nettali.com\/rest\/wp\/v2\/posts\/59461\/revisions\/59463"}],"wp:featuredmedia":[{"embeddable":true,"href":"https:\/\/www.nettali.com\/rest\/wp\/v2\/media\/49774"}],"wp:attachment":[{"href":"https:\/\/www.nettali.com\/rest\/wp\/v2\/media?parent=59461"}],"wp:term":[{"taxonomy":"category","embeddable":true,"href":"https:\/\/www.nettali.com\/rest\/wp\/v2\/categories?post=59461"},{"taxonomy":"post_tag","embeddable":true,"href":"https:\/\/www.nettali.com\/rest\/wp\/v2\/tags?post=59461"}],"curies":[{"name":"wp","href":"https:\/\/api.w.org\/{rel}","templated":true}]}}