{"id":59409,"date":"2021-03-08T19:30:46","date_gmt":"2021-03-08T19:30:46","guid":{"rendered":"https:\/\/www.nettali.com\/?p=59409"},"modified":"2021-03-09T10:22:58","modified_gmt":"2021-03-09T10:22:58","slug":"ousmane-sonko-au-peuple-cest-votre-determination-qui-a-paye","status":"publish","type":"post","link":"https:\/\/www.nettali.com\/2021\/03\/08\/ousmane-sonko-au-peuple-cest-votre-determination-qui-a-paye\/","title":{"rendered":"OUSMANE SONKO AU PEUPLE - \"C'est votre d\u00e9termination qui a pay\u00e9\""},"content":{"rendered":"<p><strong>NETTALI. COM - Ousmane Sonko consid\u00e8re que sa lib\u00e9ration n'est pas une faveur mais, le r\u00e9sultat de la d\u00e9termination du peuple. Il a r\u00e9fut\u00e9 le viol mais surtout les morts qu'on lui impute en soutenant que s'il \u00e9tait coupable, il n'aurait jamais accept\u00e9 qu'aucun S\u00e9n\u00e9galais n'ait la plus petite \u00e9gratignure.<\/strong><\/p>\n<div dir=\"auto\">\"<em>Qu'on ne vous fasse pas croire que c'est un cadeau, mais c'est votre d\u00e9termination qui a pay\u00e9<\/em>\", a dit Ousmane Sonko qui a rendu un hommage aux population et surtout \u00e0 la jeunesse pour sa mobilisation. Aussi, a t-il apport\u00e9 la r\u00e9plique au gouvernement qui disait que force restera \u00e0 la loi. \" <em>La loi est la volont\u00e9 populaire, ce n'est ni Antoine F\u00e9lix Diome, ni Macky Sall<\/em> \", ass\u00e8ne-t-il.<\/div>\n<div dir=\"auto\"><\/div>\n<div dir=\"auto\">Ousmane Sonko a toutefois d\u00e9plor\u00e9 l'arrestation de la centaine de manifestants, d\u00e9clarant que leur seul crime, est d'avoir manifest\u00e9, alors que la constitution le leur permet. \"<em>Les manifestants ne sont pas des bandits mais il y a des infiltrations. Celui qui aspire \u00e0 diriger un pays ne le d\u00e9truit pas<\/em>\", dit-il.<\/div>\n<div dir=\"auto\"><\/div>\n<div dir=\"auto\">Le leader de Pastef a d'ailleurs estim\u00e9 que cette affaire devrait servir d'exemple pour l'avenir. \"<em>Ces sacrifices ne doivent pas \u00eatre vains. Le pays est le v\u00f4tre nous, acteurs politiques devons vous \u00e9couter<\/em> \", ajoute-t-il avant de plaider non coupable pour les accusations de viol et de menaces de mort.<\/div>\n<div dir=\"auto\"><\/div>\n<div dir=\"auto\">\" Walahi, s<em>i j'\u00e9tais coupable de ce dont on me reproche, je n'aurais accept\u00e9 qu'aucun S\u00e9n\u00e9galais ait la plus petite \u00e9gratignure<\/em> \", a soutenu Ousmane Sonko, r\u00e9futant ainsi les all\u00e9gations selon lesquelles il est \u00e0 l'origine des morts caus\u00e9s par les manifestations.<\/div>\n<div dir=\"auto\">\n<p><strong>Ousmane Sonko d\u00e9plore les 10 morts<\/strong><\/p>\n<p>Le leader de Pastef\u00a0 a\u00a0 rendu hommage aux victimes d\u00e9c\u00e9d\u00e9es. Ousmane Sonko s'est dit pein\u00e9 par ces pertes en vie humaine. \"<em>Un seul mort n'est pas bon pour l'image du pays<\/em>\", dit-il avant de lister les victimes. Il a promis d'aller pr\u00e9senter ses condol\u00e9ances \u00e0 chaque famille \u00e9plor\u00e9e.<\/p>\n<p>Liste des victimes<\/p>\n<p>Baye Cheikh Diop 17 ans<\/p>\n<p>Cheikh Coly 20 ans, tu\u00e9 \u00e0 Bignona<\/p>\n<p>Famara Goudiaby, tu\u00e9 \u00e0 Bignona<\/p>\n<p>Pape Sidy Mbaye 20 ans<\/p>\n<p>Sadio Carama 18 ans<\/p>\n<p>Mansour Thiam<\/p>\n<p>Alassane Barry, tu\u00e9 aux All\u00e9es du Centenaires<\/p>\n<p>Moussa\u00a0 Dram\u00e9 35ans, tu\u00e9 \u00e0\u00a0 Ndofaane<\/p>\n<p>Bourama San\u00e9 12 ans, tu\u00e9 \u00e0 Diaob\u00e9<\/p>\n<p>Modou Ndiaye aux Parcelles<\/p>\n<p>&nbsp;<\/p>\n<\/div>\n<div class='share-to-whatsapp-wrapper'><div class='share-on-whsp'>PARTAGER SUR : <\/div><a data-text='OUSMANE SONKO AU PEUPLE - \"C'est votre d\u00e9termination qui a pay\u00e9\"' data-link='https:\/\/www.nettali.com\/2021\/03\/08\/ousmane-sonko-au-peuple-cest-votre-determination-qui-a-paye\/' class='whatsapp-button whatsapp-share'>WhatsApp<\/a><div class='clear '><\/div><\/div>","protected":false},"excerpt":{"rendered":"<p>NETTALI. COM - Ousmane Sonko consid\u00e8re que sa lib\u00e9ration n'est pas une faveur mais, le r\u00e9sultat de la d\u00e9termination du peuple. Il a r\u00e9fut\u00e9 le viol mais surtout les morts qu'on lui impute en soutenant que s'il \u00e9tait coupable, il n'aurait jamais accept\u00e9 qu'aucun S\u00e9n\u00e9galais n'ait la plus petite \u00e9gratignure. \"Qu'on ne vous fasse pas [&hellip;]<\/p>\n","protected":false},"author":6,"featured_media":58761,"comment_status":"open","ping_status":"open","sticky":false,"template":"","format":"standard","meta":{"_et_pb_use_builder":"","_et_pb_old_content":""},"categories":[3],"tags":[],"yoast_head":"<!-- This site is optimized with the Yoast SEO Premium plugin v17.8 (Yoast SEO v17.8) - https:\/\/yoast.com\/wordpress\/plugins\/seo\/ -->\n<title>OUSMANE SONKO AU PEUPLE - &quot;C&#039;est votre d\u00e9termination qui a pay\u00e9&quot; | Nettali.com<\/title>\n<meta name=\"robots\" content=\"index, follow, max-snippet:-1, max-image-preview:large, max-video-preview:-1\" \/>\n<link rel=\"canonical\" href=\"https:\/\/www.nettali.com\/2021\/03\/08\/ousmane-sonko-au-peuple-cest-votre-determination-qui-a-paye\/\" \/>\n<meta property=\"og:locale\" content=\"fr_FR\" \/>\n<meta property=\"og:type\" content=\"article\" \/>\n<meta property=\"og:title\" content=\"OUSMANE SONKO AU PEUPLE - &quot;C&#039;est votre d\u00e9termination qui a pay\u00e9&quot;\" \/>\n<meta property=\"og:description\" content=\"NETTALI. COM - Ousmane Sonko consid\u00e8re que sa lib\u00e9ration n&#039;est pas une faveur mais, le r\u00e9sultat de la d\u00e9termination du peuple. Il a r\u00e9fut\u00e9 le viol mais surtout les morts qu&#039;on lui impute en soutenant que s&#039;il \u00e9tait coupable, il n&#039;aurait jamais accept\u00e9 qu&#039;aucun S\u00e9n\u00e9galais n&#039;ait la plus petite \u00e9gratignure. &quot;Qu&#039;on ne vous fasse pas [&hellip;]\" \/>\n<meta property=\"og:url\" content=\"https:\/\/www.nettali.com\/2021\/03\/08\/ousmane-sonko-au-peuple-cest-votre-determination-qui-a-paye\/\" \/>\n<meta property=\"og:site_name\" content=\"Nettali.com\" \/>\n<meta property=\"article:publisher\" content=\"https:\/\/www.facebook.com\/nettalicom\" \/>\n<meta property=\"article:published_time\" content=\"2021-03-08T19:30:46+00:00\" \/>\n<meta property=\"article:modified_time\" content=\"2021-03-09T10:22:58+00:00\" \/>\n<meta property=\"og:image\" content=\"https:\/\/www.nettali.com\/wp-content\/uploads\/2021\/03\/ousmane-Sonko-1.jpg\" \/>\n\t<meta property=\"og:image:width\" content=\"600\" \/>\n\t<meta property=\"og:image:height\" content=\"377\" \/>\n<meta name=\"twitter:card\" content=\"summary_large_image\" \/>\n<meta name=\"twitter:label1\" content=\"\u00c9crit par\" \/>\n\t<meta name=\"twitter:data1\" content=\"Fatou\" \/>\n\t<meta name=\"twitter:label2\" content=\"Dur\u00e9e de lecture estim\u00e9e\" \/>\n\t<meta name=\"twitter:data2\" content=\"2 minutes\" \/>\n<script type=\"application\/ld+json\" class=\"yoast-schema-graph\">{\"@context\":\"https:\/\/schema.org\",\"@graph\":[{\"@type\":\"WebSite\",\"@id\":\"https:\/\/www.nettali.com\/#website\",\"url\":\"https:\/\/www.nettali.com\/\",\"name\":\"Nettali.com\",\"description\":\"Le rendez-vous critique du Net\",\"potentialAction\":[{\"@type\":\"SearchAction\",\"target\":{\"@type\":\"EntryPoint\",\"urlTemplate\":\"https:\/\/www.nettali.com\/?s={search_term_string}\"},\"query-input\":\"required name=search_term_string\"}],\"inLanguage\":\"fr-FR\"},{\"@type\":\"ImageObject\",\"@id\":\"https:\/\/www.nettali.com\/2021\/03\/08\/ousmane-sonko-au-peuple-cest-votre-determination-qui-a-paye\/#primaryimage\",\"inLanguage\":\"fr-FR\",\"url\":\"https:\/\/www.nettali.com\/wp-content\/uploads\/2021\/03\/ousmane-Sonko-1.jpg\",\"contentUrl\":\"https:\/\/www.nettali.com\/wp-content\/uploads\/2021\/03\/ousmane-Sonko-1.jpg\",\"width\":600,\"height\":377},{\"@type\":\"WebPage\",\"@id\":\"https:\/\/www.nettali.com\/2021\/03\/08\/ousmane-sonko-au-peuple-cest-votre-determination-qui-a-paye\/#webpage\",\"url\":\"https:\/\/www.nettali.com\/2021\/03\/08\/ousmane-sonko-au-peuple-cest-votre-determination-qui-a-paye\/\",\"name\":\"OUSMANE SONKO AU PEUPLE - \\\"C'est votre d\\u00e9termination qui a pay\\u00e9\\\" | Nettali.com\",\"isPartOf\":{\"@id\":\"https:\/\/www.nettali.com\/#website\"},\"primaryImageOfPage\":{\"@id\":\"https:\/\/www.nettali.com\/2021\/03\/08\/ousmane-sonko-au-peuple-cest-votre-determination-qui-a-paye\/#primaryimage\"},\"datePublished\":\"2021-03-08T19:30:46+00:00\",\"dateModified\":\"2021-03-09T10:22:58+00:00\",\"author\":{\"@id\":\"https:\/\/www.nettali.com\/#\/schema\/person\/418274a86bdf87caff7a3ef476bd0bbf\"},\"breadcrumb\":{\"@id\":\"https:\/\/www.nettali.com\/2021\/03\/08\/ousmane-sonko-au-peuple-cest-votre-determination-qui-a-paye\/#breadcrumb\"},\"inLanguage\":\"fr-FR\",\"potentialAction\":[{\"@type\":\"ReadAction\",\"target\":[\"https:\/\/www.nettali.com\/2021\/03\/08\/ousmane-sonko-au-peuple-cest-votre-determination-qui-a-paye\/\"]}]},{\"@type\":\"BreadcrumbList\",\"@id\":\"https:\/\/www.nettali.com\/2021\/03\/08\/ousmane-sonko-au-peuple-cest-votre-determination-qui-a-paye\/#breadcrumb\",\"itemListElement\":[{\"@type\":\"ListItem\",\"position\":1,\"name\":\"Accueil\",\"item\":\"https:\/\/www.nettali.com\/\"},{\"@type\":\"ListItem\",\"position\":2,\"name\":\"OUSMANE SONKO AU PEUPLE &#8211; \\u00ab\\u00a0C&rsquo;est votre d\\u00e9termination qui a pay\\u00e9\\u00a0\\u00bb\"}]},{\"@type\":\"Person\",\"@id\":\"https:\/\/www.nettali.com\/#\/schema\/person\/418274a86bdf87caff7a3ef476bd0bbf\",\"name\":\"Fatou\",\"image\":{\"@type\":\"ImageObject\",\"@id\":\"https:\/\/www.nettali.com\/#personlogo\",\"inLanguage\":\"fr-FR\",\"url\":\"https:\/\/secure.gravatar.com\/avatar\/5a9442a2bee7b4dcf167cab035858e9a?s=96&d=mm&r=g\",\"contentUrl\":\"https:\/\/secure.gravatar.com\/avatar\/5a9442a2bee7b4dcf167cab035858e9a?s=96&d=mm&r=g\",\"caption\":\"Fatou\"},\"sameAs\":[\"https:\/\/www.nettali.com\"]}]}<\/script>\n<!-- \/ Yoast SEO Premium plugin. -->","yoast_head_json":{"title":"OUSMANE SONKO AU PEUPLE - \"C'est votre d\u00e9termination qui a pay\u00e9\" | Nettali.com","robots":{"index":"index","follow":"follow","max-snippet":"max-snippet:-1","max-image-preview":"max-image-preview:large","max-video-preview":"max-video-preview:-1"},"canonical":"https:\/\/www.nettali.com\/2021\/03\/08\/ousmane-sonko-au-peuple-cest-votre-determination-qui-a-paye\/","og_locale":"fr_FR","og_type":"article","og_title":"OUSMANE SONKO AU PEUPLE - \"C'est votre d\u00e9termination qui a pay\u00e9\"","og_description":"NETTALI. COM - Ousmane Sonko consid\u00e8re que sa lib\u00e9ration n'est pas une faveur mais, le r\u00e9sultat de la d\u00e9termination du peuple. Il a r\u00e9fut\u00e9 le viol mais surtout les morts qu'on lui impute en soutenant que s'il \u00e9tait coupable, il n'aurait jamais accept\u00e9 qu'aucun S\u00e9n\u00e9galais n'ait la plus petite \u00e9gratignure. \"Qu'on ne vous fasse pas [&hellip;]","og_url":"https:\/\/www.nettali.com\/2021\/03\/08\/ousmane-sonko-au-peuple-cest-votre-determination-qui-a-paye\/","og_site_name":"Nettali.com","article_publisher":"https:\/\/www.facebook.com\/nettalicom","article_published_time":"2021-03-08T19:30:46+00:00","article_modified_time":"2021-03-09T10:22:58+00:00","og_image":[{"width":600,"height":377,"url":"https:\/\/www.nettali.com\/wp-content\/uploads\/2021\/03\/ousmane-Sonko-1.jpg","type":"image\/jpeg"}],"twitter_card":"summary_large_image","twitter_misc":{"\u00c9crit par":"Fatou","Dur\u00e9e de lecture estim\u00e9e":"2 minutes"},"schema":{"@context":"https:\/\/schema.org","@graph":[{"@type":"WebSite","@id":"https:\/\/www.nettali.com\/#website","url":"https:\/\/www.nettali.com\/","name":"Nettali.com","description":"Le rendez-vous critique du Net","potentialAction":[{"@type":"SearchAction","target":{"@type":"EntryPoint","urlTemplate":"https:\/\/www.nettali.com\/?s={search_term_string}"},"query-input":"required name=search_term_string"}],"inLanguage":"fr-FR"},{"@type":"ImageObject","@id":"https:\/\/www.nettali.com\/2021\/03\/08\/ousmane-sonko-au-peuple-cest-votre-determination-qui-a-paye\/#primaryimage","inLanguage":"fr-FR","url":"https:\/\/www.nettali.com\/wp-content\/uploads\/2021\/03\/ousmane-Sonko-1.jpg","contentUrl":"https:\/\/www.nettali.com\/wp-content\/uploads\/2021\/03\/ousmane-Sonko-1.jpg","width":600,"height":377},{"@type":"WebPage","@id":"https:\/\/www.nettali.com\/2021\/03\/08\/ousmane-sonko-au-peuple-cest-votre-determination-qui-a-paye\/#webpage","url":"https:\/\/www.nettali.com\/2021\/03\/08\/ousmane-sonko-au-peuple-cest-votre-determination-qui-a-paye\/","name":"OUSMANE SONKO AU PEUPLE - \"C'est votre d\u00e9termination qui a pay\u00e9\" | Nettali.com","isPartOf":{"@id":"https:\/\/www.nettali.com\/#website"},"primaryImageOfPage":{"@id":"https:\/\/www.nettali.com\/2021\/03\/08\/ousmane-sonko-au-peuple-cest-votre-determination-qui-a-paye\/#primaryimage"},"datePublished":"2021-03-08T19:30:46+00:00","dateModified":"2021-03-09T10:22:58+00:00","author":{"@id":"https:\/\/www.nettali.com\/#\/schema\/person\/418274a86bdf87caff7a3ef476bd0bbf"},"breadcrumb":{"@id":"https:\/\/www.nettali.com\/2021\/03\/08\/ousmane-sonko-au-peuple-cest-votre-determination-qui-a-paye\/#breadcrumb"},"inLanguage":"fr-FR","potentialAction":[{"@type":"ReadAction","target":["https:\/\/www.nettali.com\/2021\/03\/08\/ousmane-sonko-au-peuple-cest-votre-determination-qui-a-paye\/"]}]},{"@type":"BreadcrumbList","@id":"https:\/\/www.nettali.com\/2021\/03\/08\/ousmane-sonko-au-peuple-cest-votre-determination-qui-a-paye\/#breadcrumb","itemListElement":[{"@type":"ListItem","position":1,"name":"Accueil","item":"https:\/\/www.nettali.com\/"},{"@type":"ListItem","position":2,"name":"OUSMANE SONKO AU PEUPLE &#8211; \u00ab\u00a0C&rsquo;est votre d\u00e9termination qui a pay\u00e9\u00a0\u00bb"}]},{"@type":"Person","@id":"https:\/\/www.nettali.com\/#\/schema\/person\/418274a86bdf87caff7a3ef476bd0bbf","name":"Fatou","image":{"@type":"ImageObject","@id":"https:\/\/www.nettali.com\/#personlogo","inLanguage":"fr-FR","url":"https:\/\/secure.gravatar.com\/avatar\/5a9442a2bee7b4dcf167cab035858e9a?s=96&d=mm&r=g","contentUrl":"https:\/\/secure.gravatar.com\/avatar\/5a9442a2bee7b4dcf167cab035858e9a?s=96&d=mm&r=g","caption":"Fatou"},"sameAs":["https:\/\/www.nettali.com"]}]}},"_links":{"self":[{"href":"https:\/\/www.nettali.com\/rest\/wp\/v2\/posts\/59409"}],"collection":[{"href":"https:\/\/www.nettali.com\/rest\/wp\/v2\/posts"}],"about":[{"href":"https:\/\/www.nettali.com\/rest\/wp\/v2\/types\/post"}],"author":[{"embeddable":true,"href":"https:\/\/www.nettali.com\/rest\/wp\/v2\/users\/6"}],"replies":[{"embeddable":true,"href":"https:\/\/www.nettali.com\/rest\/wp\/v2\/comments?post=59409"}],"version-history":[{"count":8,"href":"https:\/\/www.nettali.com\/rest\/wp\/v2\/posts\/59409\/revisions"}],"predecessor-version":[{"id":59446,"href":"https:\/\/www.nettali.com\/rest\/wp\/v2\/posts\/59409\/revisions\/59446"}],"wp:featuredmedia":[{"embeddable":true,"href":"https:\/\/www.nettali.com\/rest\/wp\/v2\/media\/58761"}],"wp:attachment":[{"href":"https:\/\/www.nettali.com\/rest\/wp\/v2\/media?parent=59409"}],"wp:term":[{"taxonomy":"category","embeddable":true,"href":"https:\/\/www.nettali.com\/rest\/wp\/v2\/categories?post=59409"},{"taxonomy":"post_tag","embeddable":true,"href":"https:\/\/www.nettali.com\/rest\/wp\/v2\/tags?post=59409"}],"curies":[{"name":"wp","href":"https:\/\/api.w.org\/{rel}","templated":true}]}}