{"id":59400,"date":"2021-03-08T15:16:03","date_gmt":"2021-03-08T15:16:03","guid":{"rendered":"https:\/\/www.nettali.com\/?p=59400"},"modified":"2021-03-08T21:27:43","modified_gmt":"2021-03-08T21:27:43","slug":"affaire-sonko-macky-brise-le-silence-ce-soir-a-20-heures","status":"publish","type":"post","link":"https:\/\/www.nettali.com\/2021\/03\/08\/affaire-sonko-macky-brise-le-silence-ce-soir-a-20-heures\/","title":{"rendered":"AFFAIRE SONKO - Macky brise le silence, ce soir \u00e0 20 heures"},"content":{"rendered":"<p><strong>NETTALI.COM - Le pr\u00e9sident de la R\u00e9publique va enfin parler. Macky Sall, selon le service Communication de la Pr\u00e9sidence, s'adresse aux S\u00e9n\u00e9galais, ce soir, \u00e0 partir de 20 heures.\u00a0<\/strong><\/p>\n<p>Mutique depuis l'\u00e9clatement des manifestations violentes, cons\u00e9cutives \u00e0 l'arrestation de Ousmane Sonko, le chef de l'Etat, Macky Sall, devrait s'adresser \u00e0 la nation s\u00e9n\u00e9galaise, ce lundi, \u00e0 partir de 20 heures.<\/p>\n<p>Nous tenons cette information des services de la Pr\u00e9sidence de la R\u00e9publique.<\/p>\n<p>Pour m\u00e9moire, de nombreuses personnalit\u00e9s, notamment religieuses,\u00a0 le m\u00e9diateur de la R\u00e9publique, Me Alioune Badara Ciss\u00e9, l'ex-Pm Aminata Tour\u00e9, ont insist\u00e9 pour que Macky Sall fasse une d\u00e9claration, conform\u00e9ment \u00e0 une demande d'une bonne partie de l'opinion.<\/p>\n<p>Toutefois, une mesure d'apaisement a \u00e9t\u00e9 pos\u00e9e avec la lib\u00e9ration de Ousmane Sonko, qui est finalement inculp\u00e9 et plac\u00e9 sous contr\u00f4le judicaire, dans l'affaire qui l'oppose \u00e0 la masseuse Adji Sarr. Des soutiens du leader de Pstef ont \u00e9galement \u00e9t\u00e9 \u00e9largis \u00e0 la faveur de ce vent de d\u00e9crispation.<\/p>\n<div class='share-to-whatsapp-wrapper'><div class='share-on-whsp'>PARTAGER SUR : <\/div><a data-text='AFFAIRE SONKO - Macky brise le silence, ce soir \u00e0 20 heures' data-link='https:\/\/www.nettali.com\/2021\/03\/08\/affaire-sonko-macky-brise-le-silence-ce-soir-a-20-heures\/' class='whatsapp-button whatsapp-share'>WhatsApp<\/a><div class='clear '><\/div><\/div>","protected":false},"excerpt":{"rendered":"<p>NETTALI.COM - Le pr\u00e9sident de la R\u00e9publique va enfin parler. Macky Sall, selon le service Communication de la Pr\u00e9sidence, s'adresse aux S\u00e9n\u00e9galais, ce soir, \u00e0 partir de 20 heures.\u00a0 Mutique depuis l'\u00e9clatement des manifestations violentes, cons\u00e9cutives \u00e0 l'arrestation de Ousmane Sonko, le chef de l'Etat, Macky Sall, devrait s'adresser \u00e0 la nation s\u00e9n\u00e9galaise, ce lundi, [&hellip;]<\/p>\n","protected":false},"author":11,"featured_media":32370,"comment_status":"open","ping_status":"open","sticky":false,"template":"","format":"standard","meta":{"_et_pb_use_builder":"","_et_pb_old_content":""},"categories":[2],"tags":[],"yoast_head":"<!-- This site is optimized with the Yoast SEO Premium plugin v17.8 (Yoast SEO v17.8) - https:\/\/yoast.com\/wordpress\/plugins\/seo\/ -->\n<title>AFFAIRE SONKO - Macky brise le silence, ce soir \u00e0 20 heures | Nettali.com<\/title>\n<meta name=\"robots\" content=\"index, follow, max-snippet:-1, max-image-preview:large, max-video-preview:-1\" \/>\n<link rel=\"canonical\" href=\"https:\/\/www.nettali.com\/2021\/03\/08\/affaire-sonko-macky-brise-le-silence-ce-soir-a-20-heures\/\" \/>\n<meta property=\"og:locale\" content=\"fr_FR\" \/>\n<meta property=\"og:type\" content=\"article\" \/>\n<meta property=\"og:title\" content=\"AFFAIRE SONKO - Macky brise le silence, ce soir \u00e0 20 heures\" \/>\n<meta property=\"og:description\" content=\"NETTALI.COM - Le pr\u00e9sident de la R\u00e9publique va enfin parler. Macky Sall, selon le service Communication de la Pr\u00e9sidence, s&#039;adresse aux S\u00e9n\u00e9galais, ce soir, \u00e0 partir de 20 heures.\u00a0 Mutique depuis l&#039;\u00e9clatement des manifestations violentes, cons\u00e9cutives \u00e0 l&#039;arrestation de Ousmane Sonko, le chef de l&#039;Etat, Macky Sall, devrait s&#039;adresser \u00e0 la nation s\u00e9n\u00e9galaise, ce lundi, [&hellip;]\" \/>\n<meta property=\"og:url\" content=\"https:\/\/www.nettali.com\/2021\/03\/08\/affaire-sonko-macky-brise-le-silence-ce-soir-a-20-heures\/\" \/>\n<meta property=\"og:site_name\" content=\"Nettali.com\" \/>\n<meta property=\"article:publisher\" content=\"https:\/\/www.facebook.com\/nettalicom\" \/>\n<meta property=\"article:published_time\" content=\"2021-03-08T15:16:03+00:00\" \/>\n<meta property=\"article:modified_time\" content=\"2021-03-08T21:27:43+00:00\" \/>\n<meta property=\"og:image\" content=\"https:\/\/www.nettali.com\/wp-content\/uploads\/2020\/03\/Macky-Sall.jpg\" \/>\n\t<meta property=\"og:image:width\" content=\"850\" \/>\n\t<meta property=\"og:image:height\" content=\"516\" \/>\n<meta name=\"twitter:card\" content=\"summary_large_image\" \/>\n<meta name=\"twitter:label1\" content=\"\u00c9crit par\" \/>\n\t<meta name=\"twitter:data1\" content=\"Thierno Diop\" \/>\n\t<meta name=\"twitter:label2\" content=\"Dur\u00e9e de lecture estim\u00e9e\" \/>\n\t<meta name=\"twitter:data2\" content=\"1 minute\" \/>\n<script type=\"application\/ld+json\" class=\"yoast-schema-graph\">{\"@context\":\"https:\/\/schema.org\",\"@graph\":[{\"@type\":\"WebSite\",\"@id\":\"https:\/\/www.nettali.com\/#website\",\"url\":\"https:\/\/www.nettali.com\/\",\"name\":\"Nettali.com\",\"description\":\"Le rendez-vous critique du Net\",\"potentialAction\":[{\"@type\":\"SearchAction\",\"target\":{\"@type\":\"EntryPoint\",\"urlTemplate\":\"https:\/\/www.nettali.com\/?s={search_term_string}\"},\"query-input\":\"required name=search_term_string\"}],\"inLanguage\":\"fr-FR\"},{\"@type\":\"ImageObject\",\"@id\":\"https:\/\/www.nettali.com\/2021\/03\/08\/affaire-sonko-macky-brise-le-silence-ce-soir-a-20-heures\/#primaryimage\",\"inLanguage\":\"fr-FR\",\"url\":\"https:\/\/www.nettali.com\/wp-content\/uploads\/2020\/03\/Macky-Sall.jpg\",\"contentUrl\":\"https:\/\/www.nettali.com\/wp-content\/uploads\/2020\/03\/Macky-Sall.jpg\",\"width\":850,\"height\":516},{\"@type\":\"WebPage\",\"@id\":\"https:\/\/www.nettali.com\/2021\/03\/08\/affaire-sonko-macky-brise-le-silence-ce-soir-a-20-heures\/#webpage\",\"url\":\"https:\/\/www.nettali.com\/2021\/03\/08\/affaire-sonko-macky-brise-le-silence-ce-soir-a-20-heures\/\",\"name\":\"AFFAIRE SONKO - Macky brise le silence, ce soir \\u00e0 20 heures | Nettali.com\",\"isPartOf\":{\"@id\":\"https:\/\/www.nettali.com\/#website\"},\"primaryImageOfPage\":{\"@id\":\"https:\/\/www.nettali.com\/2021\/03\/08\/affaire-sonko-macky-brise-le-silence-ce-soir-a-20-heures\/#primaryimage\"},\"datePublished\":\"2021-03-08T15:16:03+00:00\",\"dateModified\":\"2021-03-08T21:27:43+00:00\",\"author\":{\"@id\":\"https:\/\/www.nettali.com\/#\/schema\/person\/8a06c6bd7b19304cf4bf985862900b5b\"},\"breadcrumb\":{\"@id\":\"https:\/\/www.nettali.com\/2021\/03\/08\/affaire-sonko-macky-brise-le-silence-ce-soir-a-20-heures\/#breadcrumb\"},\"inLanguage\":\"fr-FR\",\"potentialAction\":[{\"@type\":\"ReadAction\",\"target\":[\"https:\/\/www.nettali.com\/2021\/03\/08\/affaire-sonko-macky-brise-le-silence-ce-soir-a-20-heures\/\"]}]},{\"@type\":\"BreadcrumbList\",\"@id\":\"https:\/\/www.nettali.com\/2021\/03\/08\/affaire-sonko-macky-brise-le-silence-ce-soir-a-20-heures\/#breadcrumb\",\"itemListElement\":[{\"@type\":\"ListItem\",\"position\":1,\"name\":\"Accueil\",\"item\":\"https:\/\/www.nettali.com\/\"},{\"@type\":\"ListItem\",\"position\":2,\"name\":\"AFFAIRE SONKO &#8211; Macky brise le silence, ce soir \\u00e0 20 heures\"}]},{\"@type\":\"Person\",\"@id\":\"https:\/\/www.nettali.com\/#\/schema\/person\/8a06c6bd7b19304cf4bf985862900b5b\",\"name\":\"Thierno Diop\",\"image\":{\"@type\":\"ImageObject\",\"@id\":\"https:\/\/www.nettali.com\/#personlogo\",\"inLanguage\":\"fr-FR\",\"url\":\"https:\/\/secure.gravatar.com\/avatar\/c8ca58550c94fd2ac856d27391a6c866?s=96&d=mm&r=g\",\"contentUrl\":\"https:\/\/secure.gravatar.com\/avatar\/c8ca58550c94fd2ac856d27391a6c866?s=96&d=mm&r=g\",\"caption\":\"Thierno Diop\"},\"sameAs\":[\"https:\/\/nettali.com\"]}]}<\/script>\n<!-- \/ Yoast SEO Premium plugin. -->","yoast_head_json":{"title":"AFFAIRE SONKO - Macky brise le silence, ce soir \u00e0 20 heures | Nettali.com","robots":{"index":"index","follow":"follow","max-snippet":"max-snippet:-1","max-image-preview":"max-image-preview:large","max-video-preview":"max-video-preview:-1"},"canonical":"https:\/\/www.nettali.com\/2021\/03\/08\/affaire-sonko-macky-brise-le-silence-ce-soir-a-20-heures\/","og_locale":"fr_FR","og_type":"article","og_title":"AFFAIRE SONKO - Macky brise le silence, ce soir \u00e0 20 heures","og_description":"NETTALI.COM - Le pr\u00e9sident de la R\u00e9publique va enfin parler. Macky Sall, selon le service Communication de la Pr\u00e9sidence, s'adresse aux S\u00e9n\u00e9galais, ce soir, \u00e0 partir de 20 heures.\u00a0 Mutique depuis l'\u00e9clatement des manifestations violentes, cons\u00e9cutives \u00e0 l'arrestation de Ousmane Sonko, le chef de l'Etat, Macky Sall, devrait s'adresser \u00e0 la nation s\u00e9n\u00e9galaise, ce lundi, [&hellip;]","og_url":"https:\/\/www.nettali.com\/2021\/03\/08\/affaire-sonko-macky-brise-le-silence-ce-soir-a-20-heures\/","og_site_name":"Nettali.com","article_publisher":"https:\/\/www.facebook.com\/nettalicom","article_published_time":"2021-03-08T15:16:03+00:00","article_modified_time":"2021-03-08T21:27:43+00:00","og_image":[{"width":850,"height":516,"url":"https:\/\/www.nettali.com\/wp-content\/uploads\/2020\/03\/Macky-Sall.jpg","type":"image\/jpeg"}],"twitter_card":"summary_large_image","twitter_misc":{"\u00c9crit par":"Thierno Diop","Dur\u00e9e de lecture estim\u00e9e":"1 minute"},"schema":{"@context":"https:\/\/schema.org","@graph":[{"@type":"WebSite","@id":"https:\/\/www.nettali.com\/#website","url":"https:\/\/www.nettali.com\/","name":"Nettali.com","description":"Le rendez-vous critique du Net","potentialAction":[{"@type":"SearchAction","target":{"@type":"EntryPoint","urlTemplate":"https:\/\/www.nettali.com\/?s={search_term_string}"},"query-input":"required name=search_term_string"}],"inLanguage":"fr-FR"},{"@type":"ImageObject","@id":"https:\/\/www.nettali.com\/2021\/03\/08\/affaire-sonko-macky-brise-le-silence-ce-soir-a-20-heures\/#primaryimage","inLanguage":"fr-FR","url":"https:\/\/www.nettali.com\/wp-content\/uploads\/2020\/03\/Macky-Sall.jpg","contentUrl":"https:\/\/www.nettali.com\/wp-content\/uploads\/2020\/03\/Macky-Sall.jpg","width":850,"height":516},{"@type":"WebPage","@id":"https:\/\/www.nettali.com\/2021\/03\/08\/affaire-sonko-macky-brise-le-silence-ce-soir-a-20-heures\/#webpage","url":"https:\/\/www.nettali.com\/2021\/03\/08\/affaire-sonko-macky-brise-le-silence-ce-soir-a-20-heures\/","name":"AFFAIRE SONKO - Macky brise le silence, ce soir \u00e0 20 heures | Nettali.com","isPartOf":{"@id":"https:\/\/www.nettali.com\/#website"},"primaryImageOfPage":{"@id":"https:\/\/www.nettali.com\/2021\/03\/08\/affaire-sonko-macky-brise-le-silence-ce-soir-a-20-heures\/#primaryimage"},"datePublished":"2021-03-08T15:16:03+00:00","dateModified":"2021-03-08T21:27:43+00:00","author":{"@id":"https:\/\/www.nettali.com\/#\/schema\/person\/8a06c6bd7b19304cf4bf985862900b5b"},"breadcrumb":{"@id":"https:\/\/www.nettali.com\/2021\/03\/08\/affaire-sonko-macky-brise-le-silence-ce-soir-a-20-heures\/#breadcrumb"},"inLanguage":"fr-FR","potentialAction":[{"@type":"ReadAction","target":["https:\/\/www.nettali.com\/2021\/03\/08\/affaire-sonko-macky-brise-le-silence-ce-soir-a-20-heures\/"]}]},{"@type":"BreadcrumbList","@id":"https:\/\/www.nettali.com\/2021\/03\/08\/affaire-sonko-macky-brise-le-silence-ce-soir-a-20-heures\/#breadcrumb","itemListElement":[{"@type":"ListItem","position":1,"name":"Accueil","item":"https:\/\/www.nettali.com\/"},{"@type":"ListItem","position":2,"name":"AFFAIRE SONKO &#8211; Macky brise le silence, ce soir \u00e0 20 heures"}]},{"@type":"Person","@id":"https:\/\/www.nettali.com\/#\/schema\/person\/8a06c6bd7b19304cf4bf985862900b5b","name":"Thierno Diop","image":{"@type":"ImageObject","@id":"https:\/\/www.nettali.com\/#personlogo","inLanguage":"fr-FR","url":"https:\/\/secure.gravatar.com\/avatar\/c8ca58550c94fd2ac856d27391a6c866?s=96&d=mm&r=g","contentUrl":"https:\/\/secure.gravatar.com\/avatar\/c8ca58550c94fd2ac856d27391a6c866?s=96&d=mm&r=g","caption":"Thierno Diop"},"sameAs":["https:\/\/nettali.com"]}]}},"_links":{"self":[{"href":"https:\/\/www.nettali.com\/rest\/wp\/v2\/posts\/59400"}],"collection":[{"href":"https:\/\/www.nettali.com\/rest\/wp\/v2\/posts"}],"about":[{"href":"https:\/\/www.nettali.com\/rest\/wp\/v2\/types\/post"}],"author":[{"embeddable":true,"href":"https:\/\/www.nettali.com\/rest\/wp\/v2\/users\/11"}],"replies":[{"embeddable":true,"href":"https:\/\/www.nettali.com\/rest\/wp\/v2\/comments?post=59400"}],"version-history":[{"count":3,"href":"https:\/\/www.nettali.com\/rest\/wp\/v2\/posts\/59400\/revisions"}],"predecessor-version":[{"id":59403,"href":"https:\/\/www.nettali.com\/rest\/wp\/v2\/posts\/59400\/revisions\/59403"}],"wp:featuredmedia":[{"embeddable":true,"href":"https:\/\/www.nettali.com\/rest\/wp\/v2\/media\/32370"}],"wp:attachment":[{"href":"https:\/\/www.nettali.com\/rest\/wp\/v2\/media?parent=59400"}],"wp:term":[{"taxonomy":"category","embeddable":true,"href":"https:\/\/www.nettali.com\/rest\/wp\/v2\/categories?post=59400"},{"taxonomy":"post_tag","embeddable":true,"href":"https:\/\/www.nettali.com\/rest\/wp\/v2\/tags?post=59400"}],"curies":[{"name":"wp","href":"https:\/\/api.w.org\/{rel}","templated":true}]}}