{"id":59305,"date":"2021-03-08T00:11:13","date_gmt":"2021-03-08T00:11:13","guid":{"rendered":"https:\/\/www.nettali.com\/?p=59305"},"modified":"2021-03-08T00:12:44","modified_gmt":"2021-03-08T00:12:44","slug":"affaire-adji-sarr-ousmane-sonko-les-mises-en-garde-du-conseil-de-lordre-des-avocats","status":"publish","type":"post","link":"https:\/\/www.nettali.com\/2021\/03\/08\/affaire-adji-sarr-ousmane-sonko-les-mises-en-garde-du-conseil-de-lordre-des-avocats\/","title":{"rendered":"AFFAIRE ADJI SARR -OUSMANE SONKO- Les mises en garde du conseil de l\u2019ordre des avocats"},"content":{"rendered":"<p><strong>NETTALI. COM- Le Conseil de l\u2019ordre des avocats du S\u00e9n\u00e9gal s\u2019est prononc\u00e9, ce dimanche, sur l\u2019affaire opposant Ousmane Sonko \u00e0 Adji Sarr. Et c\u2019est pour d\u00e9noncer les violentes manifestations et mettre en garde.<\/strong><\/p>\n<p>Les agressions contre les personnes, les pertes en vies humaines, les atteintes et restrictions aux libert\u00e9s, les actes de vandalisme, les pillages et les incendies volontaires commis sur des biens publics et priv\u00e9s, les attaques et saccages d'\u00e9difices publics sont d\u00e9plor\u00e9s par le Conseil de l'Ordre des\u00a0 avocats. Qui d\u00e9nonce, tout aussi \u00e9nergiquement, le fait que des avocats, dans l'exercice de leurs fonctions et rev\u00eatus de leur costume professionnel, aient \u00e9t\u00e9 emp\u00each\u00e9s d'acc\u00e9der au bureau d'un juge, par les forces de l'ordre.<\/p>\n<p>Selon le Conseil, de tels faits et actes qui violent les droits de la d\u00e9fense, et les r\u00e8gles du proc\u00e8s \u00e9quitable, tout comme les exigences de l'Etat de droit, ne sa raient \u00eatre accept\u00e9s. \u00ab Cette situation ne peut perdurer sans, \u00e0 la fois, menacer gravement, les fondements de notre R\u00e9publique et provoquer des pr\u00e9judices irr\u00e9parables sur notre tissu \u00e9conomique et social \u00bb, a expliqu\u00e9 le Conseil de l\u2019ordre des avocats, appelant le peuple s\u00e9n\u00e9galais \u00e0 la retenue, au calme et au respect des institutions r\u00e9publicaines, en particulier de la justice qui est actuellement saisie de cette affaire. Le Conseil de l'Ordre r\u00e9affirme son soutien aux avocats et aux magistrats agress\u00e9s et menac\u00e9s et se tient \u00e0 leurs c\u00f4t\u00e9s pour initier toutes les actions utiles.<\/p>\n<p>Les avocats mettent \u00e9galement en garde contre les attaques r\u00e9p\u00e9t\u00e9es contre le Barreau et ses membres et enjoignent \u00e0 tous les avocats, de quelque bord qu'ils se trouvent, de suspendre leur participation aux affaires en cours. Ce, en cas de r\u00e9it\u00e9ration des menaces et exactions contre la profession.<\/p>\n<div class='share-to-whatsapp-wrapper'><div class='share-on-whsp'>PARTAGER SUR : <\/div><a data-text='AFFAIRE ADJI SARR -OUSMANE SONKO- Les mises en garde du conseil de l\u2019ordre des avocats' data-link='https:\/\/www.nettali.com\/2021\/03\/08\/affaire-adji-sarr-ousmane-sonko-les-mises-en-garde-du-conseil-de-lordre-des-avocats\/' class='whatsapp-button whatsapp-share'>WhatsApp<\/a><div class='clear '><\/div><\/div>","protected":false},"excerpt":{"rendered":"<p>NETTALI. COM- Le Conseil de l\u2019ordre des avocats du S\u00e9n\u00e9gal s\u2019est prononc\u00e9, ce dimanche, sur l\u2019affaire opposant Ousmane Sonko \u00e0 Adji Sarr. Et c\u2019est pour d\u00e9noncer les violentes manifestations et mettre en garde. Les agressions contre les personnes, les pertes en vies humaines, les atteintes et restrictions aux libert\u00e9s, les actes de vandalisme, les pillages [&hellip;]<\/p>\n","protected":false},"author":6,"featured_media":57517,"comment_status":"open","ping_status":"open","sticky":false,"template":"","format":"standard","meta":{"_et_pb_use_builder":"","_et_pb_old_content":""},"categories":[3],"tags":[],"yoast_head":"<!-- This site is optimized with the Yoast SEO Premium plugin v17.8 (Yoast SEO v17.8) - https:\/\/yoast.com\/wordpress\/plugins\/seo\/ -->\n<title>AFFAIRE ADJI SARR -OUSMANE SONKO- Les mises en garde du conseil de l\u2019ordre des avocats | Nettali.com<\/title>\n<meta name=\"robots\" content=\"index, follow, max-snippet:-1, max-image-preview:large, max-video-preview:-1\" \/>\n<link rel=\"canonical\" href=\"https:\/\/www.nettali.com\/2021\/03\/08\/affaire-adji-sarr-ousmane-sonko-les-mises-en-garde-du-conseil-de-lordre-des-avocats\/\" \/>\n<meta property=\"og:locale\" content=\"fr_FR\" \/>\n<meta property=\"og:type\" content=\"article\" \/>\n<meta property=\"og:title\" content=\"AFFAIRE ADJI SARR -OUSMANE SONKO- Les mises en garde du conseil de l\u2019ordre des avocats\" \/>\n<meta property=\"og:description\" content=\"NETTALI. COM- Le Conseil de l\u2019ordre des avocats du S\u00e9n\u00e9gal s\u2019est prononc\u00e9, ce dimanche, sur l\u2019affaire opposant Ousmane Sonko \u00e0 Adji Sarr. Et c\u2019est pour d\u00e9noncer les violentes manifestations et mettre en garde. Les agressions contre les personnes, les pertes en vies humaines, les atteintes et restrictions aux libert\u00e9s, les actes de vandalisme, les pillages [&hellip;]\" \/>\n<meta property=\"og:url\" content=\"https:\/\/www.nettali.com\/2021\/03\/08\/affaire-adji-sarr-ousmane-sonko-les-mises-en-garde-du-conseil-de-lordre-des-avocats\/\" \/>\n<meta property=\"og:site_name\" content=\"Nettali.com\" \/>\n<meta property=\"article:publisher\" content=\"https:\/\/www.facebook.com\/nettalicom\" \/>\n<meta property=\"article:published_time\" content=\"2021-03-08T00:11:13+00:00\" \/>\n<meta property=\"article:modified_time\" content=\"2021-03-08T00:12:44+00:00\" \/>\n<meta property=\"og:image\" content=\"https:\/\/www.nettali.com\/wp-content\/uploads\/2021\/02\/ousmane-sonko.jpg\" \/>\n\t<meta property=\"og:image:width\" content=\"648\" \/>\n\t<meta property=\"og:image:height\" content=\"406\" \/>\n<meta name=\"twitter:card\" content=\"summary_large_image\" \/>\n<meta name=\"twitter:label1\" content=\"\u00c9crit par\" \/>\n\t<meta name=\"twitter:data1\" content=\"Fatou\" \/>\n\t<meta name=\"twitter:label2\" content=\"Dur\u00e9e de lecture estim\u00e9e\" \/>\n\t<meta name=\"twitter:data2\" content=\"2 minutes\" \/>\n<script type=\"application\/ld+json\" class=\"yoast-schema-graph\">{\"@context\":\"https:\/\/schema.org\",\"@graph\":[{\"@type\":\"WebSite\",\"@id\":\"https:\/\/www.nettali.com\/#website\",\"url\":\"https:\/\/www.nettali.com\/\",\"name\":\"Nettali.com\",\"description\":\"Le rendez-vous critique du Net\",\"potentialAction\":[{\"@type\":\"SearchAction\",\"target\":{\"@type\":\"EntryPoint\",\"urlTemplate\":\"https:\/\/www.nettali.com\/?s={search_term_string}\"},\"query-input\":\"required name=search_term_string\"}],\"inLanguage\":\"fr-FR\"},{\"@type\":\"ImageObject\",\"@id\":\"https:\/\/www.nettali.com\/2021\/03\/08\/affaire-adji-sarr-ousmane-sonko-les-mises-en-garde-du-conseil-de-lordre-des-avocats\/#primaryimage\",\"inLanguage\":\"fr-FR\",\"url\":\"https:\/\/www.nettali.com\/wp-content\/uploads\/2021\/02\/ousmane-sonko.jpg\",\"contentUrl\":\"https:\/\/www.nettali.com\/wp-content\/uploads\/2021\/02\/ousmane-sonko.jpg\",\"width\":648,\"height\":406},{\"@type\":\"WebPage\",\"@id\":\"https:\/\/www.nettali.com\/2021\/03\/08\/affaire-adji-sarr-ousmane-sonko-les-mises-en-garde-du-conseil-de-lordre-des-avocats\/#webpage\",\"url\":\"https:\/\/www.nettali.com\/2021\/03\/08\/affaire-adji-sarr-ousmane-sonko-les-mises-en-garde-du-conseil-de-lordre-des-avocats\/\",\"name\":\"AFFAIRE ADJI SARR -OUSMANE SONKO- Les mises en garde du conseil de l\\u2019ordre des avocats | Nettali.com\",\"isPartOf\":{\"@id\":\"https:\/\/www.nettali.com\/#website\"},\"primaryImageOfPage\":{\"@id\":\"https:\/\/www.nettali.com\/2021\/03\/08\/affaire-adji-sarr-ousmane-sonko-les-mises-en-garde-du-conseil-de-lordre-des-avocats\/#primaryimage\"},\"datePublished\":\"2021-03-08T00:11:13+00:00\",\"dateModified\":\"2021-03-08T00:12:44+00:00\",\"author\":{\"@id\":\"https:\/\/www.nettali.com\/#\/schema\/person\/418274a86bdf87caff7a3ef476bd0bbf\"},\"breadcrumb\":{\"@id\":\"https:\/\/www.nettali.com\/2021\/03\/08\/affaire-adji-sarr-ousmane-sonko-les-mises-en-garde-du-conseil-de-lordre-des-avocats\/#breadcrumb\"},\"inLanguage\":\"fr-FR\",\"potentialAction\":[{\"@type\":\"ReadAction\",\"target\":[\"https:\/\/www.nettali.com\/2021\/03\/08\/affaire-adji-sarr-ousmane-sonko-les-mises-en-garde-du-conseil-de-lordre-des-avocats\/\"]}]},{\"@type\":\"BreadcrumbList\",\"@id\":\"https:\/\/www.nettali.com\/2021\/03\/08\/affaire-adji-sarr-ousmane-sonko-les-mises-en-garde-du-conseil-de-lordre-des-avocats\/#breadcrumb\",\"itemListElement\":[{\"@type\":\"ListItem\",\"position\":1,\"name\":\"Accueil\",\"item\":\"https:\/\/www.nettali.com\/\"},{\"@type\":\"ListItem\",\"position\":2,\"name\":\"AFFAIRE ADJI SARR -OUSMANE SONKO- Les mises en garde du conseil de l\\u2019ordre des avocats\"}]},{\"@type\":\"Person\",\"@id\":\"https:\/\/www.nettali.com\/#\/schema\/person\/418274a86bdf87caff7a3ef476bd0bbf\",\"name\":\"Fatou\",\"image\":{\"@type\":\"ImageObject\",\"@id\":\"https:\/\/www.nettali.com\/#personlogo\",\"inLanguage\":\"fr-FR\",\"url\":\"https:\/\/secure.gravatar.com\/avatar\/5a9442a2bee7b4dcf167cab035858e9a?s=96&d=mm&r=g\",\"contentUrl\":\"https:\/\/secure.gravatar.com\/avatar\/5a9442a2bee7b4dcf167cab035858e9a?s=96&d=mm&r=g\",\"caption\":\"Fatou\"},\"sameAs\":[\"https:\/\/www.nettali.com\"]}]}<\/script>\n<!-- \/ Yoast SEO Premium plugin. -->","yoast_head_json":{"title":"AFFAIRE ADJI SARR -OUSMANE SONKO- Les mises en garde du conseil de l\u2019ordre des avocats | Nettali.com","robots":{"index":"index","follow":"follow","max-snippet":"max-snippet:-1","max-image-preview":"max-image-preview:large","max-video-preview":"max-video-preview:-1"},"canonical":"https:\/\/www.nettali.com\/2021\/03\/08\/affaire-adji-sarr-ousmane-sonko-les-mises-en-garde-du-conseil-de-lordre-des-avocats\/","og_locale":"fr_FR","og_type":"article","og_title":"AFFAIRE ADJI SARR -OUSMANE SONKO- Les mises en garde du conseil de l\u2019ordre des avocats","og_description":"NETTALI. COM- Le Conseil de l\u2019ordre des avocats du S\u00e9n\u00e9gal s\u2019est prononc\u00e9, ce dimanche, sur l\u2019affaire opposant Ousmane Sonko \u00e0 Adji Sarr. Et c\u2019est pour d\u00e9noncer les violentes manifestations et mettre en garde. Les agressions contre les personnes, les pertes en vies humaines, les atteintes et restrictions aux libert\u00e9s, les actes de vandalisme, les pillages [&hellip;]","og_url":"https:\/\/www.nettali.com\/2021\/03\/08\/affaire-adji-sarr-ousmane-sonko-les-mises-en-garde-du-conseil-de-lordre-des-avocats\/","og_site_name":"Nettali.com","article_publisher":"https:\/\/www.facebook.com\/nettalicom","article_published_time":"2021-03-08T00:11:13+00:00","article_modified_time":"2021-03-08T00:12:44+00:00","og_image":[{"width":648,"height":406,"url":"https:\/\/www.nettali.com\/wp-content\/uploads\/2021\/02\/ousmane-sonko.jpg","type":"image\/jpeg"}],"twitter_card":"summary_large_image","twitter_misc":{"\u00c9crit par":"Fatou","Dur\u00e9e de lecture estim\u00e9e":"2 minutes"},"schema":{"@context":"https:\/\/schema.org","@graph":[{"@type":"WebSite","@id":"https:\/\/www.nettali.com\/#website","url":"https:\/\/www.nettali.com\/","name":"Nettali.com","description":"Le rendez-vous critique du Net","potentialAction":[{"@type":"SearchAction","target":{"@type":"EntryPoint","urlTemplate":"https:\/\/www.nettali.com\/?s={search_term_string}"},"query-input":"required name=search_term_string"}],"inLanguage":"fr-FR"},{"@type":"ImageObject","@id":"https:\/\/www.nettali.com\/2021\/03\/08\/affaire-adji-sarr-ousmane-sonko-les-mises-en-garde-du-conseil-de-lordre-des-avocats\/#primaryimage","inLanguage":"fr-FR","url":"https:\/\/www.nettali.com\/wp-content\/uploads\/2021\/02\/ousmane-sonko.jpg","contentUrl":"https:\/\/www.nettali.com\/wp-content\/uploads\/2021\/02\/ousmane-sonko.jpg","width":648,"height":406},{"@type":"WebPage","@id":"https:\/\/www.nettali.com\/2021\/03\/08\/affaire-adji-sarr-ousmane-sonko-les-mises-en-garde-du-conseil-de-lordre-des-avocats\/#webpage","url":"https:\/\/www.nettali.com\/2021\/03\/08\/affaire-adji-sarr-ousmane-sonko-les-mises-en-garde-du-conseil-de-lordre-des-avocats\/","name":"AFFAIRE ADJI SARR -OUSMANE SONKO- Les mises en garde du conseil de l\u2019ordre des avocats | Nettali.com","isPartOf":{"@id":"https:\/\/www.nettali.com\/#website"},"primaryImageOfPage":{"@id":"https:\/\/www.nettali.com\/2021\/03\/08\/affaire-adji-sarr-ousmane-sonko-les-mises-en-garde-du-conseil-de-lordre-des-avocats\/#primaryimage"},"datePublished":"2021-03-08T00:11:13+00:00","dateModified":"2021-03-08T00:12:44+00:00","author":{"@id":"https:\/\/www.nettali.com\/#\/schema\/person\/418274a86bdf87caff7a3ef476bd0bbf"},"breadcrumb":{"@id":"https:\/\/www.nettali.com\/2021\/03\/08\/affaire-adji-sarr-ousmane-sonko-les-mises-en-garde-du-conseil-de-lordre-des-avocats\/#breadcrumb"},"inLanguage":"fr-FR","potentialAction":[{"@type":"ReadAction","target":["https:\/\/www.nettali.com\/2021\/03\/08\/affaire-adji-sarr-ousmane-sonko-les-mises-en-garde-du-conseil-de-lordre-des-avocats\/"]}]},{"@type":"BreadcrumbList","@id":"https:\/\/www.nettali.com\/2021\/03\/08\/affaire-adji-sarr-ousmane-sonko-les-mises-en-garde-du-conseil-de-lordre-des-avocats\/#breadcrumb","itemListElement":[{"@type":"ListItem","position":1,"name":"Accueil","item":"https:\/\/www.nettali.com\/"},{"@type":"ListItem","position":2,"name":"AFFAIRE ADJI SARR -OUSMANE SONKO- Les mises en garde du conseil de l\u2019ordre des avocats"}]},{"@type":"Person","@id":"https:\/\/www.nettali.com\/#\/schema\/person\/418274a86bdf87caff7a3ef476bd0bbf","name":"Fatou","image":{"@type":"ImageObject","@id":"https:\/\/www.nettali.com\/#personlogo","inLanguage":"fr-FR","url":"https:\/\/secure.gravatar.com\/avatar\/5a9442a2bee7b4dcf167cab035858e9a?s=96&d=mm&r=g","contentUrl":"https:\/\/secure.gravatar.com\/avatar\/5a9442a2bee7b4dcf167cab035858e9a?s=96&d=mm&r=g","caption":"Fatou"},"sameAs":["https:\/\/www.nettali.com"]}]}},"_links":{"self":[{"href":"https:\/\/www.nettali.com\/rest\/wp\/v2\/posts\/59305"}],"collection":[{"href":"https:\/\/www.nettali.com\/rest\/wp\/v2\/posts"}],"about":[{"href":"https:\/\/www.nettali.com\/rest\/wp\/v2\/types\/post"}],"author":[{"embeddable":true,"href":"https:\/\/www.nettali.com\/rest\/wp\/v2\/users\/6"}],"replies":[{"embeddable":true,"href":"https:\/\/www.nettali.com\/rest\/wp\/v2\/comments?post=59305"}],"version-history":[{"count":3,"href":"https:\/\/www.nettali.com\/rest\/wp\/v2\/posts\/59305\/revisions"}],"predecessor-version":[{"id":59312,"href":"https:\/\/www.nettali.com\/rest\/wp\/v2\/posts\/59305\/revisions\/59312"}],"wp:featuredmedia":[{"embeddable":true,"href":"https:\/\/www.nettali.com\/rest\/wp\/v2\/media\/57517"}],"wp:attachment":[{"href":"https:\/\/www.nettali.com\/rest\/wp\/v2\/media?parent=59305"}],"wp:term":[{"taxonomy":"category","embeddable":true,"href":"https:\/\/www.nettali.com\/rest\/wp\/v2\/categories?post=59305"},{"taxonomy":"post_tag","embeddable":true,"href":"https:\/\/www.nettali.com\/rest\/wp\/v2\/tags?post=59305"}],"curies":[{"name":"wp","href":"https:\/\/api.w.org\/{rel}","templated":true}]}}