{"id":59213,"date":"2021-03-06T22:23:14","date_gmt":"2021-03-06T22:23:14","guid":{"rendered":"https:\/\/www.nettali.com\/?p=59213"},"modified":"2021-03-07T10:41:26","modified_gmt":"2021-03-07T10:41:26","slug":"diaobe-deux-morts-et-plusieurs-blesses-dans-les-manifestations","status":"publish","type":"post","link":"https:\/\/www.nettali.com\/2021\/03\/06\/diaobe-deux-morts-et-plusieurs-blesses-dans-les-manifestations\/","title":{"rendered":"DIAOBE - Deux morts et plusieurs bless\u00e9s dans les manifestations"},"content":{"rendered":"<p><strong>NETTALI.COM - La journ\u00e9e de ce samedi a \u00e9t\u00e9 tr\u00e8s sanglante \u00e0 Diaob\u00e9. Cette commune de la r\u00e9gion de Kolda qui exprimait sa col\u00e8re contre l'arrestation d'Ousmane Sonko a d\u00e9nombr\u00e9 deux morts et plusieurs bless\u00e9s.<\/strong><\/p>\n<p>La liste macabre se rallonge davantage depuis le depuis des contestations de l'arrestation d'Ousmane Sonko.<br \/>\nCe samedi matin, des manifestants ont tout pill\u00e9 sur leur passage \u00e0 Diaob\u00e9 dans la r\u00e9gion de Kolda. Ils ont incendi\u00e9 la gendarmerie, la douane, la mairie, la poste, la station Total et ont m\u00eame voulu s'attaquer aux maisons. Et le bilan est tr\u00e8s lourd. Au moins deux personnes ont \u00e9t\u00e9 tu\u00e9es. Des bless\u00e9s graves ont aussi \u00e9t\u00e9 d\u00e9nombr\u00e9s.<\/p>\n<p>Une situation inqui\u00e9tante jamais v\u00e9cue au village de Diaob\u00e9 qui accueille un des plus march\u00e9s hebdomadaires du pays. Heureusement, l'intervention des militaires a ramen\u00e9 le calme.<\/p>\n<p>Rappelons que neuf personnes ont d\u00e9j\u00e0 perdu la vie depuis l'\u00e9clatement des \u00e9meutes.<\/p>\n<div class='share-to-whatsapp-wrapper'><div class='share-on-whsp'>PARTAGER SUR : <\/div><a data-text='DIAOBE - Deux morts et plusieurs bless\u00e9s dans les manifestations' data-link='https:\/\/www.nettali.com\/2021\/03\/06\/diaobe-deux-morts-et-plusieurs-blesses-dans-les-manifestations\/' class='whatsapp-button whatsapp-share'>WhatsApp<\/a><div class='clear '><\/div><\/div>","protected":false},"excerpt":{"rendered":"<p>NETTALI.COM - La journ\u00e9e de ce samedi a \u00e9t\u00e9 tr\u00e8s sanglante \u00e0 Diaob\u00e9. Cette commune de la r\u00e9gion de Kolda qui exprimait sa col\u00e8re contre l'arrestation d'Ousmane Sonko a d\u00e9nombr\u00e9 deux morts et plusieurs bless\u00e9s. La liste macabre se rallonge davantage depuis le depuis des contestations de l'arrestation d'Ousmane Sonko. Ce samedi matin, des manifestants [&hellip;]<\/p>\n","protected":false},"author":5,"featured_media":59214,"comment_status":"open","ping_status":"open","sticky":false,"template":"","format":"standard","meta":{"_et_pb_use_builder":"","_et_pb_old_content":""},"categories":[3],"tags":[],"yoast_head":"<!-- This site is optimized with the Yoast SEO Premium plugin v17.8 (Yoast SEO v17.8) - https:\/\/yoast.com\/wordpress\/plugins\/seo\/ -->\n<title>DIAOBE - Deux morts et plusieurs bless\u00e9s dans les manifestations | Nettali.com<\/title>\n<meta name=\"robots\" content=\"index, follow, max-snippet:-1, max-image-preview:large, max-video-preview:-1\" \/>\n<link rel=\"canonical\" href=\"https:\/\/www.nettali.com\/2021\/03\/06\/diaobe-deux-morts-et-plusieurs-blesses-dans-les-manifestations\/\" \/>\n<meta property=\"og:locale\" content=\"fr_FR\" \/>\n<meta property=\"og:type\" content=\"article\" \/>\n<meta property=\"og:title\" content=\"DIAOBE - Deux morts et plusieurs bless\u00e9s dans les manifestations\" \/>\n<meta property=\"og:description\" content=\"NETTALI.COM - La journ\u00e9e de ce samedi a \u00e9t\u00e9 tr\u00e8s sanglante \u00e0 Diaob\u00e9. Cette commune de la r\u00e9gion de Kolda qui exprimait sa col\u00e8re contre l&#039;arrestation d&#039;Ousmane Sonko a d\u00e9nombr\u00e9 deux morts et plusieurs bless\u00e9s. La liste macabre se rallonge davantage depuis le depuis des contestations de l&#039;arrestation d&#039;Ousmane Sonko. Ce samedi matin, des manifestants [&hellip;]\" \/>\n<meta property=\"og:url\" content=\"https:\/\/www.nettali.com\/2021\/03\/06\/diaobe-deux-morts-et-plusieurs-blesses-dans-les-manifestations\/\" \/>\n<meta property=\"og:site_name\" content=\"Nettali.com\" \/>\n<meta property=\"article:publisher\" content=\"https:\/\/www.facebook.com\/nettalicom\" \/>\n<meta property=\"article:published_time\" content=\"2021-03-06T22:23:14+00:00\" \/>\n<meta property=\"article:modified_time\" content=\"2021-03-07T10:41:26+00:00\" \/>\n<meta property=\"og:image\" content=\"https:\/\/www.nettali.com\/wp-content\/uploads\/2021\/03\/senegal-heurts.jpg\" \/>\n\t<meta property=\"og:image:width\" content=\"600\" \/>\n\t<meta property=\"og:image:height\" content=\"338\" \/>\n<meta name=\"twitter:card\" content=\"summary_large_image\" \/>\n<meta name=\"twitter:label1\" content=\"\u00c9crit par\" \/>\n\t<meta name=\"twitter:data1\" content=\"Ibrahima\" \/>\n\t<meta name=\"twitter:label2\" content=\"Dur\u00e9e de lecture estim\u00e9e\" \/>\n\t<meta name=\"twitter:data2\" content=\"1 minute\" \/>\n<script type=\"application\/ld+json\" class=\"yoast-schema-graph\">{\"@context\":\"https:\/\/schema.org\",\"@graph\":[{\"@type\":\"WebSite\",\"@id\":\"https:\/\/www.nettali.com\/#website\",\"url\":\"https:\/\/www.nettali.com\/\",\"name\":\"Nettali.com\",\"description\":\"Le rendez-vous critique du Net\",\"potentialAction\":[{\"@type\":\"SearchAction\",\"target\":{\"@type\":\"EntryPoint\",\"urlTemplate\":\"https:\/\/www.nettali.com\/?s={search_term_string}\"},\"query-input\":\"required name=search_term_string\"}],\"inLanguage\":\"fr-FR\"},{\"@type\":\"ImageObject\",\"@id\":\"https:\/\/www.nettali.com\/2021\/03\/06\/diaobe-deux-morts-et-plusieurs-blesses-dans-les-manifestations\/#primaryimage\",\"inLanguage\":\"fr-FR\",\"url\":\"https:\/\/www.nettali.com\/wp-content\/uploads\/2021\/03\/senegal-heurts.jpg\",\"contentUrl\":\"https:\/\/www.nettali.com\/wp-content\/uploads\/2021\/03\/senegal-heurts.jpg\",\"width\":600,\"height\":338},{\"@type\":\"WebPage\",\"@id\":\"https:\/\/www.nettali.com\/2021\/03\/06\/diaobe-deux-morts-et-plusieurs-blesses-dans-les-manifestations\/#webpage\",\"url\":\"https:\/\/www.nettali.com\/2021\/03\/06\/diaobe-deux-morts-et-plusieurs-blesses-dans-les-manifestations\/\",\"name\":\"DIAOBE - Deux morts et plusieurs bless\\u00e9s dans les manifestations | Nettali.com\",\"isPartOf\":{\"@id\":\"https:\/\/www.nettali.com\/#website\"},\"primaryImageOfPage\":{\"@id\":\"https:\/\/www.nettali.com\/2021\/03\/06\/diaobe-deux-morts-et-plusieurs-blesses-dans-les-manifestations\/#primaryimage\"},\"datePublished\":\"2021-03-06T22:23:14+00:00\",\"dateModified\":\"2021-03-07T10:41:26+00:00\",\"author\":{\"@id\":\"https:\/\/www.nettali.com\/#\/schema\/person\/bb147657c2986240405a608162b9bb23\"},\"breadcrumb\":{\"@id\":\"https:\/\/www.nettali.com\/2021\/03\/06\/diaobe-deux-morts-et-plusieurs-blesses-dans-les-manifestations\/#breadcrumb\"},\"inLanguage\":\"fr-FR\",\"potentialAction\":[{\"@type\":\"ReadAction\",\"target\":[\"https:\/\/www.nettali.com\/2021\/03\/06\/diaobe-deux-morts-et-plusieurs-blesses-dans-les-manifestations\/\"]}]},{\"@type\":\"BreadcrumbList\",\"@id\":\"https:\/\/www.nettali.com\/2021\/03\/06\/diaobe-deux-morts-et-plusieurs-blesses-dans-les-manifestations\/#breadcrumb\",\"itemListElement\":[{\"@type\":\"ListItem\",\"position\":1,\"name\":\"Accueil\",\"item\":\"https:\/\/www.nettali.com\/\"},{\"@type\":\"ListItem\",\"position\":2,\"name\":\"DIAOBE &#8211; Deux morts et plusieurs bless\\u00e9s dans les manifestations\"}]},{\"@type\":\"Person\",\"@id\":\"https:\/\/www.nettali.com\/#\/schema\/person\/bb147657c2986240405a608162b9bb23\",\"name\":\"Ibrahima\",\"image\":{\"@type\":\"ImageObject\",\"@id\":\"https:\/\/www.nettali.com\/#personlogo\",\"inLanguage\":\"fr-FR\",\"url\":\"https:\/\/secure.gravatar.com\/avatar\/26a8a81f09f0dd7624c9d5c36c9ba3a2?s=96&d=mm&r=g\",\"contentUrl\":\"https:\/\/secure.gravatar.com\/avatar\/26a8a81f09f0dd7624c9d5c36c9ba3a2?s=96&d=mm&r=g\",\"caption\":\"Ibrahima\"},\"sameAs\":[\"https:\/\/www.nettali.com\"]}]}<\/script>\n<!-- \/ Yoast SEO Premium plugin. -->","yoast_head_json":{"title":"DIAOBE - Deux morts et plusieurs bless\u00e9s dans les manifestations | Nettali.com","robots":{"index":"index","follow":"follow","max-snippet":"max-snippet:-1","max-image-preview":"max-image-preview:large","max-video-preview":"max-video-preview:-1"},"canonical":"https:\/\/www.nettali.com\/2021\/03\/06\/diaobe-deux-morts-et-plusieurs-blesses-dans-les-manifestations\/","og_locale":"fr_FR","og_type":"article","og_title":"DIAOBE - Deux morts et plusieurs bless\u00e9s dans les manifestations","og_description":"NETTALI.COM - La journ\u00e9e de ce samedi a \u00e9t\u00e9 tr\u00e8s sanglante \u00e0 Diaob\u00e9. Cette commune de la r\u00e9gion de Kolda qui exprimait sa col\u00e8re contre l'arrestation d'Ousmane Sonko a d\u00e9nombr\u00e9 deux morts et plusieurs bless\u00e9s. La liste macabre se rallonge davantage depuis le depuis des contestations de l'arrestation d'Ousmane Sonko. Ce samedi matin, des manifestants [&hellip;]","og_url":"https:\/\/www.nettali.com\/2021\/03\/06\/diaobe-deux-morts-et-plusieurs-blesses-dans-les-manifestations\/","og_site_name":"Nettali.com","article_publisher":"https:\/\/www.facebook.com\/nettalicom","article_published_time":"2021-03-06T22:23:14+00:00","article_modified_time":"2021-03-07T10:41:26+00:00","og_image":[{"width":600,"height":338,"url":"https:\/\/www.nettali.com\/wp-content\/uploads\/2021\/03\/senegal-heurts.jpg","type":"image\/jpeg"}],"twitter_card":"summary_large_image","twitter_misc":{"\u00c9crit par":"Ibrahima","Dur\u00e9e de lecture estim\u00e9e":"1 minute"},"schema":{"@context":"https:\/\/schema.org","@graph":[{"@type":"WebSite","@id":"https:\/\/www.nettali.com\/#website","url":"https:\/\/www.nettali.com\/","name":"Nettali.com","description":"Le rendez-vous critique du Net","potentialAction":[{"@type":"SearchAction","target":{"@type":"EntryPoint","urlTemplate":"https:\/\/www.nettali.com\/?s={search_term_string}"},"query-input":"required name=search_term_string"}],"inLanguage":"fr-FR"},{"@type":"ImageObject","@id":"https:\/\/www.nettali.com\/2021\/03\/06\/diaobe-deux-morts-et-plusieurs-blesses-dans-les-manifestations\/#primaryimage","inLanguage":"fr-FR","url":"https:\/\/www.nettali.com\/wp-content\/uploads\/2021\/03\/senegal-heurts.jpg","contentUrl":"https:\/\/www.nettali.com\/wp-content\/uploads\/2021\/03\/senegal-heurts.jpg","width":600,"height":338},{"@type":"WebPage","@id":"https:\/\/www.nettali.com\/2021\/03\/06\/diaobe-deux-morts-et-plusieurs-blesses-dans-les-manifestations\/#webpage","url":"https:\/\/www.nettali.com\/2021\/03\/06\/diaobe-deux-morts-et-plusieurs-blesses-dans-les-manifestations\/","name":"DIAOBE - Deux morts et plusieurs bless\u00e9s dans les manifestations | Nettali.com","isPartOf":{"@id":"https:\/\/www.nettali.com\/#website"},"primaryImageOfPage":{"@id":"https:\/\/www.nettali.com\/2021\/03\/06\/diaobe-deux-morts-et-plusieurs-blesses-dans-les-manifestations\/#primaryimage"},"datePublished":"2021-03-06T22:23:14+00:00","dateModified":"2021-03-07T10:41:26+00:00","author":{"@id":"https:\/\/www.nettali.com\/#\/schema\/person\/bb147657c2986240405a608162b9bb23"},"breadcrumb":{"@id":"https:\/\/www.nettali.com\/2021\/03\/06\/diaobe-deux-morts-et-plusieurs-blesses-dans-les-manifestations\/#breadcrumb"},"inLanguage":"fr-FR","potentialAction":[{"@type":"ReadAction","target":["https:\/\/www.nettali.com\/2021\/03\/06\/diaobe-deux-morts-et-plusieurs-blesses-dans-les-manifestations\/"]}]},{"@type":"BreadcrumbList","@id":"https:\/\/www.nettali.com\/2021\/03\/06\/diaobe-deux-morts-et-plusieurs-blesses-dans-les-manifestations\/#breadcrumb","itemListElement":[{"@type":"ListItem","position":1,"name":"Accueil","item":"https:\/\/www.nettali.com\/"},{"@type":"ListItem","position":2,"name":"DIAOBE &#8211; Deux morts et plusieurs bless\u00e9s dans les manifestations"}]},{"@type":"Person","@id":"https:\/\/www.nettali.com\/#\/schema\/person\/bb147657c2986240405a608162b9bb23","name":"Ibrahima","image":{"@type":"ImageObject","@id":"https:\/\/www.nettali.com\/#personlogo","inLanguage":"fr-FR","url":"https:\/\/secure.gravatar.com\/avatar\/26a8a81f09f0dd7624c9d5c36c9ba3a2?s=96&d=mm&r=g","contentUrl":"https:\/\/secure.gravatar.com\/avatar\/26a8a81f09f0dd7624c9d5c36c9ba3a2?s=96&d=mm&r=g","caption":"Ibrahima"},"sameAs":["https:\/\/www.nettali.com"]}]}},"_links":{"self":[{"href":"https:\/\/www.nettali.com\/rest\/wp\/v2\/posts\/59213"}],"collection":[{"href":"https:\/\/www.nettali.com\/rest\/wp\/v2\/posts"}],"about":[{"href":"https:\/\/www.nettali.com\/rest\/wp\/v2\/types\/post"}],"author":[{"embeddable":true,"href":"https:\/\/www.nettali.com\/rest\/wp\/v2\/users\/5"}],"replies":[{"embeddable":true,"href":"https:\/\/www.nettali.com\/rest\/wp\/v2\/comments?post=59213"}],"version-history":[{"count":4,"href":"https:\/\/www.nettali.com\/rest\/wp\/v2\/posts\/59213\/revisions"}],"predecessor-version":[{"id":59224,"href":"https:\/\/www.nettali.com\/rest\/wp\/v2\/posts\/59213\/revisions\/59224"}],"wp:featuredmedia":[{"embeddable":true,"href":"https:\/\/www.nettali.com\/rest\/wp\/v2\/media\/59214"}],"wp:attachment":[{"href":"https:\/\/www.nettali.com\/rest\/wp\/v2\/media?parent=59213"}],"wp:term":[{"taxonomy":"category","embeddable":true,"href":"https:\/\/www.nettali.com\/rest\/wp\/v2\/categories?post=59213"},{"taxonomy":"post_tag","embeddable":true,"href":"https:\/\/www.nettali.com\/rest\/wp\/v2\/tags?post=59213"}],"curies":[{"name":"wp","href":"https:\/\/api.w.org\/{rel}","templated":true}]}}