{"id":59052,"date":"2021-03-05T12:56:43","date_gmt":"2021-03-05T12:56:43","guid":{"rendered":"https:\/\/www.nettali.com\/?p=59052"},"modified":"2021-03-05T12:56:43","modified_gmt":"2021-03-05T12:56:43","slug":"grogne-des-avocats-de-ousmane-sonko","status":"publish","type":"post","link":"https:\/\/www.nettali.com\/2021\/03\/05\/grogne-des-avocats-de-ousmane-sonko\/","title":{"rendered":"Grogne des avocats de Ousmane Sonko"},"content":{"rendered":"<p><strong>NETTALI.COM- Grogne des avocats de Ousmane Sonko qui \u00e9taient interdits d'acc\u00e8s au bureau du juge d'instruction. Pendant 25 minutes, Ousmane Sonko l \u00e9tait seul dans le bureau du doyen des juges d'instruction en l'absence de ses avocats. Ces derniers sont finalement entr\u00e9s bien plus tard.<\/strong><\/p>\n<p><iframe loading=\"lazy\" src=\"https:\/\/www.youtube.com\/embed\/yKeSIjQbr6Q\" width=\"560\" height=\"315\" frameborder=\"0\" allowfullscreen=\"allowfullscreen\"><\/iframe><\/p>\n<div class='share-to-whatsapp-wrapper'><div class='share-on-whsp'>PARTAGER SUR : <\/div><a data-text='Grogne des avocats de Ousmane Sonko' data-link='https:\/\/www.nettali.com\/2021\/03\/05\/grogne-des-avocats-de-ousmane-sonko\/' class='whatsapp-button whatsapp-share'>WhatsApp<\/a><div class='clear '><\/div><\/div>","protected":false},"excerpt":{"rendered":"<p>NETTALI.COM- Grogne des avocats de Ousmane Sonko qui \u00e9taient interdits d'acc\u00e8s au bureau du juge d'instruction. Pendant 25 minutes, Ousmane Sonko l \u00e9tait seul dans le bureau du doyen des juges d'instruction en l'absence de ses avocats. Ces derniers sont finalement entr\u00e9s bien plus tard. PARTAGER SUR : WhatsApp<\/p>\n","protected":false},"author":1,"featured_media":59054,"comment_status":"open","ping_status":"open","sticky":false,"template":"","format":"standard","meta":{"_et_pb_use_builder":"","_et_pb_old_content":""},"categories":[3],"tags":[],"yoast_head":"<!-- This site is optimized with the Yoast SEO Premium plugin v17.8 (Yoast SEO v17.8) - https:\/\/yoast.com\/wordpress\/plugins\/seo\/ -->\n<title>Grogne des avocats de Ousmane Sonko | Nettali.com<\/title>\n<meta name=\"robots\" content=\"index, follow, max-snippet:-1, max-image-preview:large, max-video-preview:-1\" \/>\n<link rel=\"canonical\" href=\"https:\/\/www.nettali.com\/2021\/03\/05\/grogne-des-avocats-de-ousmane-sonko\/\" \/>\n<meta property=\"og:locale\" content=\"fr_FR\" \/>\n<meta property=\"og:type\" content=\"article\" \/>\n<meta property=\"og:title\" content=\"Grogne des avocats de Ousmane Sonko\" \/>\n<meta property=\"og:description\" content=\"NETTALI.COM- Grogne des avocats de Ousmane Sonko qui \u00e9taient interdits d&#039;acc\u00e8s au bureau du juge d&#039;instruction. Pendant 25 minutes, Ousmane Sonko l \u00e9tait seul dans le bureau du doyen des juges d&#039;instruction en l&#039;absence de ses avocats. Ces derniers sont finalement entr\u00e9s bien plus tard. PARTAGER SUR : WhatsApp\" \/>\n<meta property=\"og:url\" content=\"https:\/\/www.nettali.com\/2021\/03\/05\/grogne-des-avocats-de-ousmane-sonko\/\" \/>\n<meta property=\"og:site_name\" content=\"Nettali.com\" \/>\n<meta property=\"article:publisher\" content=\"https:\/\/www.facebook.com\/nettalicom\" \/>\n<meta property=\"article:published_time\" content=\"2021-03-05T12:56:43+00:00\" \/>\n<meta property=\"og:image\" content=\"https:\/\/www.nettali.com\/wp-content\/uploads\/2021\/03\/Capture-d\u2019e\u0301cran-2021-03-05-a\u0300-13.54.50.jpg\" \/>\n\t<meta property=\"og:image:width\" content=\"2132\" \/>\n\t<meta property=\"og:image:height\" content=\"1370\" \/>\n<meta name=\"twitter:card\" content=\"summary_large_image\" \/>\n<meta name=\"twitter:label1\" content=\"\u00c9crit par\" \/>\n\t<meta name=\"twitter:data1\" content=\"admin\" \/>\n<script type=\"application\/ld+json\" class=\"yoast-schema-graph\">{\"@context\":\"https:\/\/schema.org\",\"@graph\":[{\"@type\":\"WebSite\",\"@id\":\"https:\/\/www.nettali.com\/#website\",\"url\":\"https:\/\/www.nettali.com\/\",\"name\":\"Nettali.com\",\"description\":\"Le rendez-vous critique du Net\",\"potentialAction\":[{\"@type\":\"SearchAction\",\"target\":{\"@type\":\"EntryPoint\",\"urlTemplate\":\"https:\/\/www.nettali.com\/?s={search_term_string}\"},\"query-input\":\"required name=search_term_string\"}],\"inLanguage\":\"fr-FR\"},{\"@type\":\"ImageObject\",\"@id\":\"https:\/\/www.nettali.com\/2021\/03\/05\/grogne-des-avocats-de-ousmane-sonko\/#primaryimage\",\"inLanguage\":\"fr-FR\",\"url\":\"https:\/\/www.nettali.com\/wp-content\/uploads\/2021\/03\/Capture-d\\u2019e\\u0301cran-2021-03-05-a\\u0300-13.54.50.jpg\",\"contentUrl\":\"https:\/\/www.nettali.com\/wp-content\/uploads\/2021\/03\/Capture-d\\u2019e\\u0301cran-2021-03-05-a\\u0300-13.54.50.jpg\",\"width\":2132,\"height\":1370},{\"@type\":\"WebPage\",\"@id\":\"https:\/\/www.nettali.com\/2021\/03\/05\/grogne-des-avocats-de-ousmane-sonko\/#webpage\",\"url\":\"https:\/\/www.nettali.com\/2021\/03\/05\/grogne-des-avocats-de-ousmane-sonko\/\",\"name\":\"Grogne des avocats de Ousmane Sonko | Nettali.com\",\"isPartOf\":{\"@id\":\"https:\/\/www.nettali.com\/#website\"},\"primaryImageOfPage\":{\"@id\":\"https:\/\/www.nettali.com\/2021\/03\/05\/grogne-des-avocats-de-ousmane-sonko\/#primaryimage\"},\"datePublished\":\"2021-03-05T12:56:43+00:00\",\"dateModified\":\"2021-03-05T12:56:43+00:00\",\"author\":{\"@id\":\"https:\/\/www.nettali.com\/#\/schema\/person\/b55afd6240f41be6e738915574d89224\"},\"breadcrumb\":{\"@id\":\"https:\/\/www.nettali.com\/2021\/03\/05\/grogne-des-avocats-de-ousmane-sonko\/#breadcrumb\"},\"inLanguage\":\"fr-FR\",\"potentialAction\":[{\"@type\":\"ReadAction\",\"target\":[\"https:\/\/www.nettali.com\/2021\/03\/05\/grogne-des-avocats-de-ousmane-sonko\/\"]}]},{\"@type\":\"BreadcrumbList\",\"@id\":\"https:\/\/www.nettali.com\/2021\/03\/05\/grogne-des-avocats-de-ousmane-sonko\/#breadcrumb\",\"itemListElement\":[{\"@type\":\"ListItem\",\"position\":1,\"name\":\"Accueil\",\"item\":\"https:\/\/www.nettali.com\/\"},{\"@type\":\"ListItem\",\"position\":2,\"name\":\"Grogne des avocats de Ousmane Sonko\"}]},{\"@type\":\"Person\",\"@id\":\"https:\/\/www.nettali.com\/#\/schema\/person\/b55afd6240f41be6e738915574d89224\",\"name\":\"admin\",\"image\":{\"@type\":\"ImageObject\",\"@id\":\"https:\/\/www.nettali.com\/#personlogo\",\"inLanguage\":\"fr-FR\",\"url\":\"https:\/\/secure.gravatar.com\/avatar\/b5621150edb4e4deb0c6a17df4f9eefe?s=96&d=mm&r=g\",\"contentUrl\":\"https:\/\/secure.gravatar.com\/avatar\/b5621150edb4e4deb0c6a17df4f9eefe?s=96&d=mm&r=g\",\"caption\":\"admin\"}}]}<\/script>\n<!-- \/ Yoast SEO Premium plugin. -->","yoast_head_json":{"title":"Grogne des avocats de Ousmane Sonko | Nettali.com","robots":{"index":"index","follow":"follow","max-snippet":"max-snippet:-1","max-image-preview":"max-image-preview:large","max-video-preview":"max-video-preview:-1"},"canonical":"https:\/\/www.nettali.com\/2021\/03\/05\/grogne-des-avocats-de-ousmane-sonko\/","og_locale":"fr_FR","og_type":"article","og_title":"Grogne des avocats de Ousmane Sonko","og_description":"NETTALI.COM- Grogne des avocats de Ousmane Sonko qui \u00e9taient interdits d'acc\u00e8s au bureau du juge d'instruction. Pendant 25 minutes, Ousmane Sonko l \u00e9tait seul dans le bureau du doyen des juges d'instruction en l'absence de ses avocats. Ces derniers sont finalement entr\u00e9s bien plus tard. PARTAGER SUR : WhatsApp","og_url":"https:\/\/www.nettali.com\/2021\/03\/05\/grogne-des-avocats-de-ousmane-sonko\/","og_site_name":"Nettali.com","article_publisher":"https:\/\/www.facebook.com\/nettalicom","article_published_time":"2021-03-05T12:56:43+00:00","og_image":[{"width":2132,"height":1370,"url":"https:\/\/www.nettali.com\/wp-content\/uploads\/2021\/03\/Capture-d\u2019e\u0301cran-2021-03-05-a\u0300-13.54.50.jpg","type":"image\/jpeg"}],"twitter_card":"summary_large_image","twitter_misc":{"\u00c9crit par":"admin"},"schema":{"@context":"https:\/\/schema.org","@graph":[{"@type":"WebSite","@id":"https:\/\/www.nettali.com\/#website","url":"https:\/\/www.nettali.com\/","name":"Nettali.com","description":"Le rendez-vous critique du Net","potentialAction":[{"@type":"SearchAction","target":{"@type":"EntryPoint","urlTemplate":"https:\/\/www.nettali.com\/?s={search_term_string}"},"query-input":"required name=search_term_string"}],"inLanguage":"fr-FR"},{"@type":"ImageObject","@id":"https:\/\/www.nettali.com\/2021\/03\/05\/grogne-des-avocats-de-ousmane-sonko\/#primaryimage","inLanguage":"fr-FR","url":"https:\/\/www.nettali.com\/wp-content\/uploads\/2021\/03\/Capture-d\u2019e\u0301cran-2021-03-05-a\u0300-13.54.50.jpg","contentUrl":"https:\/\/www.nettali.com\/wp-content\/uploads\/2021\/03\/Capture-d\u2019e\u0301cran-2021-03-05-a\u0300-13.54.50.jpg","width":2132,"height":1370},{"@type":"WebPage","@id":"https:\/\/www.nettali.com\/2021\/03\/05\/grogne-des-avocats-de-ousmane-sonko\/#webpage","url":"https:\/\/www.nettali.com\/2021\/03\/05\/grogne-des-avocats-de-ousmane-sonko\/","name":"Grogne des avocats de Ousmane Sonko | Nettali.com","isPartOf":{"@id":"https:\/\/www.nettali.com\/#website"},"primaryImageOfPage":{"@id":"https:\/\/www.nettali.com\/2021\/03\/05\/grogne-des-avocats-de-ousmane-sonko\/#primaryimage"},"datePublished":"2021-03-05T12:56:43+00:00","dateModified":"2021-03-05T12:56:43+00:00","author":{"@id":"https:\/\/www.nettali.com\/#\/schema\/person\/b55afd6240f41be6e738915574d89224"},"breadcrumb":{"@id":"https:\/\/www.nettali.com\/2021\/03\/05\/grogne-des-avocats-de-ousmane-sonko\/#breadcrumb"},"inLanguage":"fr-FR","potentialAction":[{"@type":"ReadAction","target":["https:\/\/www.nettali.com\/2021\/03\/05\/grogne-des-avocats-de-ousmane-sonko\/"]}]},{"@type":"BreadcrumbList","@id":"https:\/\/www.nettali.com\/2021\/03\/05\/grogne-des-avocats-de-ousmane-sonko\/#breadcrumb","itemListElement":[{"@type":"ListItem","position":1,"name":"Accueil","item":"https:\/\/www.nettali.com\/"},{"@type":"ListItem","position":2,"name":"Grogne des avocats de Ousmane Sonko"}]},{"@type":"Person","@id":"https:\/\/www.nettali.com\/#\/schema\/person\/b55afd6240f41be6e738915574d89224","name":"admin","image":{"@type":"ImageObject","@id":"https:\/\/www.nettali.com\/#personlogo","inLanguage":"fr-FR","url":"https:\/\/secure.gravatar.com\/avatar\/b5621150edb4e4deb0c6a17df4f9eefe?s=96&d=mm&r=g","contentUrl":"https:\/\/secure.gravatar.com\/avatar\/b5621150edb4e4deb0c6a17df4f9eefe?s=96&d=mm&r=g","caption":"admin"}}]}},"_links":{"self":[{"href":"https:\/\/www.nettali.com\/rest\/wp\/v2\/posts\/59052"}],"collection":[{"href":"https:\/\/www.nettali.com\/rest\/wp\/v2\/posts"}],"about":[{"href":"https:\/\/www.nettali.com\/rest\/wp\/v2\/types\/post"}],"author":[{"embeddable":true,"href":"https:\/\/www.nettali.com\/rest\/wp\/v2\/users\/1"}],"replies":[{"embeddable":true,"href":"https:\/\/www.nettali.com\/rest\/wp\/v2\/comments?post=59052"}],"version-history":[{"count":1,"href":"https:\/\/www.nettali.com\/rest\/wp\/v2\/posts\/59052\/revisions"}],"predecessor-version":[{"id":59055,"href":"https:\/\/www.nettali.com\/rest\/wp\/v2\/posts\/59052\/revisions\/59055"}],"wp:featuredmedia":[{"embeddable":true,"href":"https:\/\/www.nettali.com\/rest\/wp\/v2\/media\/59054"}],"wp:attachment":[{"href":"https:\/\/www.nettali.com\/rest\/wp\/v2\/media?parent=59052"}],"wp:term":[{"taxonomy":"category","embeddable":true,"href":"https:\/\/www.nettali.com\/rest\/wp\/v2\/categories?post=59052"},{"taxonomy":"post_tag","embeddable":true,"href":"https:\/\/www.nettali.com\/rest\/wp\/v2\/tags?post=59052"}],"curies":[{"name":"wp","href":"https:\/\/api.w.org\/{rel}","templated":true}]}}