{"id":58967,"date":"2021-03-04T21:17:24","date_gmt":"2021-03-04T21:17:24","guid":{"rendered":"https:\/\/www.nettali.com\/?p=58967"},"modified":"2021-03-04T21:17:24","modified_gmt":"2021-03-04T21:17:24","slug":"situation-politique-tendue-la-reaction-du-gouvernement","status":"publish","type":"post","link":"https:\/\/www.nettali.com\/2021\/03\/04\/situation-politique-tendue-la-reaction-du-gouvernement\/","title":{"rendered":"SITUATION POLITIQUE TENDUE - La r\u00e9action du gouvernement"},"content":{"rendered":"<p><strong>NETTALI.COM- Le Gouvernement r\u00e9agit aux violentes manifestations qui \u00e9maillent le pays depuis mercredi apr\u00e8s l'arrestation de Ousmane Sonko pour trouble \u00e0 l'ordre. Dans un communiqu\u00e9, il brandit des menaces contre les manifestants et certains m\u00e9dias.\u00a0\u00a0<\/strong><\/p>\n<p>\" Les manifestations not\u00e9es les mercredi 03 et jeudi 04 mars 2021, en violation flagrante de l\u2019\u00e9tat de catastrophe sanitaire proclam\u00e9 le 20 f\u00e9vrier 2021, ont donn\u00e9 lieu \u00e0 des actes regrettables de vandalisme et de violence, ayant malheureusement conduit \u00e0 une mort d\u2019homme en la personne de Cheikh Ibrahima Coly\", souligne le Gouvernement. Qui pr\u00e9sente ses condol\u00e9ances et exprime sa compassion \u00e0 la famille de la victime. Le communiqu\u00e9\u00a0 rappelle\u00a0 qu'une enqu\u00eate a \u00e9t\u00e9 diligent\u00e9e pour d\u00e9terminer les circonstances du d\u00e9c\u00e8s.<\/p>\n<p>En outre, le Gouvernement condamne \" fermement les actes de violence, les pillages et destructions de biens publics et priv\u00e9s et exprime sa solidarit\u00e9 aux personnes physiques et morales impact\u00e9es par ces actes, dont les instigateurs, auteurs et complices seront recherch\u00e9s et poursuivis conform\u00e9ment \u00e0 la loi\".<\/p>\n<p>Poursuivant ses menaces, \" le Gouvernement met en garde contre la couverture tendancieuse des \u00e9v\u00e9nements par certains m\u00e9dias, de nature \u00e0 attiser la haine et la violence\". Aussi\u00a0 promet-il de \" continuer \u00e0 prendre toutes les dispositions n\u00e9cessaires au maintien de l\u2019ordre public conform\u00e9ment aux lois et r\u00e8glements en vigueur\".<\/p>\n<div class='share-to-whatsapp-wrapper'><div class='share-on-whsp'>PARTAGER SUR : <\/div><a data-text='SITUATION POLITIQUE TENDUE - La r\u00e9action du gouvernement' data-link='https:\/\/www.nettali.com\/2021\/03\/04\/situation-politique-tendue-la-reaction-du-gouvernement\/' class='whatsapp-button whatsapp-share'>WhatsApp<\/a><div class='clear '><\/div><\/div>","protected":false},"excerpt":{"rendered":"<p>NETTALI.COM- Le Gouvernement r\u00e9agit aux violentes manifestations qui \u00e9maillent le pays depuis mercredi apr\u00e8s l'arrestation de Ousmane Sonko pour trouble \u00e0 l'ordre. Dans un communiqu\u00e9, il brandit des menaces contre les manifestants et certains m\u00e9dias.\u00a0\u00a0 \" Les manifestations not\u00e9es les mercredi 03 et jeudi 04 mars 2021, en violation flagrante de l\u2019\u00e9tat de catastrophe sanitaire [&hellip;]<\/p>\n","protected":false},"author":6,"featured_media":54658,"comment_status":"open","ping_status":"open","sticky":false,"template":"","format":"standard","meta":{"_et_pb_use_builder":"","_et_pb_old_content":""},"categories":[3],"tags":[],"yoast_head":"<!-- This site is optimized with the Yoast SEO Premium plugin v17.8 (Yoast SEO v17.8) - https:\/\/yoast.com\/wordpress\/plugins\/seo\/ -->\n<title>SITUATION POLITIQUE TENDUE - La r\u00e9action du gouvernement | Nettali.com<\/title>\n<meta name=\"robots\" content=\"index, follow, max-snippet:-1, max-image-preview:large, max-video-preview:-1\" \/>\n<link rel=\"canonical\" href=\"https:\/\/www.nettali.com\/2021\/03\/04\/situation-politique-tendue-la-reaction-du-gouvernement\/\" \/>\n<meta property=\"og:locale\" content=\"fr_FR\" \/>\n<meta property=\"og:type\" content=\"article\" \/>\n<meta property=\"og:title\" content=\"SITUATION POLITIQUE TENDUE - La r\u00e9action du gouvernement\" \/>\n<meta property=\"og:description\" content=\"NETTALI.COM- Le Gouvernement r\u00e9agit aux violentes manifestations qui \u00e9maillent le pays depuis mercredi apr\u00e8s l&#039;arrestation de Ousmane Sonko pour trouble \u00e0 l&#039;ordre. Dans un communiqu\u00e9, il brandit des menaces contre les manifestants et certains m\u00e9dias.\u00a0\u00a0 &quot; Les manifestations not\u00e9es les mercredi 03 et jeudi 04 mars 2021, en violation flagrante de l\u2019\u00e9tat de catastrophe sanitaire [&hellip;]\" \/>\n<meta property=\"og:url\" content=\"https:\/\/www.nettali.com\/2021\/03\/04\/situation-politique-tendue-la-reaction-du-gouvernement\/\" \/>\n<meta property=\"og:site_name\" content=\"Nettali.com\" \/>\n<meta property=\"article:publisher\" content=\"https:\/\/www.facebook.com\/nettalicom\" \/>\n<meta property=\"article:published_time\" content=\"2021-03-04T21:17:24+00:00\" \/>\n<meta property=\"og:image\" content=\"https:\/\/www.nettali.com\/wp-content\/uploads\/2021\/01\/macky-ge-780x470-1.png\" \/>\n\t<meta property=\"og:image:width\" content=\"780\" \/>\n\t<meta property=\"og:image:height\" content=\"470\" \/>\n<meta name=\"twitter:card\" content=\"summary_large_image\" \/>\n<meta name=\"twitter:label1\" content=\"\u00c9crit par\" \/>\n\t<meta name=\"twitter:data1\" content=\"Fatou\" \/>\n\t<meta name=\"twitter:label2\" content=\"Dur\u00e9e de lecture estim\u00e9e\" \/>\n\t<meta name=\"twitter:data2\" content=\"1 minute\" \/>\n<script type=\"application\/ld+json\" class=\"yoast-schema-graph\">{\"@context\":\"https:\/\/schema.org\",\"@graph\":[{\"@type\":\"WebSite\",\"@id\":\"https:\/\/www.nettali.com\/#website\",\"url\":\"https:\/\/www.nettali.com\/\",\"name\":\"Nettali.com\",\"description\":\"Le rendez-vous critique du Net\",\"potentialAction\":[{\"@type\":\"SearchAction\",\"target\":{\"@type\":\"EntryPoint\",\"urlTemplate\":\"https:\/\/www.nettali.com\/?s={search_term_string}\"},\"query-input\":\"required name=search_term_string\"}],\"inLanguage\":\"fr-FR\"},{\"@type\":\"ImageObject\",\"@id\":\"https:\/\/www.nettali.com\/2021\/03\/04\/situation-politique-tendue-la-reaction-du-gouvernement\/#primaryimage\",\"inLanguage\":\"fr-FR\",\"url\":\"https:\/\/www.nettali.com\/wp-content\/uploads\/2021\/01\/macky-ge-780x470-1.png\",\"contentUrl\":\"https:\/\/www.nettali.com\/wp-content\/uploads\/2021\/01\/macky-ge-780x470-1.png\",\"width\":780,\"height\":470},{\"@type\":\"WebPage\",\"@id\":\"https:\/\/www.nettali.com\/2021\/03\/04\/situation-politique-tendue-la-reaction-du-gouvernement\/#webpage\",\"url\":\"https:\/\/www.nettali.com\/2021\/03\/04\/situation-politique-tendue-la-reaction-du-gouvernement\/\",\"name\":\"SITUATION POLITIQUE TENDUE - La r\\u00e9action du gouvernement | Nettali.com\",\"isPartOf\":{\"@id\":\"https:\/\/www.nettali.com\/#website\"},\"primaryImageOfPage\":{\"@id\":\"https:\/\/www.nettali.com\/2021\/03\/04\/situation-politique-tendue-la-reaction-du-gouvernement\/#primaryimage\"},\"datePublished\":\"2021-03-04T21:17:24+00:00\",\"dateModified\":\"2021-03-04T21:17:24+00:00\",\"author\":{\"@id\":\"https:\/\/www.nettali.com\/#\/schema\/person\/418274a86bdf87caff7a3ef476bd0bbf\"},\"breadcrumb\":{\"@id\":\"https:\/\/www.nettali.com\/2021\/03\/04\/situation-politique-tendue-la-reaction-du-gouvernement\/#breadcrumb\"},\"inLanguage\":\"fr-FR\",\"potentialAction\":[{\"@type\":\"ReadAction\",\"target\":[\"https:\/\/www.nettali.com\/2021\/03\/04\/situation-politique-tendue-la-reaction-du-gouvernement\/\"]}]},{\"@type\":\"BreadcrumbList\",\"@id\":\"https:\/\/www.nettali.com\/2021\/03\/04\/situation-politique-tendue-la-reaction-du-gouvernement\/#breadcrumb\",\"itemListElement\":[{\"@type\":\"ListItem\",\"position\":1,\"name\":\"Accueil\",\"item\":\"https:\/\/www.nettali.com\/\"},{\"@type\":\"ListItem\",\"position\":2,\"name\":\"SITUATION POLITIQUE TENDUE &#8211; La r\\u00e9action du gouvernement\"}]},{\"@type\":\"Person\",\"@id\":\"https:\/\/www.nettali.com\/#\/schema\/person\/418274a86bdf87caff7a3ef476bd0bbf\",\"name\":\"Fatou\",\"image\":{\"@type\":\"ImageObject\",\"@id\":\"https:\/\/www.nettali.com\/#personlogo\",\"inLanguage\":\"fr-FR\",\"url\":\"https:\/\/secure.gravatar.com\/avatar\/5a9442a2bee7b4dcf167cab035858e9a?s=96&d=mm&r=g\",\"contentUrl\":\"https:\/\/secure.gravatar.com\/avatar\/5a9442a2bee7b4dcf167cab035858e9a?s=96&d=mm&r=g\",\"caption\":\"Fatou\"},\"sameAs\":[\"https:\/\/www.nettali.com\"]}]}<\/script>\n<!-- \/ Yoast SEO Premium plugin. -->","yoast_head_json":{"title":"SITUATION POLITIQUE TENDUE - La r\u00e9action du gouvernement | Nettali.com","robots":{"index":"index","follow":"follow","max-snippet":"max-snippet:-1","max-image-preview":"max-image-preview:large","max-video-preview":"max-video-preview:-1"},"canonical":"https:\/\/www.nettali.com\/2021\/03\/04\/situation-politique-tendue-la-reaction-du-gouvernement\/","og_locale":"fr_FR","og_type":"article","og_title":"SITUATION POLITIQUE TENDUE - La r\u00e9action du gouvernement","og_description":"NETTALI.COM- Le Gouvernement r\u00e9agit aux violentes manifestations qui \u00e9maillent le pays depuis mercredi apr\u00e8s l'arrestation de Ousmane Sonko pour trouble \u00e0 l'ordre. Dans un communiqu\u00e9, il brandit des menaces contre les manifestants et certains m\u00e9dias.\u00a0\u00a0 \" Les manifestations not\u00e9es les mercredi 03 et jeudi 04 mars 2021, en violation flagrante de l\u2019\u00e9tat de catastrophe sanitaire [&hellip;]","og_url":"https:\/\/www.nettali.com\/2021\/03\/04\/situation-politique-tendue-la-reaction-du-gouvernement\/","og_site_name":"Nettali.com","article_publisher":"https:\/\/www.facebook.com\/nettalicom","article_published_time":"2021-03-04T21:17:24+00:00","og_image":[{"width":780,"height":470,"url":"https:\/\/www.nettali.com\/wp-content\/uploads\/2021\/01\/macky-ge-780x470-1.png","type":"image\/png"}],"twitter_card":"summary_large_image","twitter_misc":{"\u00c9crit par":"Fatou","Dur\u00e9e de lecture estim\u00e9e":"1 minute"},"schema":{"@context":"https:\/\/schema.org","@graph":[{"@type":"WebSite","@id":"https:\/\/www.nettali.com\/#website","url":"https:\/\/www.nettali.com\/","name":"Nettali.com","description":"Le rendez-vous critique du Net","potentialAction":[{"@type":"SearchAction","target":{"@type":"EntryPoint","urlTemplate":"https:\/\/www.nettali.com\/?s={search_term_string}"},"query-input":"required name=search_term_string"}],"inLanguage":"fr-FR"},{"@type":"ImageObject","@id":"https:\/\/www.nettali.com\/2021\/03\/04\/situation-politique-tendue-la-reaction-du-gouvernement\/#primaryimage","inLanguage":"fr-FR","url":"https:\/\/www.nettali.com\/wp-content\/uploads\/2021\/01\/macky-ge-780x470-1.png","contentUrl":"https:\/\/www.nettali.com\/wp-content\/uploads\/2021\/01\/macky-ge-780x470-1.png","width":780,"height":470},{"@type":"WebPage","@id":"https:\/\/www.nettali.com\/2021\/03\/04\/situation-politique-tendue-la-reaction-du-gouvernement\/#webpage","url":"https:\/\/www.nettali.com\/2021\/03\/04\/situation-politique-tendue-la-reaction-du-gouvernement\/","name":"SITUATION POLITIQUE TENDUE - La r\u00e9action du gouvernement | Nettali.com","isPartOf":{"@id":"https:\/\/www.nettali.com\/#website"},"primaryImageOfPage":{"@id":"https:\/\/www.nettali.com\/2021\/03\/04\/situation-politique-tendue-la-reaction-du-gouvernement\/#primaryimage"},"datePublished":"2021-03-04T21:17:24+00:00","dateModified":"2021-03-04T21:17:24+00:00","author":{"@id":"https:\/\/www.nettali.com\/#\/schema\/person\/418274a86bdf87caff7a3ef476bd0bbf"},"breadcrumb":{"@id":"https:\/\/www.nettali.com\/2021\/03\/04\/situation-politique-tendue-la-reaction-du-gouvernement\/#breadcrumb"},"inLanguage":"fr-FR","potentialAction":[{"@type":"ReadAction","target":["https:\/\/www.nettali.com\/2021\/03\/04\/situation-politique-tendue-la-reaction-du-gouvernement\/"]}]},{"@type":"BreadcrumbList","@id":"https:\/\/www.nettali.com\/2021\/03\/04\/situation-politique-tendue-la-reaction-du-gouvernement\/#breadcrumb","itemListElement":[{"@type":"ListItem","position":1,"name":"Accueil","item":"https:\/\/www.nettali.com\/"},{"@type":"ListItem","position":2,"name":"SITUATION POLITIQUE TENDUE &#8211; La r\u00e9action du gouvernement"}]},{"@type":"Person","@id":"https:\/\/www.nettali.com\/#\/schema\/person\/418274a86bdf87caff7a3ef476bd0bbf","name":"Fatou","image":{"@type":"ImageObject","@id":"https:\/\/www.nettali.com\/#personlogo","inLanguage":"fr-FR","url":"https:\/\/secure.gravatar.com\/avatar\/5a9442a2bee7b4dcf167cab035858e9a?s=96&d=mm&r=g","contentUrl":"https:\/\/secure.gravatar.com\/avatar\/5a9442a2bee7b4dcf167cab035858e9a?s=96&d=mm&r=g","caption":"Fatou"},"sameAs":["https:\/\/www.nettali.com"]}]}},"_links":{"self":[{"href":"https:\/\/www.nettali.com\/rest\/wp\/v2\/posts\/58967"}],"collection":[{"href":"https:\/\/www.nettali.com\/rest\/wp\/v2\/posts"}],"about":[{"href":"https:\/\/www.nettali.com\/rest\/wp\/v2\/types\/post"}],"author":[{"embeddable":true,"href":"https:\/\/www.nettali.com\/rest\/wp\/v2\/users\/6"}],"replies":[{"embeddable":true,"href":"https:\/\/www.nettali.com\/rest\/wp\/v2\/comments?post=58967"}],"version-history":[{"count":3,"href":"https:\/\/www.nettali.com\/rest\/wp\/v2\/posts\/58967\/revisions"}],"predecessor-version":[{"id":58978,"href":"https:\/\/www.nettali.com\/rest\/wp\/v2\/posts\/58967\/revisions\/58978"}],"wp:featuredmedia":[{"embeddable":true,"href":"https:\/\/www.nettali.com\/rest\/wp\/v2\/media\/54658"}],"wp:attachment":[{"href":"https:\/\/www.nettali.com\/rest\/wp\/v2\/media?parent=58967"}],"wp:term":[{"taxonomy":"category","embeddable":true,"href":"https:\/\/www.nettali.com\/rest\/wp\/v2\/categories?post=58967"},{"taxonomy":"post_tag","embeddable":true,"href":"https:\/\/www.nettali.com\/rest\/wp\/v2\/tags?post=58967"}],"curies":[{"name":"wp","href":"https:\/\/api.w.org\/{rel}","templated":true}]}}