{"id":58959,"date":"2021-03-04T20:25:42","date_gmt":"2021-03-04T20:25:42","guid":{"rendered":"https:\/\/www.nettali.com\/?p=58959"},"modified":"2021-03-05T09:24:14","modified_gmt":"2021-03-05T09:24:14","slug":"affaire-adji-sarr-le-doyen-des-juges-decerne-un-mandat-damener-pour-ousmane-sonko","status":"publish","type":"post","link":"https:\/\/www.nettali.com\/2021\/03\/04\/affaire-adji-sarr-le-doyen-des-juges-decerne-un-mandat-damener-pour-ousmane-sonko\/","title":{"rendered":"AFFAIRE ADJI SARR - Le Doyen des juges d\u00e9cerne\u00a0un mandat d'amener pour Ousmane Sonko"},"content":{"rendered":"<p><strong>NETTALI.COM - Nouveau rebondissement dans\u00a0 l'affaire Adji Sarr-Ousmane Sonko. Le Doyen des juges qui a maintenant en charge de l'instruction, a d\u00e9cern\u00e9 un mandat d'amener pour demain vendredi 5 mars contre le pr\u00e9sident de Pastef.<\/strong><\/p>\n<p>A moins d'un changement, Ousmane Sonko fera face au Doyen des juges ce vendredi 5 mars 2021. Selon nos sources, le juge Samba Sall lui a d\u00e9cern\u00e9 un mandat d'amener apr\u00e8s son refus de compara\u00eetre ce jeudi.<\/p>\n<p>En fait, le magistrat instructeur avait d'abord d\u00e9cern\u00e9 un mandat de comparution pour ce jour \u00e0 17 heures. Mais, le pr\u00e9sident de Pastef\u00a0 en garde-\u00e0-vue \u00e0 la Section de recherches depuis mercredi pour trouble \u00e0 l'ordre public, a exig\u00e9 que ladite mesure soit lev\u00e9e. Il n'a pas obtenu de gain de cause et le juge Sall las de patienter, a pris cette nouvelle mesure.<\/p>\n<div class='share-to-whatsapp-wrapper'><div class='share-on-whsp'>PARTAGER SUR : <\/div><a data-text='AFFAIRE ADJI SARR - Le Doyen des juges d\u00e9cerne\u00a0un mandat d'amener pour Ousmane Sonko' data-link='https:\/\/www.nettali.com\/2021\/03\/04\/affaire-adji-sarr-le-doyen-des-juges-decerne-un-mandat-damener-pour-ousmane-sonko\/' class='whatsapp-button whatsapp-share'>WhatsApp<\/a><div class='clear '><\/div><\/div>","protected":false},"excerpt":{"rendered":"<p>NETTALI.COM - Nouveau rebondissement dans\u00a0 l'affaire Adji Sarr-Ousmane Sonko. Le Doyen des juges qui a maintenant en charge de l'instruction, a d\u00e9cern\u00e9 un mandat d'amener pour demain vendredi 5 mars contre le pr\u00e9sident de Pastef. A moins d'un changement, Ousmane Sonko fera face au Doyen des juges ce vendredi 5 mars 2021. Selon nos sources, [&hellip;]<\/p>\n","protected":false},"author":6,"featured_media":58761,"comment_status":"open","ping_status":"open","sticky":false,"template":"","format":"standard","meta":{"_et_pb_use_builder":"","_et_pb_old_content":""},"categories":[3],"tags":[],"yoast_head":"<!-- This site is optimized with the Yoast SEO Premium plugin v17.8 (Yoast SEO v17.8) - https:\/\/yoast.com\/wordpress\/plugins\/seo\/ -->\n<title>AFFAIRE ADJI SARR - Le Doyen des juges d\u00e9cerne\u00a0un mandat d&#039;amener pour Ousmane Sonko | Nettali.com<\/title>\n<meta name=\"robots\" content=\"index, follow, max-snippet:-1, max-image-preview:large, max-video-preview:-1\" \/>\n<link rel=\"canonical\" href=\"https:\/\/www.nettali.com\/2021\/03\/04\/affaire-adji-sarr-le-doyen-des-juges-decerne-un-mandat-damener-pour-ousmane-sonko\/\" \/>\n<meta property=\"og:locale\" content=\"fr_FR\" \/>\n<meta property=\"og:type\" content=\"article\" \/>\n<meta property=\"og:title\" content=\"AFFAIRE ADJI SARR - Le Doyen des juges d\u00e9cerne\u00a0un mandat d&#039;amener pour Ousmane Sonko\" \/>\n<meta property=\"og:description\" content=\"NETTALI.COM - Nouveau rebondissement dans\u00a0 l&#039;affaire Adji Sarr-Ousmane Sonko. Le Doyen des juges qui a maintenant en charge de l&#039;instruction, a d\u00e9cern\u00e9 un mandat d&#039;amener pour demain vendredi 5 mars contre le pr\u00e9sident de Pastef. A moins d&#039;un changement, Ousmane Sonko fera face au Doyen des juges ce vendredi 5 mars 2021. Selon nos sources, [&hellip;]\" \/>\n<meta property=\"og:url\" content=\"https:\/\/www.nettali.com\/2021\/03\/04\/affaire-adji-sarr-le-doyen-des-juges-decerne-un-mandat-damener-pour-ousmane-sonko\/\" \/>\n<meta property=\"og:site_name\" content=\"Nettali.com\" \/>\n<meta property=\"article:publisher\" content=\"https:\/\/www.facebook.com\/nettalicom\" \/>\n<meta property=\"article:published_time\" content=\"2021-03-04T20:25:42+00:00\" \/>\n<meta property=\"article:modified_time\" content=\"2021-03-05T09:24:14+00:00\" \/>\n<meta property=\"og:image\" content=\"https:\/\/www.nettali.com\/wp-content\/uploads\/2021\/03\/ousmane-Sonko-1.jpg\" \/>\n\t<meta property=\"og:image:width\" content=\"600\" \/>\n\t<meta property=\"og:image:height\" content=\"377\" \/>\n<meta name=\"twitter:card\" content=\"summary_large_image\" \/>\n<meta name=\"twitter:label1\" content=\"\u00c9crit par\" \/>\n\t<meta name=\"twitter:data1\" content=\"Fatou\" \/>\n\t<meta name=\"twitter:label2\" content=\"Dur\u00e9e de lecture estim\u00e9e\" \/>\n\t<meta name=\"twitter:data2\" content=\"1 minute\" \/>\n<script type=\"application\/ld+json\" class=\"yoast-schema-graph\">{\"@context\":\"https:\/\/schema.org\",\"@graph\":[{\"@type\":\"WebSite\",\"@id\":\"https:\/\/www.nettali.com\/#website\",\"url\":\"https:\/\/www.nettali.com\/\",\"name\":\"Nettali.com\",\"description\":\"Le rendez-vous critique du Net\",\"potentialAction\":[{\"@type\":\"SearchAction\",\"target\":{\"@type\":\"EntryPoint\",\"urlTemplate\":\"https:\/\/www.nettali.com\/?s={search_term_string}\"},\"query-input\":\"required name=search_term_string\"}],\"inLanguage\":\"fr-FR\"},{\"@type\":\"ImageObject\",\"@id\":\"https:\/\/www.nettali.com\/2021\/03\/04\/affaire-adji-sarr-le-doyen-des-juges-decerne-un-mandat-damener-pour-ousmane-sonko\/#primaryimage\",\"inLanguage\":\"fr-FR\",\"url\":\"https:\/\/www.nettali.com\/wp-content\/uploads\/2021\/03\/ousmane-Sonko-1.jpg\",\"contentUrl\":\"https:\/\/www.nettali.com\/wp-content\/uploads\/2021\/03\/ousmane-Sonko-1.jpg\",\"width\":600,\"height\":377},{\"@type\":\"WebPage\",\"@id\":\"https:\/\/www.nettali.com\/2021\/03\/04\/affaire-adji-sarr-le-doyen-des-juges-decerne-un-mandat-damener-pour-ousmane-sonko\/#webpage\",\"url\":\"https:\/\/www.nettali.com\/2021\/03\/04\/affaire-adji-sarr-le-doyen-des-juges-decerne-un-mandat-damener-pour-ousmane-sonko\/\",\"name\":\"AFFAIRE ADJI SARR - Le Doyen des juges d\\u00e9cerne\\u00a0un mandat d'amener pour Ousmane Sonko | Nettali.com\",\"isPartOf\":{\"@id\":\"https:\/\/www.nettali.com\/#website\"},\"primaryImageOfPage\":{\"@id\":\"https:\/\/www.nettali.com\/2021\/03\/04\/affaire-adji-sarr-le-doyen-des-juges-decerne-un-mandat-damener-pour-ousmane-sonko\/#primaryimage\"},\"datePublished\":\"2021-03-04T20:25:42+00:00\",\"dateModified\":\"2021-03-05T09:24:14+00:00\",\"author\":{\"@id\":\"https:\/\/www.nettali.com\/#\/schema\/person\/418274a86bdf87caff7a3ef476bd0bbf\"},\"breadcrumb\":{\"@id\":\"https:\/\/www.nettali.com\/2021\/03\/04\/affaire-adji-sarr-le-doyen-des-juges-decerne-un-mandat-damener-pour-ousmane-sonko\/#breadcrumb\"},\"inLanguage\":\"fr-FR\",\"potentialAction\":[{\"@type\":\"ReadAction\",\"target\":[\"https:\/\/www.nettali.com\/2021\/03\/04\/affaire-adji-sarr-le-doyen-des-juges-decerne-un-mandat-damener-pour-ousmane-sonko\/\"]}]},{\"@type\":\"BreadcrumbList\",\"@id\":\"https:\/\/www.nettali.com\/2021\/03\/04\/affaire-adji-sarr-le-doyen-des-juges-decerne-un-mandat-damener-pour-ousmane-sonko\/#breadcrumb\",\"itemListElement\":[{\"@type\":\"ListItem\",\"position\":1,\"name\":\"Accueil\",\"item\":\"https:\/\/www.nettali.com\/\"},{\"@type\":\"ListItem\",\"position\":2,\"name\":\"AFFAIRE ADJI SARR &#8211; Le Doyen des juges d\\u00e9cerne\\u00a0un mandat d&rsquo;amener pour Ousmane Sonko\"}]},{\"@type\":\"Person\",\"@id\":\"https:\/\/www.nettali.com\/#\/schema\/person\/418274a86bdf87caff7a3ef476bd0bbf\",\"name\":\"Fatou\",\"image\":{\"@type\":\"ImageObject\",\"@id\":\"https:\/\/www.nettali.com\/#personlogo\",\"inLanguage\":\"fr-FR\",\"url\":\"https:\/\/secure.gravatar.com\/avatar\/5a9442a2bee7b4dcf167cab035858e9a?s=96&d=mm&r=g\",\"contentUrl\":\"https:\/\/secure.gravatar.com\/avatar\/5a9442a2bee7b4dcf167cab035858e9a?s=96&d=mm&r=g\",\"caption\":\"Fatou\"},\"sameAs\":[\"https:\/\/www.nettali.com\"]}]}<\/script>\n<!-- \/ Yoast SEO Premium plugin. -->","yoast_head_json":{"title":"AFFAIRE ADJI SARR - Le Doyen des juges d\u00e9cerne\u00a0un mandat d'amener pour Ousmane Sonko | Nettali.com","robots":{"index":"index","follow":"follow","max-snippet":"max-snippet:-1","max-image-preview":"max-image-preview:large","max-video-preview":"max-video-preview:-1"},"canonical":"https:\/\/www.nettali.com\/2021\/03\/04\/affaire-adji-sarr-le-doyen-des-juges-decerne-un-mandat-damener-pour-ousmane-sonko\/","og_locale":"fr_FR","og_type":"article","og_title":"AFFAIRE ADJI SARR - Le Doyen des juges d\u00e9cerne\u00a0un mandat d'amener pour Ousmane Sonko","og_description":"NETTALI.COM - Nouveau rebondissement dans\u00a0 l'affaire Adji Sarr-Ousmane Sonko. Le Doyen des juges qui a maintenant en charge de l'instruction, a d\u00e9cern\u00e9 un mandat d'amener pour demain vendredi 5 mars contre le pr\u00e9sident de Pastef. A moins d'un changement, Ousmane Sonko fera face au Doyen des juges ce vendredi 5 mars 2021. Selon nos sources, [&hellip;]","og_url":"https:\/\/www.nettali.com\/2021\/03\/04\/affaire-adji-sarr-le-doyen-des-juges-decerne-un-mandat-damener-pour-ousmane-sonko\/","og_site_name":"Nettali.com","article_publisher":"https:\/\/www.facebook.com\/nettalicom","article_published_time":"2021-03-04T20:25:42+00:00","article_modified_time":"2021-03-05T09:24:14+00:00","og_image":[{"width":600,"height":377,"url":"https:\/\/www.nettali.com\/wp-content\/uploads\/2021\/03\/ousmane-Sonko-1.jpg","type":"image\/jpeg"}],"twitter_card":"summary_large_image","twitter_misc":{"\u00c9crit par":"Fatou","Dur\u00e9e de lecture estim\u00e9e":"1 minute"},"schema":{"@context":"https:\/\/schema.org","@graph":[{"@type":"WebSite","@id":"https:\/\/www.nettali.com\/#website","url":"https:\/\/www.nettali.com\/","name":"Nettali.com","description":"Le rendez-vous critique du Net","potentialAction":[{"@type":"SearchAction","target":{"@type":"EntryPoint","urlTemplate":"https:\/\/www.nettali.com\/?s={search_term_string}"},"query-input":"required name=search_term_string"}],"inLanguage":"fr-FR"},{"@type":"ImageObject","@id":"https:\/\/www.nettali.com\/2021\/03\/04\/affaire-adji-sarr-le-doyen-des-juges-decerne-un-mandat-damener-pour-ousmane-sonko\/#primaryimage","inLanguage":"fr-FR","url":"https:\/\/www.nettali.com\/wp-content\/uploads\/2021\/03\/ousmane-Sonko-1.jpg","contentUrl":"https:\/\/www.nettali.com\/wp-content\/uploads\/2021\/03\/ousmane-Sonko-1.jpg","width":600,"height":377},{"@type":"WebPage","@id":"https:\/\/www.nettali.com\/2021\/03\/04\/affaire-adji-sarr-le-doyen-des-juges-decerne-un-mandat-damener-pour-ousmane-sonko\/#webpage","url":"https:\/\/www.nettali.com\/2021\/03\/04\/affaire-adji-sarr-le-doyen-des-juges-decerne-un-mandat-damener-pour-ousmane-sonko\/","name":"AFFAIRE ADJI SARR - Le Doyen des juges d\u00e9cerne\u00a0un mandat d'amener pour Ousmane Sonko | Nettali.com","isPartOf":{"@id":"https:\/\/www.nettali.com\/#website"},"primaryImageOfPage":{"@id":"https:\/\/www.nettali.com\/2021\/03\/04\/affaire-adji-sarr-le-doyen-des-juges-decerne-un-mandat-damener-pour-ousmane-sonko\/#primaryimage"},"datePublished":"2021-03-04T20:25:42+00:00","dateModified":"2021-03-05T09:24:14+00:00","author":{"@id":"https:\/\/www.nettali.com\/#\/schema\/person\/418274a86bdf87caff7a3ef476bd0bbf"},"breadcrumb":{"@id":"https:\/\/www.nettali.com\/2021\/03\/04\/affaire-adji-sarr-le-doyen-des-juges-decerne-un-mandat-damener-pour-ousmane-sonko\/#breadcrumb"},"inLanguage":"fr-FR","potentialAction":[{"@type":"ReadAction","target":["https:\/\/www.nettali.com\/2021\/03\/04\/affaire-adji-sarr-le-doyen-des-juges-decerne-un-mandat-damener-pour-ousmane-sonko\/"]}]},{"@type":"BreadcrumbList","@id":"https:\/\/www.nettali.com\/2021\/03\/04\/affaire-adji-sarr-le-doyen-des-juges-decerne-un-mandat-damener-pour-ousmane-sonko\/#breadcrumb","itemListElement":[{"@type":"ListItem","position":1,"name":"Accueil","item":"https:\/\/www.nettali.com\/"},{"@type":"ListItem","position":2,"name":"AFFAIRE ADJI SARR &#8211; Le Doyen des juges d\u00e9cerne\u00a0un mandat d&rsquo;amener pour Ousmane Sonko"}]},{"@type":"Person","@id":"https:\/\/www.nettali.com\/#\/schema\/person\/418274a86bdf87caff7a3ef476bd0bbf","name":"Fatou","image":{"@type":"ImageObject","@id":"https:\/\/www.nettali.com\/#personlogo","inLanguage":"fr-FR","url":"https:\/\/secure.gravatar.com\/avatar\/5a9442a2bee7b4dcf167cab035858e9a?s=96&d=mm&r=g","contentUrl":"https:\/\/secure.gravatar.com\/avatar\/5a9442a2bee7b4dcf167cab035858e9a?s=96&d=mm&r=g","caption":"Fatou"},"sameAs":["https:\/\/www.nettali.com"]}]}},"_links":{"self":[{"href":"https:\/\/www.nettali.com\/rest\/wp\/v2\/posts\/58959"}],"collection":[{"href":"https:\/\/www.nettali.com\/rest\/wp\/v2\/posts"}],"about":[{"href":"https:\/\/www.nettali.com\/rest\/wp\/v2\/types\/post"}],"author":[{"embeddable":true,"href":"https:\/\/www.nettali.com\/rest\/wp\/v2\/users\/6"}],"replies":[{"embeddable":true,"href":"https:\/\/www.nettali.com\/rest\/wp\/v2\/comments?post=58959"}],"version-history":[{"count":5,"href":"https:\/\/www.nettali.com\/rest\/wp\/v2\/posts\/58959\/revisions"}],"predecessor-version":[{"id":58980,"href":"https:\/\/www.nettali.com\/rest\/wp\/v2\/posts\/58959\/revisions\/58980"}],"wp:featuredmedia":[{"embeddable":true,"href":"https:\/\/www.nettali.com\/rest\/wp\/v2\/media\/58761"}],"wp:attachment":[{"href":"https:\/\/www.nettali.com\/rest\/wp\/v2\/media?parent=58959"}],"wp:term":[{"taxonomy":"category","embeddable":true,"href":"https:\/\/www.nettali.com\/rest\/wp\/v2\/categories?post=58959"},{"taxonomy":"post_tag","embeddable":true,"href":"https:\/\/www.nettali.com\/rest\/wp\/v2\/tags?post=58959"}],"curies":[{"name":"wp","href":"https:\/\/api.w.org\/{rel}","templated":true}]}}