{"id":58906,"date":"2021-03-04T13:44:38","date_gmt":"2021-03-04T13:44:38","guid":{"rendered":"https:\/\/www.nettali.com\/?p=58906"},"modified":"2021-03-04T13:44:38","modified_gmt":"2021-03-04T13:44:38","slug":"manifestations-a-bignona-un-mort-enregistre","status":"publish","type":"post","link":"https:\/\/www.nettali.com\/2021\/03\/04\/manifestations-a-bignona-un-mort-enregistre\/","title":{"rendered":"MANIFESTATIONS A BIGNONA - Un mort enregistr\u00e9"},"content":{"rendered":"<p><strong>NETTALI.COM-\u00a0Suite au placement en garde \u00e0 vue d\u2019Ousmane Sonko, pour trouble \u00e0 l\u2019ordre public et participation \u00e0 une manifestation interdite, des manifestations ont encore d\u00e9marr\u00e9 \u00e0 l\u2019Int\u00e9rieur.<\/strong><\/p>\n<p>\u00c7a chauffe d\u00e9j\u00e0 \u00e0 Bignona o\u00f9 une station totale a \u00e9t\u00e9 attaqu\u00e9e par les manifestants. Les m\u00eames sources r\u00e9v\u00e8lent la mort d\u2019un jeune manifestant. L\u2019arm\u00e9e a \u00e9t\u00e9 appel\u00e9e en renfort pour stopper la furie des manifestants.<\/p>\n<p>Nous y reviendrons.<\/p>\n<div class='share-to-whatsapp-wrapper'><div class='share-on-whsp'>PARTAGER SUR : <\/div><a data-text='MANIFESTATIONS A BIGNONA - Un mort enregistr\u00e9' data-link='https:\/\/www.nettali.com\/2021\/03\/04\/manifestations-a-bignona-un-mort-enregistre\/' class='whatsapp-button whatsapp-share'>WhatsApp<\/a><div class='clear '><\/div><\/div>","protected":false},"excerpt":{"rendered":"<p>NETTALI.COM-\u00a0Suite au placement en garde \u00e0 vue d\u2019Ousmane Sonko, pour trouble \u00e0 l\u2019ordre public et participation \u00e0 une manifestation interdite, des manifestations ont encore d\u00e9marr\u00e9 \u00e0 l\u2019Int\u00e9rieur. \u00c7a chauffe d\u00e9j\u00e0 \u00e0 Bignona o\u00f9 une station totale a \u00e9t\u00e9 attaqu\u00e9e par les manifestants. Les m\u00eames sources r\u00e9v\u00e8lent la mort d\u2019un jeune manifestant. L\u2019arm\u00e9e a \u00e9t\u00e9 appel\u00e9e [&hellip;]<\/p>\n","protected":false},"author":6,"featured_media":58913,"comment_status":"open","ping_status":"open","sticky":false,"template":"","format":"standard","meta":{"_et_pb_use_builder":"","_et_pb_old_content":""},"categories":[3],"tags":[],"yoast_head":"<!-- This site is optimized with the Yoast SEO Premium plugin v17.8 (Yoast SEO v17.8) - https:\/\/yoast.com\/wordpress\/plugins\/seo\/ -->\n<title>MANIFESTATIONS A BIGNONA - Un mort enregistr\u00e9 | Nettali.com<\/title>\n<meta name=\"robots\" content=\"index, follow, max-snippet:-1, max-image-preview:large, max-video-preview:-1\" \/>\n<link rel=\"canonical\" href=\"https:\/\/www.nettali.com\/2021\/03\/04\/manifestations-a-bignona-un-mort-enregistre\/\" \/>\n<meta property=\"og:locale\" content=\"fr_FR\" \/>\n<meta property=\"og:type\" content=\"article\" \/>\n<meta property=\"og:title\" content=\"MANIFESTATIONS A BIGNONA - Un mort enregistr\u00e9\" \/>\n<meta property=\"og:description\" content=\"NETTALI.COM-\u00a0Suite au placement en garde \u00e0 vue d\u2019Ousmane Sonko, pour trouble \u00e0 l\u2019ordre public et participation \u00e0 une manifestation interdite, des manifestations ont encore d\u00e9marr\u00e9 \u00e0 l\u2019Int\u00e9rieur. \u00c7a chauffe d\u00e9j\u00e0 \u00e0 Bignona o\u00f9 une station totale a \u00e9t\u00e9 attaqu\u00e9e par les manifestants. Les m\u00eames sources r\u00e9v\u00e8lent la mort d\u2019un jeune manifestant. L\u2019arm\u00e9e a \u00e9t\u00e9 appel\u00e9e [&hellip;]\" \/>\n<meta property=\"og:url\" content=\"https:\/\/www.nettali.com\/2021\/03\/04\/manifestations-a-bignona-un-mort-enregistre\/\" \/>\n<meta property=\"og:site_name\" content=\"Nettali.com\" \/>\n<meta property=\"article:publisher\" content=\"https:\/\/www.facebook.com\/nettalicom\" \/>\n<meta property=\"article:published_time\" content=\"2021-03-04T13:44:38+00:00\" \/>\n<meta property=\"og:image\" content=\"https:\/\/www.nettali.com\/wp-content\/uploads\/2021\/03\/WhatsApp-Image-2021-03-04-at-13.33.49.jpeg\" \/>\n\t<meta property=\"og:image:width\" content=\"1040\" \/>\n\t<meta property=\"og:image:height\" content=\"780\" \/>\n<meta name=\"twitter:card\" content=\"summary_large_image\" \/>\n<meta name=\"twitter:label1\" content=\"\u00c9crit par\" \/>\n\t<meta name=\"twitter:data1\" content=\"Fatou\" \/>\n<script type=\"application\/ld+json\" class=\"yoast-schema-graph\">{\"@context\":\"https:\/\/schema.org\",\"@graph\":[{\"@type\":\"WebSite\",\"@id\":\"https:\/\/www.nettali.com\/#website\",\"url\":\"https:\/\/www.nettali.com\/\",\"name\":\"Nettali.com\",\"description\":\"Le rendez-vous critique du Net\",\"potentialAction\":[{\"@type\":\"SearchAction\",\"target\":{\"@type\":\"EntryPoint\",\"urlTemplate\":\"https:\/\/www.nettali.com\/?s={search_term_string}\"},\"query-input\":\"required name=search_term_string\"}],\"inLanguage\":\"fr-FR\"},{\"@type\":\"ImageObject\",\"@id\":\"https:\/\/www.nettali.com\/2021\/03\/04\/manifestations-a-bignona-un-mort-enregistre\/#primaryimage\",\"inLanguage\":\"fr-FR\",\"url\":\"https:\/\/www.nettali.com\/wp-content\/uploads\/2021\/03\/WhatsApp-Image-2021-03-04-at-13.33.49.jpeg\",\"contentUrl\":\"https:\/\/www.nettali.com\/wp-content\/uploads\/2021\/03\/WhatsApp-Image-2021-03-04-at-13.33.49.jpeg\",\"width\":1040,\"height\":780},{\"@type\":\"WebPage\",\"@id\":\"https:\/\/www.nettali.com\/2021\/03\/04\/manifestations-a-bignona-un-mort-enregistre\/#webpage\",\"url\":\"https:\/\/www.nettali.com\/2021\/03\/04\/manifestations-a-bignona-un-mort-enregistre\/\",\"name\":\"MANIFESTATIONS A BIGNONA - Un mort enregistr\\u00e9 | Nettali.com\",\"isPartOf\":{\"@id\":\"https:\/\/www.nettali.com\/#website\"},\"primaryImageOfPage\":{\"@id\":\"https:\/\/www.nettali.com\/2021\/03\/04\/manifestations-a-bignona-un-mort-enregistre\/#primaryimage\"},\"datePublished\":\"2021-03-04T13:44:38+00:00\",\"dateModified\":\"2021-03-04T13:44:38+00:00\",\"author\":{\"@id\":\"https:\/\/www.nettali.com\/#\/schema\/person\/418274a86bdf87caff7a3ef476bd0bbf\"},\"breadcrumb\":{\"@id\":\"https:\/\/www.nettali.com\/2021\/03\/04\/manifestations-a-bignona-un-mort-enregistre\/#breadcrumb\"},\"inLanguage\":\"fr-FR\",\"potentialAction\":[{\"@type\":\"ReadAction\",\"target\":[\"https:\/\/www.nettali.com\/2021\/03\/04\/manifestations-a-bignona-un-mort-enregistre\/\"]}]},{\"@type\":\"BreadcrumbList\",\"@id\":\"https:\/\/www.nettali.com\/2021\/03\/04\/manifestations-a-bignona-un-mort-enregistre\/#breadcrumb\",\"itemListElement\":[{\"@type\":\"ListItem\",\"position\":1,\"name\":\"Accueil\",\"item\":\"https:\/\/www.nettali.com\/\"},{\"@type\":\"ListItem\",\"position\":2,\"name\":\"MANIFESTATIONS A BIGNONA &#8211; Un mort enregistr\\u00e9\"}]},{\"@type\":\"Person\",\"@id\":\"https:\/\/www.nettali.com\/#\/schema\/person\/418274a86bdf87caff7a3ef476bd0bbf\",\"name\":\"Fatou\",\"image\":{\"@type\":\"ImageObject\",\"@id\":\"https:\/\/www.nettali.com\/#personlogo\",\"inLanguage\":\"fr-FR\",\"url\":\"https:\/\/secure.gravatar.com\/avatar\/5a9442a2bee7b4dcf167cab035858e9a?s=96&d=mm&r=g\",\"contentUrl\":\"https:\/\/secure.gravatar.com\/avatar\/5a9442a2bee7b4dcf167cab035858e9a?s=96&d=mm&r=g\",\"caption\":\"Fatou\"},\"sameAs\":[\"https:\/\/www.nettali.com\"]}]}<\/script>\n<!-- \/ Yoast SEO Premium plugin. -->","yoast_head_json":{"title":"MANIFESTATIONS A BIGNONA - Un mort enregistr\u00e9 | Nettali.com","robots":{"index":"index","follow":"follow","max-snippet":"max-snippet:-1","max-image-preview":"max-image-preview:large","max-video-preview":"max-video-preview:-1"},"canonical":"https:\/\/www.nettali.com\/2021\/03\/04\/manifestations-a-bignona-un-mort-enregistre\/","og_locale":"fr_FR","og_type":"article","og_title":"MANIFESTATIONS A BIGNONA - Un mort enregistr\u00e9","og_description":"NETTALI.COM-\u00a0Suite au placement en garde \u00e0 vue d\u2019Ousmane Sonko, pour trouble \u00e0 l\u2019ordre public et participation \u00e0 une manifestation interdite, des manifestations ont encore d\u00e9marr\u00e9 \u00e0 l\u2019Int\u00e9rieur. \u00c7a chauffe d\u00e9j\u00e0 \u00e0 Bignona o\u00f9 une station totale a \u00e9t\u00e9 attaqu\u00e9e par les manifestants. Les m\u00eames sources r\u00e9v\u00e8lent la mort d\u2019un jeune manifestant. L\u2019arm\u00e9e a \u00e9t\u00e9 appel\u00e9e [&hellip;]","og_url":"https:\/\/www.nettali.com\/2021\/03\/04\/manifestations-a-bignona-un-mort-enregistre\/","og_site_name":"Nettali.com","article_publisher":"https:\/\/www.facebook.com\/nettalicom","article_published_time":"2021-03-04T13:44:38+00:00","og_image":[{"width":1040,"height":780,"url":"https:\/\/www.nettali.com\/wp-content\/uploads\/2021\/03\/WhatsApp-Image-2021-03-04-at-13.33.49.jpeg","type":"image\/jpeg"}],"twitter_card":"summary_large_image","twitter_misc":{"\u00c9crit par":"Fatou"},"schema":{"@context":"https:\/\/schema.org","@graph":[{"@type":"WebSite","@id":"https:\/\/www.nettali.com\/#website","url":"https:\/\/www.nettali.com\/","name":"Nettali.com","description":"Le rendez-vous critique du Net","potentialAction":[{"@type":"SearchAction","target":{"@type":"EntryPoint","urlTemplate":"https:\/\/www.nettali.com\/?s={search_term_string}"},"query-input":"required name=search_term_string"}],"inLanguage":"fr-FR"},{"@type":"ImageObject","@id":"https:\/\/www.nettali.com\/2021\/03\/04\/manifestations-a-bignona-un-mort-enregistre\/#primaryimage","inLanguage":"fr-FR","url":"https:\/\/www.nettali.com\/wp-content\/uploads\/2021\/03\/WhatsApp-Image-2021-03-04-at-13.33.49.jpeg","contentUrl":"https:\/\/www.nettali.com\/wp-content\/uploads\/2021\/03\/WhatsApp-Image-2021-03-04-at-13.33.49.jpeg","width":1040,"height":780},{"@type":"WebPage","@id":"https:\/\/www.nettali.com\/2021\/03\/04\/manifestations-a-bignona-un-mort-enregistre\/#webpage","url":"https:\/\/www.nettali.com\/2021\/03\/04\/manifestations-a-bignona-un-mort-enregistre\/","name":"MANIFESTATIONS A BIGNONA - Un mort enregistr\u00e9 | Nettali.com","isPartOf":{"@id":"https:\/\/www.nettali.com\/#website"},"primaryImageOfPage":{"@id":"https:\/\/www.nettali.com\/2021\/03\/04\/manifestations-a-bignona-un-mort-enregistre\/#primaryimage"},"datePublished":"2021-03-04T13:44:38+00:00","dateModified":"2021-03-04T13:44:38+00:00","author":{"@id":"https:\/\/www.nettali.com\/#\/schema\/person\/418274a86bdf87caff7a3ef476bd0bbf"},"breadcrumb":{"@id":"https:\/\/www.nettali.com\/2021\/03\/04\/manifestations-a-bignona-un-mort-enregistre\/#breadcrumb"},"inLanguage":"fr-FR","potentialAction":[{"@type":"ReadAction","target":["https:\/\/www.nettali.com\/2021\/03\/04\/manifestations-a-bignona-un-mort-enregistre\/"]}]},{"@type":"BreadcrumbList","@id":"https:\/\/www.nettali.com\/2021\/03\/04\/manifestations-a-bignona-un-mort-enregistre\/#breadcrumb","itemListElement":[{"@type":"ListItem","position":1,"name":"Accueil","item":"https:\/\/www.nettali.com\/"},{"@type":"ListItem","position":2,"name":"MANIFESTATIONS A BIGNONA &#8211; Un mort enregistr\u00e9"}]},{"@type":"Person","@id":"https:\/\/www.nettali.com\/#\/schema\/person\/418274a86bdf87caff7a3ef476bd0bbf","name":"Fatou","image":{"@type":"ImageObject","@id":"https:\/\/www.nettali.com\/#personlogo","inLanguage":"fr-FR","url":"https:\/\/secure.gravatar.com\/avatar\/5a9442a2bee7b4dcf167cab035858e9a?s=96&d=mm&r=g","contentUrl":"https:\/\/secure.gravatar.com\/avatar\/5a9442a2bee7b4dcf167cab035858e9a?s=96&d=mm&r=g","caption":"Fatou"},"sameAs":["https:\/\/www.nettali.com"]}]}},"_links":{"self":[{"href":"https:\/\/www.nettali.com\/rest\/wp\/v2\/posts\/58906"}],"collection":[{"href":"https:\/\/www.nettali.com\/rest\/wp\/v2\/posts"}],"about":[{"href":"https:\/\/www.nettali.com\/rest\/wp\/v2\/types\/post"}],"author":[{"embeddable":true,"href":"https:\/\/www.nettali.com\/rest\/wp\/v2\/users\/6"}],"replies":[{"embeddable":true,"href":"https:\/\/www.nettali.com\/rest\/wp\/v2\/comments?post=58906"}],"version-history":[{"count":1,"href":"https:\/\/www.nettali.com\/rest\/wp\/v2\/posts\/58906\/revisions"}],"predecessor-version":[{"id":58907,"href":"https:\/\/www.nettali.com\/rest\/wp\/v2\/posts\/58906\/revisions\/58907"}],"wp:featuredmedia":[{"embeddable":true,"href":"https:\/\/www.nettali.com\/rest\/wp\/v2\/media\/58913"}],"wp:attachment":[{"href":"https:\/\/www.nettali.com\/rest\/wp\/v2\/media?parent=58906"}],"wp:term":[{"taxonomy":"category","embeddable":true,"href":"https:\/\/www.nettali.com\/rest\/wp\/v2\/categories?post=58906"},{"taxonomy":"post_tag","embeddable":true,"href":"https:\/\/www.nettali.com\/rest\/wp\/v2\/tags?post=58906"}],"curies":[{"name":"wp","href":"https:\/\/api.w.org\/{rel}","templated":true}]}}