{"id":58873,"date":"2021-03-04T10:49:05","date_gmt":"2021-03-04T10:49:05","guid":{"rendered":"https:\/\/www.nettali.com\/?p=58873"},"modified":"2021-03-04T10:49:05","modified_gmt":"2021-03-04T10:49:05","slug":"camp-penal-guy-marius-sagna-a-entame-une-greve-de-la-faim","status":"publish","type":"post","link":"https:\/\/www.nettali.com\/2021\/03\/04\/camp-penal-guy-marius-sagna-a-entame-une-greve-de-la-faim\/","title":{"rendered":"CAMP PENAL - Guy Marius Sagna a entam\u00e9 une gr\u00e8ve de la faim"},"content":{"rendered":"<p><strong>NETTALI.COM \u2013 Arr\u00eat\u00e9 le 22 f\u00e9vrier dernier, Guy Marius Sagna a entam\u00e9 une gr\u00e8ve de la faim, suite \u00e0 son isolement \u00e0 la chambre 1 de la prison du Camp P\u00e9nal. <\/strong><\/p>\n<p>Le Front pour une r\u00e9volution antiimp\u00e9rialiste populaire et panafricaine (Frapp\/France d\u00e9gage) indique, dans un communiqu\u00e9, que Guy Marius Sagna a entam\u00e9 une gr\u00e8ve de la faim. Cela, \u201csuite \u00e0 sa mise en isolement, tout nu, pour avoir relev\u00e9 la situation d\u00e9gradante \u00e0 la chambre 1 de la prison o\u00f9 sont entass\u00e9s 150 prisonniers\u2019\u2019.<\/p>\n<p>En outre, \u201cle Frapp d\u00e9nonce \u00e9nergiquement cette torture, ce traitement d\u00e9gradant et inhumain inflig\u00e9 \u00e0 Guy Marius Sagna, prend \u00e0 t\u00e9moin les organisations de d\u00e9fense des Droits de l'homme, les organismes de lutte contre la torture, la soci\u00e9t\u00e9 civile, l'opinion nationale et internationale et tient Macky Sall, Malick Sall, le doyen des juges Samba Sall et Bassirou Gu\u00e8ye pour responsables de tout ce qui lui arrivera. Guy Marius Sagna a \u00e9t\u00e9 \u00e9vacu\u00e9 ce matin (hier) \u00e0 l'infirmerie de la prison\u2019\u2019, rapporte encore le communiqu\u00e9.<\/p>\n<p>Guy Marius Sagna a \u00e9t\u00e9 arr\u00eat\u00e9 \u201carbitrairement\u2019\u2019 le 22 f\u00e9vrier dernier. \u201cGuy Marius Sagna est depuis le 26 f\u00e9vrier d\u00e9pos\u00e9 \u00e0 la prison du Cap Manuel sur la base d'infractions imaginaires\u2019\u2019, termine le texte.<\/p>\n<div class='share-to-whatsapp-wrapper'><div class='share-on-whsp'>PARTAGER SUR : <\/div><a data-text='CAMP PENAL - Guy Marius Sagna a entam\u00e9 une gr\u00e8ve de la faim' data-link='https:\/\/www.nettali.com\/2021\/03\/04\/camp-penal-guy-marius-sagna-a-entame-une-greve-de-la-faim\/' class='whatsapp-button whatsapp-share'>WhatsApp<\/a><div class='clear '><\/div><\/div>","protected":false},"excerpt":{"rendered":"<p>NETTALI.COM \u2013 Arr\u00eat\u00e9 le 22 f\u00e9vrier dernier, Guy Marius Sagna a entam\u00e9 une gr\u00e8ve de la faim, suite \u00e0 son isolement \u00e0 la chambre 1 de la prison du Camp P\u00e9nal. Le Front pour une r\u00e9volution antiimp\u00e9rialiste populaire et panafricaine (Frapp\/France d\u00e9gage) indique, dans un communiqu\u00e9, que Guy Marius Sagna a entam\u00e9 une gr\u00e8ve de [&hellip;]<\/p>\n","protected":false},"author":11,"featured_media":3497,"comment_status":"open","ping_status":"open","sticky":false,"template":"","format":"standard","meta":{"_et_pb_use_builder":"","_et_pb_old_content":""},"categories":[2],"tags":[],"yoast_head":"<!-- This site is optimized with the Yoast SEO Premium plugin v17.8 (Yoast SEO v17.8) - https:\/\/yoast.com\/wordpress\/plugins\/seo\/ -->\n<title>CAMP PENAL - Guy Marius Sagna a entam\u00e9 une gr\u00e8ve de la faim | Nettali.com<\/title>\n<meta name=\"robots\" content=\"index, follow, max-snippet:-1, max-image-preview:large, max-video-preview:-1\" \/>\n<link rel=\"canonical\" href=\"https:\/\/www.nettali.com\/2021\/03\/04\/camp-penal-guy-marius-sagna-a-entame-une-greve-de-la-faim\/\" \/>\n<meta property=\"og:locale\" content=\"fr_FR\" \/>\n<meta property=\"og:type\" content=\"article\" \/>\n<meta property=\"og:title\" content=\"CAMP PENAL - Guy Marius Sagna a entam\u00e9 une gr\u00e8ve de la faim\" \/>\n<meta property=\"og:description\" content=\"NETTALI.COM \u2013 Arr\u00eat\u00e9 le 22 f\u00e9vrier dernier, Guy Marius Sagna a entam\u00e9 une gr\u00e8ve de la faim, suite \u00e0 son isolement \u00e0 la chambre 1 de la prison du Camp P\u00e9nal. Le Front pour une r\u00e9volution antiimp\u00e9rialiste populaire et panafricaine (Frapp\/France d\u00e9gage) indique, dans un communiqu\u00e9, que Guy Marius Sagna a entam\u00e9 une gr\u00e8ve de [&hellip;]\" \/>\n<meta property=\"og:url\" content=\"https:\/\/www.nettali.com\/2021\/03\/04\/camp-penal-guy-marius-sagna-a-entame-une-greve-de-la-faim\/\" \/>\n<meta property=\"og:site_name\" content=\"Nettali.com\" \/>\n<meta property=\"article:publisher\" content=\"https:\/\/www.facebook.com\/nettalicom\" \/>\n<meta property=\"article:published_time\" content=\"2021-03-04T10:49:05+00:00\" \/>\n<meta property=\"og:image\" content=\"https:\/\/www.nettali.com\/wp-content\/uploads\/2019\/03\/nettali-guy-marius-sagna.jpg\" \/>\n\t<meta property=\"og:image:width\" content=\"3008\" \/>\n\t<meta property=\"og:image:height\" content=\"1684\" \/>\n<meta name=\"twitter:card\" content=\"summary_large_image\" \/>\n<meta name=\"twitter:label1\" content=\"\u00c9crit par\" \/>\n\t<meta name=\"twitter:data1\" content=\"Thierno Diop\" \/>\n\t<meta name=\"twitter:label2\" content=\"Dur\u00e9e de lecture estim\u00e9e\" \/>\n\t<meta name=\"twitter:data2\" content=\"1 minute\" \/>\n<script type=\"application\/ld+json\" class=\"yoast-schema-graph\">{\"@context\":\"https:\/\/schema.org\",\"@graph\":[{\"@type\":\"WebSite\",\"@id\":\"https:\/\/www.nettali.com\/#website\",\"url\":\"https:\/\/www.nettali.com\/\",\"name\":\"Nettali.com\",\"description\":\"Le rendez-vous critique du Net\",\"potentialAction\":[{\"@type\":\"SearchAction\",\"target\":{\"@type\":\"EntryPoint\",\"urlTemplate\":\"https:\/\/www.nettali.com\/?s={search_term_string}\"},\"query-input\":\"required name=search_term_string\"}],\"inLanguage\":\"fr-FR\"},{\"@type\":\"ImageObject\",\"@id\":\"https:\/\/www.nettali.com\/2021\/03\/04\/camp-penal-guy-marius-sagna-a-entame-une-greve-de-la-faim\/#primaryimage\",\"inLanguage\":\"fr-FR\",\"url\":\"https:\/\/www.nettali.com\/wp-content\/uploads\/2019\/03\/nettali-guy-marius-sagna.jpg\",\"contentUrl\":\"https:\/\/www.nettali.com\/wp-content\/uploads\/2019\/03\/nettali-guy-marius-sagna.jpg\",\"width\":3008,\"height\":1684,\"caption\":\"Interview Guy Marius Sagna\"},{\"@type\":\"WebPage\",\"@id\":\"https:\/\/www.nettali.com\/2021\/03\/04\/camp-penal-guy-marius-sagna-a-entame-une-greve-de-la-faim\/#webpage\",\"url\":\"https:\/\/www.nettali.com\/2021\/03\/04\/camp-penal-guy-marius-sagna-a-entame-une-greve-de-la-faim\/\",\"name\":\"CAMP PENAL - Guy Marius Sagna a entam\\u00e9 une gr\\u00e8ve de la faim | Nettali.com\",\"isPartOf\":{\"@id\":\"https:\/\/www.nettali.com\/#website\"},\"primaryImageOfPage\":{\"@id\":\"https:\/\/www.nettali.com\/2021\/03\/04\/camp-penal-guy-marius-sagna-a-entame-une-greve-de-la-faim\/#primaryimage\"},\"datePublished\":\"2021-03-04T10:49:05+00:00\",\"dateModified\":\"2021-03-04T10:49:05+00:00\",\"author\":{\"@id\":\"https:\/\/www.nettali.com\/#\/schema\/person\/8a06c6bd7b19304cf4bf985862900b5b\"},\"breadcrumb\":{\"@id\":\"https:\/\/www.nettali.com\/2021\/03\/04\/camp-penal-guy-marius-sagna-a-entame-une-greve-de-la-faim\/#breadcrumb\"},\"inLanguage\":\"fr-FR\",\"potentialAction\":[{\"@type\":\"ReadAction\",\"target\":[\"https:\/\/www.nettali.com\/2021\/03\/04\/camp-penal-guy-marius-sagna-a-entame-une-greve-de-la-faim\/\"]}]},{\"@type\":\"BreadcrumbList\",\"@id\":\"https:\/\/www.nettali.com\/2021\/03\/04\/camp-penal-guy-marius-sagna-a-entame-une-greve-de-la-faim\/#breadcrumb\",\"itemListElement\":[{\"@type\":\"ListItem\",\"position\":1,\"name\":\"Accueil\",\"item\":\"https:\/\/www.nettali.com\/\"},{\"@type\":\"ListItem\",\"position\":2,\"name\":\"CAMP PENAL &#8211; Guy Marius Sagna a entam\\u00e9 une gr\\u00e8ve de la faim\"}]},{\"@type\":\"Person\",\"@id\":\"https:\/\/www.nettali.com\/#\/schema\/person\/8a06c6bd7b19304cf4bf985862900b5b\",\"name\":\"Thierno Diop\",\"image\":{\"@type\":\"ImageObject\",\"@id\":\"https:\/\/www.nettali.com\/#personlogo\",\"inLanguage\":\"fr-FR\",\"url\":\"https:\/\/secure.gravatar.com\/avatar\/c8ca58550c94fd2ac856d27391a6c866?s=96&d=mm&r=g\",\"contentUrl\":\"https:\/\/secure.gravatar.com\/avatar\/c8ca58550c94fd2ac856d27391a6c866?s=96&d=mm&r=g\",\"caption\":\"Thierno Diop\"},\"sameAs\":[\"https:\/\/nettali.com\"]}]}<\/script>\n<!-- \/ Yoast SEO Premium plugin. -->","yoast_head_json":{"title":"CAMP PENAL - Guy Marius Sagna a entam\u00e9 une gr\u00e8ve de la faim | Nettali.com","robots":{"index":"index","follow":"follow","max-snippet":"max-snippet:-1","max-image-preview":"max-image-preview:large","max-video-preview":"max-video-preview:-1"},"canonical":"https:\/\/www.nettali.com\/2021\/03\/04\/camp-penal-guy-marius-sagna-a-entame-une-greve-de-la-faim\/","og_locale":"fr_FR","og_type":"article","og_title":"CAMP PENAL - Guy Marius Sagna a entam\u00e9 une gr\u00e8ve de la faim","og_description":"NETTALI.COM \u2013 Arr\u00eat\u00e9 le 22 f\u00e9vrier dernier, Guy Marius Sagna a entam\u00e9 une gr\u00e8ve de la faim, suite \u00e0 son isolement \u00e0 la chambre 1 de la prison du Camp P\u00e9nal. Le Front pour une r\u00e9volution antiimp\u00e9rialiste populaire et panafricaine (Frapp\/France d\u00e9gage) indique, dans un communiqu\u00e9, que Guy Marius Sagna a entam\u00e9 une gr\u00e8ve de [&hellip;]","og_url":"https:\/\/www.nettali.com\/2021\/03\/04\/camp-penal-guy-marius-sagna-a-entame-une-greve-de-la-faim\/","og_site_name":"Nettali.com","article_publisher":"https:\/\/www.facebook.com\/nettalicom","article_published_time":"2021-03-04T10:49:05+00:00","og_image":[{"width":3008,"height":1684,"url":"https:\/\/www.nettali.com\/wp-content\/uploads\/2019\/03\/nettali-guy-marius-sagna.jpg","type":"image\/jpeg"}],"twitter_card":"summary_large_image","twitter_misc":{"\u00c9crit par":"Thierno Diop","Dur\u00e9e de lecture estim\u00e9e":"1 minute"},"schema":{"@context":"https:\/\/schema.org","@graph":[{"@type":"WebSite","@id":"https:\/\/www.nettali.com\/#website","url":"https:\/\/www.nettali.com\/","name":"Nettali.com","description":"Le rendez-vous critique du Net","potentialAction":[{"@type":"SearchAction","target":{"@type":"EntryPoint","urlTemplate":"https:\/\/www.nettali.com\/?s={search_term_string}"},"query-input":"required name=search_term_string"}],"inLanguage":"fr-FR"},{"@type":"ImageObject","@id":"https:\/\/www.nettali.com\/2021\/03\/04\/camp-penal-guy-marius-sagna-a-entame-une-greve-de-la-faim\/#primaryimage","inLanguage":"fr-FR","url":"https:\/\/www.nettali.com\/wp-content\/uploads\/2019\/03\/nettali-guy-marius-sagna.jpg","contentUrl":"https:\/\/www.nettali.com\/wp-content\/uploads\/2019\/03\/nettali-guy-marius-sagna.jpg","width":3008,"height":1684,"caption":"Interview Guy Marius Sagna"},{"@type":"WebPage","@id":"https:\/\/www.nettali.com\/2021\/03\/04\/camp-penal-guy-marius-sagna-a-entame-une-greve-de-la-faim\/#webpage","url":"https:\/\/www.nettali.com\/2021\/03\/04\/camp-penal-guy-marius-sagna-a-entame-une-greve-de-la-faim\/","name":"CAMP PENAL - Guy Marius Sagna a entam\u00e9 une gr\u00e8ve de la faim | Nettali.com","isPartOf":{"@id":"https:\/\/www.nettali.com\/#website"},"primaryImageOfPage":{"@id":"https:\/\/www.nettali.com\/2021\/03\/04\/camp-penal-guy-marius-sagna-a-entame-une-greve-de-la-faim\/#primaryimage"},"datePublished":"2021-03-04T10:49:05+00:00","dateModified":"2021-03-04T10:49:05+00:00","author":{"@id":"https:\/\/www.nettali.com\/#\/schema\/person\/8a06c6bd7b19304cf4bf985862900b5b"},"breadcrumb":{"@id":"https:\/\/www.nettali.com\/2021\/03\/04\/camp-penal-guy-marius-sagna-a-entame-une-greve-de-la-faim\/#breadcrumb"},"inLanguage":"fr-FR","potentialAction":[{"@type":"ReadAction","target":["https:\/\/www.nettali.com\/2021\/03\/04\/camp-penal-guy-marius-sagna-a-entame-une-greve-de-la-faim\/"]}]},{"@type":"BreadcrumbList","@id":"https:\/\/www.nettali.com\/2021\/03\/04\/camp-penal-guy-marius-sagna-a-entame-une-greve-de-la-faim\/#breadcrumb","itemListElement":[{"@type":"ListItem","position":1,"name":"Accueil","item":"https:\/\/www.nettali.com\/"},{"@type":"ListItem","position":2,"name":"CAMP PENAL &#8211; Guy Marius Sagna a entam\u00e9 une gr\u00e8ve de la faim"}]},{"@type":"Person","@id":"https:\/\/www.nettali.com\/#\/schema\/person\/8a06c6bd7b19304cf4bf985862900b5b","name":"Thierno Diop","image":{"@type":"ImageObject","@id":"https:\/\/www.nettali.com\/#personlogo","inLanguage":"fr-FR","url":"https:\/\/secure.gravatar.com\/avatar\/c8ca58550c94fd2ac856d27391a6c866?s=96&d=mm&r=g","contentUrl":"https:\/\/secure.gravatar.com\/avatar\/c8ca58550c94fd2ac856d27391a6c866?s=96&d=mm&r=g","caption":"Thierno Diop"},"sameAs":["https:\/\/nettali.com"]}]}},"_links":{"self":[{"href":"https:\/\/www.nettali.com\/rest\/wp\/v2\/posts\/58873"}],"collection":[{"href":"https:\/\/www.nettali.com\/rest\/wp\/v2\/posts"}],"about":[{"href":"https:\/\/www.nettali.com\/rest\/wp\/v2\/types\/post"}],"author":[{"embeddable":true,"href":"https:\/\/www.nettali.com\/rest\/wp\/v2\/users\/11"}],"replies":[{"embeddable":true,"href":"https:\/\/www.nettali.com\/rest\/wp\/v2\/comments?post=58873"}],"version-history":[{"count":1,"href":"https:\/\/www.nettali.com\/rest\/wp\/v2\/posts\/58873\/revisions"}],"predecessor-version":[{"id":58875,"href":"https:\/\/www.nettali.com\/rest\/wp\/v2\/posts\/58873\/revisions\/58875"}],"wp:featuredmedia":[{"embeddable":true,"href":"https:\/\/www.nettali.com\/rest\/wp\/v2\/media\/3497"}],"wp:attachment":[{"href":"https:\/\/www.nettali.com\/rest\/wp\/v2\/media?parent=58873"}],"wp:term":[{"taxonomy":"category","embeddable":true,"href":"https:\/\/www.nettali.com\/rest\/wp\/v2\/categories?post=58873"},{"taxonomy":"post_tag","embeddable":true,"href":"https:\/\/www.nettali.com\/rest\/wp\/v2\/tags?post=58873"}],"curies":[{"name":"wp","href":"https:\/\/api.w.org\/{rel}","templated":true}]}}