{"id":58871,"date":"2021-03-04T10:38:12","date_gmt":"2021-03-04T10:38:12","guid":{"rendered":"https:\/\/www.nettali.com\/?p=58871"},"modified":"2021-03-04T16:47:01","modified_gmt":"2021-03-04T16:47:01","slug":"ousmane-sonko-muet-devant-les-enqueteurs-le-sort-du-leader-du-pastef-est-entre-les-mains-du-procureur","status":"publish","type":"post","link":"https:\/\/www.nettali.com\/2021\/03\/04\/ousmane-sonko-muet-devant-les-enqueteurs-le-sort-du-leader-du-pastef-est-entre-les-mains-du-procureur\/","title":{"rendered":"OUSMANE SONKO MUET DEVANT LES ENQU\u00caTEURS - Le sort du leader du Pastef est entre les mains du procureur"},"content":{"rendered":"<p><strong>NETTALI.COM - En garde \u00e0 vue dans les locaux de la Section de recherches de la gendarmerie de Colobane, le leader du Pastef\/Les patriotes, Ousmane Sonko, n\u2019a pas ouvert sa bouche, lors de son audition. Les enqu\u00eateurs sont \u00e0 l\u2019\u00e9coute du procureur.<\/strong><\/p>\n<p><strong>\u00a0<\/strong>Hier, c\u2019est vers 14 h 45 mn que la notification de garde \u00e0 vue a \u00e9t\u00e9 signifi\u00e9e \u00e0 Ousmane Sonko, selon son avocat Me Khoureissi Ba, par le capitaine Ndiaye qui a personnellement proc\u00e9d\u00e9 \u00e0 son interpellation. Un peu plus t\u00f4t, il avait \u00e9t\u00e9 arr\u00eat\u00e9 sur ordre du procureur pour les faits de trouble \u00e0 l\u2019ordre public et manifestation non-autoris\u00e9e, par des agents du Groupement d\u2019intervention de la gendarmerie nationale (GIGN). Il a \u00e9t\u00e9, par la suite, achemin\u00e9, sous une forte escorte, dans les locaux de la Section de recherches de la gendarmerie de Colobane, pour les besoins de l\u2019enqu\u00eate.<\/p>\n<p>Selon nos informations, lors de son audition par les hommes du chef d\u2019escadron Abdou Mbengue, le d\u00e9put\u00e9 Ousmane Sonko a adopt\u00e9 la strat\u00e9gie du silence comme moyen de d\u00e9fense. Il n\u2019a r\u00e9pondu \u00e0 aucune des questions pos\u00e9es par les enqu\u00eateurs, pr\u00e9cisent nos sources. Ces derni\u00e8res soutiennent que, juridiquement parlant, rien ne peut forcer un pr\u00e9venu \u00e0 r\u00e9pondre. \u201cIl a opt\u00e9, comme strat\u00e9gie de d\u00e9fense, le silence total devant ses avocats, lors de son audition. Il a m\u00eame refus\u00e9 de d\u00e9cliner son identit\u00e9. Personne ne peut le forcer \u00e0 parler. La loi ne permet \u00e0 personne de le faire d\u2019ailleurs\u2019\u2019, ont dit des sources g\u00e9n\u00e9ralement bien inform\u00e9es. Selon nos interlocuteurs, devant cet \u00e9tat de fait, les enqu\u00eateurs sont \u00e0 l\u2019\u00e9coute du maitre des poursuites qui va d\u00e9cider de la suite, le moment venu.<\/p>\n<p><strong>A propos des d\u00e9lits vis\u00e9s contre Ousmane Sonko <\/strong><\/p>\n<p>Selon l\u2019article 97 du Code p\u00e9nal, sont soumis \u00e0 l'obligation d'une d\u00e9claration pr\u00e9alable tous cort\u00e8ges, d\u00e9fil\u00e9s et rassemblements de personnes et, d'une fa\u00e7on g\u00e9n\u00e9rale, toute manifestation sur la voie publique. Toutefois, sont dispens\u00e9es de cette d\u00e9claration les sorties sur la voie publique conformes aux usages locaux. Seront punis d'un emprisonnement de six mois \u00e0 un an et d'une amende de 100 000 \u00e0 500 000 F, ceux qui auront fait une d\u00e9claration incompl\u00e8te ou inexacte de nature \u00e0 tromper sur les conditions de la manifestation projet\u00e9e ou qui, soit avant le d\u00e9p\u00f4t de la d\u00e9claration prescrite \u00e0 l'article 96, soit apr\u00e8s l'interdiction, auront adress\u00e9, par un moyen quelconque, une convocation \u00e0 y prendre part. Seront punis d'un emprisonnement d'un \u00e0 trois ans et d'une amende de 100 000 \u00e0 500 000 F ceux qui auront particip\u00e9 \u00e0 une manifestation non d\u00e9clar\u00e9e ou qui a \u00e9t\u00e9 interdite. Seront punis d'un emprisonnement de deux ans au moins et de cinq ans au plus et d'une amende de 10 000 \u00e0 1 500 000 F ceux qui auront particip\u00e9 \u00e0 l'organisation d'une manifestation non d\u00e9clar\u00e9e ou qui a \u00e9t\u00e9 interdite.<\/p>\n<p>(avec Enqu\u00eate)<\/p>\n<div class='share-to-whatsapp-wrapper'><div class='share-on-whsp'>PARTAGER SUR : <\/div><a data-text='OUSMANE SONKO MUET DEVANT LES ENQU\u00caTEURS - Le sort du leader du Pastef est entre les mains du procureur' data-link='https:\/\/www.nettali.com\/2021\/03\/04\/ousmane-sonko-muet-devant-les-enqueteurs-le-sort-du-leader-du-pastef-est-entre-les-mains-du-procureur\/' class='whatsapp-button whatsapp-share'>WhatsApp<\/a><div class='clear '><\/div><\/div>","protected":false},"excerpt":{"rendered":"<p>NETTALI.COM - En garde \u00e0 vue dans les locaux de la Section de recherches de la gendarmerie de Colobane, le leader du Pastef\/Les patriotes, Ousmane Sonko, n\u2019a pas ouvert sa bouche, lors de son audition. Les enqu\u00eateurs sont \u00e0 l\u2019\u00e9coute du procureur. \u00a0Hier, c\u2019est vers 14 h 45 mn que la notification de garde \u00e0 [&hellip;]<\/p>\n","protected":false},"author":11,"featured_media":16240,"comment_status":"open","ping_status":"open","sticky":false,"template":"","format":"standard","meta":{"_et_pb_use_builder":"","_et_pb_old_content":""},"categories":[2],"tags":[],"yoast_head":"<!-- This site is optimized with the Yoast SEO Premium plugin v17.8 (Yoast SEO v17.8) - https:\/\/yoast.com\/wordpress\/plugins\/seo\/ -->\n<title>OUSMANE SONKO MUET DEVANT LES ENQU\u00caTEURS - Le sort du leader du Pastef est entre les mains du procureur | Nettali.com<\/title>\n<meta name=\"robots\" content=\"index, follow, max-snippet:-1, max-image-preview:large, max-video-preview:-1\" \/>\n<link rel=\"canonical\" href=\"https:\/\/www.nettali.com\/2021\/03\/04\/ousmane-sonko-muet-devant-les-enqueteurs-le-sort-du-leader-du-pastef-est-entre-les-mains-du-procureur\/\" \/>\n<meta property=\"og:locale\" content=\"fr_FR\" \/>\n<meta property=\"og:type\" content=\"article\" \/>\n<meta property=\"og:title\" content=\"OUSMANE SONKO MUET DEVANT LES ENQU\u00caTEURS - Le sort du leader du Pastef est entre les mains du procureur\" \/>\n<meta property=\"og:description\" content=\"NETTALI.COM - En garde \u00e0 vue dans les locaux de la Section de recherches de la gendarmerie de Colobane, le leader du Pastef\/Les patriotes, Ousmane Sonko, n\u2019a pas ouvert sa bouche, lors de son audition. Les enqu\u00eateurs sont \u00e0 l\u2019\u00e9coute du procureur. \u00a0Hier, c\u2019est vers 14 h 45 mn que la notification de garde \u00e0 [&hellip;]\" \/>\n<meta property=\"og:url\" content=\"https:\/\/www.nettali.com\/2021\/03\/04\/ousmane-sonko-muet-devant-les-enqueteurs-le-sort-du-leader-du-pastef-est-entre-les-mains-du-procureur\/\" \/>\n<meta property=\"og:site_name\" content=\"Nettali.com\" \/>\n<meta property=\"article:publisher\" content=\"https:\/\/www.facebook.com\/nettalicom\" \/>\n<meta property=\"article:published_time\" content=\"2021-03-04T10:38:12+00:00\" \/>\n<meta property=\"article:modified_time\" content=\"2021-03-04T16:47:01+00:00\" \/>\n<meta property=\"og:image\" content=\"https:\/\/www.nettali.com\/wp-content\/uploads\/2019\/08\/ousmane-sonko.jpg\" \/>\n\t<meta property=\"og:image:width\" content=\"827\" \/>\n\t<meta property=\"og:image:height\" content=\"504\" \/>\n<meta name=\"twitter:card\" content=\"summary_large_image\" \/>\n<meta name=\"twitter:label1\" content=\"\u00c9crit par\" \/>\n\t<meta name=\"twitter:data1\" content=\"Thierno Diop\" \/>\n\t<meta name=\"twitter:label2\" content=\"Dur\u00e9e de lecture estim\u00e9e\" \/>\n\t<meta name=\"twitter:data2\" content=\"2 minutes\" \/>\n<script type=\"application\/ld+json\" class=\"yoast-schema-graph\">{\"@context\":\"https:\/\/schema.org\",\"@graph\":[{\"@type\":\"WebSite\",\"@id\":\"https:\/\/www.nettali.com\/#website\",\"url\":\"https:\/\/www.nettali.com\/\",\"name\":\"Nettali.com\",\"description\":\"Le rendez-vous critique du Net\",\"potentialAction\":[{\"@type\":\"SearchAction\",\"target\":{\"@type\":\"EntryPoint\",\"urlTemplate\":\"https:\/\/www.nettali.com\/?s={search_term_string}\"},\"query-input\":\"required name=search_term_string\"}],\"inLanguage\":\"fr-FR\"},{\"@type\":\"ImageObject\",\"@id\":\"https:\/\/www.nettali.com\/2021\/03\/04\/ousmane-sonko-muet-devant-les-enqueteurs-le-sort-du-leader-du-pastef-est-entre-les-mains-du-procureur\/#primaryimage\",\"inLanguage\":\"fr-FR\",\"url\":\"https:\/\/www.nettali.com\/wp-content\/uploads\/2019\/08\/ousmane-sonko.jpg\",\"contentUrl\":\"https:\/\/www.nettali.com\/wp-content\/uploads\/2019\/08\/ousmane-sonko.jpg\",\"width\":827,\"height\":504},{\"@type\":\"WebPage\",\"@id\":\"https:\/\/www.nettali.com\/2021\/03\/04\/ousmane-sonko-muet-devant-les-enqueteurs-le-sort-du-leader-du-pastef-est-entre-les-mains-du-procureur\/#webpage\",\"url\":\"https:\/\/www.nettali.com\/2021\/03\/04\/ousmane-sonko-muet-devant-les-enqueteurs-le-sort-du-leader-du-pastef-est-entre-les-mains-du-procureur\/\",\"name\":\"OUSMANE SONKO MUET DEVANT LES ENQU\\u00caTEURS - Le sort du leader du Pastef est entre les mains du procureur | Nettali.com\",\"isPartOf\":{\"@id\":\"https:\/\/www.nettali.com\/#website\"},\"primaryImageOfPage\":{\"@id\":\"https:\/\/www.nettali.com\/2021\/03\/04\/ousmane-sonko-muet-devant-les-enqueteurs-le-sort-du-leader-du-pastef-est-entre-les-mains-du-procureur\/#primaryimage\"},\"datePublished\":\"2021-03-04T10:38:12+00:00\",\"dateModified\":\"2021-03-04T16:47:01+00:00\",\"author\":{\"@id\":\"https:\/\/www.nettali.com\/#\/schema\/person\/8a06c6bd7b19304cf4bf985862900b5b\"},\"breadcrumb\":{\"@id\":\"https:\/\/www.nettali.com\/2021\/03\/04\/ousmane-sonko-muet-devant-les-enqueteurs-le-sort-du-leader-du-pastef-est-entre-les-mains-du-procureur\/#breadcrumb\"},\"inLanguage\":\"fr-FR\",\"potentialAction\":[{\"@type\":\"ReadAction\",\"target\":[\"https:\/\/www.nettali.com\/2021\/03\/04\/ousmane-sonko-muet-devant-les-enqueteurs-le-sort-du-leader-du-pastef-est-entre-les-mains-du-procureur\/\"]}]},{\"@type\":\"BreadcrumbList\",\"@id\":\"https:\/\/www.nettali.com\/2021\/03\/04\/ousmane-sonko-muet-devant-les-enqueteurs-le-sort-du-leader-du-pastef-est-entre-les-mains-du-procureur\/#breadcrumb\",\"itemListElement\":[{\"@type\":\"ListItem\",\"position\":1,\"name\":\"Accueil\",\"item\":\"https:\/\/www.nettali.com\/\"},{\"@type\":\"ListItem\",\"position\":2,\"name\":\"OUSMANE SONKO MUET DEVANT LES ENQU\\u00caTEURS &#8211; Le sort du leader du Pastef est entre les mains du procureur\"}]},{\"@type\":\"Person\",\"@id\":\"https:\/\/www.nettali.com\/#\/schema\/person\/8a06c6bd7b19304cf4bf985862900b5b\",\"name\":\"Thierno Diop\",\"image\":{\"@type\":\"ImageObject\",\"@id\":\"https:\/\/www.nettali.com\/#personlogo\",\"inLanguage\":\"fr-FR\",\"url\":\"https:\/\/secure.gravatar.com\/avatar\/c8ca58550c94fd2ac856d27391a6c866?s=96&d=mm&r=g\",\"contentUrl\":\"https:\/\/secure.gravatar.com\/avatar\/c8ca58550c94fd2ac856d27391a6c866?s=96&d=mm&r=g\",\"caption\":\"Thierno Diop\"},\"sameAs\":[\"https:\/\/nettali.com\"]}]}<\/script>\n<!-- \/ Yoast SEO Premium plugin. -->","yoast_head_json":{"title":"OUSMANE SONKO MUET DEVANT LES ENQU\u00caTEURS - Le sort du leader du Pastef est entre les mains du procureur | Nettali.com","robots":{"index":"index","follow":"follow","max-snippet":"max-snippet:-1","max-image-preview":"max-image-preview:large","max-video-preview":"max-video-preview:-1"},"canonical":"https:\/\/www.nettali.com\/2021\/03\/04\/ousmane-sonko-muet-devant-les-enqueteurs-le-sort-du-leader-du-pastef-est-entre-les-mains-du-procureur\/","og_locale":"fr_FR","og_type":"article","og_title":"OUSMANE SONKO MUET DEVANT LES ENQU\u00caTEURS - Le sort du leader du Pastef est entre les mains du procureur","og_description":"NETTALI.COM - En garde \u00e0 vue dans les locaux de la Section de recherches de la gendarmerie de Colobane, le leader du Pastef\/Les patriotes, Ousmane Sonko, n\u2019a pas ouvert sa bouche, lors de son audition. Les enqu\u00eateurs sont \u00e0 l\u2019\u00e9coute du procureur. \u00a0Hier, c\u2019est vers 14 h 45 mn que la notification de garde \u00e0 [&hellip;]","og_url":"https:\/\/www.nettali.com\/2021\/03\/04\/ousmane-sonko-muet-devant-les-enqueteurs-le-sort-du-leader-du-pastef-est-entre-les-mains-du-procureur\/","og_site_name":"Nettali.com","article_publisher":"https:\/\/www.facebook.com\/nettalicom","article_published_time":"2021-03-04T10:38:12+00:00","article_modified_time":"2021-03-04T16:47:01+00:00","og_image":[{"width":827,"height":504,"url":"https:\/\/www.nettali.com\/wp-content\/uploads\/2019\/08\/ousmane-sonko.jpg","type":"image\/jpeg"}],"twitter_card":"summary_large_image","twitter_misc":{"\u00c9crit par":"Thierno Diop","Dur\u00e9e de lecture estim\u00e9e":"2 minutes"},"schema":{"@context":"https:\/\/schema.org","@graph":[{"@type":"WebSite","@id":"https:\/\/www.nettali.com\/#website","url":"https:\/\/www.nettali.com\/","name":"Nettali.com","description":"Le rendez-vous critique du Net","potentialAction":[{"@type":"SearchAction","target":{"@type":"EntryPoint","urlTemplate":"https:\/\/www.nettali.com\/?s={search_term_string}"},"query-input":"required name=search_term_string"}],"inLanguage":"fr-FR"},{"@type":"ImageObject","@id":"https:\/\/www.nettali.com\/2021\/03\/04\/ousmane-sonko-muet-devant-les-enqueteurs-le-sort-du-leader-du-pastef-est-entre-les-mains-du-procureur\/#primaryimage","inLanguage":"fr-FR","url":"https:\/\/www.nettali.com\/wp-content\/uploads\/2019\/08\/ousmane-sonko.jpg","contentUrl":"https:\/\/www.nettali.com\/wp-content\/uploads\/2019\/08\/ousmane-sonko.jpg","width":827,"height":504},{"@type":"WebPage","@id":"https:\/\/www.nettali.com\/2021\/03\/04\/ousmane-sonko-muet-devant-les-enqueteurs-le-sort-du-leader-du-pastef-est-entre-les-mains-du-procureur\/#webpage","url":"https:\/\/www.nettali.com\/2021\/03\/04\/ousmane-sonko-muet-devant-les-enqueteurs-le-sort-du-leader-du-pastef-est-entre-les-mains-du-procureur\/","name":"OUSMANE SONKO MUET DEVANT LES ENQU\u00caTEURS - Le sort du leader du Pastef est entre les mains du procureur | Nettali.com","isPartOf":{"@id":"https:\/\/www.nettali.com\/#website"},"primaryImageOfPage":{"@id":"https:\/\/www.nettali.com\/2021\/03\/04\/ousmane-sonko-muet-devant-les-enqueteurs-le-sort-du-leader-du-pastef-est-entre-les-mains-du-procureur\/#primaryimage"},"datePublished":"2021-03-04T10:38:12+00:00","dateModified":"2021-03-04T16:47:01+00:00","author":{"@id":"https:\/\/www.nettali.com\/#\/schema\/person\/8a06c6bd7b19304cf4bf985862900b5b"},"breadcrumb":{"@id":"https:\/\/www.nettali.com\/2021\/03\/04\/ousmane-sonko-muet-devant-les-enqueteurs-le-sort-du-leader-du-pastef-est-entre-les-mains-du-procureur\/#breadcrumb"},"inLanguage":"fr-FR","potentialAction":[{"@type":"ReadAction","target":["https:\/\/www.nettali.com\/2021\/03\/04\/ousmane-sonko-muet-devant-les-enqueteurs-le-sort-du-leader-du-pastef-est-entre-les-mains-du-procureur\/"]}]},{"@type":"BreadcrumbList","@id":"https:\/\/www.nettali.com\/2021\/03\/04\/ousmane-sonko-muet-devant-les-enqueteurs-le-sort-du-leader-du-pastef-est-entre-les-mains-du-procureur\/#breadcrumb","itemListElement":[{"@type":"ListItem","position":1,"name":"Accueil","item":"https:\/\/www.nettali.com\/"},{"@type":"ListItem","position":2,"name":"OUSMANE SONKO MUET DEVANT LES ENQU\u00caTEURS &#8211; Le sort du leader du Pastef est entre les mains du procureur"}]},{"@type":"Person","@id":"https:\/\/www.nettali.com\/#\/schema\/person\/8a06c6bd7b19304cf4bf985862900b5b","name":"Thierno Diop","image":{"@type":"ImageObject","@id":"https:\/\/www.nettali.com\/#personlogo","inLanguage":"fr-FR","url":"https:\/\/secure.gravatar.com\/avatar\/c8ca58550c94fd2ac856d27391a6c866?s=96&d=mm&r=g","contentUrl":"https:\/\/secure.gravatar.com\/avatar\/c8ca58550c94fd2ac856d27391a6c866?s=96&d=mm&r=g","caption":"Thierno Diop"},"sameAs":["https:\/\/nettali.com"]}]}},"_links":{"self":[{"href":"https:\/\/www.nettali.com\/rest\/wp\/v2\/posts\/58871"}],"collection":[{"href":"https:\/\/www.nettali.com\/rest\/wp\/v2\/posts"}],"about":[{"href":"https:\/\/www.nettali.com\/rest\/wp\/v2\/types\/post"}],"author":[{"embeddable":true,"href":"https:\/\/www.nettali.com\/rest\/wp\/v2\/users\/11"}],"replies":[{"embeddable":true,"href":"https:\/\/www.nettali.com\/rest\/wp\/v2\/comments?post=58871"}],"version-history":[{"count":1,"href":"https:\/\/www.nettali.com\/rest\/wp\/v2\/posts\/58871\/revisions"}],"predecessor-version":[{"id":58872,"href":"https:\/\/www.nettali.com\/rest\/wp\/v2\/posts\/58871\/revisions\/58872"}],"wp:featuredmedia":[{"embeddable":true,"href":"https:\/\/www.nettali.com\/rest\/wp\/v2\/media\/16240"}],"wp:attachment":[{"href":"https:\/\/www.nettali.com\/rest\/wp\/v2\/media?parent=58871"}],"wp:term":[{"taxonomy":"category","embeddable":true,"href":"https:\/\/www.nettali.com\/rest\/wp\/v2\/categories?post=58871"},{"taxonomy":"post_tag","embeddable":true,"href":"https:\/\/www.nettali.com\/rest\/wp\/v2\/tags?post=58871"}],"curies":[{"name":"wp","href":"https:\/\/api.w.org\/{rel}","templated":true}]}}