{"id":58760,"date":"2021-03-03T14:22:55","date_gmt":"2021-03-03T14:22:55","guid":{"rendered":"https:\/\/www.nettali.com\/?p=58760"},"modified":"2021-03-03T15:32:11","modified_gmt":"2021-03-03T15:32:11","slug":"djibril-sonko-ousmane-sonko-va-etre-entendu-et-soumis-en-garde-a-vue","status":"publish","type":"post","link":"https:\/\/www.nettali.com\/2021\/03\/03\/djibril-sonko-ousmane-sonko-va-etre-entendu-et-soumis-en-garde-a-vue\/","title":{"rendered":"DJIBRIL SONKO - \"Ousmane Sonko va \u00eatre entendu et soumis en garde \u00e0 vue\""},"content":{"rendered":"<p><strong>NETTALI.COM - Ousmane Sonko va \u00eatre soumis en garde \u00e0 vue. C'est du moins l'annonce faite Djibril Sonko, un des avocats du leader de Pastef.<\/strong><\/p>\n<p>\" <em>Ils n'ont plus d'option. Sonko a \u00e9t\u00e9 conduit \u00e0 la section de Recheches pour trouble \u00e0 l'ordre public. Il va \u00eatre entendu et soumis en garde \u00e0 vue<\/em>\", a d\u00e9clar\u00e9 Djibril Sonko sur les ondes de Zik fm \u00e0 sa sortie du tribunal. Non sans indiquer que le leader de Pastef sera ensuite au Parquet.<\/p>\n<p>Rappelons que Ousmane Sonko qui devait r\u00e9pondre au juge du 8\u00e8me cabinet dans une affaire de \"viols\" et \"menaces de mort\" a finalement \u00e9t\u00e9 convoy\u00e9 par le GIGN \u00e0 la Section de recherches.<\/p>\n<div class='share-to-whatsapp-wrapper'><div class='share-on-whsp'>PARTAGER SUR : <\/div><a data-text='DJIBRIL SONKO - \"Ousmane Sonko va \u00eatre entendu et soumis en garde \u00e0 vue\"' data-link='https:\/\/www.nettali.com\/2021\/03\/03\/djibril-sonko-ousmane-sonko-va-etre-entendu-et-soumis-en-garde-a-vue\/' class='whatsapp-button whatsapp-share'>WhatsApp<\/a><div class='clear '><\/div><\/div>","protected":false},"excerpt":{"rendered":"<p>NETTALI.COM - Ousmane Sonko va \u00eatre soumis en garde \u00e0 vue. C'est du moins l'annonce faite Djibril Sonko, un des avocats du leader de Pastef. \" Ils n'ont plus d'option. Sonko a \u00e9t\u00e9 conduit \u00e0 la section de Recheches pour trouble \u00e0 l'ordre public. Il va \u00eatre entendu et soumis en garde \u00e0 vue\", a [&hellip;]<\/p>\n","protected":false},"author":5,"featured_media":58761,"comment_status":"open","ping_status":"open","sticky":false,"template":"","format":"standard","meta":{"_et_pb_use_builder":"","_et_pb_old_content":""},"categories":[3],"tags":[],"yoast_head":"<!-- This site is optimized with the Yoast SEO Premium plugin v17.8 (Yoast SEO v17.8) - https:\/\/yoast.com\/wordpress\/plugins\/seo\/ -->\n<title>DJIBRIL SONKO - &quot;Ousmane Sonko va \u00eatre entendu et soumis en garde \u00e0 vue&quot; | Nettali.com<\/title>\n<meta name=\"robots\" content=\"index, follow, max-snippet:-1, max-image-preview:large, max-video-preview:-1\" \/>\n<link rel=\"canonical\" href=\"https:\/\/www.nettali.com\/2021\/03\/03\/djibril-sonko-ousmane-sonko-va-etre-entendu-et-soumis-en-garde-a-vue\/\" \/>\n<meta property=\"og:locale\" content=\"fr_FR\" \/>\n<meta property=\"og:type\" content=\"article\" \/>\n<meta property=\"og:title\" content=\"DJIBRIL SONKO - &quot;Ousmane Sonko va \u00eatre entendu et soumis en garde \u00e0 vue&quot;\" \/>\n<meta property=\"og:description\" content=\"NETTALI.COM - Ousmane Sonko va \u00eatre soumis en garde \u00e0 vue. C&#039;est du moins l&#039;annonce faite Djibril Sonko, un des avocats du leader de Pastef. &quot; Ils n&#039;ont plus d&#039;option. Sonko a \u00e9t\u00e9 conduit \u00e0 la section de Recheches pour trouble \u00e0 l&#039;ordre public. Il va \u00eatre entendu et soumis en garde \u00e0 vue&quot;, a [&hellip;]\" \/>\n<meta property=\"og:url\" content=\"https:\/\/www.nettali.com\/2021\/03\/03\/djibril-sonko-ousmane-sonko-va-etre-entendu-et-soumis-en-garde-a-vue\/\" \/>\n<meta property=\"og:site_name\" content=\"Nettali.com\" \/>\n<meta property=\"article:publisher\" content=\"https:\/\/www.facebook.com\/nettalicom\" \/>\n<meta property=\"article:published_time\" content=\"2021-03-03T14:22:55+00:00\" \/>\n<meta property=\"article:modified_time\" content=\"2021-03-03T15:32:11+00:00\" \/>\n<meta property=\"og:image\" content=\"https:\/\/www.nettali.com\/wp-content\/uploads\/2021\/03\/ousmane-Sonko-1.jpg\" \/>\n\t<meta property=\"og:image:width\" content=\"600\" \/>\n\t<meta property=\"og:image:height\" content=\"377\" \/>\n<meta name=\"twitter:card\" content=\"summary_large_image\" \/>\n<meta name=\"twitter:label1\" content=\"\u00c9crit par\" \/>\n\t<meta name=\"twitter:data1\" content=\"Ibrahima\" \/>\n\t<meta name=\"twitter:label2\" content=\"Dur\u00e9e de lecture estim\u00e9e\" \/>\n\t<meta name=\"twitter:data2\" content=\"1 minute\" \/>\n<script type=\"application\/ld+json\" class=\"yoast-schema-graph\">{\"@context\":\"https:\/\/schema.org\",\"@graph\":[{\"@type\":\"WebSite\",\"@id\":\"https:\/\/www.nettali.com\/#website\",\"url\":\"https:\/\/www.nettali.com\/\",\"name\":\"Nettali.com\",\"description\":\"Le rendez-vous critique du Net\",\"potentialAction\":[{\"@type\":\"SearchAction\",\"target\":{\"@type\":\"EntryPoint\",\"urlTemplate\":\"https:\/\/www.nettali.com\/?s={search_term_string}\"},\"query-input\":\"required name=search_term_string\"}],\"inLanguage\":\"fr-FR\"},{\"@type\":\"ImageObject\",\"@id\":\"https:\/\/www.nettali.com\/2021\/03\/03\/djibril-sonko-ousmane-sonko-va-etre-entendu-et-soumis-en-garde-a-vue\/#primaryimage\",\"inLanguage\":\"fr-FR\",\"url\":\"https:\/\/www.nettali.com\/wp-content\/uploads\/2021\/03\/ousmane-Sonko-1.jpg\",\"contentUrl\":\"https:\/\/www.nettali.com\/wp-content\/uploads\/2021\/03\/ousmane-Sonko-1.jpg\",\"width\":600,\"height\":377},{\"@type\":\"WebPage\",\"@id\":\"https:\/\/www.nettali.com\/2021\/03\/03\/djibril-sonko-ousmane-sonko-va-etre-entendu-et-soumis-en-garde-a-vue\/#webpage\",\"url\":\"https:\/\/www.nettali.com\/2021\/03\/03\/djibril-sonko-ousmane-sonko-va-etre-entendu-et-soumis-en-garde-a-vue\/\",\"name\":\"DJIBRIL SONKO - \\\"Ousmane Sonko va \\u00eatre entendu et soumis en garde \\u00e0 vue\\\" | Nettali.com\",\"isPartOf\":{\"@id\":\"https:\/\/www.nettali.com\/#website\"},\"primaryImageOfPage\":{\"@id\":\"https:\/\/www.nettali.com\/2021\/03\/03\/djibril-sonko-ousmane-sonko-va-etre-entendu-et-soumis-en-garde-a-vue\/#primaryimage\"},\"datePublished\":\"2021-03-03T14:22:55+00:00\",\"dateModified\":\"2021-03-03T15:32:11+00:00\",\"author\":{\"@id\":\"https:\/\/www.nettali.com\/#\/schema\/person\/bb147657c2986240405a608162b9bb23\"},\"breadcrumb\":{\"@id\":\"https:\/\/www.nettali.com\/2021\/03\/03\/djibril-sonko-ousmane-sonko-va-etre-entendu-et-soumis-en-garde-a-vue\/#breadcrumb\"},\"inLanguage\":\"fr-FR\",\"potentialAction\":[{\"@type\":\"ReadAction\",\"target\":[\"https:\/\/www.nettali.com\/2021\/03\/03\/djibril-sonko-ousmane-sonko-va-etre-entendu-et-soumis-en-garde-a-vue\/\"]}]},{\"@type\":\"BreadcrumbList\",\"@id\":\"https:\/\/www.nettali.com\/2021\/03\/03\/djibril-sonko-ousmane-sonko-va-etre-entendu-et-soumis-en-garde-a-vue\/#breadcrumb\",\"itemListElement\":[{\"@type\":\"ListItem\",\"position\":1,\"name\":\"Accueil\",\"item\":\"https:\/\/www.nettali.com\/\"},{\"@type\":\"ListItem\",\"position\":2,\"name\":\"DJIBRIL SONKO &#8211; \\u00ab\\u00a0Ousmane Sonko va \\u00eatre entendu et soumis en garde \\u00e0 vue\\u00a0\\u00bb\"}]},{\"@type\":\"Person\",\"@id\":\"https:\/\/www.nettali.com\/#\/schema\/person\/bb147657c2986240405a608162b9bb23\",\"name\":\"Ibrahima\",\"image\":{\"@type\":\"ImageObject\",\"@id\":\"https:\/\/www.nettali.com\/#personlogo\",\"inLanguage\":\"fr-FR\",\"url\":\"https:\/\/secure.gravatar.com\/avatar\/26a8a81f09f0dd7624c9d5c36c9ba3a2?s=96&d=mm&r=g\",\"contentUrl\":\"https:\/\/secure.gravatar.com\/avatar\/26a8a81f09f0dd7624c9d5c36c9ba3a2?s=96&d=mm&r=g\",\"caption\":\"Ibrahima\"},\"sameAs\":[\"https:\/\/www.nettali.com\"]}]}<\/script>\n<!-- \/ Yoast SEO Premium plugin. -->","yoast_head_json":{"title":"DJIBRIL SONKO - \"Ousmane Sonko va \u00eatre entendu et soumis en garde \u00e0 vue\" | Nettali.com","robots":{"index":"index","follow":"follow","max-snippet":"max-snippet:-1","max-image-preview":"max-image-preview:large","max-video-preview":"max-video-preview:-1"},"canonical":"https:\/\/www.nettali.com\/2021\/03\/03\/djibril-sonko-ousmane-sonko-va-etre-entendu-et-soumis-en-garde-a-vue\/","og_locale":"fr_FR","og_type":"article","og_title":"DJIBRIL SONKO - \"Ousmane Sonko va \u00eatre entendu et soumis en garde \u00e0 vue\"","og_description":"NETTALI.COM - Ousmane Sonko va \u00eatre soumis en garde \u00e0 vue. C'est du moins l'annonce faite Djibril Sonko, un des avocats du leader de Pastef. \" Ils n'ont plus d'option. Sonko a \u00e9t\u00e9 conduit \u00e0 la section de Recheches pour trouble \u00e0 l'ordre public. Il va \u00eatre entendu et soumis en garde \u00e0 vue\", a [&hellip;]","og_url":"https:\/\/www.nettali.com\/2021\/03\/03\/djibril-sonko-ousmane-sonko-va-etre-entendu-et-soumis-en-garde-a-vue\/","og_site_name":"Nettali.com","article_publisher":"https:\/\/www.facebook.com\/nettalicom","article_published_time":"2021-03-03T14:22:55+00:00","article_modified_time":"2021-03-03T15:32:11+00:00","og_image":[{"width":600,"height":377,"url":"https:\/\/www.nettali.com\/wp-content\/uploads\/2021\/03\/ousmane-Sonko-1.jpg","type":"image\/jpeg"}],"twitter_card":"summary_large_image","twitter_misc":{"\u00c9crit par":"Ibrahima","Dur\u00e9e de lecture estim\u00e9e":"1 minute"},"schema":{"@context":"https:\/\/schema.org","@graph":[{"@type":"WebSite","@id":"https:\/\/www.nettali.com\/#website","url":"https:\/\/www.nettali.com\/","name":"Nettali.com","description":"Le rendez-vous critique du Net","potentialAction":[{"@type":"SearchAction","target":{"@type":"EntryPoint","urlTemplate":"https:\/\/www.nettali.com\/?s={search_term_string}"},"query-input":"required name=search_term_string"}],"inLanguage":"fr-FR"},{"@type":"ImageObject","@id":"https:\/\/www.nettali.com\/2021\/03\/03\/djibril-sonko-ousmane-sonko-va-etre-entendu-et-soumis-en-garde-a-vue\/#primaryimage","inLanguage":"fr-FR","url":"https:\/\/www.nettali.com\/wp-content\/uploads\/2021\/03\/ousmane-Sonko-1.jpg","contentUrl":"https:\/\/www.nettali.com\/wp-content\/uploads\/2021\/03\/ousmane-Sonko-1.jpg","width":600,"height":377},{"@type":"WebPage","@id":"https:\/\/www.nettali.com\/2021\/03\/03\/djibril-sonko-ousmane-sonko-va-etre-entendu-et-soumis-en-garde-a-vue\/#webpage","url":"https:\/\/www.nettali.com\/2021\/03\/03\/djibril-sonko-ousmane-sonko-va-etre-entendu-et-soumis-en-garde-a-vue\/","name":"DJIBRIL SONKO - \"Ousmane Sonko va \u00eatre entendu et soumis en garde \u00e0 vue\" | Nettali.com","isPartOf":{"@id":"https:\/\/www.nettali.com\/#website"},"primaryImageOfPage":{"@id":"https:\/\/www.nettali.com\/2021\/03\/03\/djibril-sonko-ousmane-sonko-va-etre-entendu-et-soumis-en-garde-a-vue\/#primaryimage"},"datePublished":"2021-03-03T14:22:55+00:00","dateModified":"2021-03-03T15:32:11+00:00","author":{"@id":"https:\/\/www.nettali.com\/#\/schema\/person\/bb147657c2986240405a608162b9bb23"},"breadcrumb":{"@id":"https:\/\/www.nettali.com\/2021\/03\/03\/djibril-sonko-ousmane-sonko-va-etre-entendu-et-soumis-en-garde-a-vue\/#breadcrumb"},"inLanguage":"fr-FR","potentialAction":[{"@type":"ReadAction","target":["https:\/\/www.nettali.com\/2021\/03\/03\/djibril-sonko-ousmane-sonko-va-etre-entendu-et-soumis-en-garde-a-vue\/"]}]},{"@type":"BreadcrumbList","@id":"https:\/\/www.nettali.com\/2021\/03\/03\/djibril-sonko-ousmane-sonko-va-etre-entendu-et-soumis-en-garde-a-vue\/#breadcrumb","itemListElement":[{"@type":"ListItem","position":1,"name":"Accueil","item":"https:\/\/www.nettali.com\/"},{"@type":"ListItem","position":2,"name":"DJIBRIL SONKO &#8211; \u00ab\u00a0Ousmane Sonko va \u00eatre entendu et soumis en garde \u00e0 vue\u00a0\u00bb"}]},{"@type":"Person","@id":"https:\/\/www.nettali.com\/#\/schema\/person\/bb147657c2986240405a608162b9bb23","name":"Ibrahima","image":{"@type":"ImageObject","@id":"https:\/\/www.nettali.com\/#personlogo","inLanguage":"fr-FR","url":"https:\/\/secure.gravatar.com\/avatar\/26a8a81f09f0dd7624c9d5c36c9ba3a2?s=96&d=mm&r=g","contentUrl":"https:\/\/secure.gravatar.com\/avatar\/26a8a81f09f0dd7624c9d5c36c9ba3a2?s=96&d=mm&r=g","caption":"Ibrahima"},"sameAs":["https:\/\/www.nettali.com"]}]}},"_links":{"self":[{"href":"https:\/\/www.nettali.com\/rest\/wp\/v2\/posts\/58760"}],"collection":[{"href":"https:\/\/www.nettali.com\/rest\/wp\/v2\/posts"}],"about":[{"href":"https:\/\/www.nettali.com\/rest\/wp\/v2\/types\/post"}],"author":[{"embeddable":true,"href":"https:\/\/www.nettali.com\/rest\/wp\/v2\/users\/5"}],"replies":[{"embeddable":true,"href":"https:\/\/www.nettali.com\/rest\/wp\/v2\/comments?post=58760"}],"version-history":[{"count":5,"href":"https:\/\/www.nettali.com\/rest\/wp\/v2\/posts\/58760\/revisions"}],"predecessor-version":[{"id":58768,"href":"https:\/\/www.nettali.com\/rest\/wp\/v2\/posts\/58760\/revisions\/58768"}],"wp:featuredmedia":[{"embeddable":true,"href":"https:\/\/www.nettali.com\/rest\/wp\/v2\/media\/58761"}],"wp:attachment":[{"href":"https:\/\/www.nettali.com\/rest\/wp\/v2\/media?parent=58760"}],"wp:term":[{"taxonomy":"category","embeddable":true,"href":"https:\/\/www.nettali.com\/rest\/wp\/v2\/categories?post=58760"},{"taxonomy":"post_tag","embeddable":true,"href":"https:\/\/www.nettali.com\/rest\/wp\/v2\/tags?post=58760"}],"curies":[{"name":"wp","href":"https:\/\/api.w.org\/{rel}","templated":true}]}}