{"id":58538,"date":"2021-02-28T23:14:21","date_gmt":"2021-02-28T23:14:21","guid":{"rendered":"https:\/\/www.nettali.com\/?p=58538"},"modified":"2021-03-01T08:12:57","modified_gmt":"2021-03-01T08:12:57","slug":"troisieme-mandat-lomerta-de-seydou-gueye-pour-garder-son-siege","status":"publish","type":"post","link":"https:\/\/www.nettali.com\/2021\/02\/28\/troisieme-mandat-lomerta-de-seydou-gueye-pour-garder-son-siege\/","title":{"rendered":"TROISIEME MANDAT - L\u2019omerta de Seydou Gu\u00e8ye"},"content":{"rendered":"<p><strong>NETTALI.COM - Devant le Jury du dimanche, Seydou Gu\u00e8ye, pour sauvegarder son poste, a opt\u00e9 pour la strat\u00e9gie du silence sur la question relative au troisi\u00e8me mandat.<\/strong><\/p>\n<p>\u00ab\u00a0<em>Vous connaissez la r\u00e8gle. Je n\u2019en parle pas. Nous avons comme ligne de ne pas nous m\u00ealer de ce d\u00e9bat parce que nous sommes en d\u00e9but de mandat et nous allons nous consacrer aux besoins des S\u00e9n\u00e9galais\u00a0<\/em>\u00bb, a-t-il r\u00e9pondu sans en rajouter.<\/p>\n<p>Pour ce qui est des \u00e9lections locales, il a annonc\u00e9 que les op\u00e9rations d\u2019audit et d\u2019\u00e9valuation du fichier ont d\u00e9marr\u00e9 et ont abouti \u00e0 des consensus forts. Ce qui, \u00e0 son avis, est une excellente nouvelle. \u00ab\u00a0Ces \u00e9lections se tiendront en 2021. Les l\u00e9gislatives sont pr\u00e9vues en 2022. C\u2019est \u00e7a l\u2019agenda. Ce qui importe c\u2019est que nos \u00e9lections soient organis\u00e9es de fa\u00e7on r\u00e9guli\u00e8re, transparente et inclusive. La d\u00e9mocratie, c\u2019est le consensus. Le couplage est un sc\u00e9nario qui peut se d\u00e9fendre\u00a0\u00bb, explique-t-il.<\/p>\n<div class='share-to-whatsapp-wrapper'><div class='share-on-whsp'>PARTAGER SUR : <\/div><a data-text='TROISIEME MANDAT - L\u2019omerta de Seydou Gu\u00e8ye' data-link='https:\/\/www.nettali.com\/2021\/02\/28\/troisieme-mandat-lomerta-de-seydou-gueye-pour-garder-son-siege\/' class='whatsapp-button whatsapp-share'>WhatsApp<\/a><div class='clear '><\/div><\/div>","protected":false},"excerpt":{"rendered":"<p>NETTALI.COM - Devant le Jury du dimanche, Seydou Gu\u00e8ye, pour sauvegarder son poste, a opt\u00e9 pour la strat\u00e9gie du silence sur la question relative au troisi\u00e8me mandat. \u00ab\u00a0Vous connaissez la r\u00e8gle. Je n\u2019en parle pas. Nous avons comme ligne de ne pas nous m\u00ealer de ce d\u00e9bat parce que nous sommes en d\u00e9but de mandat [&hellip;]<\/p>\n","protected":false},"author":11,"featured_media":2424,"comment_status":"open","ping_status":"open","sticky":false,"template":"","format":"standard","meta":{"_et_pb_use_builder":"","_et_pb_old_content":""},"categories":[2],"tags":[],"yoast_head":"<!-- This site is optimized with the Yoast SEO Premium plugin v17.8 (Yoast SEO v17.8) - https:\/\/yoast.com\/wordpress\/plugins\/seo\/ -->\n<title>TROISIEME MANDAT - L\u2019omerta de Seydou Gu\u00e8ye | Nettali.com<\/title>\n<meta name=\"robots\" content=\"index, follow, max-snippet:-1, max-image-preview:large, max-video-preview:-1\" \/>\n<link rel=\"canonical\" href=\"https:\/\/www.nettali.com\/2021\/02\/28\/troisieme-mandat-lomerta-de-seydou-gueye-pour-garder-son-siege\/\" \/>\n<meta property=\"og:locale\" content=\"fr_FR\" \/>\n<meta property=\"og:type\" content=\"article\" \/>\n<meta property=\"og:title\" content=\"TROISIEME MANDAT - L\u2019omerta de Seydou Gu\u00e8ye\" \/>\n<meta property=\"og:description\" content=\"NETTALI.COM - Devant le Jury du dimanche, Seydou Gu\u00e8ye, pour sauvegarder son poste, a opt\u00e9 pour la strat\u00e9gie du silence sur la question relative au troisi\u00e8me mandat. \u00ab\u00a0Vous connaissez la r\u00e8gle. Je n\u2019en parle pas. Nous avons comme ligne de ne pas nous m\u00ealer de ce d\u00e9bat parce que nous sommes en d\u00e9but de mandat [&hellip;]\" \/>\n<meta property=\"og:url\" content=\"https:\/\/www.nettali.com\/2021\/02\/28\/troisieme-mandat-lomerta-de-seydou-gueye-pour-garder-son-siege\/\" \/>\n<meta property=\"og:site_name\" content=\"Nettali.com\" \/>\n<meta property=\"article:publisher\" content=\"https:\/\/www.facebook.com\/nettalicom\" \/>\n<meta property=\"article:published_time\" content=\"2021-02-28T23:14:21+00:00\" \/>\n<meta property=\"article:modified_time\" content=\"2021-03-01T08:12:57+00:00\" \/>\n<meta property=\"og:image\" content=\"https:\/\/www.nettali.com\/wp-content\/uploads\/2019\/03\/Seydou-Gueye.jpg\" \/>\n\t<meta property=\"og:image:width\" content=\"592\" \/>\n\t<meta property=\"og:image:height\" content=\"296\" \/>\n<meta name=\"twitter:card\" content=\"summary_large_image\" \/>\n<meta name=\"twitter:label1\" content=\"\u00c9crit par\" \/>\n\t<meta name=\"twitter:data1\" content=\"Thierno Diop\" \/>\n\t<meta name=\"twitter:label2\" content=\"Dur\u00e9e de lecture estim\u00e9e\" \/>\n\t<meta name=\"twitter:data2\" content=\"1 minute\" \/>\n<script type=\"application\/ld+json\" class=\"yoast-schema-graph\">{\"@context\":\"https:\/\/schema.org\",\"@graph\":[{\"@type\":\"WebSite\",\"@id\":\"https:\/\/www.nettali.com\/#website\",\"url\":\"https:\/\/www.nettali.com\/\",\"name\":\"Nettali.com\",\"description\":\"Le rendez-vous critique du Net\",\"potentialAction\":[{\"@type\":\"SearchAction\",\"target\":{\"@type\":\"EntryPoint\",\"urlTemplate\":\"https:\/\/www.nettali.com\/?s={search_term_string}\"},\"query-input\":\"required name=search_term_string\"}],\"inLanguage\":\"fr-FR\"},{\"@type\":\"ImageObject\",\"@id\":\"https:\/\/www.nettali.com\/2021\/02\/28\/troisieme-mandat-lomerta-de-seydou-gueye-pour-garder-son-siege\/#primaryimage\",\"inLanguage\":\"fr-FR\",\"url\":\"https:\/\/www.nettali.com\/wp-content\/uploads\/2019\/03\/Seydou-Gueye.jpg\",\"contentUrl\":\"https:\/\/www.nettali.com\/wp-content\/uploads\/2019\/03\/Seydou-Gueye.jpg\",\"width\":592,\"height\":296},{\"@type\":\"WebPage\",\"@id\":\"https:\/\/www.nettali.com\/2021\/02\/28\/troisieme-mandat-lomerta-de-seydou-gueye-pour-garder-son-siege\/#webpage\",\"url\":\"https:\/\/www.nettali.com\/2021\/02\/28\/troisieme-mandat-lomerta-de-seydou-gueye-pour-garder-son-siege\/\",\"name\":\"TROISIEME MANDAT - L\\u2019omerta de Seydou Gu\\u00e8ye | Nettali.com\",\"isPartOf\":{\"@id\":\"https:\/\/www.nettali.com\/#website\"},\"primaryImageOfPage\":{\"@id\":\"https:\/\/www.nettali.com\/2021\/02\/28\/troisieme-mandat-lomerta-de-seydou-gueye-pour-garder-son-siege\/#primaryimage\"},\"datePublished\":\"2021-02-28T23:14:21+00:00\",\"dateModified\":\"2021-03-01T08:12:57+00:00\",\"author\":{\"@id\":\"https:\/\/www.nettali.com\/#\/schema\/person\/8a06c6bd7b19304cf4bf985862900b5b\"},\"breadcrumb\":{\"@id\":\"https:\/\/www.nettali.com\/2021\/02\/28\/troisieme-mandat-lomerta-de-seydou-gueye-pour-garder-son-siege\/#breadcrumb\"},\"inLanguage\":\"fr-FR\",\"potentialAction\":[{\"@type\":\"ReadAction\",\"target\":[\"https:\/\/www.nettali.com\/2021\/02\/28\/troisieme-mandat-lomerta-de-seydou-gueye-pour-garder-son-siege\/\"]}]},{\"@type\":\"BreadcrumbList\",\"@id\":\"https:\/\/www.nettali.com\/2021\/02\/28\/troisieme-mandat-lomerta-de-seydou-gueye-pour-garder-son-siege\/#breadcrumb\",\"itemListElement\":[{\"@type\":\"ListItem\",\"position\":1,\"name\":\"Accueil\",\"item\":\"https:\/\/www.nettali.com\/\"},{\"@type\":\"ListItem\",\"position\":2,\"name\":\"TROISIEME MANDAT &#8211; L\\u2019omerta de Seydou Gu\\u00e8ye\"}]},{\"@type\":\"Person\",\"@id\":\"https:\/\/www.nettali.com\/#\/schema\/person\/8a06c6bd7b19304cf4bf985862900b5b\",\"name\":\"Thierno Diop\",\"image\":{\"@type\":\"ImageObject\",\"@id\":\"https:\/\/www.nettali.com\/#personlogo\",\"inLanguage\":\"fr-FR\",\"url\":\"https:\/\/secure.gravatar.com\/avatar\/c8ca58550c94fd2ac856d27391a6c866?s=96&d=mm&r=g\",\"contentUrl\":\"https:\/\/secure.gravatar.com\/avatar\/c8ca58550c94fd2ac856d27391a6c866?s=96&d=mm&r=g\",\"caption\":\"Thierno Diop\"},\"sameAs\":[\"https:\/\/nettali.com\"]}]}<\/script>\n<!-- \/ Yoast SEO Premium plugin. -->","yoast_head_json":{"title":"TROISIEME MANDAT - L\u2019omerta de Seydou Gu\u00e8ye | Nettali.com","robots":{"index":"index","follow":"follow","max-snippet":"max-snippet:-1","max-image-preview":"max-image-preview:large","max-video-preview":"max-video-preview:-1"},"canonical":"https:\/\/www.nettali.com\/2021\/02\/28\/troisieme-mandat-lomerta-de-seydou-gueye-pour-garder-son-siege\/","og_locale":"fr_FR","og_type":"article","og_title":"TROISIEME MANDAT - L\u2019omerta de Seydou Gu\u00e8ye","og_description":"NETTALI.COM - Devant le Jury du dimanche, Seydou Gu\u00e8ye, pour sauvegarder son poste, a opt\u00e9 pour la strat\u00e9gie du silence sur la question relative au troisi\u00e8me mandat. \u00ab\u00a0Vous connaissez la r\u00e8gle. Je n\u2019en parle pas. Nous avons comme ligne de ne pas nous m\u00ealer de ce d\u00e9bat parce que nous sommes en d\u00e9but de mandat [&hellip;]","og_url":"https:\/\/www.nettali.com\/2021\/02\/28\/troisieme-mandat-lomerta-de-seydou-gueye-pour-garder-son-siege\/","og_site_name":"Nettali.com","article_publisher":"https:\/\/www.facebook.com\/nettalicom","article_published_time":"2021-02-28T23:14:21+00:00","article_modified_time":"2021-03-01T08:12:57+00:00","og_image":[{"width":592,"height":296,"url":"https:\/\/www.nettali.com\/wp-content\/uploads\/2019\/03\/Seydou-Gueye.jpg","type":"image\/jpeg"}],"twitter_card":"summary_large_image","twitter_misc":{"\u00c9crit par":"Thierno Diop","Dur\u00e9e de lecture estim\u00e9e":"1 minute"},"schema":{"@context":"https:\/\/schema.org","@graph":[{"@type":"WebSite","@id":"https:\/\/www.nettali.com\/#website","url":"https:\/\/www.nettali.com\/","name":"Nettali.com","description":"Le rendez-vous critique du Net","potentialAction":[{"@type":"SearchAction","target":{"@type":"EntryPoint","urlTemplate":"https:\/\/www.nettali.com\/?s={search_term_string}"},"query-input":"required name=search_term_string"}],"inLanguage":"fr-FR"},{"@type":"ImageObject","@id":"https:\/\/www.nettali.com\/2021\/02\/28\/troisieme-mandat-lomerta-de-seydou-gueye-pour-garder-son-siege\/#primaryimage","inLanguage":"fr-FR","url":"https:\/\/www.nettali.com\/wp-content\/uploads\/2019\/03\/Seydou-Gueye.jpg","contentUrl":"https:\/\/www.nettali.com\/wp-content\/uploads\/2019\/03\/Seydou-Gueye.jpg","width":592,"height":296},{"@type":"WebPage","@id":"https:\/\/www.nettali.com\/2021\/02\/28\/troisieme-mandat-lomerta-de-seydou-gueye-pour-garder-son-siege\/#webpage","url":"https:\/\/www.nettali.com\/2021\/02\/28\/troisieme-mandat-lomerta-de-seydou-gueye-pour-garder-son-siege\/","name":"TROISIEME MANDAT - L\u2019omerta de Seydou Gu\u00e8ye | Nettali.com","isPartOf":{"@id":"https:\/\/www.nettali.com\/#website"},"primaryImageOfPage":{"@id":"https:\/\/www.nettali.com\/2021\/02\/28\/troisieme-mandat-lomerta-de-seydou-gueye-pour-garder-son-siege\/#primaryimage"},"datePublished":"2021-02-28T23:14:21+00:00","dateModified":"2021-03-01T08:12:57+00:00","author":{"@id":"https:\/\/www.nettali.com\/#\/schema\/person\/8a06c6bd7b19304cf4bf985862900b5b"},"breadcrumb":{"@id":"https:\/\/www.nettali.com\/2021\/02\/28\/troisieme-mandat-lomerta-de-seydou-gueye-pour-garder-son-siege\/#breadcrumb"},"inLanguage":"fr-FR","potentialAction":[{"@type":"ReadAction","target":["https:\/\/www.nettali.com\/2021\/02\/28\/troisieme-mandat-lomerta-de-seydou-gueye-pour-garder-son-siege\/"]}]},{"@type":"BreadcrumbList","@id":"https:\/\/www.nettali.com\/2021\/02\/28\/troisieme-mandat-lomerta-de-seydou-gueye-pour-garder-son-siege\/#breadcrumb","itemListElement":[{"@type":"ListItem","position":1,"name":"Accueil","item":"https:\/\/www.nettali.com\/"},{"@type":"ListItem","position":2,"name":"TROISIEME MANDAT &#8211; L\u2019omerta de Seydou Gu\u00e8ye"}]},{"@type":"Person","@id":"https:\/\/www.nettali.com\/#\/schema\/person\/8a06c6bd7b19304cf4bf985862900b5b","name":"Thierno Diop","image":{"@type":"ImageObject","@id":"https:\/\/www.nettali.com\/#personlogo","inLanguage":"fr-FR","url":"https:\/\/secure.gravatar.com\/avatar\/c8ca58550c94fd2ac856d27391a6c866?s=96&d=mm&r=g","contentUrl":"https:\/\/secure.gravatar.com\/avatar\/c8ca58550c94fd2ac856d27391a6c866?s=96&d=mm&r=g","caption":"Thierno Diop"},"sameAs":["https:\/\/nettali.com"]}]}},"_links":{"self":[{"href":"https:\/\/www.nettali.com\/rest\/wp\/v2\/posts\/58538"}],"collection":[{"href":"https:\/\/www.nettali.com\/rest\/wp\/v2\/posts"}],"about":[{"href":"https:\/\/www.nettali.com\/rest\/wp\/v2\/types\/post"}],"author":[{"embeddable":true,"href":"https:\/\/www.nettali.com\/rest\/wp\/v2\/users\/11"}],"replies":[{"embeddable":true,"href":"https:\/\/www.nettali.com\/rest\/wp\/v2\/comments?post=58538"}],"version-history":[{"count":2,"href":"https:\/\/www.nettali.com\/rest\/wp\/v2\/posts\/58538\/revisions"}],"predecessor-version":[{"id":58540,"href":"https:\/\/www.nettali.com\/rest\/wp\/v2\/posts\/58538\/revisions\/58540"}],"wp:featuredmedia":[{"embeddable":true,"href":"https:\/\/www.nettali.com\/rest\/wp\/v2\/media\/2424"}],"wp:attachment":[{"href":"https:\/\/www.nettali.com\/rest\/wp\/v2\/media?parent=58538"}],"wp:term":[{"taxonomy":"category","embeddable":true,"href":"https:\/\/www.nettali.com\/rest\/wp\/v2\/categories?post=58538"},{"taxonomy":"post_tag","embeddable":true,"href":"https:\/\/www.nettali.com\/rest\/wp\/v2\/tags?post=58538"}],"curies":[{"name":"wp","href":"https:\/\/api.w.org\/{rel}","templated":true}]}}