{"id":58525,"date":"2021-03-01T09:25:34","date_gmt":"2021-03-01T09:25:34","guid":{"rendered":"https:\/\/www.nettali.com\/?p=58525"},"modified":"2021-03-02T10:58:28","modified_gmt":"2021-03-02T10:58:28","slug":"ledito-de-nettali-com-un-dossier-un-grand-malaise","status":"publish","type":"post","link":"https:\/\/www.nettali.com\/2021\/03\/01\/ledito-de-nettali-com-un-dossier-un-grand-malaise\/","title":{"rendered":"L'EDITO DE NETTALI.COM - Un dossier, un grand malaise."},"content":{"rendered":"<p><strong>NETTALI.COM - C\u2019est un dossier plus que d\u00e9licat que celui d\u2019Adji Sarr et d\u2019Ousmane Sonko. Ce qui devait rester une affaire priv\u00e9e, a finalement mu\u00e9 en une affaire politico- judiciaire. C\u2019est un homme politique d\u2019envergure, de 1er plan et de surcro\u00eet consid\u00e9r\u00e9 comme l'opposant N\u00b0 1 qui est vis\u00e9 dans une affaire de viol qu'il consid\u00e8re comme un complot politique. Celui-ci ne compte d\u00e8s lors pour rien au monde se laisser conduire \u00e0 l'\u00e9chafaud sans broncher. <\/strong><\/p>\n<p>C'est un dossier pour le moins sensible que l'affaire Sonko-Adji Sarr, tant il a fini par mettre tout le monde mal \u00e0 l\u2019aise, en cr\u00e9ant une division sans pr\u00e9c\u00e9dent dans la soci\u00e9t\u00e9 et la presse. Une tension sociale palpable est not\u00e9e avec la vague d'arrestations, les actes de vandalisme et les menaces des pro-Sonko.\u00a0 Les pr\u00e9c\u00e9dents Karim Wade, Mamadou Dia, Idrissa Seck, Abdoulaye Wade, Macky Sall (sous le r\u00e8gne de Me Wade) et Khalifa Sall, consid\u00e9r\u00e9s par une certaine partie de l\u2019opinion comme des affaires o\u00f9 n\u2019a pas \u00e9t\u00e9 absente la main politique, doivent-ils laisser penser que le peuple n\u2019a jamais vraiment fait le choix qui lui plaisait en \u00e9lisant les diff\u00e9rents pr\u00e9sidents de la R\u00e9publique qui se sont succ\u00e9d\u00e9s au pouvoir ? A supposer que sous tous ces \u00e9poques ou \u00e0 certaines, cela a \u00e9t\u00e9 le cas, il y a vraiment de quoi s\u2019inqui\u00e9ter pour une d\u00e9mocratie qui \u00e9voluerait \u00e0 reculons alors.<\/p>\n<p>Toujours est-il que ce dossier Sonko-Adji Sarr nous m\u00e8ne vers des sentiers bien obscurs, faits d'incertitudes. Toutes sortes de th\u00e8ses fusent selon le bord auquel on appartient. Figurez-vous qu\u2019il y\u2019en a m\u00eame qui sont all\u00e9s jusqu\u2019\u00e0 soutenir la th\u00e8se selon laquelle, Ousmane Sonko n\u2019a jamais rien \u00e9pargn\u00e9 au pouvoir en place en se lan\u00e7ant dans des d\u00e9nonciations tous azimuts. Ceux-l\u00e0 citent des dossiers tels que les 94 milliards, l\u2019affaire Petrotim, la gestion des vivres de la Covid, etc et ne se g\u00eanent d\u2019ailleurs nullement de dire qu\u2019on a affaire l\u00e0, \u00e0 un arroseur arros\u00e9 ou plus exactement une vengeance. Ceux-l\u00e0 accr\u00e9ditent le complot, mais le justifient, Ousmane Sonko ayant commis une erreur que l'autre camp a exploit\u00e9. En d\u2019autres termes, une affaire qui concerne un politique qui a toujours accabl\u00e9 le pouvoir et qui se retrouve \u00e0 son tour attaqu\u00e9 par ce dernier. On croit r\u00eaver. Si la politique devait \u00eatre r\u00e9duite \u00e0 des traquenards entre adversaires, il vaudrait mieux d\u00e9sesp\u00e9rer d\u2019\u00e9lire des gouvernants car rien de bon n\u2019en sortirait.<\/p>\n<p>Un sujet au finish bien pol\u00e9mique qui laisse place \u00e0 toutes sortes d\u2019interpr\u00e9tations et d\u2019argumentaires. Plusieurs logiques s'affrontent en effet dans ce dossier. D\u2019aucuns reprochent \u00e0 Ousmane Sonko d'avoir pr\u00eat\u00e9 le flanc, surtout au regard de la moralit\u00e9 publique et religieuse qu\u2019il a toujours pr\u00f4n\u00e9e, en allant s'embourber dans une affaire qui entache sa moralit\u00e9 et le plonge dans un imbroglio juridique \u00e0 m\u00eame de compromettre sa carri\u00e8re politique pourtant si bien partie.<\/p>\n<p>Ses inconditionnels, eux, le d\u00e9douanent en arguant du caract\u00e8re non p\u00e9nal du massage et ne se g\u00eanent pas de dire qu\u2019il est libre de se soigner l\u00e0 o\u00f9 il a envie de le faire. Pour ceux-l\u00e0, il faut tout simplement laisser au tribunal populaire, juger leur leader, \u00e9tant entendu que le viol n\u2019existe que dans la t\u00eate de ceux qui y croient. Selon eux, il ne s\u2019agirait, ni plus, ni moins que d\u2019un complot politique. Ce qui, donne au leader de Pastef, le droit de ne d\u00e9f\u00e9rer \u00e0 aucune convocation, d\u2019autant plus que, selon leurs logiques \u00e0 eux, la proc\u00e9dure, tout comme l\u2019enqu\u00eate, ont \u00e9t\u00e9 vici\u00e9es \u00e0 toutes les \u00e9tapes. Aussi, mettent-ils les manifestations, la violence et les saccages engendr\u00e9s sur le compte de la provocation des forces de l\u2019ordre.<\/p>\n<p>Quoi qu\u2019il en soit Ousmane Sonko a refus\u00e9 de r\u00e9pondre \u00e0 toute convocation de la justice, se r\u00e9fugiant derri\u00e8re \u00ab <em>les vices de proc\u00e9dures<\/em> \u00bb. Entre autres arguments, le leader de Pastef note d\u2019abord avec \u00e9tonnement que \u00ab <em>le juge d\u2019instruction saisi le m\u00eame jour du 9 f\u00e9vrier par le procureur de la R\u00e9publique d\u00e9cide le m\u00eame jour que \u00abX\u00bb (vis\u00e9 dans le r\u00e9quisitoire introductif, document par lequel il est saisi : Ndlr) c\u2019est Ousmane Sonko. Et il demande la lev\u00e9e de l\u2019immunit\u00e9 parlementaire d\u2019Ousmane Sonko<\/em> \u00bb. \u00ab <em>L\u2019autre vice, c\u2019est au niveau de la commission ad hoc mise en place pour lever l\u2019immunit\u00e9 d\u2019Ousmane Sonko. Les d\u00e9put\u00e9s n\u2019ont pas eu acc\u00e8s au dossier<\/em> \u00bb, dit-il. Selon lui, apr\u00e8s la d\u00e9mission des deux membres (Cheikh Bamba Di\u00e8ye et Moustapha Guirassy), la commission devait reprendre toute la proc\u00e9dure parce qu\u2019elle doit \u00eatre compos\u00e9e d\u2019au moins 11 membres. \u00ab La pl\u00e9ni\u00e8re ne peut pas lever mon immunit\u00e9\u2026\u00bb, souligne le leader de Pastef. Qui pense qu\u2019il s\u2019agit d\u2019une \u00ab <em>affaire entre Ousmane Sonko et Macky Sall \u00bb. \u00ab Je ne r\u00e9pondrai pas tant que les choses ne seront pas faites dans les r\u00e8gles de l\u2019art \u00bb, avertit Ousmane Sonko. Qui ajoute : \u00ab Macky Sall devra se salir les mains pour me liquider.<\/em> \u00bb<\/p>\n<p>Mais dans ce dossier, au-del\u00e0 de ce qu\u2019avance Ousmane Sonko et qui peut \u00eatre assimil\u00e9 \u00e0 du dilatoire aux yeux de ses d\u00e9tracteurs, le journal \u00ab <em>Enqu\u00eate<\/em> \u00bb du mardi 23 f\u00e9vrier qui consacre un texte \u00e0 l\u2019enqu\u00eate de la gendarmerie, rel\u00e8ve que celle-ci a laiss\u00e9 de c\u00f4t\u00e9 l\u2019identification du v\u00e9hicule qui a transport\u00e9 Adji Sarr du lieu-dit du viol \u00e0 l\u2019h\u00f4pital ; le nom du propri\u00e9taire du v\u00e9hicule, les conducteurs et passagers, les laissez-passer d\u00e9livr\u00e9s pour circuler en plein couvre-feu ; des t\u00e9moins tels que l\u2019avocat qui a organis\u00e9 l\u2019exfiltration de la fille, le m\u00e9decin qui l\u2019a conduite \u00e0 l\u2019h\u00f4pital et surtout l\u2019oubli de faire une r\u00e9quisition \u00e0 la Sonatel pour \u00e9tablir les contacts d\u2019Adji Sarr avant, pendant et apr\u00e8s ledit viol. Autant de d\u00e9tails de l\u2019enqu\u00eate qui auraient pu \u00eatre importants pour \u00e9clairer une telle affaire.<\/p>\n<p>D\u2019autres questions aussi pouvaient r\u00e9ellement interpeller les enqu\u00eateurs \u00e0 savoir qui a exfiltr\u00e9 Adji Sarr ? Avec quel moyen ? Qui a envoy\u00e9 la demoiselle dans un h\u00f4pital en passant par tous les points de contr\u00f4le ? Quelle id\u00e9e de foncer chez un gyn\u00e9cologue pour constater un viol tout juste apr\u00e8s la commission suppos\u00e9e des faits ? Quelle id\u00e9e de saisir directement la Section de recherches ? Comment une fille qui n\u2019a pas le BFEM a pu r\u00e9diger une telle lettre plainte sans faute avec des articles pr\u00e9cis du Code p\u00e9nal ? Qui envoie des repas de la R\u00e9sidence Mamoune \u00e0 Adji Sarr ? Toutes ces questions fragilisent \u00e0 jamais l\u2019accusation. Autant d\u2019interrogations soulev\u00e9es par le journal Enqu\u00eate.<\/p>\n<p>Une fois ces constats faits, la question est d\u00e8s lors de savoir ce qu\u2019il faut faire des droits d\u2019Adji Sarr ? Autant Ousmane Sonko jouit de la pr\u00e9somption d'innocence, autant Adji Sarr a des droits. En effet, avec un syst\u00e8me judiciaire comme le n\u00f4tre, il suffit d\u2019indices (une plainte pour viol, un certificat m\u00e9dical, la pr\u00e9sence de Sonko sur les lieux, le fait d\u2019\u00eatre rest\u00e9 seul avec la fille, les t\u00e9moins, etc.) pour que le juge d\u2019instruction puisse inculper et placer sous contr\u00f4le judiciaire Ousmane Sonko ou l\u2019envoyer en prison. Mais dans le second cas, s\u2019il venait \u00e0 l\u2019envoyer en prison, ses avocats ont toujours la possibilit\u00e9 de d\u00e9poser une demande de libert\u00e9 provisoire, une fois qu\u2019il l\u2019aura auditionn\u00e9. Donc, m\u00eame envoy\u00e9 en prison, il n\u2019est pas dit qu\u2019Ousmane Sonko y restera durant toute la dur\u00e9e de l\u2019instruction.<\/p>\n<p>Autre chose \u00e0 savoir, est que m\u00eame s\u2019il suffit d\u2019indices pour envoyer l\u2019homme politique en prison, il faudrait imp\u00e9rativement avoir des preuves pour que la juridiction de jugement puisse le condamner. Autrement dit, elle le relaxera (s\u2019il est traduit devant le tribunal correctionnel) ou l\u2019acquittera (s\u2019il est jug\u00e9 par la chambre criminelle). M\u00eame en cas de doute, cela va lui profiter car le doute profite toujours au mis en cause.<\/p>\n<p>En tout cas, \u00e0 l\u2019\u00e9tat actuel des choses, m\u00eame si rien n\u2019est encore jou\u00e9, il sera difficile de ne pas vider cette affaire Sonko-Adji Sarr, car alors ce serait un pr\u00e9c\u00e9dent dangereux. Mais pour l'heure, le leader de Pastef n'est nullement pr\u00eat \u00e0 faire face au juge d'instruction, m\u00eame si la plaignante a confirm\u00e9, la semaine derni\u00e8re sa plainte aupr\u00e8s du juge d'instruction.<\/p>\n<p><strong>Une vague d'arrestations et une seule proc\u00e9dure pour le moment<\/strong><\/p>\n<p>Le pouvoir ne semble pas vouloir laisser de place \u00e0 une quelconque manifestation et encore moins \u00e0 toute vell\u00e9it\u00e9 de d\u00e9sordre. Les placements sous mandats de d\u00e9p\u00f4t de Birame Soul\u00e8ye Diop, l\u2019administrateur de Pastef et d\u2019Abasse Fall, le coordonnateur du parti \u00e0 Dakar et les soutiens de Sonko parmi lesquels Guy Marius Sagna d\u00e9j\u00e0 en prison - et qui sera certainement rejoint par Assane Diouf et Cl\u00e9dor S\u00e8ne, lundi-, les 19 manifestants, sous mandat de d\u00e9p\u00f4t et les arrestations de Dame Mbodji du Cusems, Karim Xrum Xak, soit 21 personnes au total qui manifestaient \u00e0 la place de l'ind\u00e9pendance, attestent fortement de cette d\u00e9termination. Si on ajoute \u00e0 cela, les autres arrestations qui ont suivi \u00e0 l\u2019Ucad, \u00e0 Touba, les 7 \u00e9tudiants de Pastef arr\u00eat\u00e9s et plac\u00e9s en garde-\u00e0-vue, dans la matin\u00e9e du vendredi dans les locaux du commissariat de Point-E, soup\u00e7onn\u00e9s qu\u2019ils sont d\u2019avoir foment\u00e9 un projet de troubles \u00e0 l\u2019ordre public, au sein du campus social ou ailleurs et 17 femmes de Pastef interpell\u00e9es, la liste est bien longue. Mais malgr\u00e9 cela, ce dimanche<\/p>\n<p>Mais il convient toutefois de noter que le leader des patriotes est pour le moment install\u00e9 dans une seule proc\u00e9dure, celle chez le juge du 8\u00e9me cabinet pour les pr\u00e9sum\u00e9s viols r\u00e9p\u00e9titifs. Il n\u2019est toutefois pour l'instant concern\u00e9 par la seconde proc\u00e9dure enclench\u00e9e chez le juge du 1er cabinet et qui vise les manifestants et X.<\/p>\n<p>Une proc\u00e9dure que le concern\u00e9 consid\u00e8re toutefois comme vici\u00e9e. Il l'assimile tout simplement \u00e0 un plan ourdi pour l\u2019isoler. \u00ab <em>Toute cette mascarade vise un seul but : arr\u00eater Ousmane Sonko le plus rapidement possible. Et d\u00e9cerner un mandat de d\u00e9p\u00f4t pour isoler Sonko et avoir le temps libre pour ouvrir une instruction illimit\u00e9e dans le temps<\/em> \u00bb, a d\u00e9clar\u00e9 Ousmane Sonko lors d\u2019une de ses sorties.<\/p>\n<p>Ousmane Sonko n\u2019a en tout cas pas confiance en la justice, c\u2019est s\u00fbr. Ses attaques contre les juges d\u2019instruction et le procureur viennent rajouter \u00e0 la disqualification de celle-ci qui reste malgr\u00e9 tout, la seule forme d\u2019organisation en place pour l\u2019instant qui existe pour trancher les diff\u00e9rends. Reprendre la proc\u00e9dure au regard des vices que le leader de Pastef incrimine, aussi bien dans l\u2019enqu\u00eate qu\u2019au niveau de l\u2019Assembl\u00e9e nationale, semble \u00eatre une mission impossible. L'obstination de Sonko \u00e0 refuser d\u2019aller r\u00e9pondre au juge d\u2019instruction, ne peut d\u00e8s lors conduire qu\u2019\u00e0 l\u2019affrontement et surtout jouer contre lui. Il ne restera d\u00e8s que l\u2019issue de la force publique pour l\u2019obliger \u00e0 d\u00e9f\u00e9rer \u00e0 toute convocation. Que fera Ousmane Sonko ? Dans ces conditions, la seule issue qu\u2019il semble vouloir donner \u00e0 ce dossier, malgr\u00e9 les m\u00e9diations entam\u00e9es de l'Abb\u00e9 jacques Seck et Mame Makhtar Gu\u00e8ye, c\u2019est la d\u00e9fiance vis-\u00e0-vis de la justice. Et cela, il l\u2019a d\u00e9j\u00e0 commenc\u00e9 en transposant le dossier sur le terrain politique.<\/p>\n<p>L\u2019on se rappelle que 19 jeunes parmi ceux qui s\u2019\u00e9taient mass\u00e9s devant son domicile ou qui avaient manifest\u00e9 ce fameux lundi de convocation \u00e0 la gendarmerie, se sont retrouv\u00e9s plac\u00e9s sous mandat de d\u00e9p\u00f4t. Compte-t-il sur la rue et ses alli\u00e9s pour s\u2019opposer \u00e0 sa traduction devant la justice ? A d\u00e9faut, il ne lui restera plus que l\u2019option d\u2019une justice impartiale dont il ne pourra b\u00e9n\u00e9ficier que s\u2019il n\u2019est pas coupable de ce dont on l\u2019accuse. Et \u00e7a, \u00e7a ne sera possible qu\u2019\u00e0 la condition qu\u2019il d\u00e9f\u00e8re \u00e0 la convocation du juge d\u2019instruction. Ce qu\u2019il risque de faire de gr\u00e9 ou de force, le magistrat instructeur ayant les moyens, conf\u00e9r\u00e9s par le Code de proc\u00e9dure p\u00e9nale, de le faire comparaitre en requ\u00e9rant la force publique via un mandat d\u2019amener. Et cette d\u00e9fiance risque de braquer le magistrat instructeur qui ne se g\u00eanera pas de le placer sous mandat de d\u00e9p\u00f4t d\u00e8s qu\u2019il l\u2019aura \u00e0 port\u00e9e de main.<\/p>\n<p><strong>La qu\u00eate d'une justice impartiale\u00a0<\/strong><\/p>\n<p>Dans cette affaire c\u2019est la justice qui joue sa cr\u00e9dibilit\u00e9 apr\u00e8s les affaires Karim Wade et Khalifa Sall qui ne sont certes pas de la m\u00eame nature que celle d\u2019Ousmane Sonko, les acteurs n\u2019\u00e9tant pas les m\u00eames et les faits encore moins. Ces deux-l\u00e0 avaient r\u00e9pondu \u00e0 la justice, m\u00eame s\u2019ils avaient eux aussi d\u00e9nonc\u00e9 la politisation du dossier. Le pr\u00e9sident Macky Sall qui affirme ne pas \u00eatre au courant d\u2019un tel complot et encore moins d\u2019en avoir le temps, n\u2019a aucun int\u00e9r\u00eat \u00e0 ce que la justice soit d\u00e9cri\u00e9e puisqu\u2019il est accus\u00e9 \u00e0 tort ou \u00e0 raison de l\u2019instrumentaliser. Il a l\u2019obligation de faire dispara\u00eetre cette impression de vouloir \u00e9carter tous ses adversaires. Ce pays bien esquint\u00e9 par la pand\u00e9mie au niveau \u00e9conomique et sanitaire, a plut\u00f4t besoin de retrouver sa s\u00e9r\u00e9nit\u00e9, son dialogue et sa tol\u00e9rance et perp\u00e9tuer ainsi sa stabilit\u00e9, sa plus grande marque de fabrique.<\/p>\n<p>Au point o\u00f9 on en est et avec le malaise que ce dossier a fini de cr\u00e9er, difficile de savoir quelle va \u00eatre l\u2019issue de cette affaire. Le palais, par la voix de Seydou Gu\u00e8ye a affich\u00e9 \u00e0 l'\u00e9mission dominicale \"Jury du Dimanche \" de I-Radio, sa volont\u00e9 d'aller au bout de l'affaire en demandant \u00e0 ce que justice soit rendue. Pour l\u2019heure, c\u2019est le doute et un dilemme qui ont fini de s'installer dans les esprits. Que faire avec ce dossier ? That\u2019s the big question. Surtout que beaucoup commencent \u00e0 invoquer un boulevard ouvert pour Macky Sall qui n\u2019aurait plus en face de lui, un adversaire politique digne de ce nom. Un fait qui a fini d\u2019\u00eatre consid\u00e9r\u00e9 comme un recul d\u00e9mocratique. C'est ce qu'a relev\u00e9 Alioune Tine, le droit de l'hommiste dans \"Walf Quotidien\" de ce lundi 1er mars qui demande de \"<em>faire tr\u00e8s attention \u00e0 une d\u00e9mocratie sans opposition<\/em>\", tout en pointant du doigt, \"<em>des adversaires politiques \u00e9limin\u00e9s par des voies non conventionnelles<\/em>\".<\/p>\n<div class='share-to-whatsapp-wrapper'><div class='share-on-whsp'>PARTAGER SUR : <\/div><a data-text='L'EDITO DE NETTALI.COM - Un dossier, un grand malaise.' data-link='https:\/\/www.nettali.com\/2021\/03\/01\/ledito-de-nettali-com-un-dossier-un-grand-malaise\/' class='whatsapp-button whatsapp-share'>WhatsApp<\/a><div class='clear '><\/div><\/div>","protected":false},"excerpt":{"rendered":"<p>NETTALI.COM - C\u2019est un dossier plus que d\u00e9licat que celui d\u2019Adji Sarr et d\u2019Ousmane Sonko. Ce qui devait rester une affaire priv\u00e9e, a finalement mu\u00e9 en une affaire politico- judiciaire. C\u2019est un homme politique d\u2019envergure, de 1er plan et de surcro\u00eet consid\u00e9r\u00e9 comme l'opposant N\u00b0 1 qui est vis\u00e9 dans une affaire de viol qu'il [&hellip;]<\/p>\n","protected":false},"author":2,"featured_media":58543,"comment_status":"open","ping_status":"open","sticky":false,"template":"","format":"standard","meta":{"_et_pb_use_builder":"","_et_pb_old_content":""},"categories":[34931],"tags":[],"yoast_head":"<!-- This site is optimized with the Yoast SEO Premium plugin v17.8 (Yoast SEO v17.8) - https:\/\/yoast.com\/wordpress\/plugins\/seo\/ -->\n<title>L&#039;EDITO DE NETTALI.COM - Un dossier, un grand malaise. | Nettali.com<\/title>\n<meta name=\"robots\" content=\"index, follow, max-snippet:-1, max-image-preview:large, max-video-preview:-1\" \/>\n<link rel=\"canonical\" href=\"https:\/\/www.nettali.com\/2021\/03\/01\/ledito-de-nettali-com-un-dossier-un-grand-malaise\/\" \/>\n<meta property=\"og:locale\" content=\"fr_FR\" \/>\n<meta property=\"og:type\" content=\"article\" \/>\n<meta property=\"og:title\" content=\"L&#039;EDITO DE NETTALI.COM - Un dossier, un grand malaise.\" \/>\n<meta property=\"og:description\" content=\"NETTALI.COM - C\u2019est un dossier plus que d\u00e9licat que celui d\u2019Adji Sarr et d\u2019Ousmane Sonko. Ce qui devait rester une affaire priv\u00e9e, a finalement mu\u00e9 en une affaire politico- judiciaire. C\u2019est un homme politique d\u2019envergure, de 1er plan et de surcro\u00eet consid\u00e9r\u00e9 comme l&#039;opposant N\u00b0 1 qui est vis\u00e9 dans une affaire de viol qu&#039;il [&hellip;]\" \/>\n<meta property=\"og:url\" content=\"https:\/\/www.nettali.com\/2021\/03\/01\/ledito-de-nettali-com-un-dossier-un-grand-malaise\/\" \/>\n<meta property=\"og:site_name\" content=\"Nettali.com\" \/>\n<meta property=\"article:publisher\" content=\"https:\/\/www.facebook.com\/nettalicom\" \/>\n<meta property=\"article:published_time\" content=\"2021-03-01T09:25:34+00:00\" \/>\n<meta property=\"article:modified_time\" content=\"2021-03-02T10:58:28+00:00\" \/>\n<meta property=\"og:image\" content=\"https:\/\/www.nettali.com\/wp-content\/uploads\/2021\/03\/jad20210305-conf-senegal-plainte-ousmane-sonko-640x320-1614012365.jpg\" \/>\n\t<meta property=\"og:image:width\" content=\"640\" \/>\n\t<meta property=\"og:image:height\" content=\"320\" \/>\n<meta name=\"twitter:card\" content=\"summary_large_image\" \/>\n<meta name=\"twitter:label1\" content=\"\u00c9crit par\" \/>\n\t<meta name=\"twitter:data1\" content=\"CK\" \/>\n\t<meta name=\"twitter:label2\" content=\"Dur\u00e9e de lecture estim\u00e9e\" \/>\n\t<meta name=\"twitter:data2\" content=\"13 minutes\" \/>\n<script type=\"application\/ld+json\" class=\"yoast-schema-graph\">{\"@context\":\"https:\/\/schema.org\",\"@graph\":[{\"@type\":\"WebSite\",\"@id\":\"https:\/\/www.nettali.com\/#website\",\"url\":\"https:\/\/www.nettali.com\/\",\"name\":\"Nettali.com\",\"description\":\"Le rendez-vous critique du Net\",\"potentialAction\":[{\"@type\":\"SearchAction\",\"target\":{\"@type\":\"EntryPoint\",\"urlTemplate\":\"https:\/\/www.nettali.com\/?s={search_term_string}\"},\"query-input\":\"required name=search_term_string\"}],\"inLanguage\":\"fr-FR\"},{\"@type\":\"ImageObject\",\"@id\":\"https:\/\/www.nettali.com\/2021\/03\/01\/ledito-de-nettali-com-un-dossier-un-grand-malaise\/#primaryimage\",\"inLanguage\":\"fr-FR\",\"url\":\"https:\/\/www.nettali.com\/wp-content\/uploads\/2021\/03\/jad20210305-conf-senegal-plainte-ousmane-sonko-640x320-1614012365.jpg\",\"contentUrl\":\"https:\/\/www.nettali.com\/wp-content\/uploads\/2021\/03\/jad20210305-conf-senegal-plainte-ousmane-sonko-640x320-1614012365.jpg\",\"width\":640,\"height\":320},{\"@type\":\"WebPage\",\"@id\":\"https:\/\/www.nettali.com\/2021\/03\/01\/ledito-de-nettali-com-un-dossier-un-grand-malaise\/#webpage\",\"url\":\"https:\/\/www.nettali.com\/2021\/03\/01\/ledito-de-nettali-com-un-dossier-un-grand-malaise\/\",\"name\":\"L'EDITO DE NETTALI.COM - Un dossier, un grand malaise. | Nettali.com\",\"isPartOf\":{\"@id\":\"https:\/\/www.nettali.com\/#website\"},\"primaryImageOfPage\":{\"@id\":\"https:\/\/www.nettali.com\/2021\/03\/01\/ledito-de-nettali-com-un-dossier-un-grand-malaise\/#primaryimage\"},\"datePublished\":\"2021-03-01T09:25:34+00:00\",\"dateModified\":\"2021-03-02T10:58:28+00:00\",\"author\":{\"@id\":\"https:\/\/www.nettali.com\/#\/schema\/person\/d8ac7b7e27ddad43f1c0d2ef090d7f71\"},\"breadcrumb\":{\"@id\":\"https:\/\/www.nettali.com\/2021\/03\/01\/ledito-de-nettali-com-un-dossier-un-grand-malaise\/#breadcrumb\"},\"inLanguage\":\"fr-FR\",\"potentialAction\":[{\"@type\":\"ReadAction\",\"target\":[\"https:\/\/www.nettali.com\/2021\/03\/01\/ledito-de-nettali-com-un-dossier-un-grand-malaise\/\"]}]},{\"@type\":\"BreadcrumbList\",\"@id\":\"https:\/\/www.nettali.com\/2021\/03\/01\/ledito-de-nettali-com-un-dossier-un-grand-malaise\/#breadcrumb\",\"itemListElement\":[{\"@type\":\"ListItem\",\"position\":1,\"name\":\"Accueil\",\"item\":\"https:\/\/www.nettali.com\/\"},{\"@type\":\"ListItem\",\"position\":2,\"name\":\"L&rsquo;EDITO DE NETTALI.COM &#8211; Un dossier, un grand malaise.\"}]},{\"@type\":\"Person\",\"@id\":\"https:\/\/www.nettali.com\/#\/schema\/person\/d8ac7b7e27ddad43f1c0d2ef090d7f71\",\"name\":\"CK\",\"image\":{\"@type\":\"ImageObject\",\"@id\":\"https:\/\/www.nettali.com\/#personlogo\",\"inLanguage\":\"fr-FR\",\"url\":\"https:\/\/secure.gravatar.com\/avatar\/1d8d5118b9327d94da7cd4ce7f17fec2?s=96&d=mm&r=g\",\"contentUrl\":\"https:\/\/secure.gravatar.com\/avatar\/1d8d5118b9327d94da7cd4ce7f17fec2?s=96&d=mm&r=g\",\"caption\":\"CK\"},\"sameAs\":[\"https:\/\/www.nettali.com\"]}]}<\/script>\n<!-- \/ Yoast SEO Premium plugin. -->","yoast_head_json":{"title":"L'EDITO DE NETTALI.COM - Un dossier, un grand malaise. | Nettali.com","robots":{"index":"index","follow":"follow","max-snippet":"max-snippet:-1","max-image-preview":"max-image-preview:large","max-video-preview":"max-video-preview:-1"},"canonical":"https:\/\/www.nettali.com\/2021\/03\/01\/ledito-de-nettali-com-un-dossier-un-grand-malaise\/","og_locale":"fr_FR","og_type":"article","og_title":"L'EDITO DE NETTALI.COM - Un dossier, un grand malaise.","og_description":"NETTALI.COM - C\u2019est un dossier plus que d\u00e9licat que celui d\u2019Adji Sarr et d\u2019Ousmane Sonko. Ce qui devait rester une affaire priv\u00e9e, a finalement mu\u00e9 en une affaire politico- judiciaire. C\u2019est un homme politique d\u2019envergure, de 1er plan et de surcro\u00eet consid\u00e9r\u00e9 comme l'opposant N\u00b0 1 qui est vis\u00e9 dans une affaire de viol qu'il [&hellip;]","og_url":"https:\/\/www.nettali.com\/2021\/03\/01\/ledito-de-nettali-com-un-dossier-un-grand-malaise\/","og_site_name":"Nettali.com","article_publisher":"https:\/\/www.facebook.com\/nettalicom","article_published_time":"2021-03-01T09:25:34+00:00","article_modified_time":"2021-03-02T10:58:28+00:00","og_image":[{"width":640,"height":320,"url":"https:\/\/www.nettali.com\/wp-content\/uploads\/2021\/03\/jad20210305-conf-senegal-plainte-ousmane-sonko-640x320-1614012365.jpg","type":"image\/jpeg"}],"twitter_card":"summary_large_image","twitter_misc":{"\u00c9crit par":"CK","Dur\u00e9e de lecture estim\u00e9e":"13 minutes"},"schema":{"@context":"https:\/\/schema.org","@graph":[{"@type":"WebSite","@id":"https:\/\/www.nettali.com\/#website","url":"https:\/\/www.nettali.com\/","name":"Nettali.com","description":"Le rendez-vous critique du Net","potentialAction":[{"@type":"SearchAction","target":{"@type":"EntryPoint","urlTemplate":"https:\/\/www.nettali.com\/?s={search_term_string}"},"query-input":"required name=search_term_string"}],"inLanguage":"fr-FR"},{"@type":"ImageObject","@id":"https:\/\/www.nettali.com\/2021\/03\/01\/ledito-de-nettali-com-un-dossier-un-grand-malaise\/#primaryimage","inLanguage":"fr-FR","url":"https:\/\/www.nettali.com\/wp-content\/uploads\/2021\/03\/jad20210305-conf-senegal-plainte-ousmane-sonko-640x320-1614012365.jpg","contentUrl":"https:\/\/www.nettali.com\/wp-content\/uploads\/2021\/03\/jad20210305-conf-senegal-plainte-ousmane-sonko-640x320-1614012365.jpg","width":640,"height":320},{"@type":"WebPage","@id":"https:\/\/www.nettali.com\/2021\/03\/01\/ledito-de-nettali-com-un-dossier-un-grand-malaise\/#webpage","url":"https:\/\/www.nettali.com\/2021\/03\/01\/ledito-de-nettali-com-un-dossier-un-grand-malaise\/","name":"L'EDITO DE NETTALI.COM - Un dossier, un grand malaise. | Nettali.com","isPartOf":{"@id":"https:\/\/www.nettali.com\/#website"},"primaryImageOfPage":{"@id":"https:\/\/www.nettali.com\/2021\/03\/01\/ledito-de-nettali-com-un-dossier-un-grand-malaise\/#primaryimage"},"datePublished":"2021-03-01T09:25:34+00:00","dateModified":"2021-03-02T10:58:28+00:00","author":{"@id":"https:\/\/www.nettali.com\/#\/schema\/person\/d8ac7b7e27ddad43f1c0d2ef090d7f71"},"breadcrumb":{"@id":"https:\/\/www.nettali.com\/2021\/03\/01\/ledito-de-nettali-com-un-dossier-un-grand-malaise\/#breadcrumb"},"inLanguage":"fr-FR","potentialAction":[{"@type":"ReadAction","target":["https:\/\/www.nettali.com\/2021\/03\/01\/ledito-de-nettali-com-un-dossier-un-grand-malaise\/"]}]},{"@type":"BreadcrumbList","@id":"https:\/\/www.nettali.com\/2021\/03\/01\/ledito-de-nettali-com-un-dossier-un-grand-malaise\/#breadcrumb","itemListElement":[{"@type":"ListItem","position":1,"name":"Accueil","item":"https:\/\/www.nettali.com\/"},{"@type":"ListItem","position":2,"name":"L&rsquo;EDITO DE NETTALI.COM &#8211; Un dossier, un grand malaise."}]},{"@type":"Person","@id":"https:\/\/www.nettali.com\/#\/schema\/person\/d8ac7b7e27ddad43f1c0d2ef090d7f71","name":"CK","image":{"@type":"ImageObject","@id":"https:\/\/www.nettali.com\/#personlogo","inLanguage":"fr-FR","url":"https:\/\/secure.gravatar.com\/avatar\/1d8d5118b9327d94da7cd4ce7f17fec2?s=96&d=mm&r=g","contentUrl":"https:\/\/secure.gravatar.com\/avatar\/1d8d5118b9327d94da7cd4ce7f17fec2?s=96&d=mm&r=g","caption":"CK"},"sameAs":["https:\/\/www.nettali.com"]}]}},"_links":{"self":[{"href":"https:\/\/www.nettali.com\/rest\/wp\/v2\/posts\/58525"}],"collection":[{"href":"https:\/\/www.nettali.com\/rest\/wp\/v2\/posts"}],"about":[{"href":"https:\/\/www.nettali.com\/rest\/wp\/v2\/types\/post"}],"author":[{"embeddable":true,"href":"https:\/\/www.nettali.com\/rest\/wp\/v2\/users\/2"}],"replies":[{"embeddable":true,"href":"https:\/\/www.nettali.com\/rest\/wp\/v2\/comments?post=58525"}],"version-history":[{"count":4,"href":"https:\/\/www.nettali.com\/rest\/wp\/v2\/posts\/58525\/revisions"}],"predecessor-version":[{"id":58544,"href":"https:\/\/www.nettali.com\/rest\/wp\/v2\/posts\/58525\/revisions\/58544"}],"wp:featuredmedia":[{"embeddable":true,"href":"https:\/\/www.nettali.com\/rest\/wp\/v2\/media\/58543"}],"wp:attachment":[{"href":"https:\/\/www.nettali.com\/rest\/wp\/v2\/media?parent=58525"}],"wp:term":[{"taxonomy":"category","embeddable":true,"href":"https:\/\/www.nettali.com\/rest\/wp\/v2\/categories?post=58525"},{"taxonomy":"post_tag","embeddable":true,"href":"https:\/\/www.nettali.com\/rest\/wp\/v2\/tags?post=58525"}],"curies":[{"name":"wp","href":"https:\/\/api.w.org\/{rel}","templated":true}]}}