{"id":58485,"date":"2021-02-27T19:24:14","date_gmt":"2021-02-27T19:24:14","guid":{"rendered":"https:\/\/www.nettali.com\/?p=58485"},"modified":"2021-02-28T11:25:59","modified_gmt":"2021-02-28T11:25:59","slug":"affaire-sonko-adji-sarr-des-religieux-sen-melent","status":"publish","type":"post","link":"https:\/\/www.nettali.com\/2021\/02\/27\/affaire-sonko-adji-sarr-des-religieux-sen-melent\/","title":{"rendered":"AFFAIRE SONKO-ADJI SARR - Des religieux s\u2019en m\u00ealent !"},"content":{"rendered":"<p><strong>NETTALI.COM - Le collectif des religieux pour la sauvegarde de la paix civile s\u2019est rendu ce samedi chez Ousmane Sonko pour entamer une m\u00e9diation dans l\u2019affaire qui oppose Ousmane Sonko \u00e0 Adji Sarr.La d\u00e9l\u00e9gation \u00e9tait dirig\u00e9e par Mame Makhtar Gu\u00e8ye et l\u2019Abb\u00e9 Jacques Seck.<\/strong><\/p>\n<p><em>\u00abNous avons re\u00e7u mandat du collectif des religieux pour la sauvegarde de la paix civile. Nous sommes venus transmettre le message \u00e0 Ousmane Sonko. Maintenant, nous allons tenir une r\u00e9union d\u2019\u00e9valuation entre nous, qui sera sanctionn\u00e9e par un communiqu\u00e9 de presse\u00bb<\/em>, a d\u00e9clar\u00e9 Mame Makhtar Gu\u00e8ye au sortir du domicile du leader de Pastef.<\/p>\n<p>Pour rappel, l'Assembl\u00e9e nationale a d\u00e9cid\u00e9 de la lev\u00e9e de l'immunit\u00e9 parlementaire de Sonko hier vendredi. Mais, ce dernier estime que l'immunit\u00e9 que lui a conf\u00e9r\u00e9 le peuple s\u00e9n\u00e9galais est intacte du fait d'une proc\u00e9dure de lev\u00e9e \"irr\u00e9guli\u00e8re\".<\/p>\n<p>&nbsp;<\/p>\n<div class='share-to-whatsapp-wrapper'><div class='share-on-whsp'>PARTAGER SUR : <\/div><a data-text='AFFAIRE SONKO-ADJI SARR - Des religieux s\u2019en m\u00ealent !' data-link='https:\/\/www.nettali.com\/2021\/02\/27\/affaire-sonko-adji-sarr-des-religieux-sen-melent\/' class='whatsapp-button whatsapp-share'>WhatsApp<\/a><div class='clear '><\/div><\/div>","protected":false},"excerpt":{"rendered":"<p>NETTALI.COM - Le collectif des religieux pour la sauvegarde de la paix civile s\u2019est rendu ce samedi chez Ousmane Sonko pour entamer une m\u00e9diation dans l\u2019affaire qui oppose Ousmane Sonko \u00e0 Adji Sarr.La d\u00e9l\u00e9gation \u00e9tait dirig\u00e9e par Mame Makhtar Gu\u00e8ye et l\u2019Abb\u00e9 Jacques Seck. \u00abNous avons re\u00e7u mandat du collectif des religieux pour la sauvegarde [&hellip;]<\/p>\n","protected":false},"author":4,"featured_media":16771,"comment_status":"open","ping_status":"open","sticky":false,"template":"","format":"standard","meta":{"_et_pb_use_builder":"","_et_pb_old_content":""},"categories":[3],"tags":[],"yoast_head":"<!-- This site is optimized with the Yoast SEO Premium plugin v17.8 (Yoast SEO v17.8) - https:\/\/yoast.com\/wordpress\/plugins\/seo\/ -->\n<title>AFFAIRE SONKO-ADJI SARR - Des religieux s\u2019en m\u00ealent ! | Nettali.com<\/title>\n<meta name=\"robots\" content=\"index, follow, max-snippet:-1, max-image-preview:large, max-video-preview:-1\" \/>\n<link rel=\"canonical\" href=\"https:\/\/www.nettali.com\/2021\/02\/27\/affaire-sonko-adji-sarr-des-religieux-sen-melent\/\" \/>\n<meta property=\"og:locale\" content=\"fr_FR\" \/>\n<meta property=\"og:type\" content=\"article\" \/>\n<meta property=\"og:title\" content=\"AFFAIRE SONKO-ADJI SARR - Des religieux s\u2019en m\u00ealent !\" \/>\n<meta property=\"og:description\" content=\"NETTALI.COM - Le collectif des religieux pour la sauvegarde de la paix civile s\u2019est rendu ce samedi chez Ousmane Sonko pour entamer une m\u00e9diation dans l\u2019affaire qui oppose Ousmane Sonko \u00e0 Adji Sarr.La d\u00e9l\u00e9gation \u00e9tait dirig\u00e9e par Mame Makhtar Gu\u00e8ye et l\u2019Abb\u00e9 Jacques Seck. \u00abNous avons re\u00e7u mandat du collectif des religieux pour la sauvegarde [&hellip;]\" \/>\n<meta property=\"og:url\" content=\"https:\/\/www.nettali.com\/2021\/02\/27\/affaire-sonko-adji-sarr-des-religieux-sen-melent\/\" \/>\n<meta property=\"og:site_name\" content=\"Nettali.com\" \/>\n<meta property=\"article:publisher\" content=\"https:\/\/www.facebook.com\/nettalicom\" \/>\n<meta property=\"article:published_time\" content=\"2021-02-27T19:24:14+00:00\" \/>\n<meta property=\"article:modified_time\" content=\"2021-02-28T11:25:59+00:00\" \/>\n<meta property=\"og:image\" content=\"https:\/\/www.nettali.com\/wp-content\/uploads\/2019\/08\/ousmane_sonko-16-55-2018_06_55_26-1-696x456.jpg\" \/>\n\t<meta property=\"og:image:width\" content=\"696\" \/>\n\t<meta property=\"og:image:height\" content=\"456\" \/>\n<meta name=\"twitter:card\" content=\"summary_large_image\" \/>\n<meta name=\"twitter:label1\" content=\"\u00c9crit par\" \/>\n\t<meta name=\"twitter:data1\" content=\"Daouda\" \/>\n\t<meta name=\"twitter:label2\" content=\"Dur\u00e9e de lecture estim\u00e9e\" \/>\n\t<meta name=\"twitter:data2\" content=\"1 minute\" \/>\n<script type=\"application\/ld+json\" class=\"yoast-schema-graph\">{\"@context\":\"https:\/\/schema.org\",\"@graph\":[{\"@type\":\"WebSite\",\"@id\":\"https:\/\/www.nettali.com\/#website\",\"url\":\"https:\/\/www.nettali.com\/\",\"name\":\"Nettali.com\",\"description\":\"Le rendez-vous critique du Net\",\"potentialAction\":[{\"@type\":\"SearchAction\",\"target\":{\"@type\":\"EntryPoint\",\"urlTemplate\":\"https:\/\/www.nettali.com\/?s={search_term_string}\"},\"query-input\":\"required name=search_term_string\"}],\"inLanguage\":\"fr-FR\"},{\"@type\":\"ImageObject\",\"@id\":\"https:\/\/www.nettali.com\/2021\/02\/27\/affaire-sonko-adji-sarr-des-religieux-sen-melent\/#primaryimage\",\"inLanguage\":\"fr-FR\",\"url\":\"https:\/\/www.nettali.com\/wp-content\/uploads\/2019\/08\/ousmane_sonko-16-55-2018_06_55_26-1-696x456.jpg\",\"contentUrl\":\"https:\/\/www.nettali.com\/wp-content\/uploads\/2019\/08\/ousmane_sonko-16-55-2018_06_55_26-1-696x456.jpg\",\"width\":696,\"height\":456},{\"@type\":\"WebPage\",\"@id\":\"https:\/\/www.nettali.com\/2021\/02\/27\/affaire-sonko-adji-sarr-des-religieux-sen-melent\/#webpage\",\"url\":\"https:\/\/www.nettali.com\/2021\/02\/27\/affaire-sonko-adji-sarr-des-religieux-sen-melent\/\",\"name\":\"AFFAIRE SONKO-ADJI SARR - Des religieux s\\u2019en m\\u00ealent ! | Nettali.com\",\"isPartOf\":{\"@id\":\"https:\/\/www.nettali.com\/#website\"},\"primaryImageOfPage\":{\"@id\":\"https:\/\/www.nettali.com\/2021\/02\/27\/affaire-sonko-adji-sarr-des-religieux-sen-melent\/#primaryimage\"},\"datePublished\":\"2021-02-27T19:24:14+00:00\",\"dateModified\":\"2021-02-28T11:25:59+00:00\",\"author\":{\"@id\":\"https:\/\/www.nettali.com\/#\/schema\/person\/3317e0bb3aa1da309fbf7b2780901bf4\"},\"breadcrumb\":{\"@id\":\"https:\/\/www.nettali.com\/2021\/02\/27\/affaire-sonko-adji-sarr-des-religieux-sen-melent\/#breadcrumb\"},\"inLanguage\":\"fr-FR\",\"potentialAction\":[{\"@type\":\"ReadAction\",\"target\":[\"https:\/\/www.nettali.com\/2021\/02\/27\/affaire-sonko-adji-sarr-des-religieux-sen-melent\/\"]}]},{\"@type\":\"BreadcrumbList\",\"@id\":\"https:\/\/www.nettali.com\/2021\/02\/27\/affaire-sonko-adji-sarr-des-religieux-sen-melent\/#breadcrumb\",\"itemListElement\":[{\"@type\":\"ListItem\",\"position\":1,\"name\":\"Accueil\",\"item\":\"https:\/\/www.nettali.com\/\"},{\"@type\":\"ListItem\",\"position\":2,\"name\":\"AFFAIRE SONKO-ADJI SARR &#8211; Des religieux s\\u2019en m\\u00ealent !\"}]},{\"@type\":\"Person\",\"@id\":\"https:\/\/www.nettali.com\/#\/schema\/person\/3317e0bb3aa1da309fbf7b2780901bf4\",\"name\":\"Daouda\",\"image\":{\"@type\":\"ImageObject\",\"@id\":\"https:\/\/www.nettali.com\/#personlogo\",\"inLanguage\":\"fr-FR\",\"url\":\"https:\/\/secure.gravatar.com\/avatar\/8d143b5a49345098ddcfee1c49c2f47c?s=96&d=mm&r=g\",\"contentUrl\":\"https:\/\/secure.gravatar.com\/avatar\/8d143b5a49345098ddcfee1c49c2f47c?s=96&d=mm&r=g\",\"caption\":\"Daouda\"},\"sameAs\":[\"https:\/\/www.nettali.com\"]}]}<\/script>\n<!-- \/ Yoast SEO Premium plugin. -->","yoast_head_json":{"title":"AFFAIRE SONKO-ADJI SARR - Des religieux s\u2019en m\u00ealent ! | Nettali.com","robots":{"index":"index","follow":"follow","max-snippet":"max-snippet:-1","max-image-preview":"max-image-preview:large","max-video-preview":"max-video-preview:-1"},"canonical":"https:\/\/www.nettali.com\/2021\/02\/27\/affaire-sonko-adji-sarr-des-religieux-sen-melent\/","og_locale":"fr_FR","og_type":"article","og_title":"AFFAIRE SONKO-ADJI SARR - Des religieux s\u2019en m\u00ealent !","og_description":"NETTALI.COM - Le collectif des religieux pour la sauvegarde de la paix civile s\u2019est rendu ce samedi chez Ousmane Sonko pour entamer une m\u00e9diation dans l\u2019affaire qui oppose Ousmane Sonko \u00e0 Adji Sarr.La d\u00e9l\u00e9gation \u00e9tait dirig\u00e9e par Mame Makhtar Gu\u00e8ye et l\u2019Abb\u00e9 Jacques Seck. \u00abNous avons re\u00e7u mandat du collectif des religieux pour la sauvegarde [&hellip;]","og_url":"https:\/\/www.nettali.com\/2021\/02\/27\/affaire-sonko-adji-sarr-des-religieux-sen-melent\/","og_site_name":"Nettali.com","article_publisher":"https:\/\/www.facebook.com\/nettalicom","article_published_time":"2021-02-27T19:24:14+00:00","article_modified_time":"2021-02-28T11:25:59+00:00","og_image":[{"width":696,"height":456,"url":"https:\/\/www.nettali.com\/wp-content\/uploads\/2019\/08\/ousmane_sonko-16-55-2018_06_55_26-1-696x456.jpg","type":"image\/jpeg"}],"twitter_card":"summary_large_image","twitter_misc":{"\u00c9crit par":"Daouda","Dur\u00e9e de lecture estim\u00e9e":"1 minute"},"schema":{"@context":"https:\/\/schema.org","@graph":[{"@type":"WebSite","@id":"https:\/\/www.nettali.com\/#website","url":"https:\/\/www.nettali.com\/","name":"Nettali.com","description":"Le rendez-vous critique du Net","potentialAction":[{"@type":"SearchAction","target":{"@type":"EntryPoint","urlTemplate":"https:\/\/www.nettali.com\/?s={search_term_string}"},"query-input":"required name=search_term_string"}],"inLanguage":"fr-FR"},{"@type":"ImageObject","@id":"https:\/\/www.nettali.com\/2021\/02\/27\/affaire-sonko-adji-sarr-des-religieux-sen-melent\/#primaryimage","inLanguage":"fr-FR","url":"https:\/\/www.nettali.com\/wp-content\/uploads\/2019\/08\/ousmane_sonko-16-55-2018_06_55_26-1-696x456.jpg","contentUrl":"https:\/\/www.nettali.com\/wp-content\/uploads\/2019\/08\/ousmane_sonko-16-55-2018_06_55_26-1-696x456.jpg","width":696,"height":456},{"@type":"WebPage","@id":"https:\/\/www.nettali.com\/2021\/02\/27\/affaire-sonko-adji-sarr-des-religieux-sen-melent\/#webpage","url":"https:\/\/www.nettali.com\/2021\/02\/27\/affaire-sonko-adji-sarr-des-religieux-sen-melent\/","name":"AFFAIRE SONKO-ADJI SARR - Des religieux s\u2019en m\u00ealent ! | Nettali.com","isPartOf":{"@id":"https:\/\/www.nettali.com\/#website"},"primaryImageOfPage":{"@id":"https:\/\/www.nettali.com\/2021\/02\/27\/affaire-sonko-adji-sarr-des-religieux-sen-melent\/#primaryimage"},"datePublished":"2021-02-27T19:24:14+00:00","dateModified":"2021-02-28T11:25:59+00:00","author":{"@id":"https:\/\/www.nettali.com\/#\/schema\/person\/3317e0bb3aa1da309fbf7b2780901bf4"},"breadcrumb":{"@id":"https:\/\/www.nettali.com\/2021\/02\/27\/affaire-sonko-adji-sarr-des-religieux-sen-melent\/#breadcrumb"},"inLanguage":"fr-FR","potentialAction":[{"@type":"ReadAction","target":["https:\/\/www.nettali.com\/2021\/02\/27\/affaire-sonko-adji-sarr-des-religieux-sen-melent\/"]}]},{"@type":"BreadcrumbList","@id":"https:\/\/www.nettali.com\/2021\/02\/27\/affaire-sonko-adji-sarr-des-religieux-sen-melent\/#breadcrumb","itemListElement":[{"@type":"ListItem","position":1,"name":"Accueil","item":"https:\/\/www.nettali.com\/"},{"@type":"ListItem","position":2,"name":"AFFAIRE SONKO-ADJI SARR &#8211; Des religieux s\u2019en m\u00ealent !"}]},{"@type":"Person","@id":"https:\/\/www.nettali.com\/#\/schema\/person\/3317e0bb3aa1da309fbf7b2780901bf4","name":"Daouda","image":{"@type":"ImageObject","@id":"https:\/\/www.nettali.com\/#personlogo","inLanguage":"fr-FR","url":"https:\/\/secure.gravatar.com\/avatar\/8d143b5a49345098ddcfee1c49c2f47c?s=96&d=mm&r=g","contentUrl":"https:\/\/secure.gravatar.com\/avatar\/8d143b5a49345098ddcfee1c49c2f47c?s=96&d=mm&r=g","caption":"Daouda"},"sameAs":["https:\/\/www.nettali.com"]}]}},"_links":{"self":[{"href":"https:\/\/www.nettali.com\/rest\/wp\/v2\/posts\/58485"}],"collection":[{"href":"https:\/\/www.nettali.com\/rest\/wp\/v2\/posts"}],"about":[{"href":"https:\/\/www.nettali.com\/rest\/wp\/v2\/types\/post"}],"author":[{"embeddable":true,"href":"https:\/\/www.nettali.com\/rest\/wp\/v2\/users\/4"}],"replies":[{"embeddable":true,"href":"https:\/\/www.nettali.com\/rest\/wp\/v2\/comments?post=58485"}],"version-history":[{"count":2,"href":"https:\/\/www.nettali.com\/rest\/wp\/v2\/posts\/58485\/revisions"}],"predecessor-version":[{"id":58494,"href":"https:\/\/www.nettali.com\/rest\/wp\/v2\/posts\/58485\/revisions\/58494"}],"wp:featuredmedia":[{"embeddable":true,"href":"https:\/\/www.nettali.com\/rest\/wp\/v2\/media\/16771"}],"wp:attachment":[{"href":"https:\/\/www.nettali.com\/rest\/wp\/v2\/media?parent=58485"}],"wp:term":[{"taxonomy":"category","embeddable":true,"href":"https:\/\/www.nettali.com\/rest\/wp\/v2\/categories?post=58485"},{"taxonomy":"post_tag","embeddable":true,"href":"https:\/\/www.nettali.com\/rest\/wp\/v2\/tags?post=58485"}],"curies":[{"name":"wp","href":"https:\/\/api.w.org\/{rel}","templated":true}]}}