{"id":58428,"date":"2021-02-26T17:06:59","date_gmt":"2021-02-26T17:06:59","guid":{"rendered":"https:\/\/www.nettali.com\/?p=58428"},"modified":"2021-02-27T10:53:35","modified_gmt":"2021-02-27T10:53:35","slug":"dethie-fall-macky-sall-vient-encore-de-nous-faire-vivre-une-journee-tenebreuse","status":"publish","type":"post","link":"https:\/\/www.nettali.com\/2021\/02\/26\/dethie-fall-macky-sall-vient-encore-de-nous-faire-vivre-une-journee-tenebreuse\/","title":{"rendered":"DETHIE FALL - \"Macky Sall vient encore de nous faire vivre une journ\u00e9e t\u00e9n\u00e9breuse\""},"content":{"rendered":"<p><strong>NETTALI.COM\u00a0 - Le d\u00e9put\u00e9 D\u00e9thi\u00e9 Fall n'a pas cach\u00e9 sa col\u00e8re apr\u00e8s la lev\u00e9e de l'immunit\u00e9 parlementaire d'Ousmane Sonko. L'ancien vice-pr\u00e9sident de Rewmi d\u00e9nonce des \"pas significatifs vers la dictature\".<\/strong><\/p>\n<p>\"<em>Macky Sall vient encore de nous faire vivre une journ\u00e9e t\u00e9n\u00e9breuse comme il en a l'habitude depuis qu'il est arriv\u00e9 au pouvoir, \u00e0 savoir continuer \u00e0 lever l'immunit\u00e9 parlementaire d'adversaires politiques avec un projet hideux et funeste de l'an\u00e9antissement de ses adversaires politiques<\/em>.\" Telle est la premi\u00e8re r\u00e9action de D\u00e9thi\u00e9 Fall qui sortait juste de la pl\u00e9ni\u00e8re de l'Assembl\u00e9e nationale apr\u00e8s le vote pour la lev\u00e9e de l'immunit\u00e9 parlementaire du d\u00e9put\u00e9 Ousmane Sonko. Pour l'ancien num\u00e9ro deux d'Idrissa Seck, le chef de l'Etat est toujours sur son chantier de \"<em>r\u00e9duction de l'opposition \u00e0 sa plus simple expression<\/em>\". <em>\"Mais,<\/em> poursuit le parlementaire, <em>se pose un v\u00e9ritable probl\u00e8me d'identification de sa v\u00e9ritable opposition.<\/em>\"<\/p>\n<p>De l'avis de D\u00e9thi\u00e9 Fall, \"<em>les S\u00e9n\u00e9galais attendent la prise en charge de leurs pr\u00e9occupations du point sanitaire, \u00e9conomique et social<\/em>\". Et de se d\u00e9soler : \"Des pas significatifs sont en train d'\u00eatre faits dans le sens de la dictature. Et \u00e7a m\u00e9rite d'\u00eatre frein\u00e9 tout de suite.\" Aussi lance-t-il un appel \u00e0 tous les S\u00e9n\u00e9galais \"<em>pour qu'on se mobilise pour arr\u00eater ces pas significatifs qui sont en train d'\u00eatre faits dans le sens de la dictature<\/em>\".<\/p>\n<p>Selon le d\u00e9put\u00e9 non-inscrit, il faut une mobilisation g\u00e9n\u00e9rale. \"<em>Il nous faut prendre conscience de notre devoir, de nos responsabilit\u00e9s. C'est le combat de sauvegarde de nos libert\u00e9s et de notre d\u00e9mocratie contre toute tentative de troisi\u00e8me mandat<\/em>\", a-t-il insist\u00e9.<\/p>\n<div class='share-to-whatsapp-wrapper'><div class='share-on-whsp'>PARTAGER SUR : <\/div><a data-text='DETHIE FALL - \"Macky Sall vient encore de nous faire vivre une journ\u00e9e t\u00e9n\u00e9breuse\"' data-link='https:\/\/www.nettali.com\/2021\/02\/26\/dethie-fall-macky-sall-vient-encore-de-nous-faire-vivre-une-journee-tenebreuse\/' class='whatsapp-button whatsapp-share'>WhatsApp<\/a><div class='clear '><\/div><\/div>","protected":false},"excerpt":{"rendered":"<p>NETTALI.COM\u00a0 - Le d\u00e9put\u00e9 D\u00e9thi\u00e9 Fall n'a pas cach\u00e9 sa col\u00e8re apr\u00e8s la lev\u00e9e de l'immunit\u00e9 parlementaire d'Ousmane Sonko. L'ancien vice-pr\u00e9sident de Rewmi d\u00e9nonce des \"pas significatifs vers la dictature\". \"Macky Sall vient encore de nous faire vivre une journ\u00e9e t\u00e9n\u00e9breuse comme il en a l'habitude depuis qu'il est arriv\u00e9 au pouvoir, \u00e0 savoir continuer [&hellip;]<\/p>\n","protected":false},"author":3,"featured_media":58430,"comment_status":"open","ping_status":"open","sticky":false,"template":"","format":"standard","meta":{"_et_pb_use_builder":"","_et_pb_old_content":""},"categories":[2],"tags":[],"yoast_head":"<!-- This site is optimized with the Yoast SEO Premium plugin v17.8 (Yoast SEO v17.8) - https:\/\/yoast.com\/wordpress\/plugins\/seo\/ -->\n<title>DETHIE FALL - &quot;Macky Sall vient encore de nous faire vivre une journ\u00e9e t\u00e9n\u00e9breuse&quot; | Nettali.com<\/title>\n<meta name=\"robots\" content=\"index, follow, max-snippet:-1, max-image-preview:large, max-video-preview:-1\" \/>\n<link rel=\"canonical\" href=\"https:\/\/www.nettali.com\/2021\/02\/26\/dethie-fall-macky-sall-vient-encore-de-nous-faire-vivre-une-journee-tenebreuse\/\" \/>\n<meta property=\"og:locale\" content=\"fr_FR\" \/>\n<meta property=\"og:type\" content=\"article\" \/>\n<meta property=\"og:title\" content=\"DETHIE FALL - &quot;Macky Sall vient encore de nous faire vivre une journ\u00e9e t\u00e9n\u00e9breuse&quot;\" \/>\n<meta property=\"og:description\" content=\"NETTALI.COM\u00a0 - Le d\u00e9put\u00e9 D\u00e9thi\u00e9 Fall n&#039;a pas cach\u00e9 sa col\u00e8re apr\u00e8s la lev\u00e9e de l&#039;immunit\u00e9 parlementaire d&#039;Ousmane Sonko. L&#039;ancien vice-pr\u00e9sident de Rewmi d\u00e9nonce des &quot;pas significatifs vers la dictature&quot;. &quot;Macky Sall vient encore de nous faire vivre une journ\u00e9e t\u00e9n\u00e9breuse comme il en a l&#039;habitude depuis qu&#039;il est arriv\u00e9 au pouvoir, \u00e0 savoir continuer [&hellip;]\" \/>\n<meta property=\"og:url\" content=\"https:\/\/www.nettali.com\/2021\/02\/26\/dethie-fall-macky-sall-vient-encore-de-nous-faire-vivre-une-journee-tenebreuse\/\" \/>\n<meta property=\"og:site_name\" content=\"Nettali.com\" \/>\n<meta property=\"article:publisher\" content=\"https:\/\/www.facebook.com\/nettalicom\" \/>\n<meta property=\"article:published_time\" content=\"2021-02-26T17:06:59+00:00\" \/>\n<meta property=\"article:modified_time\" content=\"2021-02-27T10:53:35+00:00\" \/>\n<meta property=\"og:image\" content=\"https:\/\/www.nettali.com\/wp-content\/uploads\/2021\/02\/Dethie-FALL.jpg\" \/>\n\t<meta property=\"og:image:width\" content=\"500\" \/>\n\t<meta property=\"og:image:height\" content=\"521\" \/>\n<meta name=\"twitter:card\" content=\"summary_large_image\" \/>\n<meta name=\"twitter:label1\" content=\"\u00c9crit par\" \/>\n\t<meta name=\"twitter:data1\" content=\"Moustapha\" \/>\n\t<meta name=\"twitter:label2\" content=\"Dur\u00e9e de lecture estim\u00e9e\" \/>\n\t<meta name=\"twitter:data2\" content=\"1 minute\" \/>\n<script type=\"application\/ld+json\" class=\"yoast-schema-graph\">{\"@context\":\"https:\/\/schema.org\",\"@graph\":[{\"@type\":\"WebSite\",\"@id\":\"https:\/\/www.nettali.com\/#website\",\"url\":\"https:\/\/www.nettali.com\/\",\"name\":\"Nettali.com\",\"description\":\"Le rendez-vous critique du Net\",\"potentialAction\":[{\"@type\":\"SearchAction\",\"target\":{\"@type\":\"EntryPoint\",\"urlTemplate\":\"https:\/\/www.nettali.com\/?s={search_term_string}\"},\"query-input\":\"required name=search_term_string\"}],\"inLanguage\":\"fr-FR\"},{\"@type\":\"ImageObject\",\"@id\":\"https:\/\/www.nettali.com\/2021\/02\/26\/dethie-fall-macky-sall-vient-encore-de-nous-faire-vivre-une-journee-tenebreuse\/#primaryimage\",\"inLanguage\":\"fr-FR\",\"url\":\"https:\/\/www.nettali.com\/wp-content\/uploads\/2021\/02\/Dethie-FALL.jpg\",\"contentUrl\":\"https:\/\/www.nettali.com\/wp-content\/uploads\/2021\/02\/Dethie-FALL.jpg\",\"width\":500,\"height\":521},{\"@type\":\"WebPage\",\"@id\":\"https:\/\/www.nettali.com\/2021\/02\/26\/dethie-fall-macky-sall-vient-encore-de-nous-faire-vivre-une-journee-tenebreuse\/#webpage\",\"url\":\"https:\/\/www.nettali.com\/2021\/02\/26\/dethie-fall-macky-sall-vient-encore-de-nous-faire-vivre-une-journee-tenebreuse\/\",\"name\":\"DETHIE FALL - \\\"Macky Sall vient encore de nous faire vivre une journ\\u00e9e t\\u00e9n\\u00e9breuse\\\" | Nettali.com\",\"isPartOf\":{\"@id\":\"https:\/\/www.nettali.com\/#website\"},\"primaryImageOfPage\":{\"@id\":\"https:\/\/www.nettali.com\/2021\/02\/26\/dethie-fall-macky-sall-vient-encore-de-nous-faire-vivre-une-journee-tenebreuse\/#primaryimage\"},\"datePublished\":\"2021-02-26T17:06:59+00:00\",\"dateModified\":\"2021-02-27T10:53:35+00:00\",\"author\":{\"@id\":\"https:\/\/www.nettali.com\/#\/schema\/person\/7962a12a6e0267f88f0ffa544c36469a\"},\"breadcrumb\":{\"@id\":\"https:\/\/www.nettali.com\/2021\/02\/26\/dethie-fall-macky-sall-vient-encore-de-nous-faire-vivre-une-journee-tenebreuse\/#breadcrumb\"},\"inLanguage\":\"fr-FR\",\"potentialAction\":[{\"@type\":\"ReadAction\",\"target\":[\"https:\/\/www.nettali.com\/2021\/02\/26\/dethie-fall-macky-sall-vient-encore-de-nous-faire-vivre-une-journee-tenebreuse\/\"]}]},{\"@type\":\"BreadcrumbList\",\"@id\":\"https:\/\/www.nettali.com\/2021\/02\/26\/dethie-fall-macky-sall-vient-encore-de-nous-faire-vivre-une-journee-tenebreuse\/#breadcrumb\",\"itemListElement\":[{\"@type\":\"ListItem\",\"position\":1,\"name\":\"Accueil\",\"item\":\"https:\/\/www.nettali.com\/\"},{\"@type\":\"ListItem\",\"position\":2,\"name\":\"DETHIE FALL &#8211; \\u00ab\\u00a0Macky Sall vient encore de nous faire vivre une journ\\u00e9e t\\u00e9n\\u00e9breuse\\u00a0\\u00bb\"}]},{\"@type\":\"Person\",\"@id\":\"https:\/\/www.nettali.com\/#\/schema\/person\/7962a12a6e0267f88f0ffa544c36469a\",\"name\":\"Moustapha\",\"image\":{\"@type\":\"ImageObject\",\"@id\":\"https:\/\/www.nettali.com\/#personlogo\",\"inLanguage\":\"fr-FR\",\"url\":\"https:\/\/secure.gravatar.com\/avatar\/10fdf6a071cccdcf374e3dbe45159590?s=96&d=mm&r=g\",\"contentUrl\":\"https:\/\/secure.gravatar.com\/avatar\/10fdf6a071cccdcf374e3dbe45159590?s=96&d=mm&r=g\",\"caption\":\"Moustapha\"},\"sameAs\":[\"https:\/\/www.nettali.com\"]}]}<\/script>\n<!-- \/ Yoast SEO Premium plugin. -->","yoast_head_json":{"title":"DETHIE FALL - \"Macky Sall vient encore de nous faire vivre une journ\u00e9e t\u00e9n\u00e9breuse\" | Nettali.com","robots":{"index":"index","follow":"follow","max-snippet":"max-snippet:-1","max-image-preview":"max-image-preview:large","max-video-preview":"max-video-preview:-1"},"canonical":"https:\/\/www.nettali.com\/2021\/02\/26\/dethie-fall-macky-sall-vient-encore-de-nous-faire-vivre-une-journee-tenebreuse\/","og_locale":"fr_FR","og_type":"article","og_title":"DETHIE FALL - \"Macky Sall vient encore de nous faire vivre une journ\u00e9e t\u00e9n\u00e9breuse\"","og_description":"NETTALI.COM\u00a0 - Le d\u00e9put\u00e9 D\u00e9thi\u00e9 Fall n'a pas cach\u00e9 sa col\u00e8re apr\u00e8s la lev\u00e9e de l'immunit\u00e9 parlementaire d'Ousmane Sonko. L'ancien vice-pr\u00e9sident de Rewmi d\u00e9nonce des \"pas significatifs vers la dictature\". \"Macky Sall vient encore de nous faire vivre une journ\u00e9e t\u00e9n\u00e9breuse comme il en a l'habitude depuis qu'il est arriv\u00e9 au pouvoir, \u00e0 savoir continuer [&hellip;]","og_url":"https:\/\/www.nettali.com\/2021\/02\/26\/dethie-fall-macky-sall-vient-encore-de-nous-faire-vivre-une-journee-tenebreuse\/","og_site_name":"Nettali.com","article_publisher":"https:\/\/www.facebook.com\/nettalicom","article_published_time":"2021-02-26T17:06:59+00:00","article_modified_time":"2021-02-27T10:53:35+00:00","og_image":[{"width":500,"height":521,"url":"https:\/\/www.nettali.com\/wp-content\/uploads\/2021\/02\/Dethie-FALL.jpg","type":"image\/jpeg"}],"twitter_card":"summary_large_image","twitter_misc":{"\u00c9crit par":"Moustapha","Dur\u00e9e de lecture estim\u00e9e":"1 minute"},"schema":{"@context":"https:\/\/schema.org","@graph":[{"@type":"WebSite","@id":"https:\/\/www.nettali.com\/#website","url":"https:\/\/www.nettali.com\/","name":"Nettali.com","description":"Le rendez-vous critique du Net","potentialAction":[{"@type":"SearchAction","target":{"@type":"EntryPoint","urlTemplate":"https:\/\/www.nettali.com\/?s={search_term_string}"},"query-input":"required name=search_term_string"}],"inLanguage":"fr-FR"},{"@type":"ImageObject","@id":"https:\/\/www.nettali.com\/2021\/02\/26\/dethie-fall-macky-sall-vient-encore-de-nous-faire-vivre-une-journee-tenebreuse\/#primaryimage","inLanguage":"fr-FR","url":"https:\/\/www.nettali.com\/wp-content\/uploads\/2021\/02\/Dethie-FALL.jpg","contentUrl":"https:\/\/www.nettali.com\/wp-content\/uploads\/2021\/02\/Dethie-FALL.jpg","width":500,"height":521},{"@type":"WebPage","@id":"https:\/\/www.nettali.com\/2021\/02\/26\/dethie-fall-macky-sall-vient-encore-de-nous-faire-vivre-une-journee-tenebreuse\/#webpage","url":"https:\/\/www.nettali.com\/2021\/02\/26\/dethie-fall-macky-sall-vient-encore-de-nous-faire-vivre-une-journee-tenebreuse\/","name":"DETHIE FALL - \"Macky Sall vient encore de nous faire vivre une journ\u00e9e t\u00e9n\u00e9breuse\" | Nettali.com","isPartOf":{"@id":"https:\/\/www.nettali.com\/#website"},"primaryImageOfPage":{"@id":"https:\/\/www.nettali.com\/2021\/02\/26\/dethie-fall-macky-sall-vient-encore-de-nous-faire-vivre-une-journee-tenebreuse\/#primaryimage"},"datePublished":"2021-02-26T17:06:59+00:00","dateModified":"2021-02-27T10:53:35+00:00","author":{"@id":"https:\/\/www.nettali.com\/#\/schema\/person\/7962a12a6e0267f88f0ffa544c36469a"},"breadcrumb":{"@id":"https:\/\/www.nettali.com\/2021\/02\/26\/dethie-fall-macky-sall-vient-encore-de-nous-faire-vivre-une-journee-tenebreuse\/#breadcrumb"},"inLanguage":"fr-FR","potentialAction":[{"@type":"ReadAction","target":["https:\/\/www.nettali.com\/2021\/02\/26\/dethie-fall-macky-sall-vient-encore-de-nous-faire-vivre-une-journee-tenebreuse\/"]}]},{"@type":"BreadcrumbList","@id":"https:\/\/www.nettali.com\/2021\/02\/26\/dethie-fall-macky-sall-vient-encore-de-nous-faire-vivre-une-journee-tenebreuse\/#breadcrumb","itemListElement":[{"@type":"ListItem","position":1,"name":"Accueil","item":"https:\/\/www.nettali.com\/"},{"@type":"ListItem","position":2,"name":"DETHIE FALL &#8211; \u00ab\u00a0Macky Sall vient encore de nous faire vivre une journ\u00e9e t\u00e9n\u00e9breuse\u00a0\u00bb"}]},{"@type":"Person","@id":"https:\/\/www.nettali.com\/#\/schema\/person\/7962a12a6e0267f88f0ffa544c36469a","name":"Moustapha","image":{"@type":"ImageObject","@id":"https:\/\/www.nettali.com\/#personlogo","inLanguage":"fr-FR","url":"https:\/\/secure.gravatar.com\/avatar\/10fdf6a071cccdcf374e3dbe45159590?s=96&d=mm&r=g","contentUrl":"https:\/\/secure.gravatar.com\/avatar\/10fdf6a071cccdcf374e3dbe45159590?s=96&d=mm&r=g","caption":"Moustapha"},"sameAs":["https:\/\/www.nettali.com"]}]}},"_links":{"self":[{"href":"https:\/\/www.nettali.com\/rest\/wp\/v2\/posts\/58428"}],"collection":[{"href":"https:\/\/www.nettali.com\/rest\/wp\/v2\/posts"}],"about":[{"href":"https:\/\/www.nettali.com\/rest\/wp\/v2\/types\/post"}],"author":[{"embeddable":true,"href":"https:\/\/www.nettali.com\/rest\/wp\/v2\/users\/3"}],"replies":[{"embeddable":true,"href":"https:\/\/www.nettali.com\/rest\/wp\/v2\/comments?post=58428"}],"version-history":[{"count":1,"href":"https:\/\/www.nettali.com\/rest\/wp\/v2\/posts\/58428\/revisions"}],"predecessor-version":[{"id":58429,"href":"https:\/\/www.nettali.com\/rest\/wp\/v2\/posts\/58428\/revisions\/58429"}],"wp:featuredmedia":[{"embeddable":true,"href":"https:\/\/www.nettali.com\/rest\/wp\/v2\/media\/58430"}],"wp:attachment":[{"href":"https:\/\/www.nettali.com\/rest\/wp\/v2\/media?parent=58428"}],"wp:term":[{"taxonomy":"category","embeddable":true,"href":"https:\/\/www.nettali.com\/rest\/wp\/v2\/categories?post=58428"},{"taxonomy":"post_tag","embeddable":true,"href":"https:\/\/www.nettali.com\/rest\/wp\/v2\/tags?post=58428"}],"curies":[{"name":"wp","href":"https:\/\/api.w.org\/{rel}","templated":true}]}}